{"id":2440,"date":"2018-12-10T09:00:26","date_gmt":"2018-12-10T07:00:26","guid":{"rendered":"http:\/\/eldar.cz\/tompatrick\/?p=2440"},"modified":"2018-12-08T09:30:33","modified_gmt":"2018-12-08T07:30:33","slug":"rodinna-tragedie-o-ctyrech-aktech-autor-martin-jabkenic","status":"publish","type":"post","link":"https:\/\/eldar.cz\/tompatrick\/mix\/rodinna-tragedie-o-ctyrech-aktech-autor-martin-jabkenic","title":{"rendered":"Rodinn\u00e1 trag\u00e9die o \u010dty\u0159ech aktech (autor &#8211; Martin Jabkeni\u010d)"},"content":{"rendered":"<div class=\"fcbkbttn_buttons_block\" id=\"fcbkbttn_left\"><div class=\"fcbkbttn_button\">\n                            <a href=\"https:\/\/www.facebook.com\/tom.patrick.509\" target=\"_blank\">\n                                <img decoding=\"async\" src=\"https:\/\/eldar.cz\/tompatrick\/wp-content\/plugins\/facebook-button-plugin\/images\/large-facebook-ico.png\" alt=\"Fb-Button\" \/>\n                            <\/a>\n                        <\/div><div class=\"fcbkbttn_like fcbkbttn_large_button\"><fb:like href=\"https:\/\/eldar.cz\/tompatrick\/mix\/rodinna-tragedie-o-ctyrech-aktech-autor-martin-jabkenic\" action=\"like\" colorscheme=\"light\" layout=\"standard\"  width=\"225px\" size=\"large\"><\/fb:like><\/div><div class=\"fb-share-button fcbkbttn_large_button \" data-href=\"https:\/\/eldar.cz\/tompatrick\/mix\/rodinna-tragedie-o-ctyrech-aktech-autor-martin-jabkenic\" data-type=\"button_count\" data-size=\"large\"><\/div><\/div><p><b>Rodinn\u00e1 trag\u00e9die o \u010dty\u0159ech aktech<\/b><\/p>\n<p>AKT I.<\/p>\n<p>Otec nezvl\u00e1dl nelehkou situaci \u017eivotn\u00ed!<\/p>\n<p>Alkoholem ji \u0159e\u0161il<\/p>\n<p>kdy na mol se opil<\/p>\n<p>&nbsp;<\/p>\n<p>Matka z toho \u0161\u00edlela!<\/p>\n<p>Po sklence rovn\u011b\u017e s\u00e1hla<\/p>\n<p>a i ona zpila se do n\u011bmoty<\/p>\n<p>&nbsp;<\/p>\n<p>Sv\u011bdky toho byli syn s dcerou!<\/p>\n<p>Oba zpanika\u0159ili, neunesli to!<\/p>\n<p>A i oni opili se<\/p>\n<p>nevn\u00edmaje okoln\u00ed sv\u011bt<\/p>\n<p>&nbsp;<\/p>\n<p>Na\u0161el je vnuk!<\/p>\n<p>Z pohledu na n\u011b ud\u011blalo se mu nevolno!<\/p>\n<p>On s\u00e1m v\u0161ak byl tak opil\u00fd<\/p>\n<p>\u017ee se sotva dr\u017eel na nohou<\/p>\n<p>A tak nebyl schopn\u00fd nic ud\u011blat<\/p>\n<p>z\u00e1chranku jim i sob\u011b p\u0159ivolat<\/p>\n<p>&nbsp;<\/p>\n<p>A vnu\u010dka?<\/p>\n<p>Ta se nedostavila<\/p>\n<p>nebo\u0165 se z opileck\u00e9 kocoviny dosud \u0159\u00e1dn\u011b nevzpamatovala<\/p>\n<p>&nbsp;<\/p>\n<p>AKT II.<\/p>\n<p>Otec t\u00e1pal v nejistot\u011b<\/p>\n<p>Ze \u017ealu pokusil se otr\u00e1vit!<\/p>\n<p>Rovn\u011b\u017e matka sna\u017eila se pr\u00e1\u0161ky<\/p>\n<p>nastalou situaci vy\u0159e\u0161it!<\/p>\n<p>&nbsp;<\/p>\n<p>Sv\u011bdky toho byli syn s dcerou!<\/p>\n<p>Oba zpanika\u0159ili a omylem i oni poz\u0159eli<\/p>\n<p>nadm\u011brn\u00e9 mno\u017estv\u00ed l\u00e9k\u016f na zklidn\u011bn\u00ed<\/p>\n<p>jimi\u017e se m\u00e1lem otr\u00e1vili<\/p>\n<p>&nbsp;<\/p>\n<p>Na\u0161el je vnuk!<\/p>\n<p>Ten v\u0161ak nedok\u00e1zal v\u010dasn\u011b zas\u00e1hnout!<\/p>\n<p>V byt\u011b toti\u017e unikal plyn<\/p>\n<p>j\u00edm\u017e p\u0159iotr\u00e1vil se on<\/p>\n<p>&nbsp;<\/p>\n<p>A vnu\u010dka?<\/p>\n<p>Ta ji\u017e hodnou chv\u00edli nehybn\u011b v ob\u00fdvac\u00edm pokoji le\u017eela<\/p>\n<p>Jak jinak \u2013 rovn\u011b\u017e p\u0159iotr\u00e1vena!<\/p>\n<p>&nbsp;<\/p>\n<p>AKT III.<\/p>\n<p>Otec srde\u010dn\u00edmu kolapsu vystaven byl<\/p>\n<p>Omdlel a sk\u00e1cel se k zemi!<\/p>\n<p>Matka \u0161ok z toho m\u011bla<\/p>\n<p>j\u00edm\u017e si omdlen\u00ed obdobn\u011b p\u0159ivodila<\/p>\n<p>&nbsp;<\/p>\n<p>Sv\u011bdky toho byli syn s dcerou!<\/p>\n<p>Zpanika\u0159ili, \u017e\u00edly si pod\u0159ezali<\/p>\n<p>a i oni padli do mdlob<\/p>\n<p>&nbsp;<\/p>\n<p>Na\u0161el je vnuk!<\/p>\n<p>P\u0159i pohledu na krev ud\u011blalo se mu zle<\/p>\n<p>a jak jinak i on omdlel<\/p>\n<p>&nbsp;<\/p>\n<p>A vnu\u010dka?<\/p>\n<p>Ta pomoci nedok\u00e1zala<\/p>\n<p>nebo\u0165 i ona zkolabovala<\/p>\n<p>Jak jinak ji\u017e hodnou dobu le\u017e\u00edc\u00ed v mdlob\u00e1ch!<\/p>\n<p>&nbsp;<\/p>\n<p>AKT IV.<\/p>\n<p>Otec rozhodl se uniknout od v\u0161ech dosavadn\u00edch probl\u00e9m\u016f!<\/p>\n<p>K mo\u0159i se tedy vydal<\/p>\n<p>v n\u011bm z\u00e1hy utopil se v\u0161ak<\/p>\n<p>&nbsp;<\/p>\n<p>Matka usmyslela si vydat se za n\u00edm!<\/p>\n<p>Trajektem tedy plula<\/p>\n<p>ten v\u0161ak potopil se a i ona tak utonula<\/p>\n<p>&nbsp;<\/p>\n<p>Doslechli se to syn s dcerou!<\/p>\n<p>Ne\u017e v\u0161ak sta\u010dili pohotov\u011b zareagovat<\/p>\n<p>p\u0159i\u0161la stolet\u00e1 voda<\/p>\n<p>a vzala si jejich \u017eivoty s sebou<\/p>\n<p>&nbsp;<\/p>\n<p>Oba utonuli!<\/p>\n<p>&nbsp;<\/p>\n<p>Vnuk po nich p\u00e1tral!<\/p>\n<p>Marn\u011b!<\/p>\n<p>I jeho velk\u00e1 voda odnesla<\/p>\n<p>a tak i on v n\u00ed na\u0161el smrt coby utonul\u00fd<\/p>\n<p>Jak\u00e1\u017eto zrada!<\/p>\n<p>&nbsp;<\/p>\n<p>A vnu\u010dka?<\/p>\n<p>Ta pro zm\u011bnu m\u00e1lem utonula \u017ealem!<\/p>\n<p>Na svoji po\u010detnou rodinu mysl\u00edce ve sv\u00fdch vzpom\u00ednk\u00e1ch<\/p>\n<p>ze v\u0161ech p\u0159e\u017eiv\u0161\u00edch jako jedin\u00e1<\/p>\n<p>&nbsp;<\/p>\n<p>DOV\u011aTEK<\/p>\n<p>T\u00edm dan\u00fd p\u0159\u00edb\u011bh skon\u010dil<\/p>\n<p>a j\u00e1 si \u0159\u00edk\u00e1m:<\/p>\n<p>dost bylo t\u00e9 utopie!<\/p>\n<p>&nbsp;<\/p>\n<p>Snad m\u00e9 dal\u0161\u00ed vypr\u00e1v\u011bn\u00ed pot\u011b\u0161\u00ed<\/p>\n<p>lidsk\u00fdmi osudy mnohem p\u0159\u00edv\u011btiv\u011bj\u0161\u00edmi<\/p>\n<p>&nbsp;<\/p>\n<p>A pokud tomu tak nebude<\/p>\n<p>znamen\u00e1 to, \u017ee i j\u00e1 jsem mrtev!<\/p>\n<div class=\"fcbkbttn_buttons_block\" id=\"fcbkbttn_left\"><div class=\"fcbkbttn_button\">\n                            <a href=\"https:\/\/www.facebook.com\/tom.patrick.509\" target=\"_blank\">\n                                <img decoding=\"async\" src=\"https:\/\/eldar.cz\/tompatrick\/wp-content\/plugins\/facebook-button-plugin\/images\/large-facebook-ico.png\" alt=\"Fb-Button\" \/>\n                            <\/a>\n                        <\/div><div class=\"fcbkbttn_like fcbkbttn_large_button\"><fb:like href=\"https:\/\/eldar.cz\/tompatrick\/mix\/rodinna-tragedie-o-ctyrech-aktech-autor-martin-jabkenic\" action=\"like\" colorscheme=\"light\" layout=\"standard\"  width=\"225px\" size=\"large\"><\/fb:like><\/div><div class=\"fb-share-button fcbkbttn_large_button \" data-href=\"https:\/\/eldar.cz\/tompatrick\/mix\/rodinna-tragedie-o-ctyrech-aktech-autor-martin-jabkenic\" data-type=\"button_count\" data-size=\"large\"><\/div><\/div>","protected":false},"excerpt":{"rendered":"<p>Rodinn\u00e1 trag\u00e9die o \u010dty\u0159ech aktech AKT I. Otec nezvl\u00e1dl nelehkou situaci \u017eivotn\u00ed! Alkoholem ji \u0159e\u0161il kdy na mol se opil &nbsp; Matka z toho \u0161\u00edlela! Po sklence rovn\u011b\u017e s\u00e1hla a i ona zpila se do n\u011bmoty &nbsp; Sv\u011bdky toho byli &hellip; <a href=\"https:\/\/eldar.cz\/tompatrick\/mix\/rodinna-tragedie-o-ctyrech-aktech-autor-martin-jabkenic\">Cel\u00fd p\u0159\u00edsp\u011bvek <span class=\"meta-nav\">&rarr;<\/span><\/a><\/p>\n","protected":false},"author":2,"featured_media":0,"comment_status":"open","ping_status":"open","sticky":false,"template":"","format":"standard","meta":{"_s2mail":"yes","footnotes":""},"categories":[25],"tags":[],"class_list":["post-2440","post","type-post","status-publish","format-standard","hentry","category-mix"],"_links":{"self":[{"href":"https:\/\/eldar.cz\/tompatrick\/wp-json\/wp\/v2\/posts\/2440","targetHints":{"allow":["GET"]}}],"collection":[{"href":"https:\/\/eldar.cz\/tompatrick\/wp-json\/wp\/v2\/posts"}],"about":[{"href":"https:\/\/eldar.cz\/tompatrick\/wp-json\/wp\/v2\/types\/post"}],"author":[{"embeddable":true,"href":"https:\/\/eldar.cz\/tompatrick\/wp-json\/wp\/v2\/users\/2"}],"replies":[{"embeddable":true,"href":"https:\/\/eldar.cz\/tompatrick\/wp-json\/wp\/v2\/comments?post=2440"}],"version-history":[{"count":1,"href":"https:\/\/eldar.cz\/tompatrick\/wp-json\/wp\/v2\/posts\/2440\/revisions"}],"predecessor-version":[{"id":2441,"href":"https:\/\/eldar.cz\/tompatrick\/wp-json\/wp\/v2\/posts\/2440\/revisions\/2441"}],"wp:attachment":[{"href":"https:\/\/eldar.cz\/tompatrick\/wp-json\/wp\/v2\/media?parent=2440"}],"wp:term":[{"taxonomy":"category","embeddable":true,"href":"https:\/\/eldar.cz\/tompatrick\/wp-json\/wp\/v2\/categories?post=2440"},{"taxonomy":"post_tag","embeddable":true,"href":"https:\/\/eldar.cz\/tompatrick\/wp-json\/wp\/v2\/tags?post=2440"}],"curies":[{"name":"wp","href":"https:\/\/api.w.org\/{rel}","templated":true}]}}