{"id":2435,"date":"2019-10-07T09:00:47","date_gmt":"2019-10-07T07:00:47","guid":{"rendered":"http:\/\/eldar.cz\/tompatrick\/?p=2435"},"modified":"2018-11-28T14:59:50","modified_gmt":"2018-11-28T12:59:50","slug":"ctizadostivy-mladik-autor-martin-jabkenic","status":"publish","type":"post","link":"https:\/\/eldar.cz\/tompatrick\/mix\/ctizadostivy-mladik-autor-martin-jabkenic","title":{"rendered":"Cti\u017e\u00e1dostiv\u00fd mlad\u00edk (autor &#8211; Martin Jabkeni\u010d)"},"content":{"rendered":"<div class=\"fcbkbttn_buttons_block\" id=\"fcbkbttn_left\"><div class=\"fcbkbttn_button\">\n                            <a href=\"https:\/\/www.facebook.com\/tom.patrick.509\" target=\"_blank\">\n                                <img decoding=\"async\" src=\"https:\/\/eldar.cz\/tompatrick\/wp-content\/plugins\/facebook-button-plugin\/images\/large-facebook-ico.png\" alt=\"Fb-Button\" \/>\n                            <\/a>\n                        <\/div><div class=\"fcbkbttn_like fcbkbttn_large_button\"><fb:like href=\"https:\/\/eldar.cz\/tompatrick\/mix\/ctizadostivy-mladik-autor-martin-jabkenic\" action=\"like\" colorscheme=\"light\" layout=\"standard\"  width=\"225px\" size=\"large\"><\/fb:like><\/div><div class=\"fb-share-button fcbkbttn_large_button \" data-href=\"https:\/\/eldar.cz\/tompatrick\/mix\/ctizadostivy-mladik-autor-martin-jabkenic\" data-type=\"button_count\" data-size=\"large\"><\/div><\/div><p><b>Cti\u017e\u00e1dostiv\u00fd mlad\u00edk<\/b><\/p>\n<p>Od \u00fatl\u00e9ho v\u011bku p\u0159itahovalo jej drama a nap\u011bt\u00ed<\/p>\n<p>kdy r\u00e1d \u010d\u00edt\u00e1val detektivn\u00ed rom\u00e1ny<\/p>\n<p>&nbsp;<\/p>\n<p>N\u00e1sledn\u011b pak shl\u00e9dl v\u0161echny jejich adaptace<\/p>\n<p>je\u017e znal slovo od slova tak\u0159ka nazpam\u011b\u0165<\/p>\n<p>&nbsp;<\/p>\n<p>Ji\u017e tehdy o tom tajn\u011b snil!<\/p>\n<p>Tedy \u017ee i on jednou k policii nastoup\u00ed<\/p>\n<p>a coby \u0161\u00e9f v\u00fdznamn\u00e9 to mordparty<\/p>\n<p>bude \u0159e\u0161it ty nejz\u00e1va\u017en\u011bj\u0161\u00ed mo\u017en\u00e9 zlo\u010diny a delikty<\/p>\n<p>Stejn\u011b jako jeho obl\u00edben\u00e9 rom\u00e1nov\u00e9 a filmov\u00e9 postavy<\/p>\n<p>je\u017e bezmezn\u011b obdivoval a vzhl\u00ed\u017eel k nim jako nikdo jin\u00fd<\/p>\n<p>&nbsp;<\/p>\n<p>Snaha mu rozhodn\u011b nebyla ciz\u00ed<\/p>\n<p>to se v \u017e\u00e1dn\u00e9m p\u0159\u00edpad\u011b nedalo pop\u0159\u00edt<\/p>\n<p>&nbsp;<\/p>\n<p>Le\u010d na policejn\u00ed akademii<\/p>\n<p>mlad\u00edka p\u0159esto p\u0159ijali a\u017e napot\u0159et\u00ed<\/p>\n<p>nebo\u0165 mu z po\u010d\u00e1tku d\u011blalo zna\u010dn\u00e9 obt\u00ed\u017ee<\/p>\n<p>splnit po\u017eadovan\u00e9 p\u0159ij\u00edmac\u00ed testy<\/p>\n<p>&nbsp;<\/p>\n<p>Povzbuzen t\u00edmto \u010d\u00e1ste\u010dn\u00fdm \u00fasp\u011bchem<\/p>\n<p>byl pln\u011b odhodl\u00e1n d\u00e1l plnit si sv\u016fj celo\u017eivotn\u00ed sen<\/p>\n<p>Le\u010d bohu\u017eel v\u0161e za\u010dalo se z\u00e1hy vyv\u00edjet trochu jinak<\/p>\n<p>ne\u017e mlad\u00edk p\u016fvodn\u011b o\u010dek\u00e1val<\/p>\n<p>&nbsp;<\/p>\n<p>Zat\u00edmco teorii pom\u011brn\u011b snadno jeho mozek vst\u0159eb\u00e1val<\/p>\n<p>daleko h\u016f\u0159e se to m\u011blo s onou str\u00e1nkou praktickou<\/p>\n<p>na n\u00ed\u017e postupn\u011b za\u010dal rezignovat<\/p>\n<p>&nbsp;<\/p>\n<p>Tu mlad\u00edk jin\u00e9 vozidlo ze silnice vytla\u010dil<\/p>\n<p>a jindy zase nedal na k\u0159i\u017eovatce p\u0159ednost<\/p>\n<p>a chodce\u00a0m\u00e1lem na \u017eivot\u011b p\u0159\u00edmo ohrozil!<\/p>\n<p>&nbsp;<\/p>\n<p>Na \u0161kolitele z policejn\u00ed akademie toho bylo ji\u017e p\u0159esp\u0159\u00edli\u0161<\/p>\n<p>a s doty\u010dn\u00fdm se kr\u00e1tce nato taktn\u011b rozlou\u010dili<\/p>\n<p>Pr\u00fd a\u0165 v\u011bnuje se jin\u00e9mu profesn\u00edmu oboru<\/p>\n<p>jemu\u017e nebude d\u011blat ve\u0159ejnou ostudu<\/p>\n<p>&nbsp;<\/p>\n<p>Kdy\u017e to nejde touto cestou<\/p>\n<p>p\u016fjde to i jinak<\/p>\n<p>byl p\u0159esv\u011bd\u010den mlad\u00edk<\/p>\n<p>A to doslova!<\/p>\n<p>&nbsp;<\/p>\n<p>A sta\u010dilo k tomu opravdu pram\u00e1lo!<\/p>\n<p>Pouze jednu z ve\u010dern\u00edch relac\u00ed si vyslechnout<\/p>\n<p>v n\u00ed\u017e hovo\u0159ilo se o nebezpe\u010dn\u00e9m gangu<\/p>\n<p>vyd\u00edraj\u00edc\u00ed skupinku vlivn\u00fdch podnikatel\u016f<\/p>\n<p>&nbsp;<\/p>\n<p>Po cel\u00e9 s\u00e9rii nezdar\u016f<\/p>\n<p>poda\u0159ilo se mlad\u00edkovi nakonec p\u0159eci jen nemo\u017en\u00e9<\/p>\n<p>a sice objevit nad\u011bjnou stopu<\/p>\n<p>&nbsp;<\/p>\n<p>Ta zavedla jej do opu\u0161t\u011bn\u00e9ho skladu<\/p>\n<p>kde m\u011bli p\u0159edem domluvenou sch\u016fzku<\/p>\n<p>vyd\u011bra\u010di s jedn\u00edm z on\u011bch vlivn\u00fdch miliard\u00e1\u0159\u016f<\/p>\n<p>&nbsp;<\/p>\n<p>A vskutku<\/p>\n<p>jmenovan\u00ed dostavili se v p\u0159edem stanovenou dobu!<\/p>\n<p>&nbsp;<\/p>\n<p>Mlad\u00edk tak ve sv\u00e9m \u017eivlu op\u011bt byl<\/p>\n<p>p\u0159ipraven na kameru v\u0161e nato\u010dit<\/p>\n<p>Ony vyd\u011bra\u010de s\u00e1m ze zlo\u010dinu n\u00e1sledn\u011b usv\u011bd\u010dit<\/p>\n<p>a posl\u00e9ze vychutnat si zaslou\u017een\u00e9 oslavn\u00e9 vav\u0159\u00edny<\/p>\n<p>&nbsp;<\/p>\n<p>Ji\u017e nevydr\u017eel skryt d\u00e9le \u010dekat<\/p>\n<p>to kdy\u017e kufr s pen\u011bzi byl p\u0159ed\u00e1n<\/p>\n<p>V\u011bd\u011bl \u017ee mus\u00ed urychlen\u011b zas\u00e1hnout<\/p>\n<p>jinak jeho snaha vyjde zcela napr\u00e1zdno<\/p>\n<p>&nbsp;<\/p>\n<p>Tuze nebezpe\u010dn\u00fd man\u00e9vr mlad\u00edk podnikl<\/p>\n<p>to kdy\u017e z \u00fakrytu vyno\u0159il se n\u00e1hle zcela s\u00e1m<\/p>\n<p>a jm\u00e9nem policie na vyd\u011bra\u010de nal\u00e9hal<\/p>\n<p>a\u0165 se mu\u00a0okam\u017eit\u011b dobrovoln\u011b vzdaj\u00ed<\/p>\n<p>jinak \u017ee za sebe neru\u010d\u00ed<\/p>\n<p>&nbsp;<\/p>\n<p>Osudovou chybu p\u0159itom ud\u011blal<\/p>\n<p>\u017ee na policejn\u00ed slo\u017eky rad\u011bji nepo\u010dkal<\/p>\n<p>nebo\u0165 do nohy byl z\u00e1hy post\u0159elen<\/p>\n<p>a v mu\u010div\u00fdch bolestech pot\u00e9<\/p>\n<p>jedn\u00edm z kump\u00e1n\u016f na zem surov\u011b povalen<\/p>\n<p>&nbsp;<\/p>\n<p>To onen podnikatel dopadl mnohem h\u016f\u0159e<\/p>\n<p>kdy \u017eivot zcela pohasl v n\u011bm samotn\u00e9m<\/p>\n<p>a to pot\u00e9 co p\u0159esn\u011b m\u00ed\u0159en\u00e1 kulka<\/p>\n<p>neminula jeho u\u017e tak dosti nemocn\u00e9 srdce<\/p>\n<p>&nbsp;<\/p>\n<p>Pak u\u017e to \u0161lo v rychl\u00e9m sledu<\/p>\n<p>kdy vyd\u011bra\u010di sbalili kufr s pen\u011bzi i mlad\u00edkovu kameru<\/p>\n<p>a v autech zam\u00ed\u0159ili ze skladu pry\u010d<\/p>\n<p>pot\u00e9 co dolehl k nim zvuk policejn\u00ed sir\u00e9ny<\/p>\n<p>&nbsp;<\/p>\n<p>M\u011bl to mlad\u00edk po\u0159\u00e1dn\u00fd mal\u00e9r<\/p>\n<p>jeden ran\u011bn\u00fd, dal\u0161\u00ed mrtv\u00fd<\/p>\n<p>pen\u00edze pry\u010d a vyd\u011bra\u010di na svobod\u011b<\/p>\n<p>&nbsp;<\/p>\n<p>Ty nej\u010dern\u011bj\u0161\u00ed mo\u017en\u00e9 obavy<\/p>\n<p>naplnily se tak\u0159ka ihned vz\u00e1p\u011bt\u00ed<\/p>\n<p>&nbsp;<\/p>\n<p>Kdy po vyjmut\u00ed kulky<\/p>\n<p>a dom\u00e1c\u00edm ozdravn\u00e9m dol\u00e9\u010den\u00ed<\/p>\n<p>byl doty\u010dn\u00fd coby mrz\u00e1k p\u0159edvol\u00e1n k soudu<\/p>\n<p>kde vyslechl si z\u00e1va\u017en\u00e1 obvin\u011bn\u00ed<\/p>\n<p>a to nejen ohledn\u011b zma\u0159en\u00e9 n\u011bkdej\u0161\u00ed policejn\u00ed akce<\/p>\n<p>na n\u00ed\u017e pln\u011b nesl svoji vinu<\/p>\n<p>&nbsp;<\/p>\n<p>Rozsudek pak zn\u011bl zcela jasn\u011b:<\/p>\n<p>deset let nepodm\u00edn\u011bn\u011b!<\/p>\n<p>&nbsp;<\/p>\n<p>Co mysl\u00edte<\/p>\n<p>jak to mlad\u00edk na zdmi v\u011bznice asi sn\u00e1\u0161el?<\/p>\n<p>&nbsp;<\/p>\n<p>Kupodivu ne tak hrozn\u011b<\/p>\n<p>jak p\u016fvodn\u011b o\u010dek\u00e1valo se<\/p>\n<p>A to d\u00edky jist\u00e9mu houslistovi<\/p>\n<p>k n\u011bmu\u017e byl na celu p\u0159id\u011blen<\/p>\n<p>&nbsp;<\/p>\n<p>Pod jeho veden\u00edm<\/p>\n<p>st\u00e1val se z mlad\u00edka nad\u0161en\u00fd to hudebn\u00edk<\/p>\n<p>jen\u017e piln\u011b cvi\u010dil hru dlouh\u00e9 hodiny<\/p>\n<p>nedbaje nelichotiv\u00fdch pozn\u00e1mek od v\u011bz\u0148\u016f<\/p>\n<p>je\u017e naopak po denn\u00edm a no\u010dn\u00edm klidu tou\u017eili<\/p>\n<p>&nbsp;<\/p>\n<p>Z\u00e1rove\u0148 s t\u00edm, vyty\u010dil si mlad\u00edk zcela nov\u00fd c\u00edl<\/p>\n<p>a sice do budoucna studovat na jak\u00e9koliv z konzervato\u0159\u00ed<\/p>\n<p>A\u00a0pot\u00e9 co ji\u00a0\u00fasp\u011b\u0161n\u011b absolutoriem zakon\u010d\u00ed<\/p>\n<p>vyprod\u00e1vat\u00a0bude koncertn\u00ed haly a s\u00e1ly<\/p>\n<p>tak\u0159ka po cel\u00e9 mati\u010dce Zemi<\/p>\n<p>&nbsp;<\/p>\n<p>Do\u0161lo dan\u00e9 on\u00e9 re\u00e1ln\u00e9 podoby?<\/p>\n<p>&nbsp;<\/p>\n<p>Odpov\u011bd\u00ed v\u00e1m budi\u017e\u00a0prostory<\/p>\n<p>\u010cesk\u00e9 st\u00e1tn\u00ed opery<\/p>\n<p>kde slavn\u00fd houslista na voz\u00edku<\/p>\n<p>osl\u0148uje sv\u00e9 poslucha\u010de jako nikdo p\u0159ed n\u00edm<\/p>\n<div class=\"fcbkbttn_buttons_block\" id=\"fcbkbttn_left\"><div class=\"fcbkbttn_button\">\n                            <a href=\"https:\/\/www.facebook.com\/tom.patrick.509\" target=\"_blank\">\n                                <img decoding=\"async\" src=\"https:\/\/eldar.cz\/tompatrick\/wp-content\/plugins\/facebook-button-plugin\/images\/large-facebook-ico.png\" alt=\"Fb-Button\" \/>\n                            <\/a>\n                        <\/div><div class=\"fcbkbttn_like fcbkbttn_large_button\"><fb:like href=\"https:\/\/eldar.cz\/tompatrick\/mix\/ctizadostivy-mladik-autor-martin-jabkenic\" action=\"like\" colorscheme=\"light\" layout=\"standard\"  width=\"225px\" size=\"large\"><\/fb:like><\/div><div class=\"fb-share-button fcbkbttn_large_button \" data-href=\"https:\/\/eldar.cz\/tompatrick\/mix\/ctizadostivy-mladik-autor-martin-jabkenic\" data-type=\"button_count\" data-size=\"large\"><\/div><\/div>","protected":false},"excerpt":{"rendered":"<p>Cti\u017e\u00e1dostiv\u00fd mlad\u00edk Od \u00fatl\u00e9ho v\u011bku p\u0159itahovalo jej drama a nap\u011bt\u00ed kdy r\u00e1d \u010d\u00edt\u00e1val detektivn\u00ed rom\u00e1ny &nbsp; N\u00e1sledn\u011b pak shl\u00e9dl v\u0161echny jejich adaptace je\u017e znal slovo od slova tak\u0159ka nazpam\u011b\u0165 &nbsp; Ji\u017e tehdy o tom tajn\u011b snil! Tedy \u017ee i on &hellip; <a href=\"https:\/\/eldar.cz\/tompatrick\/mix\/ctizadostivy-mladik-autor-martin-jabkenic\">Cel\u00fd p\u0159\u00edsp\u011bvek <span class=\"meta-nav\">&rarr;<\/span><\/a><\/p>\n","protected":false},"author":2,"featured_media":0,"comment_status":"open","ping_status":"open","sticky":false,"template":"","format":"standard","meta":{"_s2mail":"yes","footnotes":""},"categories":[25],"tags":[],"class_list":["post-2435","post","type-post","status-publish","format-standard","hentry","category-mix"],"_links":{"self":[{"href":"https:\/\/eldar.cz\/tompatrick\/wp-json\/wp\/v2\/posts\/2435","targetHints":{"allow":["GET"]}}],"collection":[{"href":"https:\/\/eldar.cz\/tompatrick\/wp-json\/wp\/v2\/posts"}],"about":[{"href":"https:\/\/eldar.cz\/tompatrick\/wp-json\/wp\/v2\/types\/post"}],"author":[{"embeddable":true,"href":"https:\/\/eldar.cz\/tompatrick\/wp-json\/wp\/v2\/users\/2"}],"replies":[{"embeddable":true,"href":"https:\/\/eldar.cz\/tompatrick\/wp-json\/wp\/v2\/comments?post=2435"}],"version-history":[{"count":1,"href":"https:\/\/eldar.cz\/tompatrick\/wp-json\/wp\/v2\/posts\/2435\/revisions"}],"predecessor-version":[{"id":2436,"href":"https:\/\/eldar.cz\/tompatrick\/wp-json\/wp\/v2\/posts\/2435\/revisions\/2436"}],"wp:attachment":[{"href":"https:\/\/eldar.cz\/tompatrick\/wp-json\/wp\/v2\/media?parent=2435"}],"wp:term":[{"taxonomy":"category","embeddable":true,"href":"https:\/\/eldar.cz\/tompatrick\/wp-json\/wp\/v2\/categories?post=2435"},{"taxonomy":"post_tag","embeddable":true,"href":"https:\/\/eldar.cz\/tompatrick\/wp-json\/wp\/v2\/tags?post=2435"}],"curies":[{"name":"wp","href":"https:\/\/api.w.org\/{rel}","templated":true}]}}