{"id":2420,"date":"2018-11-19T09:00:51","date_gmt":"2018-11-19T07:00:51","guid":{"rendered":"http:\/\/eldar.cz\/tompatrick\/?p=2420"},"modified":"2018-11-18T10:59:40","modified_gmt":"2018-11-18T08:59:40","slug":"modlitba-za-lepsi-svet-autor-martin-jabkenic","status":"publish","type":"post","link":"https:\/\/eldar.cz\/tompatrick\/mix\/modlitba-za-lepsi-svet-autor-martin-jabkenic","title":{"rendered":"Modlitba za lep\u0161\u00ed sv\u011bt (autor &#8211; Martin jabkeni\u010d)"},"content":{"rendered":"<div class=\"fcbkbttn_buttons_block\" id=\"fcbkbttn_left\"><div class=\"fcbkbttn_button\">\n                            <a href=\"https:\/\/www.facebook.com\/tom.patrick.509\" target=\"_blank\">\n                                <img decoding=\"async\" src=\"https:\/\/eldar.cz\/tompatrick\/wp-content\/plugins\/facebook-button-plugin\/images\/large-facebook-ico.png\" alt=\"Fb-Button\" \/>\n                            <\/a>\n                        <\/div><div class=\"fcbkbttn_like fcbkbttn_large_button\"><fb:like href=\"https:\/\/eldar.cz\/tompatrick\/mix\/modlitba-za-lepsi-svet-autor-martin-jabkenic\" action=\"like\" colorscheme=\"light\" layout=\"standard\"  width=\"225px\" size=\"large\"><\/fb:like><\/div><div class=\"fb-share-button fcbkbttn_large_button \" data-href=\"https:\/\/eldar.cz\/tompatrick\/mix\/modlitba-za-lepsi-svet-autor-martin-jabkenic\" data-type=\"button_count\" data-size=\"large\"><\/div><\/div><p><b>Modlitba za lep\u0161\u00ed sv\u011bt<\/b><\/p>\n<p>Ran\u011bn jsem!<\/p>\n<p>Du\u0161evn\u011b i fyzicky!<\/p>\n<p>A vy?<\/p>\n<p>Jen neust\u00e1le vysm\u00edv\u00e1te se mi!<\/p>\n<p>&nbsp;<\/p>\n<p>Ani za m\u00e1k nem\u00e1te pochopen\u00ed<\/p>\n<p>pro jedno bolav\u00e9 srdce nemocn\u00e9<\/p>\n<p>jen\u017e t\u00ed\u017e\u00ed probl\u00e9my<\/p>\n<p>jimi\u017e su\u017eov\u00e1n je cel\u00fd tento n\u00e1\u0161 v\u00e1le\u010dn\u00fd pozemsk\u00fd sv\u011bt<\/p>\n<p>&nbsp;<\/p>\n<p>M\u00e1lem padl jsem v boji<\/p>\n<p>smrteln\u011b zran\u011bn kulkou<\/p>\n<p>co zaryla se do temene hlavy<\/p>\n<p>&nbsp;<\/p>\n<p>Ano, vypov\u00edd\u00e1m tu o tom onu pravdu krutou!<\/p>\n<p>&nbsp;<\/p>\n<p>Trp\u00edm p\u0159evelice!<\/p>\n<p>Siln\u011b potla\u010duj\u00edce emoce!<\/p>\n<p>A vy?<\/p>\n<p>St\u00e1le jen sm\u011bjete se!<\/p>\n<p>Jako bych z toho radost a po\u017eitek naopak m\u00edti m\u011bl<\/p>\n<p>&nbsp;<\/p>\n<p>Nikdy ne\u00fa\u010dastnili jste se re\u00e1ln\u00e9 bitvy!<\/p>\n<p>Jen \u010detli o ni v knih\u00e1ch<\/p>\n<p>a byli m\u00e1lo odv\u00e1\u017en\u00ed na to<\/p>\n<p>abyste zakusili opravdov\u00e1 muka<\/p>\n<p>&nbsp;<\/p>\n<p>Mysl\u00edte, \u017ee vzru\u0161uje m\u011b zab\u00edjen\u00ed jin\u00fdch?<\/p>\n<p>Ani omylem, vy v\u011b\u010dn\u00ed \u0161karohl\u00eddi!<\/p>\n<p>V\u011b\u0159te mi, j\u00e1 s\u00e1m mnohem rad\u011bji<\/p>\n<p>u\u017eite\u010dn\u011bj\u0161\u00edm v\u011bcem bych se v\u011bnoval<\/p>\n<p>nap\u0159\u00edklad staral se o rodinu svoji<\/p>\n<p>ji\u017e ve sv\u00e9 rodn\u00e9 zemi jsem zanechal<\/p>\n<p>&nbsp;<\/p>\n<p>Vykonejte tedy alespo\u0148 projednou<\/p>\n<p>jedno bez n\u00e1znaku fal\u0161e nep\u0159edst\u00edran\u00e9 dobro<\/p>\n<p>a vy\u0159i\u010fte m\u00fdm nejbli\u017e\u0161\u00edm<\/p>\n<p>\u017ee i nad\u00e1le budu sm\u011bt \u017e\u00edt<\/p>\n<p>&nbsp;<\/p>\n<p>Snad dokonce bez on\u011bch n\u00e1sledk\u016f trval\u00fdch!<\/p>\n<p>&nbsp;<\/p>\n<p>Na d\u00e1lku \u017ee l\u00edb\u00e1m v\u0161echny ty<\/p>\n<p>co jsou mi na sv\u011bt\u011b nejdra\u017e\u0161\u00ed<\/p>\n<p>to jest rodina a p\u00e1r p\u0159\u00e1tel<\/p>\n<p>co doposud z\u016fstali mi v\u011brn\u00ed<\/p>\n<p>&nbsp;<\/p>\n<p>Doneslo se mi<\/p>\n<p>\u017ee jeden z v\u00e1s<\/p>\n<p>co pomlouval mne<\/p>\n<p>musel narukovat proti v\u016fli sv\u00e9<\/p>\n<p>&nbsp;<\/p>\n<p>J\u00e1 v\u0161ak nem\u00edn\u00edm doty\u010dn\u00e9ho hanit<\/p>\n<p>a v\u00fdsm\u011bchy jej oso\u010dovat<\/p>\n<p>Mnohem rad\u011bji dobrou radu poskytnu r\u00e1doby<\/p>\n<p>a\u0165 onen branec zbyte\u010dn\u011b neriskuje<\/p>\n<p>a ochra\u0148uje to nejcenn\u011bj\u0161\u00ed, co v \u017eivot\u011b m\u00e1<\/p>\n<p>&nbsp;<\/p>\n<p>Co v\u0161ak zm\u016f\u017ee snaha m\u00e1?<\/p>\n<p>P\u0159ed moc\u00ed a silou zla!<\/p>\n<p>Je\u017e tuze z\u00e1ludn\u00e9 je<\/p>\n<p>a samo o sob\u011b nic dobr\u00e9ho nezv\u011bstuje<\/p>\n<p>&nbsp;<\/p>\n<p>A tak v poln\u00ed nemocnici<\/p>\n<p>tam kde p\u0159ed \u010dasem j\u00e1<\/p>\n<p>se i onen mlad\u00fd branec z\u00e1hy ocit\u00e1<\/p>\n<p>&nbsp;<\/p>\n<p>Progn\u00f3za?<\/p>\n<p>Velice nep\u0159\u00edzniv\u00e1!<\/p>\n<p>&nbsp;<\/p>\n<p>A co na to vy ostatn\u00ed?<\/p>\n<p>N\u00e1hle ztuhl v\u0161em \u00fasm\u011bv na tv\u00e1\u0159i!<\/p>\n<p>&nbsp;<\/p>\n<p>A proto v\u00e1s jako p\u0159\u00edtel \u017e\u00e1d\u00e1m:<\/p>\n<p>jednou prov\u017edy poj\u010fme se sjednotit<\/p>\n<p>a zapome\u0148me p\u0159itom na vz\u00e1jemn\u00e9 neshody!<\/p>\n<p>&nbsp;<\/p>\n<p>Vy i j\u00e1 nava\u017eme kontakt ryze p\u0159\u00e1telsk\u00fd<\/p>\n<p>co dok\u00e1\u017ee vykonat z\u00e1zrak nemal\u00fd<\/p>\n<p>a spole\u010dnou modlitbou uct\u011bme ty<\/p>\n<p>je\u017e to \u0161t\u011bst\u00ed v \u017eivotech sv\u00fdch nemaj\u00ed<\/p>\n<p>&nbsp;<\/p>\n<p>Co mysl\u00edte, byla ona modlitba nakonec vysly\u0161ena?<\/p>\n<p>Odpov\u011bd\u00ed stala se nebesk\u00e1 br\u00e1na pr\u00e1v\u011b otev\u0159en\u00e1<\/p>\n<p>z n\u00ed\u017e bo\u017e\u00ed posel zcela ne\u010dekan\u011b<\/p>\n<p>po letech sestoupil k n\u00e1m na rozh\u00e1danou mati\u010dku Zem<\/p>\n<p>&nbsp;<\/p>\n<p>N\u00e1vrat Onoho nejvy\u0161\u0161\u00edho zv\u011bstoval<\/p>\n<p>\u017ee zakr\u00e1tko nikdo na na\u0161\u00ed pozemsk\u00e9 planet\u011b<\/p>\n<p>nebude ji\u017e v\u00edcero str\u00e1dat<\/p>\n<p>Tedy ani onen mlad\u00fd branec neboh\u00fd<\/p>\n<p>co v boji nerovn\u00e9m v\u00e1\u017en\u011b zran\u011bn byl<\/p>\n<p>&nbsp;<\/p>\n<p>Jak v\u0161e dopadlo, ji\u017e velmi dob\u0159e v\u00edme dnes<\/p>\n<p>nebo\u0165 mnoho dobr\u00fdch v\u011bc\u00ed p\u0159ihodilo se v onen pam\u00e1tn\u00fd den!<\/p>\n<p>&nbsp;<\/p>\n<p>Kdy nejen onen mlad\u00edk trp\u00edc\u00ed<\/p>\n<p>t\u011b\u0161il se z\u00e1zra\u010dn\u00e9mu vykoupen\u00ed ze sv\u00fdch smrteln\u00fdch zran\u011bn\u00ed!<\/p>\n<p>&nbsp;<\/p>\n<p>Spole\u010dn\u011b\u00a0s n\u00edm\u00a0za\u010dal slavit cel\u00fd pozemsk\u00fd sv\u011bt<\/p>\n<p>nyn\u00ed ji\u017e zcela samoz\u0159ejm\u00fd zemsk\u00fd r\u00e1j to na pohled!<\/p>\n<p>&nbsp;<\/p>\n<p>\u017de v\u00e1m toto p\u0159ipad\u00e1 jako jeden velk\u00fd k\u00fd\u010d?<\/p>\n<p>Nen\u00ed divu<\/p>\n<p>v\u017edy\u0165 jednalo se o p\u0159\u00edb\u011bh ryze fiktivn\u00ed!<\/p>\n<p>&nbsp;<\/p>\n<p>Pro\u010d ale divit se tomuto up\u0159\u00edmn\u00e9mu dozn\u00e1n\u00ed<\/p>\n<p>v\u017edy\u0165 \u017e\u00e1dn\u00e1 novinka to v podstat\u011b nen\u00ed<\/p>\n<p>&nbsp;<\/p>\n<p>Co\u017epak B\u016fh snad n\u011bkdy dopustil<\/p>\n<p>aby na Zemi zavl\u00e1dl blahobyt?<\/p>\n<p>\u010ci usm\u011brnil rozh\u00e1dan\u00e9<\/p>\n<p>aby sjednotili se v m\u00edru<\/p>\n<p>a svorn\u011b otev\u0159eli sv\u00e1 p\u0159\u00e1telsk\u00e1, l\u00e1skypln\u00e1 srdce?<\/p>\n<p>&nbsp;<\/p>\n<p>A tak zas jako na po\u010d\u00e1tku vypr\u00e1v\u011bn\u00ed ran\u011bn jsem<\/p>\n<p>a ji\u017e s jistotou v\u00edm, \u017ee to nebude onen B\u016fh<\/p>\n<p>kdo spas\u00ed m\u011b<\/p>\n<p>&nbsp;<\/p>\n<p>Tak hled\u00e1m d\u00e1l<\/p>\n<p>onen recept na \u017eivot \u0161\u0165astn\u00fd<\/p>\n<p>&nbsp;<\/p>\n<p>Naleznu jej snad n\u011bkdy?<\/p>\n<p>To nev\u00edm j\u00e1 s\u00e1m, nato\u017e Onen nejvy\u0161\u0161\u00ed<\/p>\n<div class=\"fcbkbttn_buttons_block\" id=\"fcbkbttn_left\"><div class=\"fcbkbttn_button\">\n                            <a href=\"https:\/\/www.facebook.com\/tom.patrick.509\" target=\"_blank\">\n                                <img decoding=\"async\" src=\"https:\/\/eldar.cz\/tompatrick\/wp-content\/plugins\/facebook-button-plugin\/images\/large-facebook-ico.png\" alt=\"Fb-Button\" \/>\n                            <\/a>\n                        <\/div><div class=\"fcbkbttn_like fcbkbttn_large_button\"><fb:like href=\"https:\/\/eldar.cz\/tompatrick\/mix\/modlitba-za-lepsi-svet-autor-martin-jabkenic\" action=\"like\" colorscheme=\"light\" layout=\"standard\"  width=\"225px\" size=\"large\"><\/fb:like><\/div><div class=\"fb-share-button fcbkbttn_large_button \" data-href=\"https:\/\/eldar.cz\/tompatrick\/mix\/modlitba-za-lepsi-svet-autor-martin-jabkenic\" data-type=\"button_count\" data-size=\"large\"><\/div><\/div>","protected":false},"excerpt":{"rendered":"<p>Modlitba za lep\u0161\u00ed sv\u011bt Ran\u011bn jsem! Du\u0161evn\u011b i fyzicky! A vy? Jen neust\u00e1le vysm\u00edv\u00e1te se mi! &nbsp; Ani za m\u00e1k nem\u00e1te pochopen\u00ed pro jedno bolav\u00e9 srdce nemocn\u00e9 jen\u017e t\u00ed\u017e\u00ed probl\u00e9my jimi\u017e su\u017eov\u00e1n je cel\u00fd tento n\u00e1\u0161 v\u00e1le\u010dn\u00fd pozemsk\u00fd sv\u011bt &nbsp; &hellip; <a href=\"https:\/\/eldar.cz\/tompatrick\/mix\/modlitba-za-lepsi-svet-autor-martin-jabkenic\">Cel\u00fd p\u0159\u00edsp\u011bvek <span class=\"meta-nav\">&rarr;<\/span><\/a><\/p>\n","protected":false},"author":2,"featured_media":0,"comment_status":"open","ping_status":"open","sticky":false,"template":"","format":"standard","meta":{"_s2mail":"yes","footnotes":""},"categories":[25],"tags":[],"class_list":["post-2420","post","type-post","status-publish","format-standard","hentry","category-mix"],"_links":{"self":[{"href":"https:\/\/eldar.cz\/tompatrick\/wp-json\/wp\/v2\/posts\/2420","targetHints":{"allow":["GET"]}}],"collection":[{"href":"https:\/\/eldar.cz\/tompatrick\/wp-json\/wp\/v2\/posts"}],"about":[{"href":"https:\/\/eldar.cz\/tompatrick\/wp-json\/wp\/v2\/types\/post"}],"author":[{"embeddable":true,"href":"https:\/\/eldar.cz\/tompatrick\/wp-json\/wp\/v2\/users\/2"}],"replies":[{"embeddable":true,"href":"https:\/\/eldar.cz\/tompatrick\/wp-json\/wp\/v2\/comments?post=2420"}],"version-history":[{"count":1,"href":"https:\/\/eldar.cz\/tompatrick\/wp-json\/wp\/v2\/posts\/2420\/revisions"}],"predecessor-version":[{"id":2421,"href":"https:\/\/eldar.cz\/tompatrick\/wp-json\/wp\/v2\/posts\/2420\/revisions\/2421"}],"wp:attachment":[{"href":"https:\/\/eldar.cz\/tompatrick\/wp-json\/wp\/v2\/media?parent=2420"}],"wp:term":[{"taxonomy":"category","embeddable":true,"href":"https:\/\/eldar.cz\/tompatrick\/wp-json\/wp\/v2\/categories?post=2420"},{"taxonomy":"post_tag","embeddable":true,"href":"https:\/\/eldar.cz\/tompatrick\/wp-json\/wp\/v2\/tags?post=2420"}],"curies":[{"name":"wp","href":"https:\/\/api.w.org\/{rel}","templated":true}]}}