{"id":2405,"date":"2019-09-30T09:00:09","date_gmt":"2019-09-30T07:00:09","guid":{"rendered":"http:\/\/eldar.cz\/tompatrick\/?p=2405"},"modified":"2018-10-31T10:53:10","modified_gmt":"2018-10-31T08:53:10","slug":"patek-17-cervna-2011-magazin-dnes-katalna-mochna-je-v-necem-podobna-podebradum","status":"publish","type":"post","link":"https:\/\/eldar.cz\/tompatrick\/zpravodaj\/patek-17-cervna-2011-magazin-dnes-katalna-mochna-je-v-necem-podobna-podebradum","title":{"rendered":"P\u00c1TEK 17. \u010cERVNA 2011 MAGAZ\u00cdN DNES &#8211; Kataln\u00e1 Mochna je v n\u011b\u010dem podobn\u00e1 Pod\u011bbrad\u016fm"},"content":{"rendered":"<div class=\"fcbkbttn_buttons_block\" id=\"fcbkbttn_left\"><div class=\"fcbkbttn_button\">\n                            <a href=\"https:\/\/www.facebook.com\/tom.patrick.509\" target=\"_blank\">\n                                <img decoding=\"async\" src=\"https:\/\/eldar.cz\/tompatrick\/wp-content\/plugins\/facebook-button-plugin\/images\/large-facebook-ico.png\" alt=\"Fb-Button\" \/>\n                            <\/a>\n                        <\/div><div class=\"fcbkbttn_like fcbkbttn_large_button\"><fb:like href=\"https:\/\/eldar.cz\/tompatrick\/zpravodaj\/patek-17-cervna-2011-magazin-dnes-katalna-mochna-je-v-necem-podobna-podebradum\" action=\"like\" colorscheme=\"light\" layout=\"standard\"  width=\"225px\" size=\"large\"><\/fb:like><\/div><div class=\"fb-share-button fcbkbttn_large_button \" data-href=\"https:\/\/eldar.cz\/tompatrick\/zpravodaj\/patek-17-cervna-2011-magazin-dnes-katalna-mochna-je-v-necem-podobna-podebradum\" data-type=\"button_count\" data-size=\"large\"><\/div><\/div><p><b>Kataln\u00e1 Mochna je v n\u011b\u010dem podobn\u00e1 Pod\u011bbrad\u016fm<\/b><\/p>\n<p><i>V\u00e1clav Hrd\u00fd, kter\u00fd p\u0159ed p\u016flrokem vydal <\/i><i><b>knihu s fantasy prvky<\/b><\/i><i>, pokra\u010duje ve zve\u0159ej\u0148ov\u00e1n\u00ed dal\u0161\u00edch d\u00edl\u016f na internetu. Inspiraci pro snov\u00e9 m\u011bsto Kataln\u00e1 Mochna nach\u00e1z\u00ed v Pod\u011bbradech<\/i><\/p>\n<p><b>POD\u011aBRADY<\/b> (char) Dev\u011btadvacetilet\u00fd spisovatel z Pod\u011bbrad V\u00e1clav Hrd\u00fd p\u00ed\u0161e knihu na pokra\u010dov\u00e1n\u00ed. Jmenuje se City Means a je o fiktivn\u00edm m\u011bst\u011b Kataln\u00e1 Mochna, kter\u00e9 m\u00e1 \u0159adu podobnost\u00ed s Pod\u011bbrady.<\/p>\n<p>\u201eCity Means v m\u00e9m pod\u00e1n\u00ed pojedn\u00e1v\u00e1 o fiktivn\u00edm m\u011bst\u011b zasazen\u00e9ho do st\u0159edn\u00edch \u010cech mezi Pod\u011bbrady a Libici a \u010dten\u00e1\u0159\u016fm prost\u0159ednictv\u00edm vybran\u00fdch pr\u016fvodc\u016f p\u0159edstavuje jeho kulturu, kter\u00e1 by sv\u011btu jinak z\u016fstala nav\u011bky skryta,\u201c \u0159\u00edk\u00e1 Hrd\u00fd, kter\u00fd si \u0159\u00edk\u00e1 Tom Patrick.<\/p>\n<p>Krom\u011b toho vystupuje i pod dal\u0161\u00edmi pseudonymy. Pod jm\u00e9nem Jakub Ontenel nap\u0159\u00edklad slo\u017eil ke sv\u00e9 ned\u00e1vno vydan\u00e9 knize hudbu.<\/p>\n<p>Prvn\u00ed t\u0159i d\u00edly City Meansu vznikaly zhruba t\u0159i roky. Oproti jin\u00fdm knih\u00e1m obsahuj\u00ed m\u00e9n\u011b n\u00e1sil\u00ed, jde sp\u00ed\u0161e o snov\u00e9 p\u0159edstavy.<\/p>\n<p>\u201eAbych se p\u0159iznal, m\u00e1m u\u017e po krk t\u00e9 amerikanizace u n\u00e1s. To jsou sam\u00e9 vra\u017edy, krimin\u00e1lky, stupidn\u00ed sexy komedie a j\u00e1 nev\u00edm co v\u0161echno je\u0161t\u011b. V \u010cech\u00e1ch prost\u011b chyb\u00ed ona klasick\u00e1 nen\u00e1siln\u00e1 forma seri\u00e1l\u016f a film\u016f pro ml\u00e1de\u017e a dosp\u00edvaj\u00edc\u00ed, bohat\u00e1 na humanitu a v\u0159elost,\u201c podot\u00fdk\u00e1 autor.<\/p>\n<p>M\u011bsto Kataln\u00e1 Mochna se v mnoh\u00e9m podob\u00e1 Pod\u011bbrad\u016fm.<\/p>\n<p>\u201eNap\u0159\u00edklad Oborov\u011bnka z m\u00e9 knihy, v n\u00ed\u017e vlastn\u00ed \u00fatulek Just\u00fdna, jako by voln\u011b vych\u00e1zela z pod\u011bbradsk\u00e9 Obory. Stejn\u011b tak knihovn\u00edk Ev\u017een Velman je \u010d\u00e1ste\u010dn\u011b inspirov\u00e1n panem Ka\u0148kou, kter\u00fd v Pod\u011bbradech vlastn\u00ed knihkupectv\u00ed. To Mochnick\u00e9 katalov\u011bn\u00ed pro zm\u011bnu vych\u00e1z\u00ed z akce, kter\u00e1 se konala na Vesl\u00e1ku u Nymburka a nesla n\u00e1zev Vibrace,\u201c vypr\u00e1v\u00ed V\u00e1clav Hrd\u00fd.<\/p>\n<p>Ve v\u0161ech d\u00edlech knihy figuruje postava pr\u016fvodce \u010di pr\u016fvodkyn\u011b. Ta, kter\u00e1 prov\u00e1z\u00ed prvn\u00edm d\u00edlem, byla inspirov\u00e1na skute\u010dn\u011b existuj\u00edc\u00ed here\u010dkou, jmenovit\u011b Alexis Bledel. \u201eMysl\u00edm, \u017ee ka\u017ed\u00fd \u010dlov\u011bk pot\u0159ebuje sv\u00e9ho pr\u016fvodce, kter\u00fd by mu poradil, kdy\u017e nev\u00ed, jak nalo\u017eit d\u00e1l se sv\u00fdm \u017eivotem,\u201c m\u00edn\u00ed Hrd\u00fd.<\/p>\n<p>Autor pro knihu vymyslel vlastn\u00ed \u017e\u00e1nr \u2013 ThinkFan ComReal World. Nehod\u00ed se toti\u017e do \u017e\u00e1dn\u00e9 z existuj\u00edc\u00edch \u0161katulek.<\/p>\n<p>\u201eJde v podstat\u011b o my\u0161len\u00e9 fantasti\u010dno poch\u00e1zej\u00edc\u00ed z re\u00e1ln\u00e9ho sv\u011bta. Jde o sm\u011bsici v\u00edce \u017e\u00e1nr\u016f. Z\u00e1kladem je cosi na zp\u016fsob odleh\u010den\u011bj\u0161\u00edho rodinn\u00e9ho psychologick\u00e9ho melodramatu, s prvky fantasy a existencionalismu \u010di magick\u00e9ho realismu,\u201c dopl\u0148uje Hrd\u00fd.<\/p>\n<p>Pokud v\u00e1s d\u00edlo zaujalo, je mo\u017en\u00e9 si ho zdarma p\u0159e\u010d\u00edst na:<i> <\/i><b>eldar.cz\/tompatrick<\/b>.<\/p>\n<p>P\u00c1TEK 17. \u010cERVNA 2011 MAGAZ\u00cdN DNES<\/p>\n<div class=\"fcbkbttn_buttons_block\" id=\"fcbkbttn_left\"><div class=\"fcbkbttn_button\">\n                            <a href=\"https:\/\/www.facebook.com\/tom.patrick.509\" target=\"_blank\">\n                                <img decoding=\"async\" src=\"https:\/\/eldar.cz\/tompatrick\/wp-content\/plugins\/facebook-button-plugin\/images\/large-facebook-ico.png\" alt=\"Fb-Button\" \/>\n                            <\/a>\n                        <\/div><div class=\"fcbkbttn_like fcbkbttn_large_button\"><fb:like href=\"https:\/\/eldar.cz\/tompatrick\/zpravodaj\/patek-17-cervna-2011-magazin-dnes-katalna-mochna-je-v-necem-podobna-podebradum\" action=\"like\" colorscheme=\"light\" layout=\"standard\"  width=\"225px\" size=\"large\"><\/fb:like><\/div><div class=\"fb-share-button fcbkbttn_large_button \" data-href=\"https:\/\/eldar.cz\/tompatrick\/zpravodaj\/patek-17-cervna-2011-magazin-dnes-katalna-mochna-je-v-necem-podobna-podebradum\" data-type=\"button_count\" data-size=\"large\"><\/div><\/div>","protected":false},"excerpt":{"rendered":"<p>Kataln\u00e1 Mochna je v n\u011b\u010dem podobn\u00e1 Pod\u011bbrad\u016fm V\u00e1clav Hrd\u00fd, kter\u00fd p\u0159ed p\u016flrokem vydal knihu s fantasy prvky, pokra\u010duje ve zve\u0159ej\u0148ov\u00e1n\u00ed dal\u0161\u00edch d\u00edl\u016f na internetu. Inspiraci pro snov\u00e9 m\u011bsto Kataln\u00e1 Mochna nach\u00e1z\u00ed v Pod\u011bbradech POD\u011aBRADY (char) Dev\u011btadvacetilet\u00fd spisovatel z Pod\u011bbrad V\u00e1clav &hellip; <a href=\"https:\/\/eldar.cz\/tompatrick\/zpravodaj\/patek-17-cervna-2011-magazin-dnes-katalna-mochna-je-v-necem-podobna-podebradum\">Cel\u00fd p\u0159\u00edsp\u011bvek <span class=\"meta-nav\">&rarr;<\/span><\/a><\/p>\n","protected":false},"author":2,"featured_media":0,"comment_status":"open","ping_status":"open","sticky":false,"template":"","format":"standard","meta":{"_s2mail":"yes","footnotes":""},"categories":[16],"tags":[],"class_list":["post-2405","post","type-post","status-publish","format-standard","hentry","category-zpravodaj"],"_links":{"self":[{"href":"https:\/\/eldar.cz\/tompatrick\/wp-json\/wp\/v2\/posts\/2405","targetHints":{"allow":["GET"]}}],"collection":[{"href":"https:\/\/eldar.cz\/tompatrick\/wp-json\/wp\/v2\/posts"}],"about":[{"href":"https:\/\/eldar.cz\/tompatrick\/wp-json\/wp\/v2\/types\/post"}],"author":[{"embeddable":true,"href":"https:\/\/eldar.cz\/tompatrick\/wp-json\/wp\/v2\/users\/2"}],"replies":[{"embeddable":true,"href":"https:\/\/eldar.cz\/tompatrick\/wp-json\/wp\/v2\/comments?post=2405"}],"version-history":[{"count":2,"href":"https:\/\/eldar.cz\/tompatrick\/wp-json\/wp\/v2\/posts\/2405\/revisions"}],"predecessor-version":[{"id":2407,"href":"https:\/\/eldar.cz\/tompatrick\/wp-json\/wp\/v2\/posts\/2405\/revisions\/2407"}],"wp:attachment":[{"href":"https:\/\/eldar.cz\/tompatrick\/wp-json\/wp\/v2\/media?parent=2405"}],"wp:term":[{"taxonomy":"category","embeddable":true,"href":"https:\/\/eldar.cz\/tompatrick\/wp-json\/wp\/v2\/categories?post=2405"},{"taxonomy":"post_tag","embeddable":true,"href":"https:\/\/eldar.cz\/tompatrick\/wp-json\/wp\/v2\/tags?post=2405"}],"curies":[{"name":"wp","href":"https:\/\/api.w.org\/{rel}","templated":true}]}}