{"id":2388,"date":"2018-10-29T09:02:50","date_gmt":"2018-10-29T07:02:50","guid":{"rendered":"http:\/\/eldar.cz\/tompatrick\/?p=2388"},"modified":"2018-10-27T10:11:28","modified_gmt":"2018-10-27T08:11:28","slug":"milostna-lovestory-s-primesi-tragiky-autor-martin-jabkenic","status":"publish","type":"post","link":"https:\/\/eldar.cz\/tompatrick\/mix\/milostna-lovestory-s-primesi-tragiky-autor-martin-jabkenic","title":{"rendered":"Milostn\u00e1 lovestory s p\u0159\u00edm\u011bs\u00ed tragiky (autor &#8211; Martin Jabkeni\u010d)"},"content":{"rendered":"<div class=\"fcbkbttn_buttons_block\" id=\"fcbkbttn_left\"><div class=\"fcbkbttn_button\">\n                            <a href=\"https:\/\/www.facebook.com\/tom.patrick.509\" target=\"_blank\">\n                                <img decoding=\"async\" src=\"https:\/\/eldar.cz\/tompatrick\/wp-content\/plugins\/facebook-button-plugin\/images\/large-facebook-ico.png\" alt=\"Fb-Button\" \/>\n                            <\/a>\n                        <\/div><div class=\"fcbkbttn_like fcbkbttn_large_button\"><fb:like href=\"https:\/\/eldar.cz\/tompatrick\/mix\/milostna-lovestory-s-primesi-tragiky-autor-martin-jabkenic\" action=\"like\" colorscheme=\"light\" layout=\"standard\"  width=\"225px\" size=\"large\"><\/fb:like><\/div><div class=\"fb-share-button fcbkbttn_large_button \" data-href=\"https:\/\/eldar.cz\/tompatrick\/mix\/milostna-lovestory-s-primesi-tragiky-autor-martin-jabkenic\" data-type=\"button_count\" data-size=\"large\"><\/div><\/div><p><b>Milostn\u00e1 lovestory s p\u0159\u00edm\u011bs\u00ed tragiky<\/b><\/p>\n<p>Potkaly se \u010dist\u011b n\u00e1hodn\u011b<\/p>\n<p>v jeden kv\u011btnov\u00fd de\u0161tiv\u00fd to den:<\/p>\n<p>Jelena, pohledn\u00e1 to Ruska<\/p>\n<p>Katja, p\u0159ekr\u00e1sn\u00e1 to D\u00e1nka<\/p>\n<p>&nbsp;<\/p>\n<p>Prvn\u00ed jmenovan\u00e1 nevyda\u0159en\u00fd vztah ned\u00e1vno ukon\u010dila<\/p>\n<p>druh\u00e1 zas po jednom stabiln\u00edm tou\u017eila<\/p>\n<p>Ob\u011b v jednom pa\u0159\u00ed\u017esk\u00e9m baru se\u0161ly se<\/p>\n<p>zapov\u00eddaly se a p\u0159i tom neu\u0161lo jim<\/p>\n<p>\u017ee stejn\u00fd probl\u00e9m t\u00ed\u017e\u00ed je<\/p>\n<p>&nbsp;<\/p>\n<p>Tan\u010dily spolu a\u017e do pozdn\u00edho r\u00e1na<\/p>\n<p>a okoln\u00ed sv\u011bt jako by pro n\u011b p\u0159estal existovat<\/p>\n<p>Ob\u011b \u017eeny jen pro sebe o\u010di m\u011bly<\/p>\n<p>a jako ve sn\u00e1ch se ladn\u00fdmi kroky po parketu vedly<\/p>\n<p>&nbsp;<\/p>\n<p>Pot\u00e9 na pokoj nezadr\u017eiteln\u011b sp\u011bly<\/p>\n<p>kde spolu je\u0161t\u011b p\u00e1r drink\u016f popily<\/p>\n<p>A pr\u00e1v\u011b tam zlom v p\u0159\u00e1telstv\u00ed nastal<\/p>\n<p>kdy\u017e za\u010daly se v\u00e1\u0161niv\u011b l\u00edbat<\/p>\n<p>&nbsp;<\/p>\n<p>\u0160aty ze sebe kousav\u011b strh\u00e1valy<\/p>\n<p>dokud p\u0159ed sebou zcela nah\u00e9 nestanuly<\/p>\n<p>Pak se znovu k sob\u011b p\u0159itulily<\/p>\n<p>dot\u00fdkaj\u00edce se pouze parti\u00ed intimn\u00edch<\/p>\n<p>&nbsp;<\/p>\n<p>Milov\u00e1n\u00ed obou \u017een neznalo hranic<\/p>\n<p>bylo tak v\u00e1\u0161niv\u00e9, \u017ee ze sousedn\u00edch pokoj\u016f a chodby<\/p>\n<p>sm\u011b\u0159ovaly k nim nazloben\u00e9 hlasy:<\/p>\n<p>Druz\u00ed \u017ee je\u0161t\u011b st\u00e1le hodlaj\u00ed sp\u00e1ti<\/p>\n<p>po n\u00e1ro\u010dn\u00e9m pracovn\u00edm t\u00fddnu pln\u00e9ho vy\u010derp\u00e1n\u00ed<\/p>\n<p>&nbsp;<\/p>\n<p>St\u011b\u017euj\u00edc\u00edm to v\u0161ak nebylo nic platn\u00e9<\/p>\n<p>nebo\u0165 ani jedna z \u017een nezaregistrovala je<\/p>\n<p>Tak moc byly pohrou\u017eeny do milostn\u00fdch her<\/p>\n<p>\u017ee nesta\u010dily vn\u00edmat onen povyk kolem<\/p>\n<p>jako\u017eto\u00a0doprovodn\u00e9 nal\u00e9hav\u00e9 bouch\u00e1n\u00ed<\/p>\n<p>do zd\u00ed, oken a do dve\u0159\u00ed<\/p>\n<p>&nbsp;<\/p>\n<p>Av\u0161ak jednomu mu\u017ei<\/p>\n<p>p\u0159eci jen stalo se osudn\u00fdm<\/p>\n<p>kdy\u017e nedostal se zav\u010das k t\u00e9<\/p>\n<p>j\u00ed\u017e miloval z cel\u00e9ho srdce<\/p>\n<p>&nbsp;<\/p>\n<p>Cht\u011bl aby mu odpustila nev\u011bru<\/p>\n<p>a op\u011bt tak navr\u00e1tila se k n\u011bmu<\/p>\n<p>&nbsp;<\/p>\n<p>Velk\u00e9 \u00fasil\u00ed vynalo\u017eil<\/p>\n<p>aby ji nakonec na\u0161el pr\u00e1v\u011b v Pa\u0159\u00ed\u017ei<\/p>\n<p>a d\u016fv\u011brn\u011b n\u00e1sledn\u011b sd\u011blil<\/p>\n<p>jak p\u0159evelice ho mrz\u00ed<\/p>\n<p>jak o\u0161kliv\u011b zachoval se k n\u00ed<\/p>\n<p>kdy\u017e s jinou tr\u00e1vil romantick\u00e9 ve\u010dery<\/p>\n<p>&nbsp;<\/p>\n<p>V\u00e1\u0161n\u011b odehr\u00e1vaj\u00edc\u00ed se za zdmi pokoje<\/p>\n<p>ale vzaly mu\u017ei posledn\u00ed nad\u011bje<\/p>\n<p>Vytu\u0161il, \u017ee jeho mil\u00e1 jin\u00e9ho m\u00e1<\/p>\n<p>a na n\u011bj \u017ee tak nadobro zanev\u0159ela<\/p>\n<p>&nbsp;<\/p>\n<p>Zanechal tedy bouch\u00e1n\u00ed<\/p>\n<p>a z hotelu odebral se ke b\u0159ehu nevyzpytateln\u00e9 S\u00e9ny<\/p>\n<p>Ruce si na protest spoutal<\/p>\n<p>a potom ji\u017e do chladn\u00fdch vod pozvolna klesal<\/p>\n<p>&nbsp;<\/p>\n<p>Zbyte\u010dn\u00fd \u017eivot t\u00edm vyhasl<\/p>\n<p>nebo\u0165 Mark, onen mu\u017e<\/p>\n<p>dopustil se tragick\u00e9ho omylu<\/p>\n<p>&nbsp;<\/p>\n<p>V onom hotelov\u00e9m pokoji<\/p>\n<p>nach\u00e1zel se toti\u017e n\u011bkdo \u00fapln\u011b zcela jin\u00fd<\/p>\n<p>nikoliv l\u00e1ska n\u011bkdej\u0161\u00ed<\/p>\n<p>je\u017e kdysi poblouznila Markovy smysly<\/p>\n<p>&nbsp;<\/p>\n<p>Jelena s Katjou nakonec<\/p>\n<p>po noci pln\u00e9 v\u00e1\u0161niv\u00fdch her<\/p>\n<p>nadobro od sebe odlou\u010dily se<\/p>\n<p>a ji\u017e nikdy v\u00edce v \u017eivot\u011b nepotkaly se<\/p>\n<p>&nbsp;<\/p>\n<p>Kdo byl Mark<\/p>\n<p>a koho v hotelu hledal?<\/p>\n<p>Marn\u011b byste cht\u011bli v\u011bd\u011bt po obou<\/p>\n<p>nebo\u0165 neznala ho z \u017een ani jedna<\/p>\n<p>&nbsp;<\/p>\n<p>Ji\u017e pov\u011bd\u011bl jsem v\u00e1m mysl\u00edm dosti<\/p>\n<p>coby sv\u011bdek on\u00e9 tragick\u00e9 lovestory<\/p>\n<p>O jedno v\u00e1s v\u0161ak sna\u017en\u011b pros\u00edm:<\/p>\n<p>nepokou\u0161ejte se kontaktovat ony dv\u011b \u017eeny<\/p>\n<p>&nbsp;<\/p>\n<p>J\u00e1 s\u00e1m jejich adresu nezn\u00e1m a mysl\u00edm<\/p>\n<p>\u017ee tak to bude pro n\u011b jen lep\u0161\u00ed<\/p>\n<p>kdy\u017e nikdy nedozv\u011bd\u00ed se<\/p>\n<p>co zp\u016fsobil jejich n\u011bkdej\u0161\u00ed milostn\u00fd \u00falet<\/p>\n<p>&nbsp;<\/p>\n<div class=\"fcbkbttn_buttons_block\" id=\"fcbkbttn_left\"><div class=\"fcbkbttn_button\">\n                            <a href=\"https:\/\/www.facebook.com\/tom.patrick.509\" target=\"_blank\">\n                                <img decoding=\"async\" src=\"https:\/\/eldar.cz\/tompatrick\/wp-content\/plugins\/facebook-button-plugin\/images\/large-facebook-ico.png\" alt=\"Fb-Button\" \/>\n                            <\/a>\n                        <\/div><div class=\"fcbkbttn_like fcbkbttn_large_button\"><fb:like href=\"https:\/\/eldar.cz\/tompatrick\/mix\/milostna-lovestory-s-primesi-tragiky-autor-martin-jabkenic\" action=\"like\" colorscheme=\"light\" layout=\"standard\"  width=\"225px\" size=\"large\"><\/fb:like><\/div><div class=\"fb-share-button fcbkbttn_large_button \" data-href=\"https:\/\/eldar.cz\/tompatrick\/mix\/milostna-lovestory-s-primesi-tragiky-autor-martin-jabkenic\" data-type=\"button_count\" data-size=\"large\"><\/div><\/div>","protected":false},"excerpt":{"rendered":"<p>Milostn\u00e1 lovestory s p\u0159\u00edm\u011bs\u00ed tragiky Potkaly se \u010dist\u011b n\u00e1hodn\u011b v jeden kv\u011btnov\u00fd de\u0161tiv\u00fd to den: Jelena, pohledn\u00e1 to Ruska Katja, p\u0159ekr\u00e1sn\u00e1 to D\u00e1nka &nbsp; Prvn\u00ed jmenovan\u00e1 nevyda\u0159en\u00fd vztah ned\u00e1vno ukon\u010dila druh\u00e1 zas po jednom stabiln\u00edm tou\u017eila Ob\u011b v jednom pa\u0159\u00ed\u017esk\u00e9m &hellip; <a href=\"https:\/\/eldar.cz\/tompatrick\/mix\/milostna-lovestory-s-primesi-tragiky-autor-martin-jabkenic\">Cel\u00fd p\u0159\u00edsp\u011bvek <span class=\"meta-nav\">&rarr;<\/span><\/a><\/p>\n","protected":false},"author":2,"featured_media":0,"comment_status":"open","ping_status":"open","sticky":false,"template":"","format":"standard","meta":{"_s2mail":"yes","footnotes":""},"categories":[25],"tags":[],"class_list":["post-2388","post","type-post","status-publish","format-standard","hentry","category-mix"],"_links":{"self":[{"href":"https:\/\/eldar.cz\/tompatrick\/wp-json\/wp\/v2\/posts\/2388","targetHints":{"allow":["GET"]}}],"collection":[{"href":"https:\/\/eldar.cz\/tompatrick\/wp-json\/wp\/v2\/posts"}],"about":[{"href":"https:\/\/eldar.cz\/tompatrick\/wp-json\/wp\/v2\/types\/post"}],"author":[{"embeddable":true,"href":"https:\/\/eldar.cz\/tompatrick\/wp-json\/wp\/v2\/users\/2"}],"replies":[{"embeddable":true,"href":"https:\/\/eldar.cz\/tompatrick\/wp-json\/wp\/v2\/comments?post=2388"}],"version-history":[{"count":1,"href":"https:\/\/eldar.cz\/tompatrick\/wp-json\/wp\/v2\/posts\/2388\/revisions"}],"predecessor-version":[{"id":2389,"href":"https:\/\/eldar.cz\/tompatrick\/wp-json\/wp\/v2\/posts\/2388\/revisions\/2389"}],"wp:attachment":[{"href":"https:\/\/eldar.cz\/tompatrick\/wp-json\/wp\/v2\/media?parent=2388"}],"wp:term":[{"taxonomy":"category","embeddable":true,"href":"https:\/\/eldar.cz\/tompatrick\/wp-json\/wp\/v2\/categories?post=2388"},{"taxonomy":"post_tag","embeddable":true,"href":"https:\/\/eldar.cz\/tompatrick\/wp-json\/wp\/v2\/tags?post=2388"}],"curies":[{"name":"wp","href":"https:\/\/api.w.org\/{rel}","templated":true}]}}