{"id":2375,"date":"2018-10-22T09:00:16","date_gmt":"2018-10-22T07:00:16","guid":{"rendered":"http:\/\/eldar.cz\/tompatrick\/?p=2375"},"modified":"2018-10-19T09:08:13","modified_gmt":"2018-10-19T07:08:13","slug":"nelidsky-jatecnik-autor-martin-jabkenic","status":"publish","type":"post","link":"https:\/\/eldar.cz\/tompatrick\/mix\/nelidsky-jatecnik-autor-martin-jabkenic","title":{"rendered":"Nelidsk\u00fd jate\u010dn\u00edk (autor Martin Jabkeni\u010d)"},"content":{"rendered":"<div class=\"fcbkbttn_buttons_block\" id=\"fcbkbttn_left\"><div class=\"fcbkbttn_button\">\n                            <a href=\"https:\/\/www.facebook.com\/tom.patrick.509\" target=\"_blank\">\n                                <img decoding=\"async\" src=\"https:\/\/eldar.cz\/tompatrick\/wp-content\/plugins\/facebook-button-plugin\/images\/large-facebook-ico.png\" alt=\"Fb-Button\" \/>\n                            <\/a>\n                        <\/div><div class=\"fcbkbttn_like fcbkbttn_large_button\"><fb:like href=\"https:\/\/eldar.cz\/tompatrick\/mix\/nelidsky-jatecnik-autor-martin-jabkenic\" action=\"like\" colorscheme=\"light\" layout=\"standard\"  width=\"225px\" size=\"large\"><\/fb:like><\/div><div class=\"fb-share-button fcbkbttn_large_button \" data-href=\"https:\/\/eldar.cz\/tompatrick\/mix\/nelidsky-jatecnik-autor-martin-jabkenic\" data-type=\"button_count\" data-size=\"large\"><\/div><\/div><p><b>Nelidsk\u00fd jate\u010dn\u00edk<\/b><\/p>\n<p>Odmala vystavovali ho pon\u00ed\u017een\u00ed<\/p>\n<p>to kdy\u017e pravideln\u011b odeb\u00edrali mu to nejcenn\u011bj\u0161\u00ed<\/p>\n<p>co v \u017eivot\u011b m\u011bl nejrad\u011bji<\/p>\n<p>A sice n\u011bm\u00e9 tv\u00e1\u0159e zv\u00ed\u0159ec\u00ed<\/p>\n<p>je\u017e smrt\u00ed nedobrovolnou skonaly<\/p>\n<p>&nbsp;<\/p>\n<p>Tu mal\u00e9mu tel\u00e1tku krk pod\u0159\u00edzli<\/p>\n<p>aby na n\u011bm honosnou hostinu demonstrovali<\/p>\n<p>Tu zase \u010derstv\u011b narozen\u00e1 ko\u0165ata h\u00e1zeli do kamen<\/p>\n<p>nebo\u0165 co s nimi<\/p>\n<p>kdy\u017e p\u0159emno\u017eila se<\/p>\n<p>&nbsp;<\/p>\n<p>Zl\u00e9 trauma z d\u011btstv\u00ed si tak nes<\/p>\n<p>v\u016f\u010di ve\u0161ker\u00e9mu lidu z\u00e1\u0161t\u00ed zaho\u0159el<\/p>\n<p>kdy zap\u0159\u00edsahal s\u00e1m sebe<\/p>\n<p>\u017ee oplat\u00ed stejnou m\u011brou v\u0161em<\/p>\n<p>a\u017e jeho \u010das p\u0159ijde<\/p>\n<p>&nbsp;<\/p>\n<p>I jemu n\u00e1sil\u00ed postupn\u011b p\u0159est\u00e1valo b\u00fdti ciz\u00ed<\/p>\n<p>a tak sv\u00fdm vrstevn\u00edk\u016fm rozhodl se ubli\u017eovat<\/p>\n<p>kdykoliv vhodnou p\u0159\u00edle\u017eitost k tomu vyc\u00edtil<\/p>\n<p>To pak zra\u0148oval je na citliv\u00fdch m\u00edstech<\/p>\n<p>opojnou slast p\u0159i tom poci\u0165uj\u00edc\u00ed<\/p>\n<p>jak tr\u00e1pil je a poni\u017eoval bez sebemen\u0161\u00edho slitov\u00e1n\u00ed<\/p>\n<p>&nbsp;<\/p>\n<p>Av\u0161ak masov\u00e1 likvidace zv\u00ed\u0159ec\u00edch tv\u00e1\u0159\u00ed neznala hranic<\/p>\n<p>a tak i on ve sv\u00e9m po\u010d\u00edn\u00e1n\u00ed zna\u010dn\u011b p\u0159itvrdil<\/p>\n<p>kdy bez ohl\u00e1\u0161en\u00ed a bez p\u0159edchoz\u00edho varov\u00e1n\u00ed<\/p>\n<p>nezletil\u00e1 d\u00edtka za\u010dal p\u0159ivlast\u0148ovat si<\/p>\n<p>&nbsp;<\/p>\n<p>K sob\u011b na statek je l\u00e1kal<\/p>\n<p>a tam za\u017eiva z k\u016f\u017ee pot\u00e9 stahoval<\/p>\n<p>Do rozp\u00e1len\u00e9 pece polomrtv\u00e9 h\u00e1zel<\/p>\n<p>a\u0165 na vlastn\u00ed k\u016f\u017ei ti nezletilci poc\u00edt\u00ed<\/p>\n<p>co ztr\u00e1pen\u00e9 n\u011bm\u00e9 zv\u00ed\u0159ec\u00ed tv\u00e1\u0159e<\/p>\n<p>zn\u011bl poka\u017ed\u00e9 jeho p\u00e1dn\u00fd argument<\/p>\n<p>&nbsp;<\/p>\n<p>M\u011bstem a p\u0159ilehl\u00fdm okol\u00edm<\/p>\n<p>kde doty\u010dn\u00fd \u017eil a p\u016fsobil<\/p>\n<p>za\u010dal se \u0161\u00ed\u0159it panick\u00fd strach z toho<\/p>\n<p>\u017ee v n\u011bm \u0159\u00e1d\u00ed takzvan\u00fd nelidsk\u00fd jate\u010dn\u00edk<\/p>\n<p>ne\u0161t\u00edt\u00edc\u00ed se ni\u010deho<\/p>\n<p>To kdy\u017e na p\u0159\u00edslu\u0161n\u00fdch m\u00edstech lid\u00e9 objevovali<\/p>\n<p>torza d\u011btsk\u00fdch t\u011bl\u00ed\u010dek poh\u0159e\u0161ovan\u00fdch<\/p>\n<p>&nbsp;<\/p>\n<p>Onen takto pojmenovan\u00fd si v\u0161ak z toho pram\u00e1lo d\u011blal<\/p>\n<p>a rad\u011bji vzkaz m\u00edstn\u00edm obratem p\u0159eposlal<\/p>\n<p>Pr\u00fd \u017ee s lidskou \u0159ezni\u010dinou nep\u0159estane<\/p>\n<p>dokud krut\u00e9 zach\u00e1zen\u00ed se zv\u00ed\u0159aty \u00fapln\u011b nepomine<\/p>\n<p>&nbsp;<\/p>\n<p>Zoufal\u00fdm poz\u016fstal\u00fdm tak nezbylo ne\u017e povolat<\/p>\n<p>speci\u00e1ln\u011b vycvi\u010den\u00e9ho psa a s n\u00edm i \u0161kolen\u00e9ho detektiva<\/p>\n<p>co skoncoval by pro jednou<\/p>\n<p>s tou nelidsky ohavnou \u0161kodnou zr\u016fdou<\/p>\n<p>&nbsp;<\/p>\n<p>Co v\u0161ak to bylo platn\u00e9<\/p>\n<p>kdy\u017e detektiv nakonec zajat byl<\/p>\n<p>a pouze pes \u017eiv a zdr\u00e1v vr\u00e1til se<\/p>\n<p>To\u0165 neklamn\u00fd d\u016fkaz toho<\/p>\n<p>\u017ee tak to tyran a zabij\u00e1k d\u011bt\u00ed cht\u011bl<\/p>\n<p>&nbsp;<\/p>\n<p>Nelidsk\u00fd jate\u010dn\u00edk nezah\u00e1lel a p\u0159edvedl zajat\u00e9mu<\/p>\n<p>svoji proslulou krvavou \u0159ezni\u010dinu<\/p>\n<p>To kdy\u017e po sotva dvoum\u011bs\u00ed\u010dn\u00edm kojenci s\u00e1hl<\/p>\n<p>a toho v rozp\u00e1len\u00fdch kamnech \u017e\u00e1r<\/p>\n<p>cel\u00e9ho na uhel n\u00e1sledn\u011b se\u017eehl<\/p>\n<p>&nbsp;<\/p>\n<p>A detektiv p\u0159i tom k\u0159i\u010del<\/p>\n<p>a sku\u010del nahlas slova hanliv\u00e1<\/p>\n<p>na adresu onoho nelidsk\u00e9ho tyrana<\/p>\n<p>co slitov\u00e1n\u00ed neznal<\/p>\n<p>kdy\u017e v\u0161emi lidmi zarputile opovrhoval<\/p>\n<p>&nbsp;<\/p>\n<p>Zejm\u00e9na pak t\u011bmi<\/p>\n<p>co krut\u011b zach\u00e1zeli se zv\u00ed\u0159aty!<\/p>\n<p>&nbsp;<\/p>\n<p>Nelidsk\u00fd jate\u010dn\u00edk ony nar\u00e1\u017eky ji\u017e nevydr\u017eel d\u00e9le poslouchat<\/p>\n<p>a sv\u016fj vztek pot\u0159eboval jak se pat\u0159\u00ed urychlen\u011b ukojit<\/p>\n<p>Za\u017eiva tedy rozhodl se detektiva z k\u016f\u017ee stahovat<\/p>\n<p>a ten p\u0159i tom je\u010del<\/p>\n<p>jak ono tel\u00e1tko pod krkem pod\u0159ez\u00e1van\u00e9<\/p>\n<p>&nbsp;<\/p>\n<p>M\u00edjel \u010das a hr\u016fza st\u00e1le obch\u00e1zela kraj<\/p>\n<p>kdy mizela dal\u0161\u00ed a dal\u0161\u00ed nezletil\u00e1 d\u00edtka<\/p>\n<p>a to jen proto<\/p>\n<p>\u017ee lid nedok\u00e1zal splnit to<\/p>\n<p>co nelidsk\u00fd jate\u010dn\u00edk ustanovil ji\u017e d\u00e1vno<\/p>\n<p>A sice ukon\u010den\u00ed krut\u00e9ho zach\u00e1zen\u00ed se zv\u00ed\u0159aty<\/p>\n<p>jen\u017e by p\u0159ineslo k\u00fd\u017een\u00fd oboustrann\u00fd m\u00edr<\/p>\n<p>&nbsp;<\/p>\n<p>Znovu a znovu d\u00e1val o sob\u011b v\u011bd\u011bt<\/p>\n<p>po dobu dlouh\u00fdch pades\u00e1ti let<\/p>\n<p>Ov\u0161em ne\u017e do zaslou\u017een\u00e9ho \u0159eznick\u00e9ho d\u016fchodu ode\u0161el<\/p>\n<p>sta\u010dil na sv\u00e9m jate\u010dn\u00edm postu zau\u010dit sv\u00e9ho n\u00e1stupce<\/p>\n<p>T\u00edm nebyl nikdo jin\u00fd ne\u017e jeho vlastn\u00ed krev<\/p>\n<p>a sice syn co um\u00ed za pr\u00e1ci vz\u00edt<\/p>\n<p>stejn\u011b jako p\u0159edt\u00edm jeho otec<\/p>\n<p>&nbsp;<\/p>\n<p>Zb\u00fdv\u00e1 si tak polo\u017eit ot\u00e1zku z\u00e1sadn\u00ed<\/p>\n<p>dojde n\u011bkdy k regul\u00e9rn\u00edmu sm\u00edru<\/p>\n<p>mezi lidmi a zv\u00ed\u0159aty?<\/p>\n<p>Nebo se nikdy dan\u00fd probl\u00e9m nevy\u0159e\u0161\u00ed<\/p>\n<p>a op\u011btovn\u011b tak bude muset zasahovat nelidsk\u00fd jate\u010dn\u00edk?<\/p>\n<p>&nbsp;<\/p>\n<p>Jedno toti\u017e zcela v\u00e1\u017en\u011b jist\u00e9 je<\/p>\n<p>tedy \u017ee onen takzvan\u00fd nelidsk\u00fd jate\u010dn\u00edk<\/p>\n<p>tu mezi n\u00e1mi jest st\u00e1le p\u0159\u00edtomen<\/p>\n<p>P\u0159ipraven\u00a0prol\u00edt krev\u00a0poka\u017ed\u00e9<\/p>\n<p>kdy\u017e dozv\u00ed se<\/p>\n<p>jak \u0161patn\u011b zach\u00e1zeno bylo s tou \u010di onou n\u011bmou tv\u00e1\u0159\u00ed<\/p>\n<p>&nbsp;<\/p>\n<p>Kup\u0159\u00edkladu s on\u00edm tel\u00e1tkem neboh\u00fdm<\/p>\n<p>jen\u017e n\u00e1rok na plnohodnotn\u00fd \u017eivot m\u00e1<\/p>\n<p>obdobn\u011b jako \u010dlov\u011bk<\/p>\n<p>co si ho pln\u00fdmi dou\u0161ky jinak dop\u0159\u00e1v\u00e1<\/p>\n<div class=\"fcbkbttn_buttons_block\" id=\"fcbkbttn_left\"><div class=\"fcbkbttn_button\">\n                            <a href=\"https:\/\/www.facebook.com\/tom.patrick.509\" target=\"_blank\">\n                                <img decoding=\"async\" src=\"https:\/\/eldar.cz\/tompatrick\/wp-content\/plugins\/facebook-button-plugin\/images\/large-facebook-ico.png\" alt=\"Fb-Button\" \/>\n                            <\/a>\n                        <\/div><div class=\"fcbkbttn_like fcbkbttn_large_button\"><fb:like href=\"https:\/\/eldar.cz\/tompatrick\/mix\/nelidsky-jatecnik-autor-martin-jabkenic\" action=\"like\" colorscheme=\"light\" layout=\"standard\"  width=\"225px\" size=\"large\"><\/fb:like><\/div><div class=\"fb-share-button fcbkbttn_large_button \" data-href=\"https:\/\/eldar.cz\/tompatrick\/mix\/nelidsky-jatecnik-autor-martin-jabkenic\" data-type=\"button_count\" data-size=\"large\"><\/div><\/div>","protected":false},"excerpt":{"rendered":"<p>Nelidsk\u00fd jate\u010dn\u00edk Odmala vystavovali ho pon\u00ed\u017een\u00ed to kdy\u017e pravideln\u011b odeb\u00edrali mu to nejcenn\u011bj\u0161\u00ed co v \u017eivot\u011b m\u011bl nejrad\u011bji A sice n\u011bm\u00e9 tv\u00e1\u0159e zv\u00ed\u0159ec\u00ed je\u017e smrt\u00ed nedobrovolnou skonaly &nbsp; Tu mal\u00e9mu tel\u00e1tku krk pod\u0159\u00edzli aby na n\u011bm honosnou hostinu demonstrovali Tu &hellip; <a href=\"https:\/\/eldar.cz\/tompatrick\/mix\/nelidsky-jatecnik-autor-martin-jabkenic\">Cel\u00fd p\u0159\u00edsp\u011bvek <span class=\"meta-nav\">&rarr;<\/span><\/a><\/p>\n","protected":false},"author":2,"featured_media":0,"comment_status":"open","ping_status":"open","sticky":false,"template":"","format":"standard","meta":{"_s2mail":"yes","footnotes":""},"categories":[25],"tags":[],"class_list":["post-2375","post","type-post","status-publish","format-standard","hentry","category-mix"],"_links":{"self":[{"href":"https:\/\/eldar.cz\/tompatrick\/wp-json\/wp\/v2\/posts\/2375","targetHints":{"allow":["GET"]}}],"collection":[{"href":"https:\/\/eldar.cz\/tompatrick\/wp-json\/wp\/v2\/posts"}],"about":[{"href":"https:\/\/eldar.cz\/tompatrick\/wp-json\/wp\/v2\/types\/post"}],"author":[{"embeddable":true,"href":"https:\/\/eldar.cz\/tompatrick\/wp-json\/wp\/v2\/users\/2"}],"replies":[{"embeddable":true,"href":"https:\/\/eldar.cz\/tompatrick\/wp-json\/wp\/v2\/comments?post=2375"}],"version-history":[{"count":2,"href":"https:\/\/eldar.cz\/tompatrick\/wp-json\/wp\/v2\/posts\/2375\/revisions"}],"predecessor-version":[{"id":2377,"href":"https:\/\/eldar.cz\/tompatrick\/wp-json\/wp\/v2\/posts\/2375\/revisions\/2377"}],"wp:attachment":[{"href":"https:\/\/eldar.cz\/tompatrick\/wp-json\/wp\/v2\/media?parent=2375"}],"wp:term":[{"taxonomy":"category","embeddable":true,"href":"https:\/\/eldar.cz\/tompatrick\/wp-json\/wp\/v2\/categories?post=2375"},{"taxonomy":"post_tag","embeddable":true,"href":"https:\/\/eldar.cz\/tompatrick\/wp-json\/wp\/v2\/tags?post=2375"}],"curies":[{"name":"wp","href":"https:\/\/api.w.org\/{rel}","templated":true}]}}