{"id":2353,"date":"2018-10-01T09:00:53","date_gmt":"2018-10-01T07:00:53","guid":{"rendered":"http:\/\/eldar.cz\/tompatrick\/?p=2353"},"modified":"2018-09-29T09:28:45","modified_gmt":"2018-09-29T07:28:45","slug":"zeny-stvoritelky-a-jina-soucasna-a-minula-pozemska-uskali-autor-martin-jabkenic","status":"publish","type":"post","link":"https:\/\/eldar.cz\/tompatrick\/mix\/zeny-stvoritelky-a-jina-soucasna-a-minula-pozemska-uskali-autor-martin-jabkenic","title":{"rendered":"\u017deny stvo\u0159itelky a jin\u00e1 sou\u010dasn\u00e1 a minul\u00e1 pozemsk\u00e1 \u00faskal\u00ed (autor &#8211; Martin Jabkeni\u010d)"},"content":{"rendered":"<div class=\"fcbkbttn_buttons_block\" id=\"fcbkbttn_left\"><div class=\"fcbkbttn_button\">\n                            <a href=\"https:\/\/www.facebook.com\/tom.patrick.509\" target=\"_blank\">\n                                <img decoding=\"async\" src=\"https:\/\/eldar.cz\/tompatrick\/wp-content\/plugins\/facebook-button-plugin\/images\/large-facebook-ico.png\" alt=\"Fb-Button\" \/>\n                            <\/a>\n                        <\/div><div class=\"fcbkbttn_like fcbkbttn_large_button\"><fb:like href=\"https:\/\/eldar.cz\/tompatrick\/mix\/zeny-stvoritelky-a-jina-soucasna-a-minula-pozemska-uskali-autor-martin-jabkenic\" action=\"like\" colorscheme=\"light\" layout=\"standard\"  width=\"225px\" size=\"large\"><\/fb:like><\/div><div class=\"fb-share-button fcbkbttn_large_button \" data-href=\"https:\/\/eldar.cz\/tompatrick\/mix\/zeny-stvoritelky-a-jina-soucasna-a-minula-pozemska-uskali-autor-martin-jabkenic\" data-type=\"button_count\" data-size=\"large\"><\/div><\/div><p><b>\u017deny stvo\u0159itelky a jin\u00e1 sou\u010dasn\u00e1 a minul\u00e1 pozemsk\u00e1 \u00faskal\u00ed<\/b><\/p>\n<p>\u017deny stvo\u0159itelky<\/p>\n<p>vy daly jste sv\u011btu \u017eivot<\/p>\n<p>a t\u00edm uvrhly jej do v\u011b\u010dn\u00fdch temnot<\/p>\n<p>kdy\u017e nejednou postihl ho krut\u00fd teror<\/p>\n<p>&nbsp;<\/p>\n<p>Va\u0161\u00ed vinou jest<\/p>\n<p>\u017ee potomci z va\u0161ich rodn\u00fdch t\u011bl<\/p>\n<p>zbran\u00ed se chopili<\/p>\n<p>a jeden lidsk\u00fd n\u00e1rod za druh\u00fdm pot\u00e9 plenili<\/p>\n<p>&nbsp;<\/p>\n<p>Jste po tom v\u0161em, ct\u011bn\u00e9 \u017eeny, na sebe py\u0161n\u00e9<\/p>\n<p>pot\u00e9 co \u017eivot zasv\u011bcen byl<\/p>\n<p>nejedn\u00e9 krut\u00e9 \u010din\u011b?<\/p>\n<p>&nbsp;<\/p>\n<p>Nu\u017ee dobr\u00e1, ne v\u0161echny va\u0161e dcery a takt\u00e9\u017e synov\u00e9<\/p>\n<p>z\u00edskali si v pozemsk\u00e9m sv\u011bt\u011b obdobn\u00e9 renom\u00e9<\/p>\n<p>Le\u010d t\u011bch byla zna\u010dn\u00e1 men\u0161ina<\/p>\n<p>co v\u011bt\u0161in\u011b krvezr\u00e1dc\u016f beztak nakonec podlehla<\/p>\n<p>&nbsp;<\/p>\n<p>Konflikty sv\u011btov\u00e9<\/p>\n<p>poka\u017ed\u00e9 bez v\u00fdjimky krv\u00ed nas\u00e1kl\u00e9<\/p>\n<p>proch\u00e1zely a d\u011bjinami st\u00e1le proch\u00e1zej\u00ed<\/p>\n<p>a za tu dobu ji\u017e zma\u0159ily nejeden osud lidsk\u00fd, nevinn\u00fd<\/p>\n<p>&nbsp;<\/p>\n<p>Opravdu za to tedy stoj\u00ed onen \u017eivot \u017e\u00edt<\/p>\n<p>kdy vedle osob zl\u00fdch<\/p>\n<p>pozemsk\u00fd lid bi\u010duj\u00ed nav\u00edc katastrofy p\u0159\u00edrodn\u00ed?<\/p>\n<p>&nbsp;<\/p>\n<p>Chud\u00e1k prostink\u00fd, neboh\u00fd to \u010dlov\u011bk ji\u017e nev\u00ed<\/p>\n<p>kam se p\u0159ed t\u00edm v\u0161\u00edm do bezpe\u010d\u00ed m\u00e1 uch\u00fdlit<\/p>\n<p>Stoj\u00ed mu za to takto donekone\u010dna tr\u00e1pit se<\/p>\n<p>s od\u016fvodn\u011bn\u00edm \u017ee jednou snad na Zemi blaze bude?<\/p>\n<p>&nbsp;<\/p>\n<p>Nejen ov\u0161em vy \u017eeny<\/p>\n<p>ale rovn\u011b\u017e i vy mu\u017ei<\/p>\n<p>nesete na v\u0161em svoji zna\u010dnou \u010d\u00e1st viny<\/p>\n<p>\u017de sv\u011bt upadal a st\u00e1le upad\u00e1 do flustruj\u00edc\u00ed kocoviny<\/p>\n<p>A to t\u00edm, \u017ee p\u00e1rujete se s n\u011b\u017en\u00fdm pohlav\u00edm<\/p>\n<p>a ji\u017e nedomysl\u00edte ony d\u00edl\u010d\u00ed n\u00e1sledky<\/p>\n<p>&nbsp;<\/p>\n<p>Kdysi na tom n\u00e1\u0161 sv\u011bt byl o pozn\u00e1n\u00ed l\u00e9pe<\/p>\n<p>to kdy\u017e na n\u011bm \u017eivot je\u0161t\u011b neexistoval<\/p>\n<p>a tud\u00ed\u017e nevyzna\u010doval se sv\u00fdm<\/p>\n<p>v\u0161udyp\u0159\u00edtomn\u00fdm \u017eiv\u00fdm, zka\u017een\u00fdm renom\u00e9<\/p>\n<p>P\u0159\u00edrodn\u00ed katastrofy tak mohly Zem su\u017eovat<\/p>\n<p>jak se jim jen zl\u00edbilo<\/p>\n<p>a v\u016fbec nikomu to nevadilo<\/p>\n<p>&nbsp;<\/p>\n<p>Av\u0161ak dnes, no posu\u010fte sami<\/p>\n<p>jak se k tomu stav\u00ed pr\u00e1v\u011b onen prost\u00fd lid<\/p>\n<p>kdy\u017e ony p\u0159\u00edrodn\u00ed \u017eivly zl\u00e9 b\u011bsn\u00ed<\/p>\n<p>a v\u0161e vybudovan\u00e9 v jedn\u00e9 vte\u0159in\u011b<\/p>\n<p>zm\u011bn\u00ed se na pouhopouh\u00e9 sutiny a ruiny<\/p>\n<p>o ztr\u00e1tov\u00fdch lidsk\u00fdch \u017eivotech nemluv\u011b<\/p>\n<p>&nbsp;<\/p>\n<p>A tak se znovu pt\u00e1m na ono z\u00e1sadn\u00ed:<\/p>\n<p>Stoj\u00ed n\u00e1m za to samotn\u00fd \u017eivot \u017e\u00edt<\/p>\n<p>a proch\u00e1zet j\u00edm jako v\u011b\u010dn\u011b ztrhan\u00ed a ztr\u00e1pen\u00ed?<\/p>\n<p>Nebylo by p\u0159eci jen lep\u0161\u00ed<\/p>\n<p>kdybychom sv\u011btlo sv\u011bta, mi \u017eiv\u00ed, nikdy nespat\u0159ili?<\/p>\n<p>&nbsp;<\/p>\n<p>T\u011b\u017ek\u00e9 je pr\u00e1v\u011b na toto odpov\u011bd\u011bt<\/p>\n<p>av\u0161ak jedno je ji\u017e te\u010f p\u0159edem jist\u00e9<\/p>\n<p>a sice \u017ee ona smrt n\u00e1s p\u0159e\u017eiv\u0161\u00ed nemine<\/p>\n<p>a d\u0159\u00edve \u010di pozd\u011bji si pro n\u00e1s p\u0159ijde<\/p>\n<p>&nbsp;<\/p>\n<p>Jak\u00e1 asi bude?<\/p>\n<p>To si ka\u017ed\u00fd z n\u00e1s rad\u011bji nech\u00e1v\u00e1 pro sebe<\/p>\n<p>Co po n\u00ed nast\u00e1v\u00e1?<\/p>\n<p>To jest dodnes jedna velk\u00e1 nezn\u00e1m\u00e1<\/p>\n<div class=\"fcbkbttn_buttons_block\" id=\"fcbkbttn_left\"><div class=\"fcbkbttn_button\">\n                            <a href=\"https:\/\/www.facebook.com\/tom.patrick.509\" target=\"_blank\">\n                                <img decoding=\"async\" src=\"https:\/\/eldar.cz\/tompatrick\/wp-content\/plugins\/facebook-button-plugin\/images\/large-facebook-ico.png\" alt=\"Fb-Button\" \/>\n                            <\/a>\n                        <\/div><div class=\"fcbkbttn_like fcbkbttn_large_button\"><fb:like href=\"https:\/\/eldar.cz\/tompatrick\/mix\/zeny-stvoritelky-a-jina-soucasna-a-minula-pozemska-uskali-autor-martin-jabkenic\" action=\"like\" colorscheme=\"light\" layout=\"standard\"  width=\"225px\" size=\"large\"><\/fb:like><\/div><div class=\"fb-share-button fcbkbttn_large_button \" data-href=\"https:\/\/eldar.cz\/tompatrick\/mix\/zeny-stvoritelky-a-jina-soucasna-a-minula-pozemska-uskali-autor-martin-jabkenic\" data-type=\"button_count\" data-size=\"large\"><\/div><\/div>","protected":false},"excerpt":{"rendered":"<p>\u017deny stvo\u0159itelky a jin\u00e1 sou\u010dasn\u00e1 a minul\u00e1 pozemsk\u00e1 \u00faskal\u00ed \u017deny stvo\u0159itelky vy daly jste sv\u011btu \u017eivot a t\u00edm uvrhly jej do v\u011b\u010dn\u00fdch temnot kdy\u017e nejednou postihl ho krut\u00fd teror &nbsp; Va\u0161\u00ed vinou jest \u017ee potomci z va\u0161ich rodn\u00fdch t\u011bl zbran\u00ed &hellip; <a href=\"https:\/\/eldar.cz\/tompatrick\/mix\/zeny-stvoritelky-a-jina-soucasna-a-minula-pozemska-uskali-autor-martin-jabkenic\">Cel\u00fd p\u0159\u00edsp\u011bvek <span class=\"meta-nav\">&rarr;<\/span><\/a><\/p>\n","protected":false},"author":2,"featured_media":0,"comment_status":"open","ping_status":"open","sticky":false,"template":"","format":"standard","meta":{"_s2mail":"yes","footnotes":""},"categories":[25],"tags":[],"class_list":["post-2353","post","type-post","status-publish","format-standard","hentry","category-mix"],"_links":{"self":[{"href":"https:\/\/eldar.cz\/tompatrick\/wp-json\/wp\/v2\/posts\/2353","targetHints":{"allow":["GET"]}}],"collection":[{"href":"https:\/\/eldar.cz\/tompatrick\/wp-json\/wp\/v2\/posts"}],"about":[{"href":"https:\/\/eldar.cz\/tompatrick\/wp-json\/wp\/v2\/types\/post"}],"author":[{"embeddable":true,"href":"https:\/\/eldar.cz\/tompatrick\/wp-json\/wp\/v2\/users\/2"}],"replies":[{"embeddable":true,"href":"https:\/\/eldar.cz\/tompatrick\/wp-json\/wp\/v2\/comments?post=2353"}],"version-history":[{"count":1,"href":"https:\/\/eldar.cz\/tompatrick\/wp-json\/wp\/v2\/posts\/2353\/revisions"}],"predecessor-version":[{"id":2354,"href":"https:\/\/eldar.cz\/tompatrick\/wp-json\/wp\/v2\/posts\/2353\/revisions\/2354"}],"wp:attachment":[{"href":"https:\/\/eldar.cz\/tompatrick\/wp-json\/wp\/v2\/media?parent=2353"}],"wp:term":[{"taxonomy":"category","embeddable":true,"href":"https:\/\/eldar.cz\/tompatrick\/wp-json\/wp\/v2\/categories?post=2353"},{"taxonomy":"post_tag","embeddable":true,"href":"https:\/\/eldar.cz\/tompatrick\/wp-json\/wp\/v2\/tags?post=2353"}],"curies":[{"name":"wp","href":"https:\/\/api.w.org\/{rel}","templated":true}]}}