{"id":2346,"date":"2018-09-24T09:00:08","date_gmt":"2018-09-24T07:00:08","guid":{"rendered":"http:\/\/eldar.cz\/tompatrick\/?p=2346"},"modified":"2018-09-22T10:15:03","modified_gmt":"2018-09-22T08:15:03","slug":"drevena-soska-autor-martin-jabkenic","status":"publish","type":"post","link":"https:\/\/eldar.cz\/tompatrick\/mix\/drevena-soska-autor-martin-jabkenic","title":{"rendered":"D\u0159ev\u011bn\u00e1 so\u0161ka (autor &#8211; Martin Jabkeni\u010d)"},"content":{"rendered":"<div class=\"fcbkbttn_buttons_block\" id=\"fcbkbttn_left\"><div class=\"fcbkbttn_button\">\n                            <a href=\"https:\/\/www.facebook.com\/tom.patrick.509\" target=\"_blank\">\n                                <img decoding=\"async\" src=\"https:\/\/eldar.cz\/tompatrick\/wp-content\/plugins\/facebook-button-plugin\/images\/large-facebook-ico.png\" alt=\"Fb-Button\" \/>\n                            <\/a>\n                        <\/div><div class=\"fcbkbttn_like fcbkbttn_large_button\"><fb:like href=\"https:\/\/eldar.cz\/tompatrick\/mix\/drevena-soska-autor-martin-jabkenic\" action=\"like\" colorscheme=\"light\" layout=\"standard\"  width=\"225px\" size=\"large\"><\/fb:like><\/div><div class=\"fb-share-button fcbkbttn_large_button \" data-href=\"https:\/\/eldar.cz\/tompatrick\/mix\/drevena-soska-autor-martin-jabkenic\" data-type=\"button_count\" data-size=\"large\"><\/div><\/div><p><b>D\u0159ev\u011bn\u00e1 so\u0161ka<\/b><\/p>\n<p>I.<\/p>\n<p>Na map\u011b zakresleny nejsou<\/p>\n<p>v\u0161ak p\u0159eci jen existuj\u00ed<\/p>\n<p>M\u00e1selnice, nedaleko stov\u011b\u017eat\u00e9 mati\u010dky Prahy<\/p>\n<p>&nbsp;<\/p>\n<p>V jejich centru Kolm\u00e1 uli\u010dka se nach\u00e1z\u00ed<\/p>\n<p>v n\u00ed rodina Dobrod\u011bj\u016f kr\u00e1mek s parukami vlastn\u00ed<\/p>\n<p>a to ji\u017e po dlouh\u00e1 stalet\u00ed<\/p>\n<p>p\u0159ed\u00e1vaj\u00edce si ho z generace na generaci<\/p>\n<p>&nbsp;<\/p>\n<p>II.<\/p>\n<p>Tu p\u0159ihodila se tuze nemil\u00e1 v\u011bc<\/p>\n<p>kdy onemocn\u011bl n\u00e1hle syn Josef<\/p>\n<p>pr\u00e1voplatn\u00fd d\u011bdic rodinn\u00e9 to tradice<\/p>\n<p>Ona kletba do\u0161la sv\u00e9ho napln\u011bn\u00ed<\/p>\n<p>a tak potvrdila se n\u011bkdej\u0161\u00ed slova star\u00e9 cik\u00e1nky<\/p>\n<p>je\u017e kdysi na rod uvalila ji<\/p>\n<p>&nbsp;<\/p>\n<p>III.<\/p>\n<p>Do Kolm\u00e9 tedy m\u00ed\u0159\u00ed ti nejpovolan\u011bj\u0161\u00ed<\/p>\n<p>l\u00e9ka\u0159i, l\u00e9\u010ditel\u00e9, masti\u010dk\u00e1\u0159i i \u0161arlat\u00e1ni<\/p>\n<p>Ti v\u0161ichni pokou\u0161ej\u00ed se o nemo\u017en\u00e9<\/p>\n<p>v\u0161emo\u017en\u00fdmi zp\u016fsoby uzdravit mlad\u00e9ho<\/p>\n<p>na smrt nemocn\u00e9ho mu\u017ee<\/p>\n<p>&nbsp;<\/p>\n<p>Nikomu se to v\u0161ak neda\u0159\u00ed<\/p>\n<p>i kdy\u017e si mnoz\u00ed a\u017e p\u0159esp\u0159\u00edli\u0161 v\u011b\u0159\u00ed<\/p>\n<p>Co by nejeden tak\u00e9 neud\u011blal pro nemalou<\/p>\n<p>finan\u010dn\u00ed hotovost jen\u017e je \u0161t\u011bdrou odm\u011bnou<\/p>\n<p>za to \u017ee Josef bude op\u011bt zdr\u00e1v<\/p>\n<p>a v\u00fdnosn\u00e9mu rodinn\u00e9mu obchodu s parukami jednou \u0161\u00e9fovat<\/p>\n<p>&nbsp;<\/p>\n<p>Tak s nepo\u0159\u00edzenou odch\u00e1z\u00ed<\/p>\n<p>jeden l\u00e9ka\u0159, l\u00e9\u010ditel, masti\u010dk\u00e1\u0159 \u010di \u0161arlat\u00e1n za druh\u00fdm<\/p>\n<p>a\u017e na prahu domu zjev\u00ed se<\/p>\n<p>posledn\u00ed ob\u011btav\u00fd dobrodinec<\/p>\n<p>&nbsp;<\/p>\n<p>Je j\u00edm Laura, dcera \u0159ezb\u00e1\u0159e<\/p>\n<p>je\u017e spole\u010dn\u011b ze d\u0159eva vytv\u00e1\u0159ej\u00ed p\u0159edm\u011bty p\u0159ekr\u00e1sn\u00e9<\/p>\n<p>Jeden takov\u00fd d\u00edvka pr\u00e1v\u011b p\u0159in\u00e1\u0161\u00ed k l\u016f\u017eku nemocn\u00e9ho<\/p>\n<p>jedn\u00e1 se o posv\u00e1tnou so\u0161ku b\u016f\u017eka<\/p>\n<p>z nep\u0159edst\u00edran\u00e9 l\u00e1sky darovan\u00e9ho<\/p>\n<p>&nbsp;<\/p>\n<p>Ano, jest tomu tak<\/p>\n<p>Laura Josefa tajn\u011b miluje<\/p>\n<p>a to ji\u017e od sv\u00fdm d\u011btsk\u00fdch let<\/p>\n<p>V\u0161ak doposud styd\u011bla se mu l\u00e1sku vyznat<\/p>\n<p>a a\u017e nyn\u00ed tak \u010din\u00ed<\/p>\n<p>kdy\u017e smrt pozvolna zve ho do sv\u00fdch \u0159ad<\/p>\n<p>&nbsp;<\/p>\n<p>D\u00edvka v\u0161ak nehodl\u00e1 to dopustit<\/p>\n<p>o vykoupen\u00ed sv\u00e9ho mil\u00e9ho se samotnou smrt\u00ed tud\u00ed\u017e jedn\u00e1<\/p>\n<p>a to prost\u0159ednictv\u00edm so\u0161ky d\u0159ev\u011bn\u00e9<\/p>\n<p>j\u00ed\u017e z\u00e1hy p\u0159ilo\u017e\u00ed na jeho srdce<\/p>\n<p>tajn\u011b doufaj\u00edc v jeden pozitivn\u00ed obrat<\/p>\n<p>&nbsp;<\/p>\n<p>Pot\u00e9 ti\u0161e od l\u016f\u017eka odch\u00e1z\u00ed<\/p>\n<p>a rodinu o laskavost popros\u00ed<\/p>\n<p>Pr\u00fd a\u0165 bedliv\u011b dohl\u00ed\u017e\u00ed<\/p>\n<p>aby b\u016f\u017eek z\u016fstal po dal\u0161\u00ed dny tam<\/p>\n<p>kam ho l\u00e1skypln\u011b ulo\u017eila<\/p>\n<p>To jest na Josefov\u011b srdci<\/p>\n<p>je\u017e je tomu jej\u00edmu ze v\u0161ech nejmilej\u0161\u00ed<\/p>\n<p>&nbsp;<\/p>\n<p>IV.<\/p>\n<p>Den za dnem pak za Josefem chod\u00ed Laura<\/p>\n<p>a on jej\u00ed jm\u00e9no ve stavech blouzniv\u00fdch od\u0159\u00edk\u00e1v\u00e1<\/p>\n<p>jako by se na d\u00e1lku v\u00edtal s n\u011bk\u00fdm<\/p>\n<p>kdo v\u00e1b\u00ed ho ze sn\u016f do skute\u010dn\u00e9 reality<\/p>\n<p>V.<\/p>\n<p>A pak jedno de\u0161tiv\u00e9 odpoledne se to kone\u010dn\u011b stane!<\/p>\n<p>Mu\u017e n\u00e1hle ze stavu bezvl\u00e1dn\u011b nemohouc\u00edho procitne<\/p>\n<p>a jeho pohled st\u0159etne se s o\u010dima osvoboditele<\/p>\n<p>&nbsp;<\/p>\n<p>Le\u010d star\u00e1 cik\u00e1nka to tak nem\u00edn\u00ed nechat<\/p>\n<p>a na prahu m\u00edstnosti stane neohl\u00e1\u0161ena<\/p>\n<p>V\u00fdhru\u017ekami ne\u0161et\u0159\u00edce<\/p>\n<p>Lauru s Josefem krut\u011b prokl\u00ednaj\u00edce<\/p>\n<p>&nbsp;<\/p>\n<p>P\u00e1r v\u0161ak nezalekne v\u00edce se j\u00ed<\/p>\n<p>a d\u0159ev\u011bnou so\u0161ku b\u016f\u017eka si n\u00e1ru\u017eiv\u011b p\u0159itiskne k srdc\u00edm<\/p>\n<p>Na d\u016fkaz zrozen\u00e9 \u010dist\u00e9 l\u00e1sky<\/p>\n<p>je\u017e je schopna za\u017eehnat v\u0161e zl\u00e9<\/p>\n<p>kletbu star\u00e9 cik\u00e1nky nevyj\u00edmaje<\/p>\n<p>&nbsp;<\/p>\n<p>N\u00e1sleduje velk\u00fd t\u0159esk<\/p>\n<p>to naopak puk\u00e1 jedno srdce ne\u010dist\u00e9<\/p>\n<p>Konec je tak rodinn\u00e9mu proklet\u00ed<\/p>\n<p>to kdy\u017e star\u00e1 cik\u00e1nka v ne\u0161kodn\u00fd prach a popel se z\u00e1hy p\u0159em\u011bn\u00ed<\/p>\n<p>&nbsp;<\/p>\n<p>VI.<\/p>\n<p>Vesel\u00ed tak zakr\u00e1tko propuk\u00e1 v Kolm\u00e9 ulici<\/p>\n<p>v rodin\u011b Dobrod\u011bj\u016f s paruk\u00e1\u0159skou tradic\u00ed<\/p>\n<p>na\u010de\u017e za m\u011bs\u00edc velkolep\u00e1 svatba se kon\u00e1<\/p>\n<p>kdy za Josefa provd\u00e1v\u00e1 se&#8230; kdo jin\u00fd ne\u017e-li Laura<\/p>\n<p>&nbsp;<\/p>\n<p>B\u016f\u017eka vytesan\u00e9ho ze d\u0159eva spole\u010dn\u011b uct\u00edvaj\u00ed<\/p>\n<p>p\u0159i\u010dem\u017e ochrann\u00e9 pouto rodu paruk\u00e1\u0159\u016f a \u0159ezb\u00e1\u0159\u016f t\u00edm tak upevn\u00ed<\/p>\n<p>a to v\u016f\u010di ve\u0161ker\u00fdm kletb\u00e1m \u010di bezpr\u00e1v\u00edm<\/p>\n<p>je\u017e nepr\u00e1vem vyko\u0159is\u0165uj\u00ed po\u010destn\u00fd lid pozemsk\u00fd<\/p>\n<p>&nbsp;<\/p>\n<p>VII.<\/p>\n<p>Nez\u016fsta\u0148me v\u016f\u010di n\u011bmu lhostejn\u00ed ani my ostatn\u00ed<\/p>\n<p>a vz\u00fdvejme sv\u00e9 str\u00e1\u017en\u00e9 and\u011bly<\/p>\n<p>kdykoliv zastihne sv\u011bt osud nemil\u00fd<\/p>\n<p>a pozemsk\u00fd lid tak bude muset \u010delit nejedn\u00e9 t\u011b\u017ek\u00e9 situaci \u017eivotn\u00ed<\/p>\n<p>&nbsp;<\/p>\n<p>V\u017edy\u0165 za co by pr\u00e1v\u011b \u017eivot jinak st\u00e1l<\/p>\n<p>kdyby se mu \u010dlov\u011bk m\u011bl jen donekone\u010dna nedobrovoln\u011b podd\u00e1vat<\/p>\n<p>O tom ji\u017e v\u00ed sv\u00e9 Laura s Josefem<\/p>\n<p>jen\u017e ten sv\u016fj spole\u010dn\u00fd stvrdili p\u0159ed sv\u00fdm vlastn\u00edm Bohem<\/p>\n<p>B\u016f\u017ekem od srdce darovan\u00fdm a vytesan\u00fdm ze d\u0159eva<\/p>\n<p>v n\u011bm\u017e jsou ukryta v\u0161echna mocn\u00e1 kouzla sou\u010dasn\u00e9ho sv\u011bta<\/p>\n<div class=\"fcbkbttn_buttons_block\" id=\"fcbkbttn_left\"><div class=\"fcbkbttn_button\">\n                            <a href=\"https:\/\/www.facebook.com\/tom.patrick.509\" target=\"_blank\">\n                                <img decoding=\"async\" src=\"https:\/\/eldar.cz\/tompatrick\/wp-content\/plugins\/facebook-button-plugin\/images\/large-facebook-ico.png\" alt=\"Fb-Button\" \/>\n                            <\/a>\n                        <\/div><div class=\"fcbkbttn_like fcbkbttn_large_button\"><fb:like href=\"https:\/\/eldar.cz\/tompatrick\/mix\/drevena-soska-autor-martin-jabkenic\" action=\"like\" colorscheme=\"light\" layout=\"standard\"  width=\"225px\" size=\"large\"><\/fb:like><\/div><div class=\"fb-share-button fcbkbttn_large_button \" data-href=\"https:\/\/eldar.cz\/tompatrick\/mix\/drevena-soska-autor-martin-jabkenic\" data-type=\"button_count\" data-size=\"large\"><\/div><\/div>","protected":false},"excerpt":{"rendered":"<p>D\u0159ev\u011bn\u00e1 so\u0161ka I. Na map\u011b zakresleny nejsou v\u0161ak p\u0159eci jen existuj\u00ed M\u00e1selnice, nedaleko stov\u011b\u017eat\u00e9 mati\u010dky Prahy &nbsp; V jejich centru Kolm\u00e1 uli\u010dka se nach\u00e1z\u00ed v n\u00ed rodina Dobrod\u011bj\u016f kr\u00e1mek s parukami vlastn\u00ed a to ji\u017e po dlouh\u00e1 stalet\u00ed p\u0159ed\u00e1vaj\u00edce si &hellip; <a href=\"https:\/\/eldar.cz\/tompatrick\/mix\/drevena-soska-autor-martin-jabkenic\">Cel\u00fd p\u0159\u00edsp\u011bvek <span class=\"meta-nav\">&rarr;<\/span><\/a><\/p>\n","protected":false},"author":2,"featured_media":0,"comment_status":"open","ping_status":"open","sticky":false,"template":"","format":"standard","meta":{"_s2mail":"yes","footnotes":""},"categories":[25],"tags":[],"class_list":["post-2346","post","type-post","status-publish","format-standard","hentry","category-mix"],"_links":{"self":[{"href":"https:\/\/eldar.cz\/tompatrick\/wp-json\/wp\/v2\/posts\/2346","targetHints":{"allow":["GET"]}}],"collection":[{"href":"https:\/\/eldar.cz\/tompatrick\/wp-json\/wp\/v2\/posts"}],"about":[{"href":"https:\/\/eldar.cz\/tompatrick\/wp-json\/wp\/v2\/types\/post"}],"author":[{"embeddable":true,"href":"https:\/\/eldar.cz\/tompatrick\/wp-json\/wp\/v2\/users\/2"}],"replies":[{"embeddable":true,"href":"https:\/\/eldar.cz\/tompatrick\/wp-json\/wp\/v2\/comments?post=2346"}],"version-history":[{"count":1,"href":"https:\/\/eldar.cz\/tompatrick\/wp-json\/wp\/v2\/posts\/2346\/revisions"}],"predecessor-version":[{"id":2347,"href":"https:\/\/eldar.cz\/tompatrick\/wp-json\/wp\/v2\/posts\/2346\/revisions\/2347"}],"wp:attachment":[{"href":"https:\/\/eldar.cz\/tompatrick\/wp-json\/wp\/v2\/media?parent=2346"}],"wp:term":[{"taxonomy":"category","embeddable":true,"href":"https:\/\/eldar.cz\/tompatrick\/wp-json\/wp\/v2\/categories?post=2346"},{"taxonomy":"post_tag","embeddable":true,"href":"https:\/\/eldar.cz\/tompatrick\/wp-json\/wp\/v2\/tags?post=2346"}],"curies":[{"name":"wp","href":"https:\/\/api.w.org\/{rel}","templated":true}]}}