{"id":205,"date":"2011-08-01T11:17:15","date_gmt":"2011-08-01T09:17:15","guid":{"rendered":"http:\/\/eldar.cz\/tompatrick\/?p=205"},"modified":"2011-08-01T11:17:32","modified_gmt":"2011-08-01T09:17:32","slug":"tygr-nechce-byt-agresivni-17","status":"publish","type":"post","link":"https:\/\/eldar.cz\/tompatrick\/povidky\/tygr\/tygr-nechce-byt-agresivni-17","title":{"rendered":"Tygr nechce b\u00fdt agresivn\u00ed (17)"},"content":{"rendered":"<div class=\"fcbkbttn_buttons_block\" id=\"fcbkbttn_left\"><div class=\"fcbkbttn_button\">\n                            <a href=\"https:\/\/www.facebook.com\/tom.patrick.509\" target=\"_blank\">\n                                <img decoding=\"async\" src=\"https:\/\/eldar.cz\/tompatrick\/wp-content\/plugins\/facebook-button-plugin\/images\/large-facebook-ico.png\" alt=\"Fb-Button\" \/>\n                            <\/a>\n                        <\/div><div class=\"fcbkbttn_like fcbkbttn_large_button\"><fb:like href=\"https:\/\/eldar.cz\/tompatrick\/povidky\/tygr\/tygr-nechce-byt-agresivni-17\" action=\"like\" colorscheme=\"light\" layout=\"standard\"  width=\"225px\" size=\"large\"><\/fb:like><\/div><div class=\"fb-share-button fcbkbttn_large_button \" data-href=\"https:\/\/eldar.cz\/tompatrick\/povidky\/tygr\/tygr-nechce-byt-agresivni-17\" data-type=\"button_count\" data-size=\"large\"><\/div><\/div><p>Mochnick\u00fd hrdina \u010di tv\u016frce mochnick\u00fdch absurdit, tak byl Vladim\u00edr ob\u010das n\u011bk\u00fdm p\u0159espoln\u00edm naz\u00fdv\u00e1n, pravdou ov\u0161em z\u016fst\u00e1v\u00e1, \u017ee on se za n\u011bkoho takov\u00e9ho nepova\u017eoval a za t\u00edm, co napsal, si poka\u017ed\u00e9 st\u00e1l. Ke ka\u017ed\u00e9 stati, kterou vytvo\u0159it, dok\u00e1zal Vladim\u00edr podat i vlastn\u00ed d\u016fstojn\u00e9 vysv\u011btlen\u00ed. Tento soubor krat\u0161\u00edch pov\u00eddek, d\u00e1-li se to tak nazvat, na po\u010d\u00e1tku sr\u0161el st\u0159elbou a kulkami. Av\u0161ak Vladim\u00edr, jak mi pak n\u00e1sledn\u011b je\u0161t\u011b jednou sd\u011blil po jejich p\u0159ed\u00e1n\u00ed, tak u\u010dinil, aby si s\u00e1m sob\u011b p\u0159ipomn\u011bl nesmyslnost v\u00e1lek a jejich absurditu. A vlastn\u011b i pojem slova smrt, nebo\u0165 dle Vladim\u00edra jde st\u00e1le o citliv\u00e9 t\u00e9ma, je\u017e by bylo lep\u0161\u00ed nedr\u00e1\u017edit, le\u010d je tomu st\u00e1le naopak, jak o tom dokl\u00e1daj\u00ed sv\u011bdectv\u00ed r\u016fzn\u00e1 filmov\u00e1 zpracov\u00e1n\u00ed zejm\u00e9na na poli ak\u010dn\u00edch film\u016f.<br \/>\n\u201eA kdo v\u00ed, co po n\u00ed, tedy po smrti, ve skute\u010dnosti opravdu nast\u00e1v\u00e1? Tato ot\u00e1zka nejsp\u00ed\u0161e nikdy nebude zodpov\u011bzena, nebo\u0165 je prok\u00e1z\u00e1no, \u017ee z posmrtn\u00e9ho \u017eivota nen\u00ed n\u00e1vratu, av\u0161ak j\u00e1 p\u0159edpokl\u00e1d\u00e1m, \u017ee nastane to, co p\u0159edpov\u00eddaj\u00ed oni v\u011bde\u010dt\u00ed skeptici, tedy \u017ee ona vidina nadpozemsk\u00e9ho R\u00e1je je opravdu t\u00edm posledn\u00edm, co um\u00edraj\u00edc\u00ed zahl\u00e9dne, a pak ji\u017e n\u00e1sleduje na del\u0161\u00ed dobu tma. A po n\u00ed? S nejv\u011bt\u0161\u00ed pravd\u011bpodobnost\u00ed op\u011bt zrozen\u00ed na t\u00e9to \u010di jin\u00e9 planet\u011b za \u00fa\u010delem nov\u00e9 \u0161ikany a nerovnopr\u00e1vnosti.\u201c<br \/>\nPr\u00e1v\u011b takto se k problematice posmrtn\u00e9ho \u017eivota Vladim\u00edr poka\u017ed\u00e9 vyjad\u0159oval, kdy\u017e na to z jeho strany p\u0159i\u0161la \u0159e\u010d, nebo\u0165 Vladim\u00edr r\u00e1d filozofuje, pro\u010de\u017e douf\u00e1, \u017ee mu Osud \u010di n\u011bjak\u00e1 n\u00e1hoda na opl\u00e1tku daj\u00ed odpov\u011b\u010f na n\u011bjak\u00fd konkr\u00e9tn\u00ed probl\u00e9m ohledn\u011b byt\u00ed. A kdy\u017e naopak z m\u00e9 strany pak padla ot\u00e1zka, pro\u010d uva\u017euje tak skepticky, obhajoval to: \u201eTo v\u00edte, Tome, \u017ee i j\u00e1 bych r\u00e1d zatou\u017eil po v\u011b\u010dn\u00e9m \u0161t\u011bst\u00ed a sv\u016fj p\u0159\u00ed\u0161t\u00ed \u017eivot pro\u017eil v R\u00e1ji. Dle toho, jak je tento sv\u011bt jm\u00e9nem Zem\u011b za\u0159\u00edzen s t\u011bmi v\u0161emi absurdn\u00edmi nehodami, je\u017e mnohdy maj\u00ed a\u017e fat\u00e1ln\u00ed tragick\u00e9 n\u00e1sledky, v\u0161ak bohu\u017eel nemohu soudit jinak, ne\u017e jak jsem v\u00e1m to v\u00fd\u0161e vypov\u011bd\u011bl, tedy skepticky.\u201c<br \/>\nAv\u0161ak tento Vladim\u00edr\u016fv argument z\u00e1hy p\u0159eci jen \u00fast\u00ed do \u010dehosi p\u0159\u00edzniv\u00e9ho, kdy\u017e s\u00e1m jeho autor uv\u00e1d\u00ed: \u201eProto ona mnou vytvo\u0159en\u00e1 malba s tygrem, j\u00ed\u017e se mal\u00ed\u0159 sna\u017eil zachytit jinak agresivn\u00ed a dosti nevyzpytateln\u00e9 zv\u00ed\u0159e jako n\u011bco naprosto ne\u0161kodn\u00e9ho. Proto\u017ee malba takovou mo\u017enost m\u00e1, tu neovliv\u0148uj\u00ed zab\u011bhnut\u00e9 p\u0159\u00edrodn\u00ed pudy. A stejn\u011b tak se tomu d\u00e1 pod\u0159\u00eddit i text.\u201c<br \/>\n\u010c\u00edm\u017e samoz\u0159ejm\u011b byly my\u0161leny ony dva dopisy, kter\u00e9 syn coby voj\u00e1k pos\u00edlal rodi\u010d\u016fm, aby se\u00a0 hned nato v\u00fdznam slov a malby uplatnil ve sv\u00e9 celistvosti, to kdy\u017e jist\u00e1 Karol\u00edna jist\u00e9 Jan\u011b pom\u00e1hala p\u0159ekon\u00e1vat jej\u00ed trpk\u00fd osud.<br \/>\n\u201eNo a pak jsme se po n\u011bjak\u00e9 dob\u011b zase osobn\u011b setkali,\u201c navazuje Vladim\u00edr.<br \/>\n\u201eJen\u017ee to moc nedopadlo, proto\u017ee s v\u00e1mi r\u00e1\u010dil manipulovat v\u00e1\u0161 nakladatel a se mnou n\u00e1sledn\u011b va\u0161e \u017eena,\u201c podot\u00fdk\u00e1m.<br \/>\n\u201eNa Pavl\u00ednu se nesm\u00edte zlobit, nem\u00e1 to se mnou zrovna jednoduch\u00e9,\u201c zast\u00e1v\u00e1 se sv\u00e9 \u017eeny Vladim\u00edr, \u201eav\u0161ak nen\u00ed nic pravdy na tom, \u017ee bych j\u00ed byl snad n\u011bkdy nev\u011brn\u00fd. Kdepak, s nev\u011brou m\u00e1 inspirace nem\u00e1 co d\u011blat. Ale kdy\u017e ty d\u00edv\u010d\u00ed postavy, co n\u00e1hodn\u011b zaklepaj\u00ed u m\u00fdch tv\u016fr\u010d\u00edch dve\u0159\u00ed, jsou v\u017edy tak l\u00e1kav\u00e9 a nelze je jen tak odm\u00edtnout. A stejn\u011b tak i jejich jm\u00e9na. A tak to nen\u00ed poprv\u00e9 a mo\u017en\u00e1 ani ne naposledy, co se na prahu m\u00e9 soukrom\u00e9 tv\u016fr\u010d\u00ed m\u00edstnosti ocitla Anna P\u00e1lavsk\u00e1. A j\u00e1 ji i tentokr\u00e1t ochotn\u011b pozval d\u00e1l.\u201c<br \/>\nNebyly to ov\u0161em pouze spory ohledn\u011b d\u00edvek \u010di \u017een, co rozru\u0161ovalo Vladim\u00edrovu Pavl\u00ednku, tak\u00e9 jeho osobn\u00ed kritick\u00fd pohled na sv\u011bt j\u00ed p\u0159id\u011bl\u00e1val starosti. Ale Vladim\u00edr se um\u011bl v\u017edy obh\u00e1jit, mne nap\u0159\u00edklad neust\u00e1le utvrzoval: \u201eD\u00edvky \u010di \u017eeny jsou pro tv\u016frce v\u017edy l\u00e1kav\u00fdm soustem, nebo\u0165 jim slu\u0161\u00ed sm\u00edch i pl\u00e1\u010d a pokud jejich kr\u00e1su zachyt\u00ed pl\u00e1tno, t\u00edm je v\u0161e mnohem kr\u00e1sn\u011bj\u0161\u00ed, nebo\u0165 ty d\u00edvky a \u017eeny jsou osobn\u011b i vid\u011bny a co je d\u016fle\u017eit\u00e9: v lidsk\u00fdch mysl\u00edch nest\u00e1rnou.\u201c<br \/>\nV oblasti v\u011bdeck\u00fdch spekulac\u00ed Vladim\u00edr naopak ne\u0161et\u0159il kritikou: \u201eGerhard dle m\u00e9ho n\u00e1zoru nebyl \u0161\u00edlencem, jen se sna\u017eil vysv\u011btlit, za jak\u00fdch podm\u00ednek by se dalo proniknout do lidsk\u00e9 mysli a nastolit tak u \u010dlov\u011bka stav nirv\u00e1ny. A v\u011b\u0159te, Tome, \u017ee nejeden jedinec skute\u010dn\u011b dok\u00e1\u017ee relaxovat za p\u0159isp\u011bn\u00ed vanov\u00fdch bublinek a fantaz\u00edrovat p\u0159i tom.\u201c<br \/>\nPak ale Vladim\u00edr zv\u00e1\u017en\u00ed a z\u00e1va\u017en\u011b dod\u00e1v\u00e1: \u201eAv\u0161ak toto nem\u00e1 co d\u011blat pouze s bujn\u00fdmi fantaziemi, proto i ten v\u00e1\u017en\u011bj\u0161\u00ed konec, kdy vyplouv\u00e1 na povrch ono nemil\u00e9 o redaktorov\u011b partnerce.\u201c<br \/>\n\u201eTak\u017ee vy se v\u00e1\u017en\u011b, Vladim\u00edre, domn\u00edv\u00e1te, \u017ee kdyby&#8230;\u201c<br \/>\n\u201eJsem o tom dokonce sk\u00e1lopevn\u011b p\u0159esv\u011bd\u010den,\u201c m\u00edn\u00ed Vladim\u00edr, na\u010de\u017e dob\u0159e tu\u0161\u00ed, co jsem nyn\u00ed m\u011bl na mysli, co\u017e ostatn\u011b potvrzuj\u00ed jeho dal\u0161\u00ed slova: \u201eLidsk\u00e9 podv\u011bdom\u00ed produkuje spousty viz\u00ed a z nich je d\u016fle\u017eit\u00e9 si v\u017edy vybrat pouze ty spr\u00e1vn\u00e9, co \u010dlov\u011bka vnit\u0159n\u011b neub\u00edjej\u00ed. A pr\u00e1v\u011b k tomu je zapot\u0159eb\u00ed \u017eiv\u00e9ho vid\u011bn\u00ed.\u201c\u00a0<br \/>\nA pak ji\u017e n\u00e1sledovaly dv\u011b posledn\u00ed pov\u00eddky v\u011bnovan\u00e9 \u010derno\u0161sk\u00e9 populaci a Africe jako takov\u00e9.<br \/>\n\u201eTak trochu nostalgick\u00e1 vzpom\u00ednka na dv\u011b z\u00e1va\u017en\u00e9 \u017eivotn\u00ed situace, kdy se jeden setk\u00e1 s ji\u017e ne\u017eij\u00edc\u00edm a je to ne\u010dekan\u011b setk\u00e1n\u00ed p\u0159\u00edjemn\u00e9, stejn\u011b jako v p\u0159\u00edpad\u011b \u010dlov\u011bka a ob\u00e1van\u00e9ho pred\u00e1tora ze zv\u00ed\u0159ec\u00ed \u0159\u00ed\u0161e,\u201c obhajuje sv\u016fj tv\u016fr\u010d\u00ed z\u00e1m\u011br Vladim\u00edr. \u201eZkr\u00e1tka, tygr necht\u011bl b\u00fdt agresivn\u00ed. A kdy\u017e takovou mo\u017enost text s\u00e1m o sob\u011b m\u00e1, je j\u00ed pot\u0159eba vyu\u017e\u00edt a modlit se, aby tomu p\u0159i podobn\u00fdch setk\u00e1n\u00edch bylo obdobn\u011b i ve sv\u011bt\u011b skute\u010dn\u00e9m, v na\u0161em sv\u011bt\u011b jm\u00e9nem Zem\u011b.\u201c<\/p>\n<div class=\"fcbkbttn_buttons_block\" id=\"fcbkbttn_left\"><div class=\"fcbkbttn_button\">\n                            <a href=\"https:\/\/www.facebook.com\/tom.patrick.509\" target=\"_blank\">\n                                <img decoding=\"async\" src=\"https:\/\/eldar.cz\/tompatrick\/wp-content\/plugins\/facebook-button-plugin\/images\/large-facebook-ico.png\" alt=\"Fb-Button\" \/>\n                            <\/a>\n                        <\/div><div class=\"fcbkbttn_like fcbkbttn_large_button\"><fb:like href=\"https:\/\/eldar.cz\/tompatrick\/povidky\/tygr\/tygr-nechce-byt-agresivni-17\" action=\"like\" colorscheme=\"light\" layout=\"standard\"  width=\"225px\" size=\"large\"><\/fb:like><\/div><div class=\"fb-share-button fcbkbttn_large_button \" data-href=\"https:\/\/eldar.cz\/tompatrick\/povidky\/tygr\/tygr-nechce-byt-agresivni-17\" data-type=\"button_count\" data-size=\"large\"><\/div><\/div>","protected":false},"excerpt":{"rendered":"<p>Mochnick\u00fd hrdina \u010di tv\u016frce mochnick\u00fdch absurdit, tak byl Vladim\u00edr ob\u010das n\u011bk\u00fdm p\u0159espoln\u00edm naz\u00fdv\u00e1n, pravdou ov\u0161em z\u016fst\u00e1v\u00e1, \u017ee on se za n\u011bkoho takov\u00e9ho nepova\u017eoval a za t\u00edm, co napsal, si poka\u017ed\u00e9 st\u00e1l. Ke ka\u017ed\u00e9 stati, kterou vytvo\u0159it, dok\u00e1zal Vladim\u00edr podat i &hellip; <a href=\"https:\/\/eldar.cz\/tompatrick\/povidky\/tygr\/tygr-nechce-byt-agresivni-17\">Cel\u00fd p\u0159\u00edsp\u011bvek <span class=\"meta-nav\">&rarr;<\/span><\/a><\/p>\n","protected":false},"author":2,"featured_media":0,"comment_status":"open","ping_status":"open","sticky":false,"template":"","format":"standard","meta":{"_s2mail":"yes","footnotes":""},"categories":[5],"tags":[],"class_list":["post-205","post","type-post","status-publish","format-standard","hentry","category-tygr"],"_links":{"self":[{"href":"https:\/\/eldar.cz\/tompatrick\/wp-json\/wp\/v2\/posts\/205","targetHints":{"allow":["GET"]}}],"collection":[{"href":"https:\/\/eldar.cz\/tompatrick\/wp-json\/wp\/v2\/posts"}],"about":[{"href":"https:\/\/eldar.cz\/tompatrick\/wp-json\/wp\/v2\/types\/post"}],"author":[{"embeddable":true,"href":"https:\/\/eldar.cz\/tompatrick\/wp-json\/wp\/v2\/users\/2"}],"replies":[{"embeddable":true,"href":"https:\/\/eldar.cz\/tompatrick\/wp-json\/wp\/v2\/comments?post=205"}],"version-history":[{"count":3,"href":"https:\/\/eldar.cz\/tompatrick\/wp-json\/wp\/v2\/posts\/205\/revisions"}],"predecessor-version":[{"id":269,"href":"https:\/\/eldar.cz\/tompatrick\/wp-json\/wp\/v2\/posts\/205\/revisions\/269"}],"wp:attachment":[{"href":"https:\/\/eldar.cz\/tompatrick\/wp-json\/wp\/v2\/media?parent=205"}],"wp:term":[{"taxonomy":"category","embeddable":true,"href":"https:\/\/eldar.cz\/tompatrick\/wp-json\/wp\/v2\/categories?post=205"},{"taxonomy":"post_tag","embeddable":true,"href":"https:\/\/eldar.cz\/tompatrick\/wp-json\/wp\/v2\/tags?post=205"}],"curies":[{"name":"wp","href":"https:\/\/api.w.org\/{rel}","templated":true}]}}