{"id":1928,"date":"2018-06-25T09:00:04","date_gmt":"2018-06-25T07:00:04","guid":{"rendered":"http:\/\/eldar.cz\/tompatrick\/?p=1928"},"modified":"2018-06-23T09:31:45","modified_gmt":"2018-06-23T07:31:45","slug":"proklete-jmeni-autor-martin-jabkenic","status":"publish","type":"post","link":"https:\/\/eldar.cz\/tompatrick\/mix\/proklete-jmeni-autor-martin-jabkenic","title":{"rendered":"Proklet\u00e9 jm\u011bn\u00ed (autor &#8211; Martin Jabkeni\u010d)"},"content":{"rendered":"<div class=\"fcbkbttn_buttons_block\" id=\"fcbkbttn_left\"><div class=\"fcbkbttn_button\">\n                            <a href=\"https:\/\/www.facebook.com\/tom.patrick.509\" target=\"_blank\">\n                                <img decoding=\"async\" src=\"https:\/\/eldar.cz\/tompatrick\/wp-content\/plugins\/facebook-button-plugin\/images\/large-facebook-ico.png\" alt=\"Fb-Button\" \/>\n                            <\/a>\n                        <\/div><div class=\"fcbkbttn_like fcbkbttn_large_button\"><fb:like href=\"https:\/\/eldar.cz\/tompatrick\/mix\/proklete-jmeni-autor-martin-jabkenic\" action=\"like\" colorscheme=\"light\" layout=\"standard\"  width=\"225px\" size=\"large\"><\/fb:like><\/div><div class=\"fb-share-button fcbkbttn_large_button \" data-href=\"https:\/\/eldar.cz\/tompatrick\/mix\/proklete-jmeni-autor-martin-jabkenic\" data-type=\"button_count\" data-size=\"large\"><\/div><\/div><p><b>Proklet\u00e9 jm\u011bn\u00ed<\/b><\/p>\n<p>\u017dil kdysi mlad\u00fd mu\u017e jm\u00e9nem Will Terner<\/p>\n<p>jen\u017e vlastnil jm\u011bn\u00ed nevy\u010d\u00edsliteln\u00e9 hodnoty<\/p>\n<p>av\u0161ak osudn\u00fdm se mu stalo pot\u00e9<\/p>\n<p>co lupi\u010di jej\u00a0o n\u011bj obrali\u00a0a mlad\u00edka posl\u00e9ze zabili<\/p>\n<p>&nbsp;<\/p>\n<p>Le\u010d dostihl je trest spravedliv\u00fd<\/p>\n<p>to kdy\u017e o lup hodlali se rozd\u011bliti<\/p>\n<p>Nam\u00edsto p\u016fvodn\u00ed dohody chamtivosti podlehli<\/p>\n<p>a ta vehnala je do z\u00e1huby<\/p>\n<p>&nbsp;<\/p>\n<p>Po t\u00fddnu jejich bezvl\u00e1dn\u00e1 t\u011bla tamn\u00ed policie objevila<\/p>\n<p>a ihned koronera na m\u00edsto \u010dinu povolala<\/p>\n<p>Ten vyu\u017eil nepozornosti vy\u0161et\u0159ovatel\u016f<\/p>\n<p>Ternerovo jm\u011bn\u00ed tak nepr\u00e1vem te\u010f n\u00e1le\u017eelo\u00a0jemu<\/p>\n<p>&nbsp;<\/p>\n<p>Dlouho se z n\u011bj mu\u017e v\u0161ak neradoval<\/p>\n<p>nebo\u0165 prohl\u00e1\u0161en byl za maroda<\/p>\n<p>Will ho do sn\u016f chodil stra\u0161it<\/p>\n<p>hl\u00e1sal: vzdej se v\u0161eho<\/p>\n<p>nebo\u00a0tuze zle v \u017eivot\u011b povede se ti<\/p>\n<p>&nbsp;<\/p>\n<p>I jal se koroner jm\u011bn\u00ed co nejd\u0159\u00edve zbaviti<\/p>\n<p>nak\u00e1zal tedy \u017een\u011b: zakopej ho pod starou jablon\u00ed<\/p>\n<p>na pozemku fary Svat\u00fdch sekt\u00e1\u0159\u016f<\/p>\n<p>a\u0165 \u010f\u00e1bel st\u00edh\u00e1 ji \u2013 skupinu h\u0159\u00ed\u0161n\u00edk\u016f<\/p>\n<p>&nbsp;<\/p>\n<p>Od on\u00e9 chv\u00edle co \u017eena koronera v\u00fdzvy uposlechla<\/p>\n<p>jedn\u00edm ne\u0161t\u011bst\u00edm za druh\u00fdm\u00a0fara je zm\u00edt\u00e1na<\/p>\n<p>Ka\u017ed\u00fd se pt\u00e1 jak je to jen mo\u017en\u00e9<\/p>\n<p>\u017ee nemil\u00e9 zlo st\u00edh\u00e1 sekt\u00e1\u0159e Svat\u00e9<\/p>\n<p>jako\u017eto i jejich p\u0159\u00edvr\u017eence v\u011brn\u00e9<\/p>\n<p>&nbsp;<\/p>\n<p>Pravda posl\u00e9ze vych\u00e1z\u00ed najevo<\/p>\n<p>\u017ee na vin\u011b nen\u00ed pouze nemocn\u00e1 jablo\u0148<\/p>\n<p>Prav\u00e1 p\u0159\u00ed\u010dina toho v\u0161eho jest ukryta v zemi<\/p>\n<p>a proto z n\u00ed jej\u00ed obsah urychlen\u011b vykop\u00e1n b\u00fdti mus\u00ed<\/p>\n<p>&nbsp;<\/p>\n<p>Posl\u00e9ze do \u0159eky Duny vhozen jest<\/p>\n<p>se vzkazem: odplav co nejd\u00e1l, ji\u017e n\u00e1s v\u00edc ned\u011bs<\/p>\n<p>&nbsp;<\/p>\n<p>Odkaz Willa Ternera tak nastupuje novou cestu zk\u00e1zy<\/p>\n<p>proto do sv\u011bta varovn\u011b vol\u00e1m:<\/p>\n<p>lidi, nenarazili jste na n\u011bj \u010dirou n\u00e1hodou taky?<\/p>\n<p>&nbsp;<\/p>\n<p>Pokud je v\u00e1m \u017eivot mil\u00fd<\/p>\n<p>na nic rozhodn\u011b ne\u010dekejte<\/p>\n<p>a dobrovoln\u011b se onoho proklet\u00e9ho jm\u011bn\u00ed ve vlastn\u00edm z\u00e1jmu rovn\u011b\u017e vzdejte<\/p>\n<p>&nbsp;<\/p>\n<p>Jen tak\u00a0budete m\u00edt\u00a0z\u00e1ruku<\/p>\n<p>\u017ee teprve a\u017e v\u00e1\u0161 skute\u010dn\u00fd \u010das p\u0159ijde<\/p>\n<p>pochov\u00e1n\u00ed m\u00edrumilovn\u00e9ho do\u010dk\u00e1te se bez zbyte\u010dn\u00e9ho \u017ealu a z\u00e1rmutku<\/p>\n<p>kde na va\u0161em n\u00e1hrobku bude st\u00e1t:<\/p>\n<p>to byl ten co zde na Zemi \u017eil tuze r\u00e1d<\/p>\n<div class=\"fcbkbttn_buttons_block\" id=\"fcbkbttn_left\"><div class=\"fcbkbttn_button\">\n                            <a href=\"https:\/\/www.facebook.com\/tom.patrick.509\" target=\"_blank\">\n                                <img decoding=\"async\" src=\"https:\/\/eldar.cz\/tompatrick\/wp-content\/plugins\/facebook-button-plugin\/images\/large-facebook-ico.png\" alt=\"Fb-Button\" \/>\n                            <\/a>\n                        <\/div><div class=\"fcbkbttn_like fcbkbttn_large_button\"><fb:like href=\"https:\/\/eldar.cz\/tompatrick\/mix\/proklete-jmeni-autor-martin-jabkenic\" action=\"like\" colorscheme=\"light\" layout=\"standard\"  width=\"225px\" size=\"large\"><\/fb:like><\/div><div class=\"fb-share-button fcbkbttn_large_button \" data-href=\"https:\/\/eldar.cz\/tompatrick\/mix\/proklete-jmeni-autor-martin-jabkenic\" data-type=\"button_count\" data-size=\"large\"><\/div><\/div>","protected":false},"excerpt":{"rendered":"<p>Proklet\u00e9 jm\u011bn\u00ed \u017dil kdysi mlad\u00fd mu\u017e jm\u00e9nem Will Terner jen\u017e vlastnil jm\u011bn\u00ed nevy\u010d\u00edsliteln\u00e9 hodnoty av\u0161ak osudn\u00fdm se mu stalo pot\u00e9 co lupi\u010di jej\u00a0o n\u011bj obrali\u00a0a mlad\u00edka posl\u00e9ze zabili &nbsp; Le\u010d dostihl je trest spravedliv\u00fd to kdy\u017e o lup hodlali se &hellip; <a href=\"https:\/\/eldar.cz\/tompatrick\/mix\/proklete-jmeni-autor-martin-jabkenic\">Cel\u00fd p\u0159\u00edsp\u011bvek <span class=\"meta-nav\">&rarr;<\/span><\/a><\/p>\n","protected":false},"author":2,"featured_media":0,"comment_status":"open","ping_status":"open","sticky":false,"template":"","format":"standard","meta":{"_s2mail":"yes","footnotes":""},"categories":[25],"tags":[],"class_list":["post-1928","post","type-post","status-publish","format-standard","hentry","category-mix"],"_links":{"self":[{"href":"https:\/\/eldar.cz\/tompatrick\/wp-json\/wp\/v2\/posts\/1928","targetHints":{"allow":["GET"]}}],"collection":[{"href":"https:\/\/eldar.cz\/tompatrick\/wp-json\/wp\/v2\/posts"}],"about":[{"href":"https:\/\/eldar.cz\/tompatrick\/wp-json\/wp\/v2\/types\/post"}],"author":[{"embeddable":true,"href":"https:\/\/eldar.cz\/tompatrick\/wp-json\/wp\/v2\/users\/2"}],"replies":[{"embeddable":true,"href":"https:\/\/eldar.cz\/tompatrick\/wp-json\/wp\/v2\/comments?post=1928"}],"version-history":[{"count":3,"href":"https:\/\/eldar.cz\/tompatrick\/wp-json\/wp\/v2\/posts\/1928\/revisions"}],"predecessor-version":[{"id":2238,"href":"https:\/\/eldar.cz\/tompatrick\/wp-json\/wp\/v2\/posts\/1928\/revisions\/2238"}],"wp:attachment":[{"href":"https:\/\/eldar.cz\/tompatrick\/wp-json\/wp\/v2\/media?parent=1928"}],"wp:term":[{"taxonomy":"category","embeddable":true,"href":"https:\/\/eldar.cz\/tompatrick\/wp-json\/wp\/v2\/categories?post=1928"},{"taxonomy":"post_tag","embeddable":true,"href":"https:\/\/eldar.cz\/tompatrick\/wp-json\/wp\/v2\/tags?post=1928"}],"curies":[{"name":"wp","href":"https:\/\/api.w.org\/{rel}","templated":true}]}}