{"id":1914,"date":"2018-05-28T09:00:28","date_gmt":"2018-05-28T07:00:28","guid":{"rendered":"http:\/\/eldar.cz\/tompatrick\/?p=1914"},"modified":"2018-05-30T09:20:53","modified_gmt":"2018-05-30T07:20:53","slug":"holubice-a-vojak-autor-martin-jabkenic","status":"publish","type":"post","link":"https:\/\/eldar.cz\/tompatrick\/mix\/holubice-a-vojak-autor-martin-jabkenic","title":{"rendered":"Holubice a voj\u00e1k (autor &#8211; Martin Jabkeni\u010d)"},"content":{"rendered":"<div class=\"fcbkbttn_buttons_block\" id=\"fcbkbttn_left\"><div class=\"fcbkbttn_button\">\n                            <a href=\"https:\/\/www.facebook.com\/tom.patrick.509\" target=\"_blank\">\n                                <img decoding=\"async\" src=\"https:\/\/eldar.cz\/tompatrick\/wp-content\/plugins\/facebook-button-plugin\/images\/large-facebook-ico.png\" alt=\"Fb-Button\" \/>\n                            <\/a>\n                        <\/div><div class=\"fcbkbttn_like fcbkbttn_large_button\"><fb:like href=\"https:\/\/eldar.cz\/tompatrick\/mix\/holubice-a-vojak-autor-martin-jabkenic\" action=\"like\" colorscheme=\"light\" layout=\"standard\"  width=\"225px\" size=\"large\"><\/fb:like><\/div><div class=\"fb-share-button fcbkbttn_large_button \" data-href=\"https:\/\/eldar.cz\/tompatrick\/mix\/holubice-a-vojak-autor-martin-jabkenic\" data-type=\"button_count\" data-size=\"large\"><\/div><\/div><p><b>Holubice a voj\u00e1k<\/b><\/p>\n<p>I vyslali holubici do nebes<\/p>\n<p>aby zv\u011bstovala sv\u011btu m\u00edr<\/p>\n<p>poselstv\u00ed tolik k\u0159ehk\u00e9<\/p>\n<p>jen\u017e nepatrn\u00e9 poran\u011bn\u00ed zhatit m\u016f\u017ee<\/p>\n<p>&nbsp;<\/p>\n<p>Holubice tedy ve st\u0159ehu jest<\/p>\n<p>prol\u00e9taj\u00edce zem\u011bmi<\/p>\n<p>je\u017e doned\u00e1vna konflikty op\u0159edeny byly<\/p>\n<p>a psaly tak svoji ponurou historii<\/p>\n<p>&nbsp;<\/p>\n<p>Tu znavena po hodin\u011b letu<\/p>\n<p>holubice v kraji st\u00edn\u016f hodlala si odpo\u010dinouti<\/p>\n<p>nabrat pot\u0159ebn\u00fdch sil<\/p>\n<p>posilniti se na dal\u0161\u00ed nelehkou cestu sv\u011btem<\/p>\n<p>&nbsp;<\/p>\n<p>Le\u010d osam\u011bl\u00fd voj\u00e1k tu zbyl<\/p>\n<p>a p\u00e1lil kolem sebe v om\u00e1men\u00ed<\/p>\n<p>Kulky svi\u0161t\u011bly vzduchem<\/p>\n<p>na\u010de\u017e holubici m\u00edru tuze rozru\u0161ily<\/p>\n<p>&nbsp;<\/p>\n<p>I odhodlala se opatrn\u011b sn\u00e9sti z nebes dol\u016f na Zem<\/p>\n<p>pot\u00e9 co osam\u011bl\u00fd voj\u00e1k pro samou \u00fanavu usnul<\/p>\n<p>a zob\u00e1kem vytesala sl\u016fvko PEACE<\/p>\n<p>na zbra\u0148 jeho kmenovou<\/p>\n<p>&nbsp;<\/p>\n<p>Udiven byl voj\u00e1k<\/p>\n<p>kdy\u017e onen pam\u00e1tn\u00fd n\u00e1pis po procitnut\u00ed spat\u0159il<\/p>\n<p>na zbrani sv\u00e9 kmenov\u00e9 a vedle n\u011bj n\u00e1sledn\u00e9:<\/p>\n<p>&nbsp;<\/p>\n<p>Na\u010dase je j\u00edti dom\u016f<\/p>\n<p>st\u0159elby zanechat<\/p>\n<p>p\u0159iv\u00edtat se s nejbli\u017e\u0161\u00edmi<\/p>\n<p>a s t\u011bmi co ve v\u00e1lce nepadli<\/p>\n<p>&nbsp;<\/p>\n<p>I vydal se voj\u00e1k do v\u00edsky sv\u00e9 rodn\u00e9<\/p>\n<p>pla\u010d\u00edc\u00ed mati\u010dce do n\u00e1ru\u010de pad<\/p>\n<p>a kdy\u017e pot\u00e9 k nebes\u016fm vzhl\u00e9dl<\/p>\n<p>v\u011bd\u011bl \u017ee\u00a0u\u010dinil spr\u00e1vn\u011b<\/p>\n<p>&nbsp;<\/p>\n<p>Holubice v oblac\u00edch se mu zjevila<\/p>\n<p>tat\u00e1\u017e, j\u00ed\u017e v osudn\u00fd den spat\u0159il ve snu<\/p>\n<p>znovu tak v\u00e1\u017eil si jej\u00ed p\u0159\u00edtomnosti<\/p>\n<p>\u017ee p\u0159i\u0161la zv\u011bstovat mu podruh\u00e9 o m\u00edru na Zemi<\/p>\n<p>&nbsp;<\/p>\n<p>K\u00e9\u017e tedy ji\u017e \u017e\u00e1dn\u00e1 dal\u0161\u00ed trag\u00e9die<\/p>\n<p>to osudov\u00e9 pouto p\u0159\u00e1telstv\u00ed nezp\u0159etrh\u00e1<\/p>\n<p>to z cel\u00e9ho srdce p\u0159ej\u00ed si<\/p>\n<p>b\u00e1jn\u00e1 holubice \u2013 b\u00fdval\u00fd voj\u00e1k<\/p>\n<div class=\"fcbkbttn_buttons_block\" id=\"fcbkbttn_left\"><div class=\"fcbkbttn_button\">\n                            <a href=\"https:\/\/www.facebook.com\/tom.patrick.509\" target=\"_blank\">\n                                <img decoding=\"async\" src=\"https:\/\/eldar.cz\/tompatrick\/wp-content\/plugins\/facebook-button-plugin\/images\/large-facebook-ico.png\" alt=\"Fb-Button\" \/>\n                            <\/a>\n                        <\/div><div class=\"fcbkbttn_like fcbkbttn_large_button\"><fb:like href=\"https:\/\/eldar.cz\/tompatrick\/mix\/holubice-a-vojak-autor-martin-jabkenic\" action=\"like\" colorscheme=\"light\" layout=\"standard\"  width=\"225px\" size=\"large\"><\/fb:like><\/div><div class=\"fb-share-button fcbkbttn_large_button \" data-href=\"https:\/\/eldar.cz\/tompatrick\/mix\/holubice-a-vojak-autor-martin-jabkenic\" data-type=\"button_count\" data-size=\"large\"><\/div><\/div>","protected":false},"excerpt":{"rendered":"<p>Holubice a voj\u00e1k I vyslali holubici do nebes aby zv\u011bstovala sv\u011btu m\u00edr poselstv\u00ed tolik k\u0159ehk\u00e9 jen\u017e nepatrn\u00e9 poran\u011bn\u00ed zhatit m\u016f\u017ee &nbsp; Holubice tedy ve st\u0159ehu jest prol\u00e9taj\u00edce zem\u011bmi je\u017e doned\u00e1vna konflikty op\u0159edeny byly a psaly tak svoji ponurou historii &nbsp; &hellip; <a href=\"https:\/\/eldar.cz\/tompatrick\/mix\/holubice-a-vojak-autor-martin-jabkenic\">Cel\u00fd p\u0159\u00edsp\u011bvek <span class=\"meta-nav\">&rarr;<\/span><\/a><\/p>\n","protected":false},"author":2,"featured_media":0,"comment_status":"open","ping_status":"open","sticky":false,"template":"","format":"standard","meta":{"_s2mail":"yes","footnotes":""},"categories":[25],"tags":[],"class_list":["post-1914","post","type-post","status-publish","format-standard","hentry","category-mix"],"_links":{"self":[{"href":"https:\/\/eldar.cz\/tompatrick\/wp-json\/wp\/v2\/posts\/1914","targetHints":{"allow":["GET"]}}],"collection":[{"href":"https:\/\/eldar.cz\/tompatrick\/wp-json\/wp\/v2\/posts"}],"about":[{"href":"https:\/\/eldar.cz\/tompatrick\/wp-json\/wp\/v2\/types\/post"}],"author":[{"embeddable":true,"href":"https:\/\/eldar.cz\/tompatrick\/wp-json\/wp\/v2\/users\/2"}],"replies":[{"embeddable":true,"href":"https:\/\/eldar.cz\/tompatrick\/wp-json\/wp\/v2\/comments?post=1914"}],"version-history":[{"count":4,"href":"https:\/\/eldar.cz\/tompatrick\/wp-json\/wp\/v2\/posts\/1914\/revisions"}],"predecessor-version":[{"id":2193,"href":"https:\/\/eldar.cz\/tompatrick\/wp-json\/wp\/v2\/posts\/1914\/revisions\/2193"}],"wp:attachment":[{"href":"https:\/\/eldar.cz\/tompatrick\/wp-json\/wp\/v2\/media?parent=1914"}],"wp:term":[{"taxonomy":"category","embeddable":true,"href":"https:\/\/eldar.cz\/tompatrick\/wp-json\/wp\/v2\/categories?post=1914"},{"taxonomy":"post_tag","embeddable":true,"href":"https:\/\/eldar.cz\/tompatrick\/wp-json\/wp\/v2\/tags?post=1914"}],"curies":[{"name":"wp","href":"https:\/\/api.w.org\/{rel}","templated":true}]}}