{"id":1904,"date":"2018-04-30T09:00:00","date_gmt":"2018-04-30T07:00:00","guid":{"rendered":"http:\/\/eldar.cz\/tompatrick\/?p=1904"},"modified":"2018-05-02T15:35:05","modified_gmt":"2018-05-02T13:35:05","slug":"sen-autor-martin-jabkenic","status":"publish","type":"post","link":"https:\/\/eldar.cz\/tompatrick\/mix\/sen-autor-martin-jabkenic","title":{"rendered":"Sen (autor &#8211; Martin Jabkeni\u010d)"},"content":{"rendered":"<div class=\"fcbkbttn_buttons_block\" id=\"fcbkbttn_left\"><div class=\"fcbkbttn_button\">\n                            <a href=\"https:\/\/www.facebook.com\/tom.patrick.509\" target=\"_blank\">\n                                <img decoding=\"async\" src=\"https:\/\/eldar.cz\/tompatrick\/wp-content\/plugins\/facebook-button-plugin\/images\/large-facebook-ico.png\" alt=\"Fb-Button\" \/>\n                            <\/a>\n                        <\/div><div class=\"fcbkbttn_like fcbkbttn_large_button\"><fb:like href=\"https:\/\/eldar.cz\/tompatrick\/mix\/sen-autor-martin-jabkenic\" action=\"like\" colorscheme=\"light\" layout=\"standard\"  width=\"225px\" size=\"large\"><\/fb:like><\/div><div class=\"fb-share-button fcbkbttn_large_button \" data-href=\"https:\/\/eldar.cz\/tompatrick\/mix\/sen-autor-martin-jabkenic\" data-type=\"button_count\" data-size=\"large\"><\/div><\/div><p><b>Sen<\/b><\/p>\n<p>Sen k r\u00e1nu se mi zd\u00e1l<\/p>\n<p>sen o mo\u0159sk\u00e9 pann\u011b<\/p>\n<p>&nbsp;<\/p>\n<p>Zjevila se n\u00e1hle<\/p>\n<p>m\u00fdm pomn\u011bnkov\u00fdm modr\u00fdm o\u010d\u00edm<\/p>\n<p>&nbsp;<\/p>\n<p>\u017d\u00e1dala o vysly\u0161en\u00ed<\/p>\n<p>nebo\u0165 s pohledn\u00fdm ml\u00e1dencem<\/p>\n<p>ned\u00e1vno sbl\u00ed\u017eila se<\/p>\n<p>splanula l\u00e1skou k n\u011bmu<\/p>\n<p>a on k n\u00ed<\/p>\n<p>&nbsp;<\/p>\n<p>Matka ml\u00e1dence v\u0161ak t\u00e9 l\u00e1sce nep\u0159\u00e1la<\/p>\n<p>onu d\u00edvku proklela<\/p>\n<p>a ta splynula s mo\u0159em<\/p>\n<p>s onou prom\u011bnou<\/p>\n<p>&nbsp;<\/p>\n<p>Na p\u0159\u00e1n\u00ed d\u00edvky<\/p>\n<p>vyhledal jsem onu \u017eenu<\/p>\n<p>jej\u00edm tr\u00e1pen\u00edm obezn\u00e1men byl<\/p>\n<p>&nbsp;<\/p>\n<p>Kdysi j\u00ed byl osudem man\u017eel n\u00e1sil\u00edm odejmut<\/p>\n<p>nevra\u017eivost\u00ed v\u016f\u010di v\u0161emu \u017eiv\u00e9mu pot\u00e9 zaho\u0159ela<\/p>\n<p>&nbsp;<\/p>\n<p>Tak pokou\u0161\u00edm se o sp\u00e1sn\u00e9<\/p>\n<p>dvo\u0159it se t\u00e9 \u017een\u011b<\/p>\n<p>neb velmi pohlednou jev\u00ed se mi<\/p>\n<p>tud\u00ed\u017e zaslou\u017e\u00ed si l\u00e1sku vzk\u0159\u00ed\u0161enou<\/p>\n<p>l\u00e1sku ke v\u0161emu \u017eiv\u00e9mu<\/p>\n<p>&nbsp;<\/p>\n<p>To co z po\u010d\u00e1tku nepravd\u011bpodobn\u00e9 jev\u00ed se<\/p>\n<p>k\u00fd\u017een\u00e9 ovoce p\u0159in\u00e1\u0161\u00ed<\/p>\n<p>\u017eena povoln\u011b city op\u011btuje<\/p>\n<p>odsuzuje sv\u00e9 dosavadn\u00ed chov\u00e1n\u00ed<\/p>\n<p>&nbsp;<\/p>\n<p>Odvol\u00e1v\u00e1 onu kletbu<\/p>\n<p>a \u017eehn\u00e1 l\u00e1sce sv\u00e9ho syna<\/p>\n<p>jeho osudov\u00e9 d\u00edvce<\/p>\n<p>kter\u00e1\u00a0ji\u017e nen\u00ed mo\u0159skou pannou<\/p>\n<p>obyvatelkou slan\u00fdch vod<\/p>\n<p>&nbsp;<\/p>\n<p>Tak dvoj\u00ed svatba kon\u00e1 se<\/p>\n<p>smutek nahrazuje vesel\u00ed<\/p>\n<p>co v\u0161ak nast\u00e1v\u00e1 pot\u00e9<\/p>\n<p>je bohu\u017eel mi velkou nezn\u00e1mou<\/p>\n<p>nebo\u0165 se probouz\u00edm<\/p>\n<div class=\"fcbkbttn_buttons_block\" id=\"fcbkbttn_left\"><div class=\"fcbkbttn_button\">\n                            <a href=\"https:\/\/www.facebook.com\/tom.patrick.509\" target=\"_blank\">\n                                <img decoding=\"async\" src=\"https:\/\/eldar.cz\/tompatrick\/wp-content\/plugins\/facebook-button-plugin\/images\/large-facebook-ico.png\" alt=\"Fb-Button\" \/>\n                            <\/a>\n                        <\/div><div class=\"fcbkbttn_like fcbkbttn_large_button\"><fb:like href=\"https:\/\/eldar.cz\/tompatrick\/mix\/sen-autor-martin-jabkenic\" action=\"like\" colorscheme=\"light\" layout=\"standard\"  width=\"225px\" size=\"large\"><\/fb:like><\/div><div class=\"fb-share-button fcbkbttn_large_button \" data-href=\"https:\/\/eldar.cz\/tompatrick\/mix\/sen-autor-martin-jabkenic\" data-type=\"button_count\" data-size=\"large\"><\/div><\/div>","protected":false},"excerpt":{"rendered":"<p>Sen Sen k r\u00e1nu se mi zd\u00e1l sen o mo\u0159sk\u00e9 pann\u011b &nbsp; Zjevila se n\u00e1hle m\u00fdm pomn\u011bnkov\u00fdm modr\u00fdm o\u010d\u00edm &nbsp; \u017d\u00e1dala o vysly\u0161en\u00ed nebo\u0165 s pohledn\u00fdm ml\u00e1dencem ned\u00e1vno sbl\u00ed\u017eila se splanula l\u00e1skou k n\u011bmu a on k n\u00ed &nbsp; Matka &hellip; <a href=\"https:\/\/eldar.cz\/tompatrick\/mix\/sen-autor-martin-jabkenic\">Cel\u00fd p\u0159\u00edsp\u011bvek <span class=\"meta-nav\">&rarr;<\/span><\/a><\/p>\n","protected":false},"author":2,"featured_media":0,"comment_status":"open","ping_status":"open","sticky":false,"template":"","format":"standard","meta":{"_s2mail":"yes","footnotes":""},"categories":[25],"tags":[],"class_list":["post-1904","post","type-post","status-publish","format-standard","hentry","category-mix"],"_links":{"self":[{"href":"https:\/\/eldar.cz\/tompatrick\/wp-json\/wp\/v2\/posts\/1904","targetHints":{"allow":["GET"]}}],"collection":[{"href":"https:\/\/eldar.cz\/tompatrick\/wp-json\/wp\/v2\/posts"}],"about":[{"href":"https:\/\/eldar.cz\/tompatrick\/wp-json\/wp\/v2\/types\/post"}],"author":[{"embeddable":true,"href":"https:\/\/eldar.cz\/tompatrick\/wp-json\/wp\/v2\/users\/2"}],"replies":[{"embeddable":true,"href":"https:\/\/eldar.cz\/tompatrick\/wp-json\/wp\/v2\/comments?post=1904"}],"version-history":[{"count":3,"href":"https:\/\/eldar.cz\/tompatrick\/wp-json\/wp\/v2\/posts\/1904\/revisions"}],"predecessor-version":[{"id":2146,"href":"https:\/\/eldar.cz\/tompatrick\/wp-json\/wp\/v2\/posts\/1904\/revisions\/2146"}],"wp:attachment":[{"href":"https:\/\/eldar.cz\/tompatrick\/wp-json\/wp\/v2\/media?parent=1904"}],"wp:term":[{"taxonomy":"category","embeddable":true,"href":"https:\/\/eldar.cz\/tompatrick\/wp-json\/wp\/v2\/categories?post=1904"},{"taxonomy":"post_tag","embeddable":true,"href":"https:\/\/eldar.cz\/tompatrick\/wp-json\/wp\/v2\/tags?post=1904"}],"curies":[{"name":"wp","href":"https:\/\/api.w.org\/{rel}","templated":true}]}}