{"id":189,"date":"2011-06-27T10:33:31","date_gmt":"2011-06-27T08:33:31","guid":{"rendered":"http:\/\/eldar.cz\/tompatrick\/?p=189"},"modified":"2011-06-27T10:33:51","modified_gmt":"2011-06-27T08:33:51","slug":"tygr-nechce-byt-agresivni-9","status":"publish","type":"post","link":"https:\/\/eldar.cz\/tompatrick\/povidky\/tygr\/tygr-nechce-byt-agresivni-9","title":{"rendered":"Tygr nechce b\u00fdt agresivn\u00ed (9)"},"content":{"rendered":"<div class=\"fcbkbttn_buttons_block\" id=\"fcbkbttn_left\"><div class=\"fcbkbttn_button\">\n                            <a href=\"https:\/\/www.facebook.com\/tom.patrick.509\" target=\"_blank\">\n                                <img decoding=\"async\" src=\"https:\/\/eldar.cz\/tompatrick\/wp-content\/plugins\/facebook-button-plugin\/images\/large-facebook-ico.png\" alt=\"Fb-Button\" \/>\n                            <\/a>\n                        <\/div><div class=\"fcbkbttn_like fcbkbttn_large_button\"><fb:like href=\"https:\/\/eldar.cz\/tompatrick\/povidky\/tygr\/tygr-nechce-byt-agresivni-9\" action=\"like\" colorscheme=\"light\" layout=\"standard\"  width=\"225px\" size=\"large\"><\/fb:like><\/div><div class=\"fb-share-button fcbkbttn_large_button \" data-href=\"https:\/\/eldar.cz\/tompatrick\/povidky\/tygr\/tygr-nechce-byt-agresivni-9\" data-type=\"button_count\" data-size=\"large\"><\/div><\/div><p>Karol\u00edna Meln\u00e1 milovala malbu a v\u0161e, co se s n\u00ed spojovalo. Ov\u0161em styl La Bell pro n\u00ed doposud byl zna\u010dn\u00fdm o\u0159\u00ed\u0161kem. Spo\u010d\u00edval v jednom tahu \u0161t\u011btcem a ten pak na pl\u00e1tn\u011b m\u011bl vytvo\u0159it ur\u010dit\u00fd mistrovsk\u00fd kousek. Jak zvl\u00e1\u0161tn\u00ed!<br \/>\nKarol\u00edna jinak se \u0161t\u011btcem um\u011bla d\u011blat hotov\u00e9 divy, pod jej\u00ed taktovkou se b\u011bhem pouh\u00e9 hodiny na pl\u00e1tn\u011b skv\u011bly hrady, z\u00e1mky, zahrady, lesy, parky aleje&#8230; prost\u011b\u00a0 v\u0161e mo\u017en\u00e9, na\u010d si \u010dlov\u011bk dok\u00e1zal b\u011bhem p\u00e1r minut vzpomenout. Ale dok\u00e1zat n\u011bco z toho, co tu bylo jmenov\u00e1no, b\u011bhem p\u00e1r vte\u0159in a jedn\u00edm tahem \u0161t\u011btcem, to se pova\u017eovalo za um\u011bn\u00ed v\u0161ech um\u011bn\u00ed.<br \/>\nKarol\u00edna se sv\u00e9mu kon\u00ed\u010dku, tedy malb\u011b, v\u011bnovala od ran\u00e9ho d\u011btstv\u00ed, od sv\u00fdch t\u0159\u00ed let. A hned si z\u00edskala velikou popularitu. Z\u00e1zra\u010dn\u00e9 d\u00edt\u011b! Ano, tak se j\u00ed p\u0159ezd\u00edvalo. V ji\u017e tak \u00fatl\u00e9m v\u011bku dos\u00e1hla v\u0161eho, \u010deho se nejeden jin\u00fd slavn\u00fd um\u011blec sna\u017eil dos\u00e1hnout cel\u00fd sv\u016fj \u017eivot. A mnohdy t\u0159eba i bez\u00fasp\u011b\u0161n\u011b! Um Karol\u00edn\u011b p\u0159inesl sl\u00e1vu, pen\u00edze, popularitu. Byla zv\u00e1na na r\u016fzn\u00e9 prominentn\u00ed ve\u010d\u00edrky, do VIP salonk\u016f, hl\u00e1sili se k n\u00ed v\u00fdznamn\u00e9 osobnosti z r\u016fzn\u00fdch um\u011bleck\u00fdch i t\u011bch neum\u011bleck\u00fdch bran\u017e\u00ed.<br \/>\nJen\u017ee styl La Bell byl najednou v\u0161ude v m\u00f3d\u011b a Karol\u00edna se za\u010dala ob\u00e1vat o sv\u016fj vlastn\u00ed um\u011bleck\u00fd dar. A to dvojn\u00e1sobn\u011b! Gabriela Kviln\u00e1, hlavn\u00ed p\u0159edstavitelka stylu La Bell, byla nejen jeho nej\u00fasp\u011b\u0161n\u011bj\u0161\u00ed p\u0159edstavitelkou, ale nav\u00edc se navenek chovala jako ta nejv\u011bt\u0161\u00ed nafoukan\u00e1 frajerka. Karol\u00edna z jej\u00edch \u00fast tak byla pomlouv\u00e1na tak\u0159ka na ka\u017ed\u00e9m kroku, t\u011b\u017eko se j\u00ed tedy dost\u00e1valo ze sp\u00e1r\u016f pomluv namy\u0161len\u00e9 sokyn\u011b.<br \/>\nA p\u0159ece! Do Karol\u00ednina \u017eivota n\u00e1hle zas\u00e1hla d\u00edvka jm\u00e9nem Anna Janotov\u00e1. Ta cel\u00e9 dny jen le\u017eela v posteli, nebo\u0165 nem\u011bla jinou mo\u017enou volbu. Je velice posmutn\u011bl\u00e9, kdy\u017e n\u011bkdo cel\u00e9 dny jen le\u017e\u00ed v posteli a sv\u011bt kolem sebe pozoruje pouze z okna. Ale s Karol\u00ednou jako by toto Anna p\u0159estala poci\u0165ovat a jej\u00ed vrozen\u00e9 um\u011bn\u00ed j\u00ed znovu d\u00e1valo chu\u0165 naplno \u017e\u00edt. Spole\u010dn\u011b vym\u00fd\u0161lely pov\u00eddky a Karol\u00edna k nim i kresby. Hlavn\u00ed n\u00e1pln\u00ed se staly dopisy pos\u00edlan\u00e9 po\u010detn\u00fdm z\u00e1stupem zv\u00ed\u0159ec\u00ed \u0159\u00ed\u0161e a to jedn\u00e9 d\u00edvce, kter\u00e1 je nemohla na jejich cest\u00e1ch n\u00e1sledovat.<br \/>\nAv\u0161ak kresby z\u00e1hy nazna\u010dily n\u011bco jin\u00e9ho, tedy \u017ee na pl\u00e1tn\u011b je mo\u017en\u00e9 u\u010dinit zm\u011bnu. A tak ji\u017e dopisy nechodily na adresu jedn\u00e9 bezvl\u00e1dn\u011b le\u017e\u00edc\u00ed d\u00edvky, ale bylo tomu p\u0159esn\u011b naopak&#8230; ona d\u00edvka se stala jejich ned\u00edlnou sou\u010d\u00e1st\u00ed a s po\u010detnou zv\u00ed\u0159ec\u00ed \u0159\u00ed\u0161i tak procestovala nejeden kraj.<br \/>\nKarol\u00edn\u011b to dod\u00e1valo nov\u00e9 sebev\u011bdom\u00ed. A dokonce styl La Bell j\u00ed ji\u017e za n\u011bjak\u00fd ten m\u011bs\u00edc ne\u010dinil takov\u00e9 probl\u00e9my. A za rok, za vydatn\u00e9 podpory Anny, u\u017e v n\u011bm Gabriele Karol\u00edna dok\u00e1zala statn\u011b konkurovat. To v\u0161e d\u00edky d\u00edvce, kter\u00e1 se d\u00e1l rozhodla bojovat se sv\u00fdm handicapem, d\u00edvce, je\u017e za oknem sv\u00e9ho pokoje um\u011bla vid\u011bt v\u00edc ne\u017e jen to, co pouh\u00e9 dv\u011b oby\u010dejn\u00e9 lidsk\u00e9 o\u010di. Prost\u011b jeden cel\u00fd sv\u011bt a s n\u00edm i sv\u016fj vlastn\u00ed happyend.<\/p>\n<div class=\"fcbkbttn_buttons_block\" id=\"fcbkbttn_left\"><div class=\"fcbkbttn_button\">\n                            <a href=\"https:\/\/www.facebook.com\/tom.patrick.509\" target=\"_blank\">\n                                <img decoding=\"async\" src=\"https:\/\/eldar.cz\/tompatrick\/wp-content\/plugins\/facebook-button-plugin\/images\/large-facebook-ico.png\" alt=\"Fb-Button\" \/>\n                            <\/a>\n                        <\/div><div class=\"fcbkbttn_like fcbkbttn_large_button\"><fb:like href=\"https:\/\/eldar.cz\/tompatrick\/povidky\/tygr\/tygr-nechce-byt-agresivni-9\" action=\"like\" colorscheme=\"light\" layout=\"standard\"  width=\"225px\" size=\"large\"><\/fb:like><\/div><div class=\"fb-share-button fcbkbttn_large_button \" data-href=\"https:\/\/eldar.cz\/tompatrick\/povidky\/tygr\/tygr-nechce-byt-agresivni-9\" data-type=\"button_count\" data-size=\"large\"><\/div><\/div>","protected":false},"excerpt":{"rendered":"<p>Karol\u00edna Meln\u00e1 milovala malbu a v\u0161e, co se s n\u00ed spojovalo. Ov\u0161em styl La Bell pro n\u00ed doposud byl zna\u010dn\u00fdm o\u0159\u00ed\u0161kem. Spo\u010d\u00edval v jednom tahu \u0161t\u011btcem a ten pak na pl\u00e1tn\u011b m\u011bl vytvo\u0159it ur\u010dit\u00fd mistrovsk\u00fd kousek. Jak zvl\u00e1\u0161tn\u00ed! Karol\u00edna jinak &hellip; <a href=\"https:\/\/eldar.cz\/tompatrick\/povidky\/tygr\/tygr-nechce-byt-agresivni-9\">Cel\u00fd p\u0159\u00edsp\u011bvek <span class=\"meta-nav\">&rarr;<\/span><\/a><\/p>\n","protected":false},"author":2,"featured_media":0,"comment_status":"open","ping_status":"open","sticky":false,"template":"","format":"standard","meta":{"_s2mail":"yes","footnotes":""},"categories":[5],"tags":[],"class_list":["post-189","post","type-post","status-publish","format-standard","hentry","category-tygr"],"_links":{"self":[{"href":"https:\/\/eldar.cz\/tompatrick\/wp-json\/wp\/v2\/posts\/189","targetHints":{"allow":["GET"]}}],"collection":[{"href":"https:\/\/eldar.cz\/tompatrick\/wp-json\/wp\/v2\/posts"}],"about":[{"href":"https:\/\/eldar.cz\/tompatrick\/wp-json\/wp\/v2\/types\/post"}],"author":[{"embeddable":true,"href":"https:\/\/eldar.cz\/tompatrick\/wp-json\/wp\/v2\/users\/2"}],"replies":[{"embeddable":true,"href":"https:\/\/eldar.cz\/tompatrick\/wp-json\/wp\/v2\/comments?post=189"}],"version-history":[{"count":3,"href":"https:\/\/eldar.cz\/tompatrick\/wp-json\/wp\/v2\/posts\/189\/revisions"}],"predecessor-version":[{"id":217,"href":"https:\/\/eldar.cz\/tompatrick\/wp-json\/wp\/v2\/posts\/189\/revisions\/217"}],"wp:attachment":[{"href":"https:\/\/eldar.cz\/tompatrick\/wp-json\/wp\/v2\/media?parent=189"}],"wp:term":[{"taxonomy":"category","embeddable":true,"href":"https:\/\/eldar.cz\/tompatrick\/wp-json\/wp\/v2\/categories?post=189"},{"taxonomy":"post_tag","embeddable":true,"href":"https:\/\/eldar.cz\/tompatrick\/wp-json\/wp\/v2\/tags?post=189"}],"curies":[{"name":"wp","href":"https:\/\/api.w.org\/{rel}","templated":true}]}}