{"id":187,"date":"2011-06-20T12:36:57","date_gmt":"2011-06-20T10:36:57","guid":{"rendered":"http:\/\/eldar.cz\/tompatrick\/?p=187"},"modified":"2011-06-20T12:36:57","modified_gmt":"2011-06-20T10:36:57","slug":"tygr-nechce-byt-agresivni-8","status":"publish","type":"post","link":"https:\/\/eldar.cz\/tompatrick\/povidky\/tygr\/tygr-nechce-byt-agresivni-8","title":{"rendered":"Tygr nechce b\u00fdt agresivn\u00ed (8)"},"content":{"rendered":"<div class=\"fcbkbttn_buttons_block\" id=\"fcbkbttn_left\"><div class=\"fcbkbttn_button\">\n                            <a href=\"https:\/\/www.facebook.com\/tom.patrick.509\" target=\"_blank\">\n                                <img decoding=\"async\" src=\"https:\/\/eldar.cz\/tompatrick\/wp-content\/plugins\/facebook-button-plugin\/images\/large-facebook-ico.png\" alt=\"Fb-Button\" \/>\n                            <\/a>\n                        <\/div><div class=\"fcbkbttn_like fcbkbttn_large_button\"><fb:like href=\"https:\/\/eldar.cz\/tompatrick\/povidky\/tygr\/tygr-nechce-byt-agresivni-8\" action=\"like\" colorscheme=\"light\" layout=\"standard\"  width=\"225px\" size=\"large\"><\/fb:like><\/div><div class=\"fb-share-button fcbkbttn_large_button \" data-href=\"https:\/\/eldar.cz\/tompatrick\/povidky\/tygr\/tygr-nechce-byt-agresivni-8\" data-type=\"button_count\" data-size=\"large\"><\/div><\/div><p>\u0160li pr\u00e9ri\u00ed otec a syn. Otec zahl\u00e9dl lva a synovi poru\u010dil: \u201eZast\u0159el ho!\u201c<br \/>\nSyn v\u0161ak n\u011bco takov\u00e9ho okam\u017eit\u011b odm\u00edtl s t\u00edm, \u017ee lev p\u0159ece na n\u011b nechce za\u00fato\u010dit, nebo\u0165 v bezpe\u010dn\u00e9m \u00fastran\u00ed spokojen\u011b odpo\u010d\u00edv\u00e1 se svou po\u010detnou rodinkou.<br \/>\n\u201eJsi zbab\u011blec, ud\u011bl\u00e1m to tedy s\u00e1m.\u201c<br \/>\nOtec synovi vytrhl pu\u0161ku z rukou, co mu za t\u00edm \u00fa\u010delem zap\u016fj\u010dil, av\u0161ak v\u00fdst\u0159el nezazn\u011bl.<br \/>\n\u201eJak to?\u201c podivoval se otec. A pak to zjistil, v pu\u0161ce chyb\u011bly n\u00e1boje. \u201eTob\u011b tak n\u011bco sv\u011b\u0159it,\u201c zavr\u010del na syna.<br \/>\n\u201eAle alespo\u0148 jsme oba u\u010dinili dobr\u00fd skutek, tati,\u201c du\u0161oval se syn.<br \/>\n\u201eJak to mysl\u00ed\u0161, kluku?\u201c nech\u00e1pal to otec.<br \/>\n\u201eJednodu\u0161e, nikdo nep\u0159i\u0161el o \u017eivot a \u017eivot je p\u0159eci cen\u011bn\u00fdm darem,\u201c pravil syn.<br \/>\n\u201eKdes tohle proboha sly\u0161el?\u201c zhrozil se otec.<br \/>\n\u201eNesly\u0161el, ale vy\u010detl,\u201c oponoval syn.<br \/>\n\u201eCopak ty um\u00ed\u0161 \u010d\u00edst?\u201c<br \/>\n\u201eAno, um\u00edm.\u201c<br \/>\n\u201eA jak to \u017ee to um\u00ed\u0161, kdy\u017e j\u00e1 ne?\u201c<br \/>\n\u201eProto\u017ee jsem se tomu, na rozd\u00edl od tebe, ot\u010de, nau\u010dil.\u201c<br \/>\nOtec chvilku v\u00e1hal, pak za\u010dal p\u0159em\u00fd\u0161let a nakonec vyslovil: \u201eJen\u017ee k \u010demu ti budou n\u011bjak\u00e1 slova na pap\u00ed\u0159e, t\u011bmi lva sotva ulov\u00ed\u0161.\u201c<br \/>\n\u201eJen\u017ee j\u00e1 ho nechci lovit.\u201c<br \/>\n\u201eA jak pak chce\u0161 \u017e\u00edt, kdy\u017e nechce\u0161 lovit? Bez potravy \u010dlov\u011bk nen\u00ed \u017eiv.\u201c<br \/>\n\u201eTo j\u00e1 p\u0159ece v\u00edm, tati. Jen\u017ee kdy\u017e um\u00edm \u010d\u00edst a ps\u00e1t, tak se dok\u00e1\u017ei nasytit i bez lovu. U\u017e m\u011b ch\u00e1pe\u0161?\u201c<br \/>\n\u201eJen\u017ee tady v Africe ti n\u011bco takov\u00e9ho nebude nic platn\u00e9. Afrika je velice chud\u00fd kontinent, nejsou tu \u017e\u00e1dn\u00e9 vysok\u00e9 \u0161koly ani jin\u00e9 \u0161koly jako takov\u00e9, tud\u00ed\u017e vzd\u011bl\u00e1n\u00ed ti tu p\u0159\u00edli\u0161 nepom\u016f\u017ee, kde\u017eto lov ano.\u201c<br \/>\n\u201eAle j\u00e1 p\u0159eci netvrd\u00edm, \u017ee bych z\u016fstal zde. Ode\u0161el bych tam, kde m\u00e9 vzd\u011bl\u00e1n\u00ed ocen\u00ed, t\u0159eba do Ameriky, tam maj\u00ed v\u0161e.\u201c<br \/>\n\u201eNe, to tedy nemaj\u00ed,\u201c nam\u00edtal hned otec, \u201enap\u0159\u00edklad tam nemaj\u00ed lvi, co voln\u011b pob\u00edhaj\u00ed jen tak po p\u0159\u00edrod\u011b a jejich\u017e maso se d\u00e1 poz\u0159\u00edt a k\u016f\u017ee zase pou\u017e\u00edt na v\u00fdstavbu obydl\u00ed. Nav\u00edc Amerika je od Afriky dosti daleko.\u201c<br \/>\n\u201eZ\u00e1le\u017e\u00ed na tom, z jak\u00e9ho \u00fahlu pohledu se na tuto problematiku d\u00edv\u00e1me. Nap\u0159\u00edklad z takov\u00e9ho Ruska je to do Ameriky nepatrn\u00fd kous\u00ed\u010dek,\u201c m\u00ednil syn.<br \/>\n\u201eNo dobr\u00e1, ale tady p\u0159ece nejsme v Rusku, ale v Africe. A i vzd\u00e1lenost mezi Ruskem a Afrikou je dosti velik\u00e1. Musel bys uj\u00edt spoustu mil,\u201c du\u0161oval se otec.<br \/>\n\u201eNemusel, kdybych si pro svou cestu zvolil leteckou dopravu,\u201c pravil syn.<br \/>\n\u201eKde by ses tady v pr\u00e9rii domohl n\u011bjak\u00e9ho letadla? Tady nikdo z m\u00edstn\u00edch nic takov\u00e9ho nevlastn\u00ed.\u201c<br \/>\n\u201eTak bych jedno takov\u00e9 s\u00e1m postavil.\u201c<br \/>\n\u201eA ty to um\u00ed\u0161?\u201c<br \/>\n\u201eUm\u00edm p\u0159ece \u010d\u00edst.\u201c<br \/>\n\u201eAle to ti stejn\u011b nebude p\u0159\u00edli\u0161 platn\u00e9, kdy\u017e nev\u00ed\u0161, jak se takov\u00e9 letadlo d\u00e1v\u00e1 dohromady,\u201c dumal otec.<br \/>\n\u201eV ka\u017ed\u00e9 odborn\u00e9 kn\u00ed\u017ece b\u00fdv\u00e1 n\u00e1vod a podle toho n\u00e1vodu bych si takov\u00e9 letadlo sestavil,\u201c uva\u017eoval syn. \u201eA a\u017e bych tak u\u010dinil, tak bych do n\u011bj zasedl a vznesl se s n\u00edm nad mraky.\u201c<br \/>\n\u201eNo dobr\u00e1, jen\u017ee v takov\u00fdch mrac\u00edch se snadno ztrat\u00ed\u0161, to sotva do n\u011bjak\u00e9 Ameriky dol\u00e9tne\u0161,\u201c napadlo otce.<br \/>\n\u201ePou\u017eil bych tedy znalost\u00ed kompasu a map a pak u\u017e bych se snadno zorientoval,\u201c uvedl syn.<br \/>\n\u201eNo vid\u00ed\u0161, s\u00e1m jsem ji\u017e z toho tv\u00e9ho fantaz\u00edrov\u00e1n\u00ed dezorientov\u00e1n, do\u010dista jsem zapomn\u011bl, co jsme to vlastn\u011b spolu m\u011bli v pl\u00e1nu.\u201c<br \/>\nNo p\u0159ece pod\u00edvat se na z\u00e1pad slunce.\u201c<br \/>\nA tak se spolu otec a syn vydali sm\u011brem k jedn\u00e9 ho\u0159e, aby tento p\u0159\u00edrodn\u00ed skvost z n\u00ed mohli neru\u0161en\u011b pozorovat. Do\u010dkali se v\u0161ak mnohem v\u011bt\u0161\u00ed pocty, ne\u017e by jednoho z nich v t\u00e9to chv\u00edli b\u00fdvalo bylo napadlo. Tam odkudsi zezdola jim pak kdosi nev\u011bdomky a nep\u0159\u00edtomn\u011b d\u011bkoval za n\u011bkolik uchr\u00e1n\u011bn\u00fdch \u017eivot\u016f, co\u017e se pova\u017euje za cen\u011bn\u00fd dar.<\/p>\n<div class=\"fcbkbttn_buttons_block\" id=\"fcbkbttn_left\"><div class=\"fcbkbttn_button\">\n                            <a href=\"https:\/\/www.facebook.com\/tom.patrick.509\" target=\"_blank\">\n                                <img decoding=\"async\" src=\"https:\/\/eldar.cz\/tompatrick\/wp-content\/plugins\/facebook-button-plugin\/images\/large-facebook-ico.png\" alt=\"Fb-Button\" \/>\n                            <\/a>\n                        <\/div><div class=\"fcbkbttn_like fcbkbttn_large_button\"><fb:like href=\"https:\/\/eldar.cz\/tompatrick\/povidky\/tygr\/tygr-nechce-byt-agresivni-8\" action=\"like\" colorscheme=\"light\" layout=\"standard\"  width=\"225px\" size=\"large\"><\/fb:like><\/div><div class=\"fb-share-button fcbkbttn_large_button \" data-href=\"https:\/\/eldar.cz\/tompatrick\/povidky\/tygr\/tygr-nechce-byt-agresivni-8\" data-type=\"button_count\" data-size=\"large\"><\/div><\/div>","protected":false},"excerpt":{"rendered":"<p>\u0160li pr\u00e9ri\u00ed otec a syn. Otec zahl\u00e9dl lva a synovi poru\u010dil: \u201eZast\u0159el ho!\u201c Syn v\u0161ak n\u011bco takov\u00e9ho okam\u017eit\u011b odm\u00edtl s t\u00edm, \u017ee lev p\u0159ece na n\u011b nechce za\u00fato\u010dit, nebo\u0165 v bezpe\u010dn\u00e9m \u00fastran\u00ed spokojen\u011b odpo\u010d\u00edv\u00e1 se svou po\u010detnou rodinkou. \u201eJsi zbab\u011blec, &hellip; <a href=\"https:\/\/eldar.cz\/tompatrick\/povidky\/tygr\/tygr-nechce-byt-agresivni-8\">Cel\u00fd p\u0159\u00edsp\u011bvek <span class=\"meta-nav\">&rarr;<\/span><\/a><\/p>\n","protected":false},"author":2,"featured_media":0,"comment_status":"open","ping_status":"open","sticky":false,"template":"","format":"standard","meta":{"_s2mail":"yes","footnotes":""},"categories":[5],"tags":[],"class_list":["post-187","post","type-post","status-publish","format-standard","hentry","category-tygr"],"_links":{"self":[{"href":"https:\/\/eldar.cz\/tompatrick\/wp-json\/wp\/v2\/posts\/187","targetHints":{"allow":["GET"]}}],"collection":[{"href":"https:\/\/eldar.cz\/tompatrick\/wp-json\/wp\/v2\/posts"}],"about":[{"href":"https:\/\/eldar.cz\/tompatrick\/wp-json\/wp\/v2\/types\/post"}],"author":[{"embeddable":true,"href":"https:\/\/eldar.cz\/tompatrick\/wp-json\/wp\/v2\/users\/2"}],"replies":[{"embeddable":true,"href":"https:\/\/eldar.cz\/tompatrick\/wp-json\/wp\/v2\/comments?post=187"}],"version-history":[{"count":2,"href":"https:\/\/eldar.cz\/tompatrick\/wp-json\/wp\/v2\/posts\/187\/revisions"}],"predecessor-version":[{"id":215,"href":"https:\/\/eldar.cz\/tompatrick\/wp-json\/wp\/v2\/posts\/187\/revisions\/215"}],"wp:attachment":[{"href":"https:\/\/eldar.cz\/tompatrick\/wp-json\/wp\/v2\/media?parent=187"}],"wp:term":[{"taxonomy":"category","embeddable":true,"href":"https:\/\/eldar.cz\/tompatrick\/wp-json\/wp\/v2\/categories?post=187"},{"taxonomy":"post_tag","embeddable":true,"href":"https:\/\/eldar.cz\/tompatrick\/wp-json\/wp\/v2\/tags?post=187"}],"curies":[{"name":"wp","href":"https:\/\/api.w.org\/{rel}","templated":true}]}}