{"id":1853,"date":"2018-01-01T09:00:36","date_gmt":"2018-01-01T07:00:36","guid":{"rendered":"http:\/\/eldar.cz\/tompatrick\/?p=1853"},"modified":"2016-12-23T14:54:30","modified_gmt":"2016-12-23T12:54:30","slug":"basen-8-autor-david-kuruc","status":"publish","type":"post","link":"https:\/\/eldar.cz\/tompatrick\/mix\/basen-8-autor-david-kuruc","title":{"rendered":"B\u00e1se\u0148 (8) (autor &#8211; David Kuruc)"},"content":{"rendered":"<div class=\"fcbkbttn_buttons_block\" id=\"fcbkbttn_left\"><div class=\"fcbkbttn_button\">\n                            <a href=\"https:\/\/www.facebook.com\/tom.patrick.509\" target=\"_blank\">\n                                <img decoding=\"async\" src=\"https:\/\/eldar.cz\/tompatrick\/wp-content\/plugins\/facebook-button-plugin\/images\/large-facebook-ico.png\" alt=\"Fb-Button\" \/>\n                            <\/a>\n                        <\/div><div class=\"fcbkbttn_like fcbkbttn_large_button\"><fb:like href=\"https:\/\/eldar.cz\/tompatrick\/mix\/basen-8-autor-david-kuruc\" action=\"like\" colorscheme=\"light\" layout=\"standard\"  width=\"225px\" size=\"large\"><\/fb:like><\/div><div class=\"fb-share-button fcbkbttn_large_button \" data-href=\"https:\/\/eldar.cz\/tompatrick\/mix\/basen-8-autor-david-kuruc\" data-type=\"button_count\" data-size=\"large\"><\/div><\/div><p>Star\u00fd mu\u017e \u017eije v dom\u011b,<\/p>\n<p>m\u00e1 v n\u011bm okat\u00e9ho kon\u011b.<\/p>\n<p>Star\u00e1 se o n\u011bj, d\u00e1v\u00e1 mu stravu,<\/p>\n<p>M\u00e1 tam i s velk\u00fdm vemenem kravku.<\/p>\n<p>&nbsp;<\/p>\n<p>N\u011bkdy je mu smutno, pl\u00e1\u010de,<\/p>\n<p>c\u00edt\u00ed se s\u00e1m, jindy zase samou radost\u00ed sk\u00e1\u010de.<\/p>\n<p>V\u00ed, kudy kam,<\/p>\n<p>nev\u00ed, kam se jeho \u017eivot ub\u00edr\u00e1.<\/p>\n<p>&nbsp;<\/p>\n<p>Samota se ho dot\u00fdk\u00e1 den ode dne v\u00edce,<\/p>\n<p>klade si ot\u00e1zku:<\/p>\n<p>jak ven z t\u00e9hle klece?<\/p>\n<p>&nbsp;<\/p>\n<p>Pros\u00ed Boha, aby mu pomohl,<\/p>\n<p>potkal d\u00edvku.<\/p>\n<p>D\u00edky!<\/p>\n<p>V modlitb\u011b podotkl.<\/p>\n<p>&nbsp;<\/p>\n<p>M\u011bl ji r\u00e1d asi v\u00edc ne\u017e ona,<\/p>\n<p>v\u0161elijak\u00e9 p\u0159ek\u00e1\u017eky musel zdolat.<\/p>\n<p>D\u00edvka m\u011bla pohnutou minulost,<\/p>\n<p>nedivte se j\u00ed, \u017ee dostala zlost.<\/p>\n<p>&nbsp;<\/p>\n<p>Star\u00e9mu mu\u017ei utekla,<\/p>\n<p>nezapomenu na tebe mu podotkla.<\/p>\n<p>Za\u010dala p\u00edt, v hospod\u011b si na\u0161la mnoho zn\u00e1m\u00fdch,<\/p>\n<p>nemohl un\u00e9st tolik zklam\u00e1n\u00ed.<\/p>\n<p>&nbsp;<\/p>\n<p>Star\u00fd mu\u017e se tr\u00e1pil, na\u0159\u00edkal,<\/p>\n<p>p\u0159ed samotou na disco ut\u00edkal.<\/p>\n<p>Oba pili pivo, byli ne\u0161\u0165astn\u00ed,<\/p>\n<p>d\u00edvka si na\u0161la kamar\u00e1da ze zoufalstv\u00ed.<\/p>\n<p>&nbsp;<\/p>\n<p>Star\u00e9ho mu\u017ee necht\u011bla vid\u011bt,<\/p>\n<p>za\u010dala cel\u00fd sv\u011bt nen\u00e1vid\u011bt.<\/p>\n<p>Kamar\u00e1d se do n\u00ed zamiloval,<\/p>\n<p>star\u00e9ho mu\u017ee zavrhoval.<\/p>\n<p>&nbsp;<\/p>\n<p>D\u00edvka si na\u0161la cestu k star\u00e9mu mu\u017ei,<\/p>\n<p>kter\u00e9mu vlezla hluboko pod k\u016f\u017ei.<\/p>\n<p>D\u00edvku miloval star\u00fd mu\u017e i kamar\u00e1d,<\/p>\n<p>ot\u00e1zka zn\u00ed: kdo ji v\u00edc m\u011bl r\u00e1d?<\/p>\n<p>&nbsp;<\/p>\n<p>Nechme kamar\u00e1dovi aspo\u0148 nad\u011bji,<\/p>\n<p>c\u00edt\u00ed se pak mlad\u011bji,<\/p>\n<p>nechme u\u017e kamar\u00e1da na pokoji.<\/p>\n<p>D\u00edvka a star\u00fd mu\u017e spolu \u017eij\u00ed,<\/p>\n<p>v hospod\u011b spolu pivo pij\u00ed.<\/p>\n<div class=\"fcbkbttn_buttons_block\" id=\"fcbkbttn_left\"><div class=\"fcbkbttn_button\">\n                            <a href=\"https:\/\/www.facebook.com\/tom.patrick.509\" target=\"_blank\">\n                                <img decoding=\"async\" src=\"https:\/\/eldar.cz\/tompatrick\/wp-content\/plugins\/facebook-button-plugin\/images\/large-facebook-ico.png\" alt=\"Fb-Button\" \/>\n                            <\/a>\n                        <\/div><div class=\"fcbkbttn_like fcbkbttn_large_button\"><fb:like href=\"https:\/\/eldar.cz\/tompatrick\/mix\/basen-8-autor-david-kuruc\" action=\"like\" colorscheme=\"light\" layout=\"standard\"  width=\"225px\" size=\"large\"><\/fb:like><\/div><div class=\"fb-share-button fcbkbttn_large_button \" data-href=\"https:\/\/eldar.cz\/tompatrick\/mix\/basen-8-autor-david-kuruc\" data-type=\"button_count\" data-size=\"large\"><\/div><\/div>","protected":false},"excerpt":{"rendered":"<p>Star\u00fd mu\u017e \u017eije v dom\u011b, m\u00e1 v n\u011bm okat\u00e9ho kon\u011b. Star\u00e1 se o n\u011bj, d\u00e1v\u00e1 mu stravu, M\u00e1 tam i s velk\u00fdm vemenem kravku. &nbsp; N\u011bkdy je mu smutno, pl\u00e1\u010de, c\u00edt\u00ed se s\u00e1m, jindy zase samou radost\u00ed sk\u00e1\u010de. V\u00ed, kudy &hellip; <a href=\"https:\/\/eldar.cz\/tompatrick\/mix\/basen-8-autor-david-kuruc\">Cel\u00fd p\u0159\u00edsp\u011bvek <span class=\"meta-nav\">&rarr;<\/span><\/a><\/p>\n","protected":false},"author":2,"featured_media":0,"comment_status":"open","ping_status":"open","sticky":false,"template":"","format":"standard","meta":{"_s2mail":"yes","footnotes":""},"categories":[25],"tags":[],"class_list":["post-1853","post","type-post","status-publish","format-standard","hentry","category-mix"],"_links":{"self":[{"href":"https:\/\/eldar.cz\/tompatrick\/wp-json\/wp\/v2\/posts\/1853","targetHints":{"allow":["GET"]}}],"collection":[{"href":"https:\/\/eldar.cz\/tompatrick\/wp-json\/wp\/v2\/posts"}],"about":[{"href":"https:\/\/eldar.cz\/tompatrick\/wp-json\/wp\/v2\/types\/post"}],"author":[{"embeddable":true,"href":"https:\/\/eldar.cz\/tompatrick\/wp-json\/wp\/v2\/users\/2"}],"replies":[{"embeddable":true,"href":"https:\/\/eldar.cz\/tompatrick\/wp-json\/wp\/v2\/comments?post=1853"}],"version-history":[{"count":1,"href":"https:\/\/eldar.cz\/tompatrick\/wp-json\/wp\/v2\/posts\/1853\/revisions"}],"predecessor-version":[{"id":1854,"href":"https:\/\/eldar.cz\/tompatrick\/wp-json\/wp\/v2\/posts\/1853\/revisions\/1854"}],"wp:attachment":[{"href":"https:\/\/eldar.cz\/tompatrick\/wp-json\/wp\/v2\/media?parent=1853"}],"wp:term":[{"taxonomy":"category","embeddable":true,"href":"https:\/\/eldar.cz\/tompatrick\/wp-json\/wp\/v2\/categories?post=1853"},{"taxonomy":"post_tag","embeddable":true,"href":"https:\/\/eldar.cz\/tompatrick\/wp-json\/wp\/v2\/tags?post=1853"}],"curies":[{"name":"wp","href":"https:\/\/api.w.org\/{rel}","templated":true}]}}