{"id":1795,"date":"2017-10-16T09:00:11","date_gmt":"2017-10-16T07:00:11","guid":{"rendered":"http:\/\/eldar.cz\/tompatrick\/?p=1795"},"modified":"2016-09-22T18:29:34","modified_gmt":"2016-09-22T16:29:34","slug":"nezapomen-autor-lukas-trejbal","status":"publish","type":"post","link":"https:\/\/eldar.cz\/tompatrick\/mix\/nezapomen-autor-lukas-trejbal","title":{"rendered":"Nezapome\u0148 (autor &#8211; Luk\u00e1\u0161 Trejbal)"},"content":{"rendered":"<div class=\"fcbkbttn_buttons_block\" id=\"fcbkbttn_left\"><div class=\"fcbkbttn_button\">\n                            <a href=\"https:\/\/www.facebook.com\/tom.patrick.509\" target=\"_blank\">\n                                <img decoding=\"async\" src=\"https:\/\/eldar.cz\/tompatrick\/wp-content\/plugins\/facebook-button-plugin\/images\/large-facebook-ico.png\" alt=\"Fb-Button\" \/>\n                            <\/a>\n                        <\/div><div class=\"fcbkbttn_like fcbkbttn_large_button\"><fb:like href=\"https:\/\/eldar.cz\/tompatrick\/mix\/nezapomen-autor-lukas-trejbal\" action=\"like\" colorscheme=\"light\" layout=\"standard\"  width=\"225px\" size=\"large\"><\/fb:like><\/div><div class=\"fb-share-button fcbkbttn_large_button \" data-href=\"https:\/\/eldar.cz\/tompatrick\/mix\/nezapomen-autor-lukas-trejbal\" data-type=\"button_count\" data-size=\"large\"><\/div><\/div><p><strong>Nezapome\u0148\u00a0<\/strong><\/p>\n<p>Dneska u\u017e asi nezaberu<\/p>\n<p>noc se dnem se v jedno sl\u00e9v\u00e1<\/p>\n<p>Nepom\u00e1h\u00e1 mi ani kdy\u017e si lehnu<\/p>\n<p>Labe se do Jizery vl\u00e9v\u00e1<\/p>\n<p>&nbsp;<\/p>\n<p>Alespo\u0148 p\u0159es bezesn\u00e9 noci<\/p>\n<p>kdy spl\u00fdv\u00e1 \u010das a \u0159eky<\/p>\n<p>a sochy na n\u00e1m\u011bst\u00edch si d\u011blaj\u00ed<\/p>\n<p>co cht\u011bj<\/p>\n<p>Nezapome\u0148 na brok\u00e1tov\u00fd kapry v botanick\u00fd<\/p>\n<p>Hlavn\u011b na rozkvetlou \u010deme\u0159ici<\/p>\n<p>v prosinci nezapome\u0148<\/p>\n<p>&nbsp;<\/p>\n<p>Nato\u010d\u00edm si kohoutkovou vodu<\/p>\n<p>a s otev\u0159en\u00fdma o\u010dima odch\u00e1z\u00edm<\/p>\n<p>vzor Old\u0159ich Nov\u00fd<\/p>\n<p>Proud projede trubkami<\/p>\n<p>a vybubl\u00e1 za chv\u00edli<\/p>\n<p>ze d\u0159ezu v Diamantov\u00fd<\/p>\n<p>&nbsp;<\/p>\n<p>Mo\u017en\u00e1 sp\u00ed\u0161 a ten \u0161plouch neusly\u0161\u00ed\u0161<\/p>\n<p>a mo\u017en\u00e1 v duchu zavr\u010d\u00ed\u0161:<\/p>\n<p>\u201eNo jo, zdrav\u00edm, tak se tam m\u011bj,\u2026\u201c<\/p>\n<p>Nezapome\u0148 na z\u00e1v\u011bt\u0159\u00ed na Vyso\u010din\u011b<\/p>\n<p>Hlavn\u011b na lipov\u00fd \u010daj z da\u010dick\u00e9ho z\u00e1mku<\/p>\n<p>nezapome\u0148<\/p>\n<p>&nbsp;<\/p>\n<p>Pus\u0165 pros\u00edm vodu do d\u0159ezu<\/p>\n<p>morzeovkou H2O se mi p\u0159ipome\u0148<\/p>\n<p>Nezapome\u0148 na Bratislavsk\u00fd hrad<\/p>\n<p>Hlavn\u011b na svat\u00fdho Martina<\/p>\n<p>nezapome\u0148<\/p>\n<p>&nbsp;<\/p>\n<p>Kohoutkem ot\u00e1\u010d\u00edm<\/p>\n<p>D\u0159ezz je hudba budoucnosti<\/p>\n<p>&nbsp;<\/p>\n<p>Dneska u\u017e asi nezaberu<\/p>\n<p>noc se dnem se v jedno sl\u00e9v\u00e1<\/p>\n<p>Nepom\u00e1h\u00e1 mi ani kdy\u017e si lehnu<\/p>\n<p>Labe se do Jizery vl\u00e9v\u00e1<\/p>\n<p>&nbsp;<\/p>\n<div class=\"fcbkbttn_buttons_block\" id=\"fcbkbttn_left\"><div class=\"fcbkbttn_button\">\n                            <a href=\"https:\/\/www.facebook.com\/tom.patrick.509\" target=\"_blank\">\n                                <img decoding=\"async\" src=\"https:\/\/eldar.cz\/tompatrick\/wp-content\/plugins\/facebook-button-plugin\/images\/large-facebook-ico.png\" alt=\"Fb-Button\" \/>\n                            <\/a>\n                        <\/div><div class=\"fcbkbttn_like fcbkbttn_large_button\"><fb:like href=\"https:\/\/eldar.cz\/tompatrick\/mix\/nezapomen-autor-lukas-trejbal\" action=\"like\" colorscheme=\"light\" layout=\"standard\"  width=\"225px\" size=\"large\"><\/fb:like><\/div><div class=\"fb-share-button fcbkbttn_large_button \" data-href=\"https:\/\/eldar.cz\/tompatrick\/mix\/nezapomen-autor-lukas-trejbal\" data-type=\"button_count\" data-size=\"large\"><\/div><\/div>","protected":false},"excerpt":{"rendered":"<p>Nezapome\u0148\u00a0 Dneska u\u017e asi nezaberu noc se dnem se v jedno sl\u00e9v\u00e1 Nepom\u00e1h\u00e1 mi ani kdy\u017e si lehnu Labe se do Jizery vl\u00e9v\u00e1 &nbsp; Alespo\u0148 p\u0159es bezesn\u00e9 noci kdy spl\u00fdv\u00e1 \u010das a \u0159eky a sochy na n\u00e1m\u011bst\u00edch si d\u011blaj\u00ed co &hellip; <a href=\"https:\/\/eldar.cz\/tompatrick\/mix\/nezapomen-autor-lukas-trejbal\">Cel\u00fd p\u0159\u00edsp\u011bvek <span class=\"meta-nav\">&rarr;<\/span><\/a><\/p>\n","protected":false},"author":2,"featured_media":0,"comment_status":"open","ping_status":"open","sticky":false,"template":"","format":"standard","meta":{"_s2mail":"yes","footnotes":""},"categories":[25],"tags":[],"class_list":["post-1795","post","type-post","status-publish","format-standard","hentry","category-mix"],"_links":{"self":[{"href":"https:\/\/eldar.cz\/tompatrick\/wp-json\/wp\/v2\/posts\/1795","targetHints":{"allow":["GET"]}}],"collection":[{"href":"https:\/\/eldar.cz\/tompatrick\/wp-json\/wp\/v2\/posts"}],"about":[{"href":"https:\/\/eldar.cz\/tompatrick\/wp-json\/wp\/v2\/types\/post"}],"author":[{"embeddable":true,"href":"https:\/\/eldar.cz\/tompatrick\/wp-json\/wp\/v2\/users\/2"}],"replies":[{"embeddable":true,"href":"https:\/\/eldar.cz\/tompatrick\/wp-json\/wp\/v2\/comments?post=1795"}],"version-history":[{"count":1,"href":"https:\/\/eldar.cz\/tompatrick\/wp-json\/wp\/v2\/posts\/1795\/revisions"}],"predecessor-version":[{"id":1796,"href":"https:\/\/eldar.cz\/tompatrick\/wp-json\/wp\/v2\/posts\/1795\/revisions\/1796"}],"wp:attachment":[{"href":"https:\/\/eldar.cz\/tompatrick\/wp-json\/wp\/v2\/media?parent=1795"}],"wp:term":[{"taxonomy":"category","embeddable":true,"href":"https:\/\/eldar.cz\/tompatrick\/wp-json\/wp\/v2\/categories?post=1795"},{"taxonomy":"post_tag","embeddable":true,"href":"https:\/\/eldar.cz\/tompatrick\/wp-json\/wp\/v2\/tags?post=1795"}],"curies":[{"name":"wp","href":"https:\/\/api.w.org\/{rel}","templated":true}]}}