{"id":1712,"date":"2017-05-01T09:00:50","date_gmt":"2017-05-01T07:00:50","guid":{"rendered":"http:\/\/eldar.cz\/tompatrick\/?p=1712"},"modified":"2016-06-03T12:32:00","modified_gmt":"2016-06-03T10:32:00","slug":"zrozeni-autor-zuzana-janissova","status":"publish","type":"post","link":"https:\/\/eldar.cz\/tompatrick\/mix\/zrozeni-autor-zuzana-janissova","title":{"rendered":"Zrozen\u00ed (autor &#8211; Zuzana Jani\u0161\u0161ov\u00e1)"},"content":{"rendered":"<div class=\"fcbkbttn_buttons_block\" id=\"fcbkbttn_left\"><div class=\"fcbkbttn_button\">\n                            <a href=\"https:\/\/www.facebook.com\/tom.patrick.509\" target=\"_blank\">\n                                <img decoding=\"async\" src=\"https:\/\/eldar.cz\/tompatrick\/wp-content\/plugins\/facebook-button-plugin\/images\/large-facebook-ico.png\" alt=\"Fb-Button\" \/>\n                            <\/a>\n                        <\/div><div class=\"fcbkbttn_like fcbkbttn_large_button\"><fb:like href=\"https:\/\/eldar.cz\/tompatrick\/mix\/zrozeni-autor-zuzana-janissova\" action=\"like\" colorscheme=\"light\" layout=\"standard\"  width=\"225px\" size=\"large\"><\/fb:like><\/div><div class=\"fb-share-button fcbkbttn_large_button \" data-href=\"https:\/\/eldar.cz\/tompatrick\/mix\/zrozeni-autor-zuzana-janissova\" data-type=\"button_count\" data-size=\"large\"><\/div><\/div><p><strong>ZROZEN\u00cd<\/strong><\/p>\n<p>Ve v\u011btv\u00edch pavouk s\u00edt\u011b sv\u00e9 rozpl\u00e9t\u00e1<\/p>\n<p>Nad \u0159ekou letm\u00e9 \u00fasm\u011bvy od l\u00e9ta<\/p>\n<p>A kraj vypr\u00e1v\u00ed b\u00e1sn\u011b, \u017ee na sv\u011bt\u011b je kr\u00e1sn\u011b na n\u00e1 nan\u00e1<\/p>\n<p>Srdce m\u00e9\u00a0 vroucn\u011b ho\u0159\u00ed\u00a0 a rozkv\u00e9t\u00e1<\/p>\n<p>&nbsp;<\/p>\n<p><strong>V\u00ed\u0161 nov\u00fd den ve mn\u011b sv\u00edt\u00e1 \u2013 ruku mi podej<\/strong><\/p>\n<p><strong>M\u00fdm and\u011bl\u016fm rostou k\u0159\u00eddla \u2013 a nebe se rozv\u00edr\u00e1<\/strong><\/p>\n<p><strong>V n\u00e1ru\u010di m\u00e9 \u017eivot d\u0159\u00edm\u00e1 \u2013 harfy u\u017e lad\u011bj<\/strong><\/p>\n<p><strong>A ze sv\u011btla zrozen\u00ed s l\u00e1skou jsme spojen\u00ed aaaaaaaa<\/strong><\/p>\n<p>&nbsp;<\/p>\n<p>V oblac\u00edch pavouk s\u00edt\u011b sv\u00e9 rozh\u00fdb\u00e1<\/p>\n<p>Houpy hou v pavu\u010din\u00e1ch se kol\u00edb\u00e1<\/p>\n<p>A kraj\u00a0 vypr\u00e1v\u00ed b\u00e1sn\u011b jak na sv\u011bt\u011b je kr\u00e1sn\u011b na n\u00e1 nan\u00e1<\/p>\n<p>Srdce m\u00e9\u00a0 bu\u0161\u00ed\u00a0 komnaty otv\u00edr\u00e1<\/p>\n<p>&nbsp;<\/p>\n<p><strong>V\u00ed\u0161 nov\u00fd den ve mn\u011b sv\u00edt\u00e1 \u2013 ruku mi podej<\/strong><\/p>\n<p><strong>M\u00fdm and\u011bl\u016fm rostou k\u0159\u00eddla \u2013 a nebe se rozv\u00edr\u00e1<\/strong><\/p>\n<p><strong>V n\u00e1ru\u010di m\u00e9 \u017eivot d\u0159\u00edm\u00e1 \u2013 harfy u\u017e lad\u011bj<\/strong><\/p>\n<p><strong>A ze sv\u011btla zrozen\u00ed l\u00e1skou jsme spojen\u00ed aaaaaaaa<\/strong><\/p>\n<p>&nbsp;<\/p>\n<p>Ve v\u011btv\u00edch pavouk s\u00edt\u011b sv\u00e9 rozpl\u00e9t\u00e1<\/p>\n<p>Nad \u0159ekou letm\u00e9 \u00fasm\u011bvy od l\u00e9ta<\/p>\n<p>A kraj vypr\u00e1v\u00ed b\u00e1sn\u011b, \u017ee spolu je n\u00e1m kr\u00e1sn\u011b na n\u00e1 nan\u00e1<\/p>\n<p>Srdce m\u00e9 vroucn\u011b\u00a0 bu\u0161\u00ed\u00a0 a rozkv\u00e9t\u00e1<\/p>\n<div class=\"fcbkbttn_buttons_block\" id=\"fcbkbttn_left\"><div class=\"fcbkbttn_button\">\n                            <a href=\"https:\/\/www.facebook.com\/tom.patrick.509\" target=\"_blank\">\n                                <img decoding=\"async\" src=\"https:\/\/eldar.cz\/tompatrick\/wp-content\/plugins\/facebook-button-plugin\/images\/large-facebook-ico.png\" alt=\"Fb-Button\" \/>\n                            <\/a>\n                        <\/div><div class=\"fcbkbttn_like fcbkbttn_large_button\"><fb:like href=\"https:\/\/eldar.cz\/tompatrick\/mix\/zrozeni-autor-zuzana-janissova\" action=\"like\" colorscheme=\"light\" layout=\"standard\"  width=\"225px\" size=\"large\"><\/fb:like><\/div><div class=\"fb-share-button fcbkbttn_large_button \" data-href=\"https:\/\/eldar.cz\/tompatrick\/mix\/zrozeni-autor-zuzana-janissova\" data-type=\"button_count\" data-size=\"large\"><\/div><\/div>","protected":false},"excerpt":{"rendered":"<p>ZROZEN\u00cd Ve v\u011btv\u00edch pavouk s\u00edt\u011b sv\u00e9 rozpl\u00e9t\u00e1 Nad \u0159ekou letm\u00e9 \u00fasm\u011bvy od l\u00e9ta A kraj vypr\u00e1v\u00ed b\u00e1sn\u011b, \u017ee na sv\u011bt\u011b je kr\u00e1sn\u011b na n\u00e1 nan\u00e1 Srdce m\u00e9\u00a0 vroucn\u011b ho\u0159\u00ed\u00a0 a rozkv\u00e9t\u00e1 &nbsp; V\u00ed\u0161 nov\u00fd den ve mn\u011b sv\u00edt\u00e1 \u2013 ruku &hellip; <a href=\"https:\/\/eldar.cz\/tompatrick\/mix\/zrozeni-autor-zuzana-janissova\">Cel\u00fd p\u0159\u00edsp\u011bvek <span class=\"meta-nav\">&rarr;<\/span><\/a><\/p>\n","protected":false},"author":2,"featured_media":0,"comment_status":"open","ping_status":"open","sticky":false,"template":"","format":"standard","meta":{"_s2mail":"yes","footnotes":""},"categories":[25],"tags":[],"class_list":["post-1712","post","type-post","status-publish","format-standard","hentry","category-mix"],"_links":{"self":[{"href":"https:\/\/eldar.cz\/tompatrick\/wp-json\/wp\/v2\/posts\/1712","targetHints":{"allow":["GET"]}}],"collection":[{"href":"https:\/\/eldar.cz\/tompatrick\/wp-json\/wp\/v2\/posts"}],"about":[{"href":"https:\/\/eldar.cz\/tompatrick\/wp-json\/wp\/v2\/types\/post"}],"author":[{"embeddable":true,"href":"https:\/\/eldar.cz\/tompatrick\/wp-json\/wp\/v2\/users\/2"}],"replies":[{"embeddable":true,"href":"https:\/\/eldar.cz\/tompatrick\/wp-json\/wp\/v2\/comments?post=1712"}],"version-history":[{"count":1,"href":"https:\/\/eldar.cz\/tompatrick\/wp-json\/wp\/v2\/posts\/1712\/revisions"}],"predecessor-version":[{"id":1713,"href":"https:\/\/eldar.cz\/tompatrick\/wp-json\/wp\/v2\/posts\/1712\/revisions\/1713"}],"wp:attachment":[{"href":"https:\/\/eldar.cz\/tompatrick\/wp-json\/wp\/v2\/media?parent=1712"}],"wp:term":[{"taxonomy":"category","embeddable":true,"href":"https:\/\/eldar.cz\/tompatrick\/wp-json\/wp\/v2\/categories?post=1712"},{"taxonomy":"post_tag","embeddable":true,"href":"https:\/\/eldar.cz\/tompatrick\/wp-json\/wp\/v2\/tags?post=1712"}],"curies":[{"name":"wp","href":"https:\/\/api.w.org\/{rel}","templated":true}]}}