{"id":1688,"date":"2017-02-20T09:00:48","date_gmt":"2017-02-20T07:00:48","guid":{"rendered":"http:\/\/eldar.cz\/tompatrick\/?p=1688"},"modified":"2016-05-14T17:09:02","modified_gmt":"2016-05-14T15:09:02","slug":"novy-den-autor-zuzana-janissova","status":"publish","type":"post","link":"https:\/\/eldar.cz\/tompatrick\/mix\/novy-den-autor-zuzana-janissova","title":{"rendered":"Nov\u00fd den (autor &#8211; Zuzana Jani\u0161\u0161ov\u00e1)"},"content":{"rendered":"<div class=\"fcbkbttn_buttons_block\" id=\"fcbkbttn_left\"><div class=\"fcbkbttn_button\">\n                            <a href=\"https:\/\/www.facebook.com\/tom.patrick.509\" target=\"_blank\">\n                                <img decoding=\"async\" src=\"https:\/\/eldar.cz\/tompatrick\/wp-content\/plugins\/facebook-button-plugin\/images\/large-facebook-ico.png\" alt=\"Fb-Button\" \/>\n                            <\/a>\n                        <\/div><div class=\"fcbkbttn_like fcbkbttn_large_button\"><fb:like href=\"https:\/\/eldar.cz\/tompatrick\/mix\/novy-den-autor-zuzana-janissova\" action=\"like\" colorscheme=\"light\" layout=\"standard\"  width=\"225px\" size=\"large\"><\/fb:like><\/div><div class=\"fb-share-button fcbkbttn_large_button \" data-href=\"https:\/\/eldar.cz\/tompatrick\/mix\/novy-den-autor-zuzana-janissova\" data-type=\"button_count\" data-size=\"large\"><\/div><\/div><p><strong>NOV\u00dd DEN<\/strong><\/p>\n<p>V\u00edt\u00e1m t\u011b v n\u00e1ru\u010di p\u0159\u00e1n\u00ed,<\/p>\n<p>tv\u016fj sen j\u00e1 sudi\u010dka chr\u00e1n\u00edm.<\/p>\n<p>Vesm\u00edrnou br\u00e1nou jsem<\/p>\n<p>v l\u016fn\u011b nebe nov\u00fd den.<\/p>\n<p>&nbsp;<\/p>\n<p><strong>Zvedni \u010d\u00ed\u0161i ke rt\u016fm n\u00e9 n\u00e1hodou<\/strong><\/p>\n<p><strong>zraj\u00ed pro n\u011bhu v\u017edy\u0165 milujou<\/strong><\/p>\n<p><strong>pln\u00e1 je \u010d\u00ed\u0161 jak svat\u00fd je Jeruzal\u00e9m<\/strong><\/p>\n<p>&nbsp;<\/p>\n<p><strong>Zvedni \u010d\u00ed\u0161i a napl\u0148 tak oce\u00e1n<\/strong><\/p>\n<p><strong>slanou \u0159\u00ed\u0161i pod k\u0159\u00eddly b\u00edl\u00fdch vran<\/strong><\/p>\n<p><strong>prolet\u00ed nad obzorem kde j\u00e1 se ti vzd\u00e1m, vo ou<\/strong><\/p>\n<p>&nbsp;<\/p>\n<p>V\u00edt\u00e1m t\u011b v bou\u0159liv\u00e9m t\u0159esku<\/p>\n<p>zm\u00edt\u00e1\u0161 se v tanci m\u00fdch blesk\u016f<\/p>\n<p>Vesm\u00edrnou br\u00e1nou jsem<\/p>\n<p>v l\u016fn\u011b nebe nov\u00fd den<\/p>\n<p>&nbsp;<\/p>\n<p><strong>Zvedni \u010d\u00ed\u0161i ke rt\u016fm n\u00e9 n\u00e1hodou<\/strong><\/p>\n<p><strong>zraj\u00ed pro n\u011bhu v\u017edy\u0165 milujou<\/strong><\/p>\n<p><strong>pln\u00e1 je \u010d\u00ed\u0161 jak svat\u00fd je Jeruzal\u00e9m<\/strong><\/p>\n<p>&nbsp;<\/p>\n<p><strong>Zvedni \u010d\u00ed\u0161i a napl\u0148 tak oce\u00e1n<\/strong><\/p>\n<p><strong>slanou \u0159\u00ed\u0161i pod k\u0159\u00eddly b\u00edl\u00fdch vran<\/strong><\/p>\n<p><strong>prolet\u00ed nad obzorem kde j\u00e1 se ti vzd\u00e1m, vo ou<\/strong><\/p>\n<p>&nbsp;<\/p>\n<p>&#8211; Mezihra &#8211;<\/p>\n<p>&nbsp;<\/p>\n<p><strong>Zvedni \u010d\u00ed\u0161i ke rt\u016fm n\u00e9 n\u00e1hodou<\/strong><\/p>\n<p><strong>zraj\u00ed pro n\u011bhu v\u017edy\u0165 milujou<\/strong><\/p>\n<p><strong>pln\u00e1 je \u010d\u00ed\u0161 jak svat\u00fd je Jeruzal\u00e9m<\/strong><\/p>\n<p>&nbsp;<\/p>\n<p><strong>Zvedni \u010d\u00ed\u0161i a napl\u0148 tak oce\u00e1n<\/strong><\/p>\n<p><strong>slanou \u0159\u00ed\u0161i pod k\u0159\u00eddly b\u00edl\u00fdch vran<\/strong><\/p>\n<p><strong>prolet\u00ed nad obzorem kde j\u00e1 se ti vzd\u00e1m, tak r\u00e1da<\/strong><\/p>\n<div class=\"fcbkbttn_buttons_block\" id=\"fcbkbttn_left\"><div class=\"fcbkbttn_button\">\n                            <a href=\"https:\/\/www.facebook.com\/tom.patrick.509\" target=\"_blank\">\n                                <img decoding=\"async\" src=\"https:\/\/eldar.cz\/tompatrick\/wp-content\/plugins\/facebook-button-plugin\/images\/large-facebook-ico.png\" alt=\"Fb-Button\" \/>\n                            <\/a>\n                        <\/div><div class=\"fcbkbttn_like fcbkbttn_large_button\"><fb:like href=\"https:\/\/eldar.cz\/tompatrick\/mix\/novy-den-autor-zuzana-janissova\" action=\"like\" colorscheme=\"light\" layout=\"standard\"  width=\"225px\" size=\"large\"><\/fb:like><\/div><div class=\"fb-share-button fcbkbttn_large_button \" data-href=\"https:\/\/eldar.cz\/tompatrick\/mix\/novy-den-autor-zuzana-janissova\" data-type=\"button_count\" data-size=\"large\"><\/div><\/div>","protected":false},"excerpt":{"rendered":"<p>NOV\u00dd DEN V\u00edt\u00e1m t\u011b v n\u00e1ru\u010di p\u0159\u00e1n\u00ed, tv\u016fj sen j\u00e1 sudi\u010dka chr\u00e1n\u00edm. Vesm\u00edrnou br\u00e1nou jsem v l\u016fn\u011b nebe nov\u00fd den. &nbsp; Zvedni \u010d\u00ed\u0161i ke rt\u016fm n\u00e9 n\u00e1hodou zraj\u00ed pro n\u011bhu v\u017edy\u0165 milujou pln\u00e1 je \u010d\u00ed\u0161 jak svat\u00fd je Jeruzal\u00e9m &nbsp; &hellip; <a href=\"https:\/\/eldar.cz\/tompatrick\/mix\/novy-den-autor-zuzana-janissova\">Cel\u00fd p\u0159\u00edsp\u011bvek <span class=\"meta-nav\">&rarr;<\/span><\/a><\/p>\n","protected":false},"author":2,"featured_media":0,"comment_status":"open","ping_status":"open","sticky":false,"template":"","format":"standard","meta":{"_s2mail":"yes","footnotes":""},"categories":[25],"tags":[],"class_list":["post-1688","post","type-post","status-publish","format-standard","hentry","category-mix"],"_links":{"self":[{"href":"https:\/\/eldar.cz\/tompatrick\/wp-json\/wp\/v2\/posts\/1688","targetHints":{"allow":["GET"]}}],"collection":[{"href":"https:\/\/eldar.cz\/tompatrick\/wp-json\/wp\/v2\/posts"}],"about":[{"href":"https:\/\/eldar.cz\/tompatrick\/wp-json\/wp\/v2\/types\/post"}],"author":[{"embeddable":true,"href":"https:\/\/eldar.cz\/tompatrick\/wp-json\/wp\/v2\/users\/2"}],"replies":[{"embeddable":true,"href":"https:\/\/eldar.cz\/tompatrick\/wp-json\/wp\/v2\/comments?post=1688"}],"version-history":[{"count":1,"href":"https:\/\/eldar.cz\/tompatrick\/wp-json\/wp\/v2\/posts\/1688\/revisions"}],"predecessor-version":[{"id":1689,"href":"https:\/\/eldar.cz\/tompatrick\/wp-json\/wp\/v2\/posts\/1688\/revisions\/1689"}],"wp:attachment":[{"href":"https:\/\/eldar.cz\/tompatrick\/wp-json\/wp\/v2\/media?parent=1688"}],"wp:term":[{"taxonomy":"category","embeddable":true,"href":"https:\/\/eldar.cz\/tompatrick\/wp-json\/wp\/v2\/categories?post=1688"},{"taxonomy":"post_tag","embeddable":true,"href":"https:\/\/eldar.cz\/tompatrick\/wp-json\/wp\/v2\/tags?post=1688"}],"curies":[{"name":"wp","href":"https:\/\/api.w.org\/{rel}","templated":true}]}}