{"id":1684,"date":"2017-02-06T09:00:22","date_gmt":"2017-02-06T07:00:22","guid":{"rendered":"http:\/\/eldar.cz\/tompatrick\/?p=1684"},"modified":"2016-05-13T20:02:44","modified_gmt":"2016-05-13T18:02:44","slug":"zivotopis-zuzany-janissove-cast-2","status":"publish","type":"post","link":"https:\/\/eldar.cz\/tompatrick\/mix\/zivotopis-zuzany-janissove-cast-2","title":{"rendered":"\u017divotopis Zuzany Jani\u0161\u0161ov\u00e9 &#8211; \u010d\u00e1st 2"},"content":{"rendered":"<div class=\"fcbkbttn_buttons_block\" id=\"fcbkbttn_left\"><div class=\"fcbkbttn_button\">\n                            <a href=\"https:\/\/www.facebook.com\/tom.patrick.509\" target=\"_blank\">\n                                <img decoding=\"async\" src=\"https:\/\/eldar.cz\/tompatrick\/wp-content\/plugins\/facebook-button-plugin\/images\/large-facebook-ico.png\" alt=\"Fb-Button\" \/>\n                            <\/a>\n                        <\/div><div class=\"fcbkbttn_like fcbkbttn_large_button\"><fb:like href=\"https:\/\/eldar.cz\/tompatrick\/mix\/zivotopis-zuzany-janissove-cast-2\" action=\"like\" colorscheme=\"light\" layout=\"standard\"  width=\"225px\" size=\"large\"><\/fb:like><\/div><div class=\"fb-share-button fcbkbttn_large_button \" data-href=\"https:\/\/eldar.cz\/tompatrick\/mix\/zivotopis-zuzany-janissove-cast-2\" data-type=\"button_count\" data-size=\"large\"><\/div><\/div><p class=\"odstavec\">M\u016fj hlas d\u00edky m\u00fdm hudebn\u011b zalo\u017een\u00fdm rodi\u010d\u016fm proch\u00e1z\u00ed pr\u016fpravou u\u017e od\u00a0mali\u010dka. Jako p\u0159ed\u0161koln\u00ed d\u00edt\u011b jsem nav\u0161t\u011bvovala hudebn\u00ed krou\u017eky na\u00a0<b>ZU\u0160 v\u00a0Pod\u011bbradech<\/b>, kde jsem pak jako prv\u00e1\u010dek v\u00a0roce 1988 nastoupila k\u00a0m\u00e9\u00a0prvn\u00ed u\u010ditelce klasick\u00e9ho zp\u011bvu,\u00a0<b>Bc.\u00a0Jarmile Hellerov\u00e9<\/b>, a\u00a0v\u00a0jej\u00ed\u017e p\u00e9\u010di jsem byla a\u017e\u00a0do\u00a0roku 1997. Na\u00a0z\u00e1kladn\u00ed \u0161kole jsem vystupovala s\u00f3lov\u011b, zazp\u00edvala jsem ve\u00a0dvou kapel\u00e1ch a\u00a0v\u00a0divadle.<\/p>\n<p class=\"odstavec\">Na\u00a0<b>Pra\u017eskou konzervato\u0159<\/b>, obor popul\u00e1rn\u00ed zp\u011bv, jsem \u0161la ihned po\u00a0ukon\u010den\u00ed z\u00e1kladn\u00ed \u0161koly. Prvn\u00ed rok jsem byla veden\u00e1\u00a0<b>prof. Jaroslavou Bernardovou\u00a0<\/b>a\u00a0od\u00a0druh\u00e9ho ro\u010dn\u00edku a\u017e\u00a0do\u00a0absolutoria m\u011b vedla\u00a0<b>L\u00edda Nopov\u00e1<\/b>. B\u011bhem tohoto obdob\u00ed jsem pro\u0161la mnoha kapelami a\u00a0spolupracovala s\u00a0mnoha muzikanty r\u016fzn\u00e9ho zam\u011b\u0159en\u00ed.<br \/>\n<em><span style=\"color: #000000;\">(viz. Bio v sekci Hudba)<\/span><\/em><\/p>\n<p class=\"odstavec\">Od p\u00e1t\u00e9ho ro\u010dn\u00edku na t\u00e9to \u0161kole jsem\u00a0se za\u010dala o\u00a0hlas zaj\u00edmat i\u00a0z\u00a0pedagogick\u00e9ho hlediska a\u00a0za\u010d\u00ednala jsem d\u00e1vat soukrom\u00e9 hodiny. Brzy jsem zjistila, jak moc m\u011b tato pr\u00e1ce posouv\u00e1 a\u00a0po\u00a0konzervato\u0159i v roce 2003 jsem nastoupila jako lektorka zp\u011bvu na\u00a0<b>rockovou \u0161kolu ve\u00a0Mlejn\u011b<\/b>, kter\u00e1 se po\u00a0n\u011bkolika letech p\u0159esunula a\u00a0p\u0159erodila v\u00a0rockovou \u0161kolu\u00a0<b>Jam Music Institute<\/b>\u00a0na\u00a0n\u00e1m\u011bst\u00ed Ji\u0159\u00edho z\u00a0Pod\u011bbrad v\u00a0Praze, kde jsem u\u010dila a\u017e\u00a0do\u00a0roku 2008. \u00a0V roce 2005 jsem za\u010dala vyu\u010dovat na\u00a0\u010d\u00e1ste\u010dn\u00fd \u00favazek v\u00a0<b>ZU\u0160 Pod\u011bbrady<\/b>, kde p\u016fsob\u00edm dodnes.<\/p>\n<p class=\"odstavec\">Po\u00a0Pra\u017esk\u00e9 konzervato\u0159i jsem tak\u00e9 dva roky studovala text a\u00a0sc\u00e9n\u00e1\u0159 na\u00a0<b>Konzervato\u0159i a\u00a0VO\u0160 Jaroslava Je\u017eka<\/b>\u00a0u\u00a0<b>Ji\u0159\u00edho \u0160lupky Sv\u011br\u00e1ka<\/b>\u00a0a\u00a0<b>Marka Sta\u0161ka<\/b>, kde jsem rovn\u011b\u017e nav\u0161t\u011bvovala hodiny jazzov\u00e9ho zp\u00edv\u00e1n\u00ed u\u00a0<b>Miriam Bayle<\/b>\u00a0jako nepovinn\u00fd p\u0159edm\u011bt. B\u011bhem t\u00e9to doby jsem nasb\u00edrala zaj\u00edmav\u00e9 zku\u0161enosti jak v\u00a0roli zp\u011bva\u010dky, tak na\u00a0poli pedagogiky. Praha mi poskytla mnoho mo\u017enost\u00ed k\u00a0zaj\u00edmav\u00fdm spoluprac\u00edm a k nav\u00e1z\u00e1n\u00ed kontakt\u016f.<\/p>\n<p class=\"odstavec\">V letech 2010 a\u017e 2012 jsem pracovala na\u00a0Mezin\u00e1rodn\u00ed konzervato\u0159i, na odd\u011blen\u00ed rockov\u00e9 opery. V\u00a0sou\u010dasn\u00e9 dob\u011b vyu\u010duji st\u00e1le na\u00a0<b>ZU\u0160 v\u00a0Pod\u011bbradech<\/b>\u00a0a\u00a0<b>soukrom\u011b v\u00a0Praze<\/b>. Ka\u017ed\u00e1 v\u00fduka nese sv\u00e9. Zp\u016fsob soukrom\u00e9 v\u00fduky m\u011b osvobozuje od\u00a0z\u00e1vazk\u016f a\u00a0u\u010debn\u00edch osnov a\u00a0mohu tak zcela naplnit v\u00fdznam individu\u00e1ln\u00edho p\u0159\u00edstupu. Na ZU\u0160 mohu v\u00e9st ve\u00a0zp\u011bvu hlasy od\u00a0\u00fatl\u00e9ho v\u011bku a\u00a0na\u00a0konzervato\u0159i jsem m\u011bla mo\u017enost pracovat s\u00a0profesion\u00e1ly a lidmi, kte\u0159\u00ed se hudb\u011b cht\u011bj\u00ed v\u011bnovat nejen jako kon\u00ed\u010dku. S takov\u00fdmi se setk\u00e1v\u00e1m i ve sv\u00e9 soukrom\u00e9 praxi. N\u011bkolik m\u00fdch student\u016f jsem \u00fasp\u011b\u0161n\u011b p\u0159ipravila na konzervato\u0159.<\/p>\n<p class=\"odstavec\">Moment\u00e1ln\u011b se vrac\u00edm ke\u00a0studiu klasick\u00e9ho zp\u011bvu u\u00a0profesorky\u00a0<b>Jaroslavy Niederlov\u00e9<\/b>\u00a0a\u00a0nav\u0161t\u011bvuji kurzy a\u00a0semin\u00e1\u0159e v\u00a0oboru popul\u00e1rn\u00edho zp\u00edv\u00e1n\u00ed, kter\u00e9 zahrnuj\u00ed ve\u0161ker\u00e9 \u017e\u00e1nry tohoto odv\u011btv\u00ed. D\u00e1le se v sou\u010dasnosti zab\u00fdv\u00e1m i studiem muzikoterapie a hudebn\u00ed\/hlasov\u00e9 relaxace<\/p>\n<div class=\"fcbkbttn_buttons_block\" id=\"fcbkbttn_left\"><div class=\"fcbkbttn_button\">\n                            <a href=\"https:\/\/www.facebook.com\/tom.patrick.509\" target=\"_blank\">\n                                <img decoding=\"async\" src=\"https:\/\/eldar.cz\/tompatrick\/wp-content\/plugins\/facebook-button-plugin\/images\/large-facebook-ico.png\" alt=\"Fb-Button\" \/>\n                            <\/a>\n                        <\/div><div class=\"fcbkbttn_like fcbkbttn_large_button\"><fb:like href=\"https:\/\/eldar.cz\/tompatrick\/mix\/zivotopis-zuzany-janissove-cast-2\" action=\"like\" colorscheme=\"light\" layout=\"standard\"  width=\"225px\" size=\"large\"><\/fb:like><\/div><div class=\"fb-share-button fcbkbttn_large_button \" data-href=\"https:\/\/eldar.cz\/tompatrick\/mix\/zivotopis-zuzany-janissove-cast-2\" data-type=\"button_count\" data-size=\"large\"><\/div><\/div>","protected":false},"excerpt":{"rendered":"<p>M\u016fj hlas d\u00edky m\u00fdm hudebn\u011b zalo\u017een\u00fdm rodi\u010d\u016fm proch\u00e1z\u00ed pr\u016fpravou u\u017e od\u00a0mali\u010dka. Jako p\u0159ed\u0161koln\u00ed d\u00edt\u011b jsem nav\u0161t\u011bvovala hudebn\u00ed krou\u017eky na\u00a0ZU\u0160 v\u00a0Pod\u011bbradech, kde jsem pak jako prv\u00e1\u010dek v\u00a0roce 1988 nastoupila k\u00a0m\u00e9\u00a0prvn\u00ed u\u010ditelce klasick\u00e9ho zp\u011bvu,\u00a0Bc.\u00a0Jarmile Hellerov\u00e9, a\u00a0v\u00a0jej\u00ed\u017e p\u00e9\u010di jsem byla a\u017e\u00a0do\u00a0roku 1997. Na\u00a0z\u00e1kladn\u00ed &hellip; <a href=\"https:\/\/eldar.cz\/tompatrick\/mix\/zivotopis-zuzany-janissove-cast-2\">Cel\u00fd p\u0159\u00edsp\u011bvek <span class=\"meta-nav\">&rarr;<\/span><\/a><\/p>\n","protected":false},"author":2,"featured_media":0,"comment_status":"open","ping_status":"open","sticky":false,"template":"","format":"standard","meta":{"_s2mail":"yes","footnotes":""},"categories":[25],"tags":[],"class_list":["post-1684","post","type-post","status-publish","format-standard","hentry","category-mix"],"_links":{"self":[{"href":"https:\/\/eldar.cz\/tompatrick\/wp-json\/wp\/v2\/posts\/1684","targetHints":{"allow":["GET"]}}],"collection":[{"href":"https:\/\/eldar.cz\/tompatrick\/wp-json\/wp\/v2\/posts"}],"about":[{"href":"https:\/\/eldar.cz\/tompatrick\/wp-json\/wp\/v2\/types\/post"}],"author":[{"embeddable":true,"href":"https:\/\/eldar.cz\/tompatrick\/wp-json\/wp\/v2\/users\/2"}],"replies":[{"embeddable":true,"href":"https:\/\/eldar.cz\/tompatrick\/wp-json\/wp\/v2\/comments?post=1684"}],"version-history":[{"count":1,"href":"https:\/\/eldar.cz\/tompatrick\/wp-json\/wp\/v2\/posts\/1684\/revisions"}],"predecessor-version":[{"id":1685,"href":"https:\/\/eldar.cz\/tompatrick\/wp-json\/wp\/v2\/posts\/1684\/revisions\/1685"}],"wp:attachment":[{"href":"https:\/\/eldar.cz\/tompatrick\/wp-json\/wp\/v2\/media?parent=1684"}],"wp:term":[{"taxonomy":"category","embeddable":true,"href":"https:\/\/eldar.cz\/tompatrick\/wp-json\/wp\/v2\/categories?post=1684"},{"taxonomy":"post_tag","embeddable":true,"href":"https:\/\/eldar.cz\/tompatrick\/wp-json\/wp\/v2\/tags?post=1684"}],"curies":[{"name":"wp","href":"https:\/\/api.w.org\/{rel}","templated":true}]}}