{"id":1652,"date":"2016-11-14T09:00:56","date_gmt":"2016-11-14T07:00:56","guid":{"rendered":"http:\/\/eldar.cz\/tompatrick\/?p=1652"},"modified":"2016-05-06T11:13:54","modified_gmt":"2016-05-06T09:13:54","slug":"nove-basne-cast-3-katerina-malkova","status":"publish","type":"post","link":"https:\/\/eldar.cz\/tompatrick\/mix\/nove-basne-cast-3-katerina-malkova","title":{"rendered":"Nov\u00e9 b\u00e1sn\u011b &#8211; \u010c\u00e1st 3 (Kate\u0159ina M\u00e1lkov\u00e1)"},"content":{"rendered":"<div class=\"fcbkbttn_buttons_block\" id=\"fcbkbttn_left\"><div class=\"fcbkbttn_button\">\n                            <a href=\"https:\/\/www.facebook.com\/tom.patrick.509\" target=\"_blank\">\n                                <img decoding=\"async\" src=\"https:\/\/eldar.cz\/tompatrick\/wp-content\/plugins\/facebook-button-plugin\/images\/large-facebook-ico.png\" alt=\"Fb-Button\" \/>\n                            <\/a>\n                        <\/div><div class=\"fcbkbttn_like fcbkbttn_large_button\"><fb:like href=\"https:\/\/eldar.cz\/tompatrick\/mix\/nove-basne-cast-3-katerina-malkova\" action=\"like\" colorscheme=\"light\" layout=\"standard\"  width=\"225px\" size=\"large\"><\/fb:like><\/div><div class=\"fb-share-button fcbkbttn_large_button \" data-href=\"https:\/\/eldar.cz\/tompatrick\/mix\/nove-basne-cast-3-katerina-malkova\" data-type=\"button_count\" data-size=\"large\"><\/div><\/div><p><strong>ZAHRADN\u00cd B\u00c1SE\u0147<\/strong><\/p>\n<p>L\u00edda \u010dte<\/p>\n<p>Den Trifid\u016f<\/p>\n<p>Na zahrad\u011b<\/p>\n<p>&nbsp;<\/p>\n<p>Brzy se za\u010dne<\/p>\n<p>D\u011bsit<\/p>\n<p>\u017de po n\u00ed p\u016fjde tr\u00e1va<\/p>\n<p><strong>\u0158EZN\u00cdK<\/strong><\/p>\n<p>\u0158ezn\u00edk na sebe vzal na\u0161i vinu<\/p>\n<p>Kdy\u017e za\u0159\u00edzl tu kr\u00e1vu<\/p>\n<p>Kterou jsme dnes m\u011bli k ob\u011bdu.<\/p>\n<p>Op\u011bt se nikdo nestal vegetari\u00e1nem.<\/p>\n<p>&nbsp;<\/p>\n<p><strong>MU\u0160KY<\/strong><\/p>\n<p>Na z\u010de\u0159en\u00e9 hladin\u011b vody<\/p>\n<p>Se to\u010d\u00ed mrtv\u00e9 mu\u0161ky<\/p>\n<p>M\u011bly ji r\u00e1dy<\/p>\n<p>&nbsp;<\/p>\n<p><strong>OPIL\u00cd \u017dIVOTEM<\/strong><\/p>\n<p>Pro\u017eitky jsou v\u00ednem<\/p>\n<p>Na n\u011b\u017e nen\u00ed n\u00e1doby<\/p>\n<p>Proto n\u00e1m prot\u00e9kaj\u00ed mezi prsty<\/p>\n<p>Jako bychom krv\u00e1celi.<\/p>\n<p>&nbsp;<\/p>\n<p><strong>PEN\u00cdZE NEBO \u017dIVOT<\/strong><\/p>\n<p>\u017divot nelze jinak<\/p>\n<p>Ne\u017e promarnit<\/p>\n<p>Pro\u0161ustrovat<\/p>\n<p>Pro\u017e\u00edt<\/p>\n<p>\u017divot nelze u\u0161et\u0159it<\/p>\n<p>Odkl\u00e1dat stranou<\/p>\n<p>Pod pol\u0161t\u00e1\u0159<\/p>\n<p>Mus\u00edme ho utratit<\/p>\n<p>Jako kapesn\u00e9<\/p>\n<p>Jako v\u00fdplatu<\/p>\n<p>Jako kot\u011b.<\/p>\n<p>&nbsp;<\/p>\n<p><strong>\u00daZKOST II<\/strong><\/p>\n<p>Ko\u010dka m\u00e1 r\u00e1da<\/p>\n<p>M\u00e9 nerv\u00f3zn\u00ed nohy<\/p>\n<p>Vrh\u00e1 se na m\u00e9<\/p>\n<p>Neklidn\u00e9 prsty<\/p>\n<p>A hry\u017ee<\/p>\n<p>&#8211; \u00dazkost je pro ko\u010dku.<\/p>\n<p>&nbsp;<\/p>\n<p><strong>R\u00daT<\/strong><\/p>\n<p>V m\u00e9m \u017eivot\u011b existuje<\/p>\n<p>Jak\u00e1si R\u00fat.<\/p>\n<p>Stejn\u011b jako B\u016fh<\/p>\n<p>Je mi zn\u00e1ma<\/p>\n<p>Jen ze sv\u00e9ho p\u016fsoben\u00ed.<\/p>\n<p>Z knihy k\u0159es\u0165ansk\u00e9 poezie<\/p>\n<p>Kter\u00e1 se na\u0161la v na\u0161\u00ed knihovn\u011b<\/p>\n<p>S v\u011bnov\u00e1n\u00edm od R\u00fat<\/p>\n<p>Mamce k sedmn\u00e1ct\u00fdm narozenin\u00e1m.<\/p>\n<p>Z mam\u010din\u00fdch vzpom\u00ednek<\/p>\n<p>Roztrou\u0161en\u011b vypr\u00e1v\u011bn\u00fdch.<\/p>\n<p>Jak R\u00fat \u017eije se sv\u00fdm otcem<\/p>\n<p>Nikdy se nevdala,<\/p>\n<p>Se sv\u00fdm nemocn\u00fdm otcem,<\/p>\n<p>Jsou Adventisti<\/p>\n<p>A nikdy nem\u011bli televizi.<\/p>\n<p>Jak bych si s R\u00fat pr\u00fd rozum\u011bla.<\/p>\n<p>Zn\u00e1m jej\u00ed pohled na sv\u011bt,<\/p>\n<p>Na m\u011b a sestru z fotek,<\/p>\n<p>Na kter\u00fdch n\u00e1s zachytila<\/p>\n<p>V dob\u011b kterou si je\u0161t\u011b nepamatujeme<\/p>\n<p>Jsou jin\u00e9 ne\u017e ostatn\u00ed fotky v krabici.<\/p>\n<p>Sr\u0161\u00ed du\u0161\u00ed.<\/p>\n<p>V\u017edycky pro m\u011b R\u00fat byla<\/p>\n<p>\u010cir\u00fdm duchem<\/p>\n<p>\u017dij\u00edc\u00edm v p\u0159\u00edzra\u010dn\u00e9 krajin\u011b<\/p>\n<p>Ostravsk\u00e9 uheln\u00e9 p\u00e1nve<\/p>\n<p>Sv\u016fj neohro\u017een\u00fd<\/p>\n<p>Duchovn\u00ed \u017eivot.<\/p>\n<p>&nbsp;<\/p>\n<p><strong>HOLUB\u00cd D\u016eM\u00a0<\/strong><\/p>\n<p>Je tak dobr\u00e9<\/p>\n<p>\u017ee bydl\u00edme v byt\u011b<\/p>\n<p>po star\u00e9 mrtv\u00e9 pan\u00ed<\/p>\n<p>&nbsp;<\/p>\n<p>Zbyly po n\u00ed<\/p>\n<p>poklady tepla domova<\/p>\n<p>t\u00e1cky mate\u0159sk\u00e9 l\u00e1sky<\/p>\n<p>&nbsp;<\/p>\n<p>Podnosy na kter\u00fdch n\u00e1m<\/p>\n<p>maminka nos\u00edvala j\u00eddlo<\/p>\n<p>do postele kdy\u017e jsme churav\u011bli<\/p>\n<p>&nbsp;<\/p>\n<p>Proto je m\u00e1 ch\u0159ipka<\/p>\n<p>nalezen\u00ed ztracen\u00e9ho r\u00e1je,<\/p>\n<p>holub\u00ed d\u016fm, b\u00edlej \u0161t\u00edt.<\/p>\n<p>&nbsp;<\/p>\n<p><strong>HLAS LIDU<\/strong><\/p>\n<p>Nez\u00e1visl\u00e1 pan\u00ed<\/p>\n<p>Zakl\u00e1d\u00e1 si knihu<\/p>\n<p>Slevov\u00fdm kup\u00f3nem.<\/p>\n<p>&nbsp;<\/p>\n<p><strong>PORNOGRAFIE<\/strong><\/p>\n<p>P\u0159ekl\u00e1d\u00e1m<\/p>\n<p>Hol\u00fd nesmysl.<\/p>\n<p>&nbsp;<\/p>\n<p><strong>CO KDY\u017d II<\/strong><\/p>\n<p>Ne, nikdy.<\/p>\n<p>Ale co kdy\u017e<\/p>\n<p>tentokr\u00e1t?<\/p>\n<p>&nbsp;<\/p>\n<p><strong>O OLIV\u00c1CH<\/strong><\/p>\n<p>Jako d\u011bti jsme nen\u00e1vid\u011bli olivy,<\/p>\n<p>chutnaly po pneumatik\u00e1ch.<\/p>\n<p>Jedin\u00fd, kdo je jedl, byla<\/p>\n<p>Mark\u00e9tka s Downov\u00fdm syndromem.<\/p>\n<p>P\u0159ipadala mi osv\u00edcen\u00e1, state\u010dn\u00e1, dosp\u011bl\u00e1,<\/p>\n<p>Nap\u0159ed ve v\u00fdvoji.<\/p>\n<p>&nbsp;<\/p>\n<p><strong>KONEC SV\u011aTA<\/strong><\/p>\n<p>Sou\u010dasnost je konec sv\u011bta.<\/p>\n<p>Jako Kolbenova ulice.<\/p>\n<p>Za n\u00ed d\u00e1l u\u017e jen bezdomovci<\/p>\n<p>Divoce vl\u00e1dnouc\u00ed lesu<\/p>\n<p>A pu\u0161t\u011bn\u00fdm ps\u016fm<\/p>\n<p>&nbsp;<\/p>\n<p>A pak u\u017e jen pole<\/p>\n<p>A konec Prahy<\/p>\n<p>A konec sv\u011bta.<\/p>\n<p>&nbsp;<\/p>\n<p>T\u011b\u017eko vid\u011bt konec jako za\u010d\u00e1tek,<\/p>\n<p>Kdy\u017e t\u011b\u017eko \u0159\u00edci \u010deho. (2.2.2014)<\/p>\n<p>&nbsp;<\/p>\n<p><strong>\u010cERV\u00c1NKY<\/strong><\/p>\n<p>R\u016f\u017eov\u00e9 \u010derv\u00e1nky.<\/p>\n<p>Ztemn\u011blou zahradou b\u011b\u017e\u00ed<\/p>\n<p>kr\u00e1sn\u00fd mourat\u00fd Gigolo<\/p>\n<p>&nbsp;<\/p>\n<p>A za n\u00edm zlehounka<\/p>\n<p>Ale najisto<\/p>\n<p>\u010cernob\u00edl\u00fd Don Juan<\/p>\n<p>&nbsp;<\/p>\n<p>\u010cemu ses to prop\u016fj\u010dil,<\/p>\n<p>Moure\u010dku, kocou\u0159\u00ed d\u011bve\u010dko,<\/p>\n<p>Chud\u00e1\u010dku tepl\u00e1,<\/p>\n<p>\u017de cel\u00e1 ves se za tebou sch\u00e1z\u00ed?<\/p>\n<p>&nbsp;<\/p>\n<p>Copak t\u011b \u010dern\u00fd Uhl\u00edk<\/p>\n<p>V krbu rodinn\u00e9m<\/p>\n<p>U\u017e p\u0159estal h\u0159\u00e1t?<\/p>\n<p>&nbsp;<\/p>\n<p>Nebo t\u011b on zaprodal<\/p>\n<p>Kdy\u017e te\u010f stoj\u00ed opod\u00e1l<\/p>\n<p>A ani nevn\u00edm\u00e1 to rejd\u011bn\u00ed?<\/p>\n<p>&nbsp;<\/p>\n<p>Tolik jsem v\u011b\u0159ila va\u0161\u00ed l\u00e1sce,<\/p>\n<p>Va\u0161\u00ed pokrokov\u00e9 l\u00e1sce<\/p>\n<p>Tady na vsi.\u00a0 (29.4.2014)<\/p>\n<p>&nbsp;<\/p>\n<p><strong>STRAKAPOUD<\/strong><\/p>\n<p>Pes \u017eivota mnou drav\u011b vl\u00e1\u010d\u00ed<\/p>\n<p>And\u011blsk\u00e9 k\u016fry bur\u00e1cej\u00ed<\/p>\n<p>Bojov\u00fdm zp\u011bvem<\/p>\n<p>m\u00fdch nespln\u011bn\u00fdch povinnost\u00ed<\/p>\n<p>Promarn\u011bn\u00fdch p\u0159\u00edle\u017eitost\u00ed<\/p>\n<p>Ubl\u00ed\u017een\u00edch bli\u017en\u00edmu sv\u00e9mu&#8230;<\/p>\n<p>&nbsp;<\/p>\n<p>&#8230; Jen b\u00fdt chv\u00edli s touto strakou<\/p>\n<p>na dr\u00e1t\u011b n\u00e1dra\u017en\u00edm<\/p>\n<p>Sd\u00edlet jej\u00ed kur\u00e1\u017e<\/p>\n<p>je\u017e se vrh\u00e1 st\u0159emhlav<\/p>\n<p>Slep\u00fdm skokem v\u00edry<\/p>\n<p>Ve sv\u00e1 k\u0159\u00eddla. (13.5.2014)<\/p>\n<p>&nbsp;<\/p>\n<p><strong>ZVL\u010cET\u00a0<\/strong><\/p>\n<p>Nad r\u00e1nem v poli vl\u010d\u00ed m\u00e1ky<\/p>\n<p>\u010e\u00e1blovo rud\u00e9 s\u00e9m\u011b<\/p>\n<p>Plevel zatracen\u00fd<\/p>\n<p>Zavr\u017een\u00fd<\/p>\n<p>N\u00e1dhern\u00fd<\/p>\n<p>Sprost\u00fd a zvrhl\u00fd<\/p>\n<p>V se\u0161ikovan\u00e9m obil\u00ed<\/p>\n<p>Ur\u010den\u00e9m na chleba P\u00e1n\u011b (24.5.2014)<\/p>\n<p>&nbsp;<\/p>\n<p><strong>JEZERO SM\u00cdCHU<\/strong><\/p>\n<p>Je\u0161t\u011b dnes se chci koupat<\/p>\n<p>V magick\u00e9m jezeru sm\u00edchu<\/p>\n<p>v hloubce lesa srdce,<\/p>\n<p>obletov\u00e1na racky chechtav\u00fdmi,<\/p>\n<p>lecht\u00e1na lehk\u00fdmi ryb\u00edmi oc\u00e1sky,<\/p>\n<p>zm\u00edt\u00e1na p\u0159\u00edlivy el\u00e1nu,<\/p>\n<p>a \u017e\u00edt a\u017e na v\u011bky mezi<\/p>\n<p>sam\u00fdmi ochechulemi. (24.5.2014)<\/p>\n<p>&nbsp;<\/p>\n<p><strong>POZDN\u011a LETN\u00cd PROCH\u00c1ZKA<\/strong><\/p>\n<p>L\u00edn\u00e9 a tlust\u00e9 Labe se val\u00ed jako opilc\u016fv oplzl\u00fd jazyk.<\/p>\n<p>V\u00edtr do n\u011bj bujn\u00fdmi tahy \u0161t\u011btce rozt\u00edr\u00e1 sv\u016fj akvarel.<\/p>\n<p>A v\u0161ude nad n\u00e1mi se ty\u010d\u00ed honosn\u00e9 hrady mrak\u016f.<\/p>\n<p>Vla\u0161tovka bu\u0161\u00ed sv\u00fdmi k\u0159\u00eddly do tup\u00e9ho v\u011btru<\/p>\n<p>Stejn\u011b jako m\u00e9 srdce bu\u0161\u00ed horkem ve\u010dera.<\/p>\n<p>Po Labi se plav\u00ed b\u00e1sn\u00ed\u0159ka se svou konkub\u00ednou<\/p>\n<p>P\u0159\u00edmo do m\u00e9 b\u00e1sn\u011b.<\/p>\n<p>P\u0159\u00edroda vzru\u0161en\u011b d\u00fdch\u00e1 pl\u00edcemi strom\u016f,<\/p>\n<p>Chv\u011bje se, a\u017e jej\u00ed mil\u00e1\u010dek podzim p\u0159ijde<\/p>\n<p>A svl\u00e9kne ji celou do naha. (18.8.2014)<\/p>\n<p>&nbsp;<\/p>\n<p><strong>VE\u010cERN\u00cd P\u00cdSE\u0147<\/strong><\/p>\n<p>Podv\u011bdom\u00ed zn\u011blo<\/p>\n<p>Prav\u011bk\u00fdm zvukem ozv\u011bn.<\/p>\n<p>Rozp\u00edjely se ve vzduchu<\/p>\n<p>Jako vodov\u00e9 barvy.<\/p>\n<p>V nebi se zrcadlily z\u00e1blesky my\u0161lenek<\/p>\n<p>A krajem zn\u011bl k\u0159ik d\u011btinsk\u00e9 radosti.<\/p>\n<p>&nbsp;<\/p>\n<p>A kdesi hluboko dole bylo sly\u0161et t\u00e9ct<\/p>\n<p>tichou svatou \u0159eku,<\/p>\n<p>Kter\u00e1 m\u011b kol\u00e9bala<\/p>\n<p>A vlekla za hranice v\u011bdom\u00ed,<\/p>\n<p>Do \u0159\u00ed\u0161e \u00fatuln\u00e9ho sp\u00e1nku.<\/p>\n<p>&nbsp;<\/p>\n<p><strong>CUKRKANDL<\/strong><\/p>\n<p>V\u00e1l\u00edm po jazyku<\/p>\n<p>Jedl\u00fd drahokam<\/p>\n<p>A mysl\u00edm<\/p>\n<p>Na d\u00e1vn\u00e9 pout\u011b d\u011btstv\u00ed<\/p>\n<p>S koloto\u010di a opicemi na gum\u011b<\/p>\n<p>Vzpom\u00edn\u00e1m<\/p>\n<p>na princezninu truhlu s bonb\u00f3ny<\/p>\n<p>kone\u010dn\u011b v\u00edm jak chutnaly<\/p>\n<p>M\u00e1 sladk\u00e1 ext\u00e1ze<\/p>\n<p>kon\u010d\u00ed od\u0159en\u00fdm jazykem.<\/p>\n<p>&nbsp;<\/p>\n<p><strong>NA PASTV\u00c1CH ZELEN\u00ddCH<\/strong><\/p>\n<p>Smrt n\u00e1s hon\u00ed<\/p>\n<p>jako nadmut\u00e9 kozy<\/p>\n<p>po louk\u00e1ch nadbytku<\/p>\n<p>p\u0159ebujel\u00fdch kr\u00e1sou<\/p>\n<p>kter\u00e9 nestihneme sp\u00e1st. (14.1.15)<\/p>\n<p>&nbsp;<\/p>\n<p><strong>PL\u00c1\u010c<\/strong><\/p>\n<p>Jsem pln\u00e1 nechutn\u00e9ho pl\u00e1\u010de<\/p>\n<p>Jako t\u011b\u017ek\u00e9 a hust\u00e9 v\u00edno m\u011b op\u00edj\u00ed<\/p>\n<p>A\u017e do nevolnosti a do bezv\u011bdom\u00ed<\/p>\n<p>Ten pl\u00e1\u010d je z temn\u00fdch mrak\u016f du\u0161e st\u00e1\u010den<\/p>\n<p>Jejich\u017e t\u011bla ji celou neprody\u0161n\u011b zakryj\u00ed<\/p>\n<p>A jak za dn\u016f Sodomy se ty\u010d\u00ed mezi nimi<\/p>\n<p>Mohutn\u00e9 a \u010dern\u00e9 sv\u011bdom\u00ed.<\/p>\n<p>(14.7.2015)<\/p>\n<p>&nbsp;<\/p>\n<p><strong>OSLAVA SMRTI<\/strong><\/p>\n<p>Dnes jsem smutn\u011b odstra\u0148ovala<\/p>\n<p>Schl\u00edplou mrtvolu kaktusu<\/p>\n<p>Zbyla z n\u011bj jen ostnat\u00e1 k\u016f\u017ee<\/p>\n<p>V ko\u0161i \u010dervi pokra\u010dovali v oslav\u00e1ch<\/p>\n<p>(24.8.2015)<\/p>\n<div class=\"fcbkbttn_buttons_block\" id=\"fcbkbttn_left\"><div class=\"fcbkbttn_button\">\n                            <a href=\"https:\/\/www.facebook.com\/tom.patrick.509\" target=\"_blank\">\n                                <img decoding=\"async\" src=\"https:\/\/eldar.cz\/tompatrick\/wp-content\/plugins\/facebook-button-plugin\/images\/large-facebook-ico.png\" alt=\"Fb-Button\" \/>\n                            <\/a>\n                        <\/div><div class=\"fcbkbttn_like fcbkbttn_large_button\"><fb:like href=\"https:\/\/eldar.cz\/tompatrick\/mix\/nove-basne-cast-3-katerina-malkova\" action=\"like\" colorscheme=\"light\" layout=\"standard\"  width=\"225px\" size=\"large\"><\/fb:like><\/div><div class=\"fb-share-button fcbkbttn_large_button \" data-href=\"https:\/\/eldar.cz\/tompatrick\/mix\/nove-basne-cast-3-katerina-malkova\" data-type=\"button_count\" data-size=\"large\"><\/div><\/div>","protected":false},"excerpt":{"rendered":"<p>ZAHRADN\u00cd B\u00c1SE\u0147 L\u00edda \u010dte Den Trifid\u016f Na zahrad\u011b &nbsp; Brzy se za\u010dne D\u011bsit \u017de po n\u00ed p\u016fjde tr\u00e1va \u0158EZN\u00cdK \u0158ezn\u00edk na sebe vzal na\u0161i vinu Kdy\u017e za\u0159\u00edzl tu kr\u00e1vu Kterou jsme dnes m\u011bli k ob\u011bdu. Op\u011bt se nikdo nestal vegetari\u00e1nem. &hellip; <a href=\"https:\/\/eldar.cz\/tompatrick\/mix\/nove-basne-cast-3-katerina-malkova\">Cel\u00fd p\u0159\u00edsp\u011bvek <span class=\"meta-nav\">&rarr;<\/span><\/a><\/p>\n","protected":false},"author":2,"featured_media":0,"comment_status":"open","ping_status":"open","sticky":false,"template":"","format":"standard","meta":{"_s2mail":"yes","footnotes":""},"categories":[25],"tags":[],"class_list":["post-1652","post","type-post","status-publish","format-standard","hentry","category-mix"],"_links":{"self":[{"href":"https:\/\/eldar.cz\/tompatrick\/wp-json\/wp\/v2\/posts\/1652","targetHints":{"allow":["GET"]}}],"collection":[{"href":"https:\/\/eldar.cz\/tompatrick\/wp-json\/wp\/v2\/posts"}],"about":[{"href":"https:\/\/eldar.cz\/tompatrick\/wp-json\/wp\/v2\/types\/post"}],"author":[{"embeddable":true,"href":"https:\/\/eldar.cz\/tompatrick\/wp-json\/wp\/v2\/users\/2"}],"replies":[{"embeddable":true,"href":"https:\/\/eldar.cz\/tompatrick\/wp-json\/wp\/v2\/comments?post=1652"}],"version-history":[{"count":1,"href":"https:\/\/eldar.cz\/tompatrick\/wp-json\/wp\/v2\/posts\/1652\/revisions"}],"predecessor-version":[{"id":1653,"href":"https:\/\/eldar.cz\/tompatrick\/wp-json\/wp\/v2\/posts\/1652\/revisions\/1653"}],"wp:attachment":[{"href":"https:\/\/eldar.cz\/tompatrick\/wp-json\/wp\/v2\/media?parent=1652"}],"wp:term":[{"taxonomy":"category","embeddable":true,"href":"https:\/\/eldar.cz\/tompatrick\/wp-json\/wp\/v2\/categories?post=1652"},{"taxonomy":"post_tag","embeddable":true,"href":"https:\/\/eldar.cz\/tompatrick\/wp-json\/wp\/v2\/tags?post=1652"}],"curies":[{"name":"wp","href":"https:\/\/api.w.org\/{rel}","templated":true}]}}