{"id":1631,"date":"2016-09-26T09:00:17","date_gmt":"2016-09-26T07:00:17","guid":{"rendered":"http:\/\/eldar.cz\/tompatrick\/?p=1631"},"modified":"2016-03-05T17:01:39","modified_gmt":"2016-03-05T15:01:39","slug":"za-spizi-sss-autor-michal-hanus","status":"publish","type":"post","link":"https:\/\/eldar.cz\/tompatrick\/mix\/za-spizi-sss-autor-michal-hanus","title":{"rendered":"Za sp\u00ed\u017e\u00ed &#8220;\u0161\u0161\u0161&#8221; &#8211; (autor Michal Hanu\u0161)"},"content":{"rendered":"<div class=\"fcbkbttn_buttons_block\" id=\"fcbkbttn_left\"><div class=\"fcbkbttn_button\">\n                            <a href=\"https:\/\/www.facebook.com\/tom.patrick.509\" target=\"_blank\">\n                                <img decoding=\"async\" src=\"https:\/\/eldar.cz\/tompatrick\/wp-content\/plugins\/facebook-button-plugin\/images\/large-facebook-ico.png\" alt=\"Fb-Button\" \/>\n                            <\/a>\n                        <\/div><div class=\"fcbkbttn_like fcbkbttn_large_button\"><fb:like href=\"https:\/\/eldar.cz\/tompatrick\/mix\/za-spizi-sss-autor-michal-hanus\" action=\"like\" colorscheme=\"light\" layout=\"standard\"  width=\"225px\" size=\"large\"><\/fb:like><\/div><div class=\"fb-share-button fcbkbttn_large_button \" data-href=\"https:\/\/eldar.cz\/tompatrick\/mix\/za-spizi-sss-autor-michal-hanus\" data-type=\"button_count\" data-size=\"large\"><\/div><\/div><p align=\"LEFT\"><span style=\"color: #00000a; font-family: Calibri; font-size: small;\">Nel\u00e9tej, kdy\u017e nemus\u00ed\u0161,<\/span><\/p>\n<p align=\"LEFT\"><span style=\"color: #00000a; font-family: Calibri; font-size: small;\">i ten pt\u00e1\u010dek najde skr\u00fd\u0161.<\/span><\/p>\n<p align=\"LEFT\"><span style=\"color: #00000a; font-family: Calibri; font-size: small;\">Kam dolet\u011bl se nedozv\u00ed\u0161.<\/span><\/p>\n<p align=\"LEFT\"><span style=\"color: #00000a; font-family: Calibri; font-size: small;\">Stejnak ten, kdy\u017e zahal\u00ed\u0161,<\/span><\/p>\n<p align=\"LEFT\"><span style=\"color: #00000a; font-family: Calibri; font-size: small;\">\u00a0<\/span><\/p>\n<p align=\"LEFT\"><span style=\"color: #00000a; font-family: Calibri; font-size: small;\">hl\u00ednou n\u011bkam ten hal\u00ed\u0159.<\/span><\/p>\n<p align=\"LEFT\"><span style=\"color: #00000a; font-family: Calibri; font-size: small;\">Pro \u0161t\u011bst\u00ed i sv\u00edt\u00e1, v\u00ed\u0161?<\/span><\/p>\n<p align=\"LEFT\"><span style=\"color: #00000a; font-family: Calibri; font-size: small;\">Slunko, ten Pan mal\u00ed\u0159,<\/span><\/p>\n<p align=\"LEFT\"><span style=\"color: #00000a; font-family: Calibri; font-size: small;\">Poka\u017ed\u00e9 se s\u00a0t\u00edm s\u00e1m smi\u0159,<\/span><\/p>\n<p align=\"LEFT\"><span style=\"color: #00000a; font-family: Calibri; font-size: small;\">\u00a0<\/span><\/p>\n<p align=\"LEFT\"><span style=\"color: #00000a; font-family: Calibri; font-size: small;\">a jinak, kdy\u017e vid\u00ed\u0161 m\u0159\u00ed\u017e?<\/span><\/p>\n<p align=\"LEFT\"><span style=\"color: #00000a; font-family: Calibri; font-size: small;\">Co pozd\u011b &#8211; to usp\u00ed\u0161\u00ed\u0161!<\/span><\/p>\n<p align=\"LEFT\"><span style=\"color: #00000a; font-family: Calibri; font-size: small;\">Kolik hodno d\u00e1t v\u00a0svou sp\u00ed\u017e;<\/span><\/p>\n<p align=\"LEFT\"><span style=\"color: #00000a; font-family: Calibri; font-size: small;\">milou svou zas p\u0159ikr\u00e1\u0161l\u00ed\u0161<\/span><\/p>\n<p align=\"LEFT\"><span style=\"color: #00000a; font-family: Calibri; font-size: small;\">\u00a0<\/span><\/p>\n<p align=\"LEFT\"><span style=\"color: #00000a; font-family: Calibri; font-size: small;\">kr\u00e1sn\u00e9 kdyby, s\u00e1m vz\u00edt sm\u00ed\u0161!<\/span><\/p>\n<p align=\"LEFT\"><span style=\"color: #00000a; font-family: Calibri; font-size: small;\">Polibkem ji usm\u00ed\u0159\u00ed\u0161,<\/span><\/p>\n<p align=\"LEFT\"><span style=\"color: #00000a; font-family: Calibri; font-size: small;\">do kouta, jak za\u0161it\u00e1 my\u0161,<\/span><\/p>\n<p align=\"LEFT\"><span style=\"color: #00000a; font-family: Calibri; font-size: small;\">b\u011b\u017e\u00ed\u0161.. jablko hnedle sn\u00ed\u0161.<\/span><\/p>\n<p align=\"LEFT\"><span style=\"color: #00000a; font-family: Calibri; font-size: small;\">\u00a0<\/span><\/p>\n<p align=\"LEFT\"><span style=\"color: #00000a; font-family: Calibri; font-size: small;\">P\u0159\u00e1n\u00ed d\u011btem, co znaj\u00ed ply\u0161.<\/span><\/p>\n<p align=\"LEFT\"><span style=\"color: #00000a; font-family: Calibri; font-size: small;\">Jak starat se ty promysl\u00ed\u0161,<\/span><\/p>\n<p align=\"LEFT\"><span style=\"color: #00000a; font-family: Calibri; font-size: small;\">ne na holou?, tak co c\u00edt\u00ed\u0161?<\/span><\/p>\n<p align=\"LEFT\"><span style=\"color: #00000a; font-family: Calibri; font-size: small;\">Vyzkou\u0161\u00ed\u0161, zaplat\u00ed\u0161, hned si pi\u0161!<\/span><\/p>\n<div class=\"fcbkbttn_buttons_block\" id=\"fcbkbttn_left\"><div class=\"fcbkbttn_button\">\n                            <a href=\"https:\/\/www.facebook.com\/tom.patrick.509\" target=\"_blank\">\n                                <img decoding=\"async\" src=\"https:\/\/eldar.cz\/tompatrick\/wp-content\/plugins\/facebook-button-plugin\/images\/large-facebook-ico.png\" alt=\"Fb-Button\" \/>\n                            <\/a>\n                        <\/div><div class=\"fcbkbttn_like fcbkbttn_large_button\"><fb:like href=\"https:\/\/eldar.cz\/tompatrick\/mix\/za-spizi-sss-autor-michal-hanus\" action=\"like\" colorscheme=\"light\" layout=\"standard\"  width=\"225px\" size=\"large\"><\/fb:like><\/div><div class=\"fb-share-button fcbkbttn_large_button \" data-href=\"https:\/\/eldar.cz\/tompatrick\/mix\/za-spizi-sss-autor-michal-hanus\" data-type=\"button_count\" data-size=\"large\"><\/div><\/div>","protected":false},"excerpt":{"rendered":"<p>Nel\u00e9tej, kdy\u017e nemus\u00ed\u0161, i ten pt\u00e1\u010dek najde skr\u00fd\u0161. Kam dolet\u011bl se nedozv\u00ed\u0161. Stejnak ten, kdy\u017e zahal\u00ed\u0161, \u00a0 hl\u00ednou n\u011bkam ten hal\u00ed\u0159. Pro \u0161t\u011bst\u00ed i sv\u00edt\u00e1, v\u00ed\u0161? Slunko, ten Pan mal\u00ed\u0159, Poka\u017ed\u00e9 se s\u00a0t\u00edm s\u00e1m smi\u0159, \u00a0 a jinak, kdy\u017e vid\u00ed\u0161 &hellip; <a href=\"https:\/\/eldar.cz\/tompatrick\/mix\/za-spizi-sss-autor-michal-hanus\">Cel\u00fd p\u0159\u00edsp\u011bvek <span class=\"meta-nav\">&rarr;<\/span><\/a><\/p>\n","protected":false},"author":2,"featured_media":0,"comment_status":"open","ping_status":"open","sticky":false,"template":"","format":"standard","meta":{"_s2mail":"yes","footnotes":""},"categories":[25],"tags":[],"class_list":["post-1631","post","type-post","status-publish","format-standard","hentry","category-mix"],"_links":{"self":[{"href":"https:\/\/eldar.cz\/tompatrick\/wp-json\/wp\/v2\/posts\/1631","targetHints":{"allow":["GET"]}}],"collection":[{"href":"https:\/\/eldar.cz\/tompatrick\/wp-json\/wp\/v2\/posts"}],"about":[{"href":"https:\/\/eldar.cz\/tompatrick\/wp-json\/wp\/v2\/types\/post"}],"author":[{"embeddable":true,"href":"https:\/\/eldar.cz\/tompatrick\/wp-json\/wp\/v2\/users\/2"}],"replies":[{"embeddable":true,"href":"https:\/\/eldar.cz\/tompatrick\/wp-json\/wp\/v2\/comments?post=1631"}],"version-history":[{"count":1,"href":"https:\/\/eldar.cz\/tompatrick\/wp-json\/wp\/v2\/posts\/1631\/revisions"}],"predecessor-version":[{"id":1632,"href":"https:\/\/eldar.cz\/tompatrick\/wp-json\/wp\/v2\/posts\/1631\/revisions\/1632"}],"wp:attachment":[{"href":"https:\/\/eldar.cz\/tompatrick\/wp-json\/wp\/v2\/media?parent=1631"}],"wp:term":[{"taxonomy":"category","embeddable":true,"href":"https:\/\/eldar.cz\/tompatrick\/wp-json\/wp\/v2\/categories?post=1631"},{"taxonomy":"post_tag","embeddable":true,"href":"https:\/\/eldar.cz\/tompatrick\/wp-json\/wp\/v2\/tags?post=1631"}],"curies":[{"name":"wp","href":"https:\/\/api.w.org\/{rel}","templated":true}]}}