{"id":1621,"date":"2016-08-22T09:00:50","date_gmt":"2016-08-22T07:00:50","guid":{"rendered":"http:\/\/eldar.cz\/tompatrick\/?p=1621"},"modified":"2016-03-05T16:41:08","modified_gmt":"2016-03-05T14:41:08","slug":"otisk-v-rohu-ticho-zrozeni-autor-michal-hanus","status":"publish","type":"post","link":"https:\/\/eldar.cz\/tompatrick\/mix\/otisk-v-rohu-ticho-zrozeni-autor-michal-hanus","title":{"rendered":"Otisk v rohu, Ticho, Zrozen\u00ed (autor &#8211; Michal Hanu\u0161)"},"content":{"rendered":"<div class=\"fcbkbttn_buttons_block\" id=\"fcbkbttn_left\"><div class=\"fcbkbttn_button\">\n                            <a href=\"https:\/\/www.facebook.com\/tom.patrick.509\" target=\"_blank\">\n                                <img decoding=\"async\" src=\"https:\/\/eldar.cz\/tompatrick\/wp-content\/plugins\/facebook-button-plugin\/images\/large-facebook-ico.png\" alt=\"Fb-Button\" \/>\n                            <\/a>\n                        <\/div><div class=\"fcbkbttn_like fcbkbttn_large_button\"><fb:like href=\"https:\/\/eldar.cz\/tompatrick\/mix\/otisk-v-rohu-ticho-zrozeni-autor-michal-hanus\" action=\"like\" colorscheme=\"light\" layout=\"standard\"  width=\"225px\" size=\"large\"><\/fb:like><\/div><div class=\"fb-share-button fcbkbttn_large_button \" data-href=\"https:\/\/eldar.cz\/tompatrick\/mix\/otisk-v-rohu-ticho-zrozeni-autor-michal-hanus\" data-type=\"button_count\" data-size=\"large\"><\/div><\/div><p><strong>Otisk v rohu<\/strong><\/p>\n<p>My\u0161lenky v oblac\u00edch<\/p>\n<p>a pak hned na l\u00edc\u00edch,<\/p>\n<p>rum\u011bnec st\u0159\u00eddaj\u00edc\u00ed strnulost&#8230;<\/p>\n<p>Oblaka v my\u0161lenk\u00e1ch,<\/p>\n<p>bez svitu na ruk\u00e1ch,<\/p>\n<p>d\u00fdm, jen\u017e hal\u00ed minulost&#8230;<\/p>\n<p>&nbsp;<\/p>\n<p>S rozumem u konce<\/p>\n<p>a s l\u00e1skou p\u0159ipom\u00ednaj\u00edc\u00ed emoce,<\/p>\n<p>\u010dist\u00e9 pl\u00e1tno se objevilo znovu&#8230;<\/p>\n<p>S rozumem v za\u010d\u00e1tc\u00edch<\/p>\n<p>zp\u00edv\u00e1m si o b\u00e1sn\u00edch:<\/p>\n<p>pravdiv\u00fdm slovem, n\u00e1padem i v \u010dinu.<\/p>\n<p>&nbsp;<\/p>\n<p>Sen je Tv\u016fj \u017eivot.<\/p>\n<p>Nesni u\u017e tu l\u00edtost &#8211;<\/p>\n<p>jen Tv\u016fj \u010das je ten zlod\u011bj..<\/p>\n<p>\u017divot je Tv\u016fj sen.<\/p>\n<p>Ka\u017ed\u00fd up\u0159\u00edmn\u00fd nov\u00fd den,<\/p>\n<p>bez nov\u00fdch chmur j\u00edti ven.<\/p>\n<p>&nbsp;<\/p>\n<p><span style=\"font-size: xx-large;\"><b>Ticho<\/b><\/span><\/p>\n<p>&nbsp;<\/p>\n<p>Slunce m\u011b p\u00e1l\u00ed do o\u010d\u00ed,<\/p>\n<p>my\u0161lenka hlavou prob\u011bhne,<\/p>\n<p>\u017ee je ten sv\u011bt kr\u00e1sn\u00fd..<\/p>\n<p>Mravenec s b\u011bhu si posko\u010d\u00ed,<\/p>\n<p>kolem m\u011b jak blesk se mihne<\/p>\n<p>a zas p\u00ed\u0161u b\u00e1sni\u010dky vz\u00e1cn\u00fd.<\/p>\n<p>&nbsp;<\/p>\n<p>Sv\u011btlo, a\u010dkoli za dne se oto\u010d\u00ed,<\/p>\n<p>m\u011bs\u00edcem v noci si posteskne.<\/p>\n<p>Ka\u017ed\u00fd jdeme dokola za sny.<\/p>\n<p>M\u00e1te \u017eivot jako j\u00e1 &#8211; jepi\u010d\u00ed?<\/p>\n<p>Ticho je pr\u00e1zdn\u00e9, kdy\u017e ulehne<\/p>\n<p>a hluk jako \u0159eka bort\u00ed v\u0161echny zdi.<\/p>\n<p>&nbsp;<\/p>\n<p><strong>Zrozen\u00ed<\/strong><\/p>\n<p>Jm\u00e9no vtiskli mi do dlan\u011b&#8230;<\/p>\n<p>\u010casem prom\u011bna \u010dek\u00e1 i m\u011b.<\/p>\n<p>Te\u010f souzn\u011bn\u00edm c\u00edt\u00edm se v\u0161ak opojen,<\/p>\n<p>m\u016f\u017eu b\u00fdt st\u00e1le jen p\u0159ipraven?<\/p>\n<p>&nbsp;<\/p>\n<p>Okam\u017eik te\u010f a tu; a u\u017e je pry\u010d&#8230;<\/p>\n<p>Srdce \u0159\u00edk\u00e1: &#8220;v\u017edy\u0165 m\u00e1\u0161 kl\u00ed\u010d!&#8221;<\/p>\n<p>Tik, tak \u2013 a pak pochoduj\u00edc\u00ed hodiny.<\/p>\n<p>Rozum k\u0159i\u010d\u00ed: &#8220;ve\u010f, hlavo rodiny!&#8221;<\/p>\n<p>&nbsp;<\/p>\n<p>Zm\u011bna mo\u017en\u00e1 m\u011b lek\u00e1..<\/p>\n<p>P\u0159\u00edtomnost se vp\u00edj\u00ed, srk\u00e1.<\/p>\n<p>Jen N\u00e1\u0161 boj je p\u0159edzv\u011bst\u00ed \u00fasp\u011bchu,<\/p>\n<p>\u010dasem v dru\u017ece najdeme svou \u00fat\u011bchu.<\/p>\n<p>&nbsp;<\/p>\n<p>K\u00e1men s hrudi zas shod\u00edme..<\/p>\n<p>B\u016fh jen tu\u0161\u00ed to, co my v\u00edme:<\/p>\n<p>\u017ee ob\u010das jen o m\u00e1lo \u017e\u00e1d\u00e1me:<\/p>\n<p>&#8220;nic j\u00e1, ni jin\u00fd, nestr\u00e1d\u00e1me&#8221;!<\/p>\n<div class=\"fcbkbttn_buttons_block\" id=\"fcbkbttn_left\"><div class=\"fcbkbttn_button\">\n                            <a href=\"https:\/\/www.facebook.com\/tom.patrick.509\" target=\"_blank\">\n                                <img decoding=\"async\" src=\"https:\/\/eldar.cz\/tompatrick\/wp-content\/plugins\/facebook-button-plugin\/images\/large-facebook-ico.png\" alt=\"Fb-Button\" \/>\n                            <\/a>\n                        <\/div><div class=\"fcbkbttn_like fcbkbttn_large_button\"><fb:like href=\"https:\/\/eldar.cz\/tompatrick\/mix\/otisk-v-rohu-ticho-zrozeni-autor-michal-hanus\" action=\"like\" colorscheme=\"light\" layout=\"standard\"  width=\"225px\" size=\"large\"><\/fb:like><\/div><div class=\"fb-share-button fcbkbttn_large_button \" data-href=\"https:\/\/eldar.cz\/tompatrick\/mix\/otisk-v-rohu-ticho-zrozeni-autor-michal-hanus\" data-type=\"button_count\" data-size=\"large\"><\/div><\/div>","protected":false},"excerpt":{"rendered":"<p>Otisk v rohu My\u0161lenky v oblac\u00edch a pak hned na l\u00edc\u00edch, rum\u011bnec st\u0159\u00eddaj\u00edc\u00ed strnulost&#8230; Oblaka v my\u0161lenk\u00e1ch, bez svitu na ruk\u00e1ch, d\u00fdm, jen\u017e hal\u00ed minulost&#8230; &nbsp; S rozumem u konce a s l\u00e1skou p\u0159ipom\u00ednaj\u00edc\u00ed emoce, \u010dist\u00e9 pl\u00e1tno se objevilo znovu&#8230; &hellip; <a href=\"https:\/\/eldar.cz\/tompatrick\/mix\/otisk-v-rohu-ticho-zrozeni-autor-michal-hanus\">Cel\u00fd p\u0159\u00edsp\u011bvek <span class=\"meta-nav\">&rarr;<\/span><\/a><\/p>\n","protected":false},"author":2,"featured_media":0,"comment_status":"open","ping_status":"open","sticky":false,"template":"","format":"standard","meta":{"_s2mail":"yes","footnotes":""},"categories":[25],"tags":[],"class_list":["post-1621","post","type-post","status-publish","format-standard","hentry","category-mix"],"_links":{"self":[{"href":"https:\/\/eldar.cz\/tompatrick\/wp-json\/wp\/v2\/posts\/1621","targetHints":{"allow":["GET"]}}],"collection":[{"href":"https:\/\/eldar.cz\/tompatrick\/wp-json\/wp\/v2\/posts"}],"about":[{"href":"https:\/\/eldar.cz\/tompatrick\/wp-json\/wp\/v2\/types\/post"}],"author":[{"embeddable":true,"href":"https:\/\/eldar.cz\/tompatrick\/wp-json\/wp\/v2\/users\/2"}],"replies":[{"embeddable":true,"href":"https:\/\/eldar.cz\/tompatrick\/wp-json\/wp\/v2\/comments?post=1621"}],"version-history":[{"count":1,"href":"https:\/\/eldar.cz\/tompatrick\/wp-json\/wp\/v2\/posts\/1621\/revisions"}],"predecessor-version":[{"id":1622,"href":"https:\/\/eldar.cz\/tompatrick\/wp-json\/wp\/v2\/posts\/1621\/revisions\/1622"}],"wp:attachment":[{"href":"https:\/\/eldar.cz\/tompatrick\/wp-json\/wp\/v2\/media?parent=1621"}],"wp:term":[{"taxonomy":"category","embeddable":true,"href":"https:\/\/eldar.cz\/tompatrick\/wp-json\/wp\/v2\/categories?post=1621"},{"taxonomy":"post_tag","embeddable":true,"href":"https:\/\/eldar.cz\/tompatrick\/wp-json\/wp\/v2\/tags?post=1621"}],"curies":[{"name":"wp","href":"https:\/\/api.w.org\/{rel}","templated":true}]}}