{"id":1595,"date":"2016-06-13T09:00:04","date_gmt":"2016-06-13T07:00:04","guid":{"rendered":"http:\/\/eldar.cz\/tompatrick\/?p=1595"},"modified":"2016-02-20T11:28:30","modified_gmt":"2016-02-20T09:28:30","slug":"trnite-ruzi-28","status":"publish","type":"post","link":"https:\/\/eldar.cz\/tompatrick\/trnite-ruzi\/trnite-ruzi-28","title":{"rendered":"Trnit\u00e9 r\u016f\u017e\u00ed (28)"},"content":{"rendered":"<div class=\"fcbkbttn_buttons_block\" id=\"fcbkbttn_left\"><div class=\"fcbkbttn_button\">\n                            <a href=\"https:\/\/www.facebook.com\/tom.patrick.509\" target=\"_blank\">\n                                <img decoding=\"async\" src=\"https:\/\/eldar.cz\/tompatrick\/wp-content\/plugins\/facebook-button-plugin\/images\/large-facebook-ico.png\" alt=\"Fb-Button\" \/>\n                            <\/a>\n                        <\/div><div class=\"fcbkbttn_like fcbkbttn_large_button\"><fb:like href=\"https:\/\/eldar.cz\/tompatrick\/trnite-ruzi\/trnite-ruzi-28\" action=\"like\" colorscheme=\"light\" layout=\"standard\"  width=\"225px\" size=\"large\"><\/fb:like><\/div><div class=\"fb-share-button fcbkbttn_large_button \" data-href=\"https:\/\/eldar.cz\/tompatrick\/trnite-ruzi\/trnite-ruzi-28\" data-type=\"button_count\" data-size=\"large\"><\/div><\/div><p>Mil\u00fd Vladim\u00edre,<\/p>\n<p>nesm\u00edrn\u011b m\u011b pot\u011b\u0161ilo, \u017ee jsem V\u00e1s zastihla minul\u00fd t\u00fdden v Podzemn\u00ed rajon\u00e1d\u011b. Na na\u0161e spole\u010dn\u00e9 shled\u00e1n\u00ed velice r\u00e1da vzpom\u00edn\u00e1m, bylo to moc p\u011bkn\u00e9 str\u00e1ven\u00e9 odpoledne. Jen chci, abyste v\u011bd\u011bl, \u017ee m\u00e1m pro Va\u0161e n\u00e1zory pochopen\u00ed. I j\u00e1 se dozn\u00e1v\u00e1m, nen\u00ed jednoduch\u00e9 \u017e\u00edti v dne\u0161n\u00ed hektick\u00e9 dob\u011b. Kdy\u017e lidstvo nesu\u017euj\u00ed v\u00e1lky \u010di hladomor, zrad\u00ed ho jeho vlastn\u00ed zdrav\u00ed. To v\u0161e je velice nemil\u00e9. \u010clov\u011bk by se na ono zl\u00e9 v\u0161ak nem\u011bl p\u0159\u00edli\u0161 up\u00ednati a sna\u017eit se v \u017eivot\u011b nach\u00e1zeti i ono pozitivn\u00ed.<\/p>\n<p>I j\u00e1 n\u011bjak\u00fd ten dlouh\u00fd \u010das na tom nebyla dob\u0159e, jak jsem V\u00e1m referovala. Su\u017eoval m\u011b zhoubn\u00fd rakovinov\u00fd n\u00e1dor. Ale l\u00e9\u010dba nakonec dopadla dob\u0159e, \u0161t\u011bst\u00ed \u017ee v na\u0161em rodn\u00e9m m\u011bst\u011b s\u00eddl\u00ed Winsternsk\u00fd rod \u0159\u00e1du lebonsk\u00fdch lid\u00ed. Jejich alternativn\u00ed l\u00e9\u010debn\u00e9 metody jsou v\u00e1\u017en\u011b k nezaplacen\u00ed. A co teprve ona posv\u00e1tn\u00e1 Winsternsk\u00e1 ko\u010di\u010dka, co um\u00ed z t\u011bla vytahovat pr\u00e1v\u011b ony rakovinov\u00e9 n\u00e1dory a l\u00e9\u010d\u00ed n\u00e1sledky v\u00e1\u017en\u00fdch poran\u011bn\u00ed. Ani nev\u00edte jak jsem vd\u011b\u010dna za svoji novou \u017eivotn\u00ed \u0161anci.<\/p>\n<p>V brzk\u00e9 dob\u011b vyr\u00e1\u017e\u00edm se svoj\u00ed kamar\u00e1dkou Katkou, s n\u00ed\u017e jsem se sezn\u00e1mila pr\u00e1v\u011b v s\u00eddle Sylviina \u0158\u00e1du, kde prob\u00edhala m\u00e1 hospitalizace, znovu do on\u011bch m\u00edst. \u010cek\u00e1 n\u00e1s tam v\u00fdsadba L\u00c9KORINEK. V\u00e1\u017e\u00edm si toho, \u017ee t\u00edmto mohu pomoci t\u011bm, co str\u00e1daj\u00ed. Na dan\u00e9m m\u00edst\u011b s Katkou str\u00e1v\u00edme cel\u00fd jeden m\u011bs\u00edc. U\u017e se nemohu do\u010dkat. Pokud byste m\u011bl, Vladim\u00edre, chu\u0165 a \u010das, m\u016f\u017eete se p\u0159ipojit. Budu jenom r\u00e1da.<\/p>\n<p>Po p\u011bti letech zhoubn\u00e9ho utrpen\u00ed mohu kone\u010dn\u011b \u0159\u00edci: c\u00edt\u00edm se dob\u0159e. Winsternsk\u00fd rod \u0159\u00e1du lebonsk\u00fdch lid\u00ed si tak nemohu vynachv\u00e1lit. T\u00edm v\u0161ak nechci zcela odsoudit klasickou medic\u00ednu. I l\u00e9ka\u0159i a dokto\u0159i se mi sna\u017eili pomoci, jak jen to bylo v jejich sil\u00e1ch. Ale n\u011bkdy se zkr\u00e1tka nezada\u0159\u00ed. I tak m\u00e1m pochopen\u00ed pro jejich n\u00e1ro\u010dn\u00e9 povol\u00e1n\u00ed a i jim zp\u011btn\u011b d\u011bkuji za p\u00e9\u010di, j\u00ed\u017e mi byli schopni poskytnout.<\/p>\n<p>Jak z m\u00fdch \u00fast bylo ji\u017e vy\u0159\u010deno, m\u016f\u017eeme se potkat u Sylviina \u0158\u00e1du. Pokud by se V\u00e1m to nehodilo, je je\u0161t\u011b jedna mo\u017enost, jak se v nejbli\u017e\u0161\u00ed dob\u011b sej\u00edt. Za \u010dtrn\u00e1ct dn\u00ed bude m\u00edt Katka v\u00fdstavu sv\u00fdch obraz\u016f u Rudolfa Mantena v jeho kav\u00e1rn\u011b Sanmantena. Vy, V\u00e1\u0161 syn i Va\u0161e pan\u00ed jste t\u00edmto srde\u010dn\u011b zv\u00e1ni.<\/p>\n<p>Pr\u00e1v\u011b ona malba mne posledn\u00ed m\u011bs\u00edce nesm\u00edrn\u011b pohltila. Je to opravdu vynikaj\u00edc\u00ed rehabilita\u010dn\u00ed terapie. Katka je zlat\u00ed\u010dko. U\u010d\u00ed mne malovat autoportr\u00e9ty \u010di mne zasv\u011bcuje do taj\u016f krajin. Pokud se po\u0161t\u011bst\u00ed, vyraz\u00edme spole\u010dn\u011b do \u0160pan\u011blska, kde bychom m\u011bly prod\u00e1vat pr\u00e1v\u011b ony obrazy, tak\u017ee spoj\u00edm dohromady u\u017eite\u010dn\u00e9 s u\u017eite\u010dn\u00fdm a zdokonal\u00edm se v angli\u010dtin\u011b. Nem\u00e1me tam ov\u0161em v pl\u00e1nu pouze pracovat, ale i relaxovat. Vlastn\u011b ji\u017e onen prodej obraz\u016f s Katkou bereme za p\u0159\u00edjemn\u011b str\u00e1ven\u00e9 chv\u00edle, tak snad se po\u0161t\u011bst\u00ed a \u017e\u00e1dn\u00e1 neo\u010dek\u00e1van\u00e1 ud\u00e1lost n\u00e1s nezasko\u010d\u00ed.<\/p>\n<p>A je\u0161t\u011b jednu novinku pro V\u00e1s, Vladim\u00edre, m\u00e1m. P\u0159\u00ed\u0161t\u00ed rok ukon\u010d\u00edm studia na zdej\u0161\u00edm mochnick\u00e9m gymn\u00e1ziu a budu se pokou\u0161et o zkou\u0161ky na pra\u017eskou konzervato\u0159. Prost\u011b nechci zahodit t\u011bch dev\u011bt let str\u00e1ven\u00fdch studiem hry na hoboj v m\u00edstn\u00ed lidu\u0161ce a nesm\u00edm opomenouti samoz\u0159ejm\u011b ani zp\u011bv. A kdo v\u00ed, t\u0159eba se mi po\u0161t\u011bst\u00ed, zkou\u0161ky \u00fasp\u011b\u0161n\u011b slo\u017e\u00edm a v budoucnu se hudb\u011b budu moci v\u011bnovat profesion\u00e1ln\u011b. Samoz\u0159ejm\u011b m\u00e1m p\u0159ipraven\u00fd i z\u00e1lo\u017en\u00ed pl\u00e1n, kdyby to n\u00e1hodou s onou konzervato\u0159\u00ed nevy\u0161lo a sice studium psychologie. I tak bych ale na hudbu nezanev\u0159ela, l\u00edbilo by se mi \u00fa\u010dinkovat v n\u011bjak\u00e9m EC popov\u00e9m uskupen\u00ed, kde bych uplatnila jak onu hru na onen hoboj, tak i zp\u011bv.<\/p>\n<p>Jsem p\u0159esv\u011bd\u010dena, \u017ee nejen j\u00e1 ale i vy jednoho dne dojdete sv\u00e9ho uzn\u00e1n\u00ed. V\u00edm, nen\u00ed to jednoduch\u00e9, nebo\u0165 \u017eijeme ve velice slo\u017eit\u00e9 dob\u011b, je\u017e p\u0159\u00edli\u0161 nep\u0159eje tv\u016fr\u010d\u00edm po\u010din\u016fm oby\u010dejn\u00fdch lid\u00ed. V\u0161e je p\u0159ev\u00fd\u0161eno touhou po zisku a pokud nen\u00ed zaji\u0161t\u011bna monstr\u00f3zn\u00ed reklama, v\u0161e snadno p\u0159ich\u00e1z\u00ed vnive\u010d. O tom se ji\u017e n\u011bkolikr\u00e1t p\u0159esv\u011bd\u010dil jeden m\u016fj kamar\u00e1d, jemu\u017e se povedlo vydat sb\u00edrku poezie po dlouh\u00fdch patn\u00e1cti letech.<\/p>\n<p>Doneslo se ke mn\u011b, \u017ee si d\u00e1v\u00e1te sch\u016fzky s Tomem Patrickem, on\u00edm pod\u011bbradsk\u00fdm rod\u00e1kem. Pros\u00edm, pozdravujte ho ode mne. Je velice z\u00e1slu\u017en\u00e9, \u017ee o na\u0161\u00ed Kataln\u00e9 Mochn\u011b pod\u00e1v\u00e1 zpr\u00e1vy okoln\u00edmu sv\u011btu. V\u00edm, Sylvie k Va\u0161emu p\u0159\u00edteli m\u011bla v minulosti jist\u00e9 v\u00fdhrady, v\u0161e zl\u00e9 ale bylo nakonec zapomenuto.<\/p>\n<p>Ka\u017ed\u00fd jsme n\u011bjak\u00fd, i j\u00e1 ob\u010das m\u00edv\u00e1m sv\u00e9 n\u00e1lady, ale poka\u017ed\u00e9 se je sna\u017e\u00edm n\u011bjak\u00fdm zp\u016fsobem p\u0159ekonat.<\/p>\n<p>Opatrujte se tedy a j\u00e1 se budu t\u011b\u0161it na na\u0161i novou sch\u016fzku.<\/p>\n<p>ps: Byl byste tak laskav, Vladim\u00edre, a zaslal mi n\u011bco m\u00e1lo ze sv\u00fdch spisovatelsk\u00fdch prac\u00ed?<\/p>\n<p>D\u011bkuji, Va\u0161e Martina<\/p>\n<div class=\"fcbkbttn_buttons_block\" id=\"fcbkbttn_left\"><div class=\"fcbkbttn_button\">\n                            <a href=\"https:\/\/www.facebook.com\/tom.patrick.509\" target=\"_blank\">\n                                <img decoding=\"async\" src=\"https:\/\/eldar.cz\/tompatrick\/wp-content\/plugins\/facebook-button-plugin\/images\/large-facebook-ico.png\" alt=\"Fb-Button\" \/>\n                            <\/a>\n                        <\/div><div class=\"fcbkbttn_like fcbkbttn_large_button\"><fb:like href=\"https:\/\/eldar.cz\/tompatrick\/trnite-ruzi\/trnite-ruzi-28\" action=\"like\" colorscheme=\"light\" layout=\"standard\"  width=\"225px\" size=\"large\"><\/fb:like><\/div><div class=\"fb-share-button fcbkbttn_large_button \" data-href=\"https:\/\/eldar.cz\/tompatrick\/trnite-ruzi\/trnite-ruzi-28\" data-type=\"button_count\" data-size=\"large\"><\/div><\/div>","protected":false},"excerpt":{"rendered":"<p>Mil\u00fd Vladim\u00edre, nesm\u00edrn\u011b m\u011b pot\u011b\u0161ilo, \u017ee jsem V\u00e1s zastihla minul\u00fd t\u00fdden v Podzemn\u00ed rajon\u00e1d\u011b. Na na\u0161e spole\u010dn\u00e9 shled\u00e1n\u00ed velice r\u00e1da vzpom\u00edn\u00e1m, bylo to moc p\u011bkn\u00e9 str\u00e1ven\u00e9 odpoledne. Jen chci, abyste v\u011bd\u011bl, \u017ee m\u00e1m pro Va\u0161e n\u00e1zory pochopen\u00ed. I j\u00e1 se &hellip; <a href=\"https:\/\/eldar.cz\/tompatrick\/trnite-ruzi\/trnite-ruzi-28\">Cel\u00fd p\u0159\u00edsp\u011bvek <span class=\"meta-nav\">&rarr;<\/span><\/a><\/p>\n","protected":false},"author":2,"featured_media":0,"comment_status":"open","ping_status":"open","sticky":false,"template":"","format":"standard","meta":{"_s2mail":"yes","footnotes":""},"categories":[24],"tags":[],"class_list":["post-1595","post","type-post","status-publish","format-standard","hentry","category-trnite-ruzi"],"_links":{"self":[{"href":"https:\/\/eldar.cz\/tompatrick\/wp-json\/wp\/v2\/posts\/1595","targetHints":{"allow":["GET"]}}],"collection":[{"href":"https:\/\/eldar.cz\/tompatrick\/wp-json\/wp\/v2\/posts"}],"about":[{"href":"https:\/\/eldar.cz\/tompatrick\/wp-json\/wp\/v2\/types\/post"}],"author":[{"embeddable":true,"href":"https:\/\/eldar.cz\/tompatrick\/wp-json\/wp\/v2\/users\/2"}],"replies":[{"embeddable":true,"href":"https:\/\/eldar.cz\/tompatrick\/wp-json\/wp\/v2\/comments?post=1595"}],"version-history":[{"count":1,"href":"https:\/\/eldar.cz\/tompatrick\/wp-json\/wp\/v2\/posts\/1595\/revisions"}],"predecessor-version":[{"id":1596,"href":"https:\/\/eldar.cz\/tompatrick\/wp-json\/wp\/v2\/posts\/1595\/revisions\/1596"}],"wp:attachment":[{"href":"https:\/\/eldar.cz\/tompatrick\/wp-json\/wp\/v2\/media?parent=1595"}],"wp:term":[{"taxonomy":"category","embeddable":true,"href":"https:\/\/eldar.cz\/tompatrick\/wp-json\/wp\/v2\/categories?post=1595"},{"taxonomy":"post_tag","embeddable":true,"href":"https:\/\/eldar.cz\/tompatrick\/wp-json\/wp\/v2\/tags?post=1595"}],"curies":[{"name":"wp","href":"https:\/\/api.w.org\/{rel}","templated":true}]}}