{"id":1520,"date":"2015-11-23T09:00:42","date_gmt":"2015-11-23T07:00:42","guid":{"rendered":"http:\/\/eldar.cz\/tompatrick\/?p=1520"},"modified":"2015-09-04T18:48:13","modified_gmt":"2015-09-04T16:48:13","slug":"17-navsteva-katalne-mochny-po-dlouhych-sesti-letech-aneb","status":"publish","type":"post","link":"https:\/\/eldar.cz\/tompatrick\/city-means-v-mesto-plne-zazraku\/17-navsteva-katalne-mochny-po-dlouhych-sesti-letech-aneb","title":{"rendered":"17. N\u00e1v\u0161t\u011bva Kataln\u00e9 Mochny po dlouh\u00fdch \u0161esti letech, aneb&#8230;"},"content":{"rendered":"<div class=\"fcbkbttn_buttons_block\" id=\"fcbkbttn_left\"><div class=\"fcbkbttn_button\">\n                            <a href=\"https:\/\/www.facebook.com\/tom.patrick.509\" target=\"_blank\">\n                                <img decoding=\"async\" src=\"https:\/\/eldar.cz\/tompatrick\/wp-content\/plugins\/facebook-button-plugin\/images\/large-facebook-ico.png\" alt=\"Fb-Button\" \/>\n                            <\/a>\n                        <\/div><div class=\"fcbkbttn_like fcbkbttn_large_button\"><fb:like href=\"https:\/\/eldar.cz\/tompatrick\/city-means-v-mesto-plne-zazraku\/17-navsteva-katalne-mochny-po-dlouhych-sesti-letech-aneb\" action=\"like\" colorscheme=\"light\" layout=\"standard\"  width=\"225px\" size=\"large\"><\/fb:like><\/div><div class=\"fb-share-button fcbkbttn_large_button \" data-href=\"https:\/\/eldar.cz\/tompatrick\/city-means-v-mesto-plne-zazraku\/17-navsteva-katalne-mochny-po-dlouhych-sesti-letech-aneb\" data-type=\"button_count\" data-size=\"large\"><\/div><\/div><p><b>17. N\u00e1v\u0161t\u011bva Kataln\u00e9 Mochny po dlouh\u00fdch \u0161esti letech, aneb rozhovor s pr\u016fvodcem nesouc\u00edm inici\u00e1ly J. A.<\/b><\/p>\n<p>Kataln\u00e1 Mochna se op\u011bt hl\u00e1s\u00ed o sv\u00e9 slovo a odhaluje svoji poetickou tv\u00e1\u0159. Tak to alespo\u0148 vn\u00edm\u00e1 moje mali\u010dkost, kdy\u017e hrd\u011b kr\u00e1\u010d\u00ed Letomonsk\u00fdm parkem a posl\u00e9ze used\u00e1 na jednu z lavi\u010dek p\u0159\u00edmo u proslul\u00e9 Zp\u00edvaj\u00edc\u00ed font\u00e1ny. M\u00e1m zde toti\u017e p\u0159edem domluvenou sch\u016fzku s p\u016fvabn\u00fdm pr\u016fvodcem, jen\u017e m\u011b prov\u00e1zel cel\u00fdm t\u00edmto kni\u017en\u00edm svazkem. Ten byl psychologicky dramatick\u00fd jako\u017eto i romanticky poetick\u00fd. Mysl\u00edm \u017ee takto je to v po\u0159\u00e1dku, nen\u00ed dobr\u00e9 z\u016fst\u00e1vat na jedn\u00e9 t\u00e9matick\u00e9 rovin\u011b.<\/p>\n<p>Ano, onen pr\u016fvodce byl z m\u00e9 strany doposud zahalen tajemstv\u00edm. Jist\u00fdm vod\u00edtkem se p\u016fvodn\u011b m\u011bly st\u00e1t inici\u00e1ly J. A., ov\u0161em kdo tipoval Janovou Alexandru, o n\u00ed\u017e se Ludv\u00edkovi Trnavsk\u00e9mu zmi\u0148oval Radovan Litevsk\u00fd, m\u00fdlil se. A p\u0159ece jste se ji\u017e s dan\u00fdm pr\u016fvodcem na str\u00e1nk\u00e1ch tohoto rom\u00e1nu m\u011bli mo\u017enost shledat, i kdy\u017e pod jin\u00fdm jm\u00e9nem. Jsem si ale jist, \u017ee to nebude zajist\u00e9 dlouho trvat a i vy se kone\u010dn\u011b do\u010dk\u00e1te odtajn\u011bn\u00ed jeho prav\u00e9 identity, nebo\u0165 dev\u00e1t\u00e1 hodina dopoledn\u00ed se nezadr\u017eiteln\u011b bl\u00ed\u017e\u00ed. A je\u0161t\u011b jeden podstatn\u00fd \u00fadaj bych tu m\u011bl zm\u00ednit: cel\u00fd tento rom\u00e1n prov\u00e1zel rok dva tis\u00edce dev\u011bt a nyn\u00ed, kdy posed\u00e1v\u00e1m v Letomonsk\u00e9m parku a \u010dek\u00e1m tu d\u016fle\u017eitou n\u00e1v\u0161t\u011bvu v podob\u011b onoho pr\u016fvodce, se ji\u017e p\u00ed\u0161e rok dva tis\u00edce patn\u00e1ct. Nab\u00edz\u00ed se tak p\u0159\u00edhodn\u00e1 ot\u00e1zka, jak se jednotliv\u00e9 postavy z rom\u00e1nu za t\u011bch zhruba \u0161est let zm\u011bnily \u010di vyv\u00edjely.<\/p>\n<p>\u201eTom Patrick?\u201c oslovuje m\u011b p\u016fvabn\u00e1 modrook\u00e1 brunetka, kter\u00e1 jako by z oka vypadla Kl\u00e1\u0159e Zem\u00e1nkov\u00e9.<\/p>\n<p>\u201eAno.\u201c<\/p>\n<p>\u201eT\u011b\u0161\u00ed m\u011b, Jana Anotov\u00e1. Mohu si p\u0159isednouti?\u201c<\/p>\n<p>\u201eAle jist\u011b samoz\u0159ejm\u011b, ji\u017e tu na v\u00e1s \u010dek\u00e1m.\u201c<\/p>\n<p>Nyn\u00ed tedy ji\u017e zn\u00e1te pravou identitu m\u00e9ho sou\u010dasn\u00e9ho pr\u016fvodce, jen\u017e mi kdysi referoval o sv\u00e9m rodn\u00e9m m\u011bst\u011b a nyn\u00ed, po on\u011bch \u0161esti letech, se se mnou op\u011bt se\u0161el, aby si popov\u00eddal.<\/p>\n<p>\u201eV\u016fbec jste se za tu dobu, co jsme se nevid\u011bli, nezm\u011bnila,\u201c podot\u00fdk\u00e1m.<\/p>\n<p>\u201eA vy zase ve sv\u00e9 dochvilnosti,\u201c uv\u00e1d\u00ed Jana.<\/p>\n<p>\u201eTo ta dev\u00edtka,\u201c uv\u00e1d\u00edm tajemn\u011b.<\/p>\n<p>\u201eV\u00edm, toto \u010d\u00edslo m\u00e1 pro v\u00e1s jist\u00fd magick\u00fd v\u00fdznam. A nejinak je tomu i u po\u010detn\u00e9 mochnick\u00e9 komunity v\u010detn\u011b m\u00e9 mali\u010dkosti,\u201c dozn\u00e1v\u00e1 se Jana.<\/p>\n<p>\u201eProto i tato sch\u016fzka z va\u0161\u00ed strany byla sjednan\u00e1 pr\u00e1v\u011b na onu dev\u00e1tou dopoledn\u00ed?\u201c<\/p>\n<p>\u201eTak tak.\u201c<\/p>\n<p>Ne\u017e v\u0161ak rozhovor mezi mnou a Janou sta\u010d\u00ed plnohodnotn\u011b za\u010d\u00edt, doch\u00e1z\u00ed z jej\u00ed strany k \u010dinu, jen\u017e by jin\u00fdm mo\u017en\u00e1 p\u0159i\u0161el zvl\u00e1\u0161tn\u00ed a\u017e zbyte\u010dn\u00fd, pro ni v\u0161ak, stejn\u011b jako pro \u0159adu dal\u0161\u00edch obyvatel Kataln\u00e9 Mochny, m\u00e1 ale velik\u00fd v\u00fdznam. Ve font\u00e1n\u011b, u n\u00ed\u017e p\u0159\u00edmo sed\u00edme, se pr\u00e1v\u011b top\u00ed vosa, je\u017e do n\u00ed nedopat\u0159en\u00edm zapadla a za\u010d\u00edn\u00e1 se topit. Jan\u011b v\u0161ak jej\u00ed osud nen\u00ed lhostejn\u00fd, z ta\u0161ky vynd\u00e1v\u00e1 termosku s \u010dajem, odejme z n\u00ed v\u00ed\u010dko a s jeho pomoc\u00ed vosu vysvobod\u00ed. Ta pak nev\u00e1h\u00e1 a kdy\u017e poc\u00edt\u00ed znovunabytou svobodu, zat\u0159epot\u00e1 k\u0159\u00eddly a vznese se do oblak.<\/p>\n<p>\u201eJako mochnick\u00e1 roda\u010dka jste op\u011bt nezap\u0159ela svoji m\u00edrumilovnou povahu jako tolik jin\u00fdch obyvatel toho malebn\u00e9ho m\u011bsta le\u017e\u00edc\u00edho ve st\u0159edn\u00edch \u010cech\u00e1ch,\u201c nemohu si neodpustit poznamenat.<\/p>\n<p>\u201eRadovan n\u00e1m, kdy\u017e je\u0161t\u011b u\u010dil na m\u00edstn\u00edm gymn\u00e1ziu, v\u0161t\u011bpoval do hlavy, abychom se k na\u0161im koleg\u016fm ze zv\u00ed\u0159ec\u00ed \u0159\u00ed\u0161e v\u017edy chovali m\u00edrumilovn\u011b, pokud to jen trochu bude mo\u017en\u00e9,\u201c objas\u0148uje ochotn\u011b Jana, pro\u010d k vose byla nyn\u00ed benevolentn\u00ed.<\/p>\n<p>\u201eAno v\u00edm, Radovanova moudra zde u v\u00e1s v Kataln\u00e9 Mochn\u011b maj\u00ed svoji v\u00e1hu ji\u017e po n\u011bkolik let,\u201c reaguji pohotov\u011b. \u201eJak se mu v\u016fbec da\u0159\u00ed?\u201c<\/p>\n<p>\u201eD\u011bkuji za opt\u00e1n\u00ed. Na sv\u016fj po\u017eehnan\u00fd v\u011bk devades\u00e1tilet\u00e9ho sta\u0159\u00edka je st\u00e1le nesm\u00edrn\u011b vit\u00e1ln\u00ed, i nad\u00e1le kolem sebe \u0161\u00ed\u0159\u00ed pozitivn\u00ed optimismus a jeho rady jsou nedoz\u00edrn\u00fdm odu\u0161evn\u011bl\u00fdm bohatstv\u00edm pro ty, kdo\u017e s n\u00edm p\u0159ijdou do styku,\u201c l\u00ed\u010d\u00ed mi ochotn\u011b Jana, na\u010de\u017e se je\u0161t\u011b jednou vrac\u00ed k z\u00e1\u017eitk\u016fm s vosami: \u201eJednou byl sv\u011bdkem velice poutav\u00e9ho \u00fakazu a sice jak jedna vosa druhou za letu nesla k vod\u011b, aby se z n\u00ed napila.\u201c<\/p>\n<p>\u201eA zm\u011bnil tento \u00fakaz ji\u017e tak kladn\u00fd Radovan\u016fv postoj v\u016f\u010di zv\u00ed\u0159ec\u00ed \u0159\u00ed\u0161i?\u201c zaj\u00edm\u00e1 m\u011b.<\/p>\n<p>\u201eAno, o to intenzivn\u011bji se pak p\u0159iklonil k vegetari\u00e1nstv\u00ed,\u201c odpov\u00edd\u00e1 Jana.<\/p>\n<p>\u201eVid\u00edte, to mn\u011b by n\u011bco podobn\u00e9ho \u010dinilo nemal\u00e9 pot\u00ed\u017ee. Ne \u017ee bych si dop\u0159\u00e1val maso ka\u017ed\u00fd den, ale \u010das od \u010dasu si ho r\u00e1d d\u00e1m, i kdy\u017e v\u00edm, \u017ee t\u00edm n\u011bm\u00fdm tv\u00e1\u0159\u00edm ubli\u017euji,\u201c vyjad\u0159uji se omluvn\u011b. \u201eAle prost\u011b takto je to ve mn\u011b nastaveno a nedok\u00e1\u017ei to nijak zm\u011bnit.\u201c<\/p>\n<p>\u201eNemyslete si, j\u00e1 jsem na tom podobn\u011b jako vy, tak\u00e9 by mi \u010dinilo nemal\u00e9 pot\u00ed\u017ee st\u00e1t se vegetari\u00e1nem \u010di dokonce veganem, av\u0161ak na druhou stranu&#8230;\u201c<\/p>\n<p>\u201eNa druhou stranu m\u00e1te n\u011bm\u00e9 tv\u00e1\u0159e r\u00e1da a mo\u017en\u00e1 si i doma n\u011bjakou z nich h\u00fd\u010dk\u00e1te,\u201c navazuji na Janinu v\u00fdpov\u011b\u010f.<\/p>\n<p>\u201eAno, spole\u010dnost mi tam d\u011blaj\u00ed mourovat\u00e1 ko\u010dka Alb\u00edna a k\u0159e\u010dek Vav\u0159\u00edn,\u201c sv\u011b\u0159uje se mi n\u011bkdej\u0161\u00ed pr\u016fvodkyn\u011b Katalnou Mochnou, na\u010de\u017e pokra\u010duje: \u201eSamoz\u0159ejm\u011b si uv\u011bdomuji, \u017ee to, jak se mi lid\u00e9 chov\u00e1me v\u016f\u010di n\u011bm\u00fdm tv\u00e1\u0159\u00edm, nen\u00ed mnohdy adekv\u00e1tn\u00ed variantou, na co\u017e m\u00e1 samoz\u0159ejm\u011b zna\u010dn\u00fd pod\u00edl i n\u00e1sil\u00ed na nich p\u00e1chan\u00e9. Proto jsem r\u00e1da, \u017ee u n\u00e1s v Kataln\u00e9 Mochn\u011b se zv\u00ed\u0159at\u016fm d\u00e1vaj\u00ed smrteln\u00e9 injekce, ne\u017e jdou na por\u00e1\u017eku. Neza\u017e\u00edvaj\u00ed tak nesnesiteln\u00e1 muka jako tomu b\u00fdv\u00e1 v jin\u00fdch p\u0159\u00edpadech.\u201c<\/p>\n<p>\u201eOno je to sporn\u00e9,\u201c beru si op\u011bt slovo, \u201ekdyby nedoch\u00e1zelo k \u00famrt\u00edm jak v lidsk\u00e9 tak i zv\u00ed\u0159ec\u00ed \u0159\u00ed\u0161i, byla by tato na\u0161e planeta p\u0159epln\u011bna a v\u0161ichni bychom se na sebe ma\u010dkali.\u201c<\/p>\n<p>\u201eAno, to m\u00e1te pravdu,\u201c p\u0159itak\u00e1v\u00e1 souhlasn\u011b Jana, \u201enicm\u00e9n\u011b i j\u00e1 jsem proti jak\u00e9mukoliv n\u00e1sil\u00ed. Bohu\u017eel, lid\u00e9 jsou nepou\u010diteln\u00ed a p\u00e1chaj\u00ed ho d\u00e1le. A p\u0159itom by si ho klidn\u011b mohli odpustit, kdy\u017e maj\u00ed mo\u017enosti volby.\u201c<\/p>\n<p>\u201eNa co konkr\u00e9tn\u00edho nyn\u00ed nar\u00e1\u017e\u00edte?\u201c<\/p>\n<p>\u201eNed\u00e1vno jsem vyslechla zpr\u00e1vy, v nich\u017e opakovan\u011b hovo\u0159ili o n\u00e1siln\u00e9m vyb\u00edjen\u00ed tule\u0148\u016f,\u201c sv\u011b\u0159uje se mi posmutn\u011ble Jana. \u201eO to dr\u00e1sav\u011bj\u0161\u00ed na tom je, kdy\u017e o tom \u010dlov\u011bk nejen sly\u0161\u00ed, ale z\u00e1rove\u0148 to i vid\u00ed v televizi a to v podrobn\u00fdch detailech.\u201c Na\u010de\u017e posl\u00e9ze nad lidskou hrubost\u00ed zakrout\u00ed hlavou. A j\u00e1 se tak op\u011btovn\u011b zam\u00fd\u0161l\u00edm nad v\u00fdznamem on\u00e9 eutanazie, o n\u00ed\u017e tu ji\u017e padla zm\u00ednka.<\/p>\n<p>\u201eA vy ji schvalujete, jak na lidech tak i na zv\u00ed\u0159atech?\u201c<\/p>\n<p>\u201ePouze v akutn\u00edch p\u0159\u00edpadech, kdy oboje v\u00e1mi jmenovan\u00e9 neskute\u010dn\u011b trp\u00ed a nen\u00ed \u017e\u00e1dn\u00e1 nad\u011bj na uzdraven\u00ed. Jinak smrt v podob\u011b \u00fakladn\u00e9 vra\u017edy jednozna\u010dn\u011b odsuzuji jako hrdeln\u00ed zlo\u010din a je tud\u00ed\u017e spr\u00e1vn\u00e9, kdy\u017e je za ni vrah potrest\u00e1n,\u201c zast\u00e1v\u00e1 n\u00e1zor Jana a hned se m\u011b pt\u00e1: \u201eJak\u00fd vy k tomu zauj\u00edm\u00e1te postoj? Souhlas\u00edte s m\u00fdm tvrzen\u00edm?\u201c<\/p>\n<p>\u201eNelze mu up\u0159\u00edt jistou v\u00e1hu, av\u0161ak&#8230;\u201c<\/p>\n<p>\u201ePochybujete snad o n\u011b\u010dem? Klidn\u011b se mi sv\u011b\u0159te, j\u00e1 v\u00e1m za to hlavu trhat nebudu,\u201c vyz\u00fdv\u00e1 m\u011b v naprost\u00e9m klidu Jana.<\/p>\n<p>\u201eJen&#8230; no jak bych to jen \u0159ekl, aby to nevyzn\u011blo, \u017ee s vrahy sympatizuji&#8230; No prost\u011b jsem se nyn\u00ed v\u00edce zam\u00fd\u0161lel nad v\u00e1mi jmenovanou \u00fakladnou vra\u017edou sp\u00e1chanou na \u010dlov\u011bku na jedn\u00e9 stran\u011b a zhoubnou nemoc\u00ed na stran\u011b druh\u00e9,\u201c sna\u017e\u00edm se nyn\u00ed pe\u010dliv\u011b v\u00e1\u017eit slova. \u201eVy nejsp\u00ed\u0161e v\u00edte, kam t\u00edm m\u00ed\u0159\u00edm?\u201c<\/p>\n<p>\u201eMo\u017en\u00e1 to tu\u0161\u00edm,\u201c nach\u00e1z\u00ed pro m\u00e1 slova Jana pochopen\u00ed a vyz\u00fdv\u00e1 m\u011b, abych danou my\u0161lenku dokon\u010dil.<\/p>\n<p>\u201eSamoz\u0159ejm\u011b vra\u017eda i zhoubn\u00e1 nemoc jsou velice z\u00e1va\u017en\u00e1 provin\u011bn\u00ed jak na lidsk\u00e9m tak i zv\u00ed\u0159ec\u00edm \u017eivot\u011b. Av\u0161ak n\u011bkdy pr\u00e1v\u011b ona vra\u017eda, kdy\u017e je vykon\u00e1na takzvan\u011b bleskov\u011b, \u017ee ob\u011b\u0165 vraha t\u00e9m\u011b\u0159 nic nec\u00edt\u00ed, je zna\u010dnou \u00falevnou slast\u00ed v podob\u011b odchodu z tohoto sv\u011bta, na rozd\u00edl od takov\u00e9 zhoubn\u00e9 nemoci, jej\u00ed\u017e pr\u016fb\u011bh je mnohdy nesnesiteln\u011b zdlouhav\u00fd a velice bolestiv\u00fd.\u201c<\/p>\n<p>\u201eAno, toto nelze pop\u0159\u00edti, ale je rovn\u011b\u017e d\u016fle\u017eit\u00e9 p\u0159ipomenouti, \u017ee kdy\u017e \u010dlov\u011bka stihne pohotov\u00e1 ruka vrahova, p\u0159ijde tak nejen o \u017eivot jako takov\u00fd, ale i o mo\u017enost u\u017e\u00edvati si v\u0161eho, co v n\u011bm m\u011bl r\u00e1d. Naproti tomu u zhoubn\u00e9 nemoci je i nad\u011bje, \u017ee se z n\u00ed vyl\u00e9\u010d\u00ed&#8230;\u201c<\/p>\n<p>\u201eA o onu mo\u017enost u\u017e\u00edv\u00e1n\u00ed si dan\u00e9ho \u017eivota zkr\u00e1tka nep\u0159ijde,\u201c dokon\u010duji Janinu v\u00fdpov\u011b\u010f. \u201eJen\u017ee i tak,\u201c ned\u00e1 mi to, \u201em\u00e1 v\u016fbec \u017eivot n\u011bjak\u00fd smysl, kdy\u017e \u010dlov\u011bk jednoho dne prost\u011b zem\u0159e a o v\u0161e p\u0159ijde?\u201c<\/p>\n<p>\u201eTato problematika v\u00e1m ned\u00e1 sp\u00e1t, \u017ee? Ale co kdy\u017e pr\u00e1v\u011b posmrtn\u00fd \u017eivot skute\u010dn\u011b existuje a uplat\u0148uj\u00ed se v n\u011bm dovednosti, je\u017e si lid\u00e9 osvojili pr\u00e1v\u011b zde na Zemi.\u201c<\/p>\n<p>\u201eS\u00e1m nev\u00edm, co si o tom m\u00e1m myslet,\u201c povzdechnu si. \u201eMrz\u00ed m\u011b, \u017ee nev\u00edm, na \u010dem jsem, \u017ee nem\u00e1m pon\u011bt\u00ed, \u010d\u00edm jsem byl v minul\u00e9m \u017eivot\u011b, pro\u010d \u017eiji tento sou\u010dasn\u00fd a co nastane, a\u017e byt\u00ed zde na planet\u011b Zemi ukon\u010d\u00edm. Toto nev\u011bd\u011bn\u00ed mi p\u0159ijde zna\u010dn\u011b barbarsk\u00e9.\u201c<\/p>\n<p>\u201eNem\u00e1 nad t\u00edm v\u0161ak smysl v\u011b\u010dn\u011b p\u0159em\u00fd\u0161let, Tome, nebo\u0165 odpov\u011bdi na tuto problematiku se v dohledn\u00e9 dob\u011b beztak nedo\u010dk\u00e1te, mo\u017en\u00e1 a\u017e v onom posmrtn\u00e9m \u017eivot\u011b, pokud tedy opravdu existuje,\u201c nab\u00e1d\u00e1 m\u011b Jana.<\/p>\n<p>\u201eJ\u00e1 v\u00edm. Jak by \u0159ekl Radovan Litevsk\u00fd, nem\u00e1 cenu v\u011b\u010dn\u011b p\u0159em\u00edtat nad nemo\u017en\u00fdm, ale naopak si u\u017e\u00edvati sou\u010dasn\u00e9ho \u017eivota a z n\u011bj p\u0159ij\u00edmat to dobr\u00e9 i zl\u00e9,\u201c p\u0159ich\u00e1z\u00ed mi na mysl zaveden\u00e9 moudro, vy\u0159\u010den\u00e9 z \u00fast jednoho z nejpopul\u00e1rn\u011bj\u0161\u00edch m\u00edstn\u00edch mochnick\u00fdch obyvatel. \u201eA v \u010dem spat\u0159uje aktu\u00e1ln\u00ed nebezpe\u010d\u00ed pro tento n\u00e1\u0161 sv\u011bt pr\u00e1v\u011b on?\u201c pt\u00e1m se Jany.<\/p>\n<p>\u201eV existenci a \u010dinech onoho nechvaln\u011b proslul\u00e9ho Isl\u00e1msk\u00e9ho st\u00e1tu. Radovan dokonce nevylu\u010duje mo\u017enost, \u017ee pr\u00e1v\u011b tato teroristick\u00e1 organizace by mohla st\u00e1t za zrodem nov\u00e9ho celosv\u011btov\u00e9ho v\u00e1le\u010dn\u00e9ho konfliktu a pokud by k tomu do\u0161lo, bylo by to pro sv\u011bt velice nemil\u00e9. S\u00e1m Radovan proto apeluje na sv\u011btov\u00fd m\u00edr, odsuzuje ve\u0161ker\u00e9 n\u00e1sil\u00ed p\u00e1chan\u00e9 na nevinn\u00fdch civilistech a zasazuje se o postih v\u0161ech, kdo se dopust\u00ed krvav\u00e9ho zlo\u010dinu a to v \u0159\u00e1dn\u00e9m soudn\u00edm procesu. V tomto je s n\u00edm zajedno i John Meyer, onen mu\u017e, co toliko pomohl Klaudii Plam\u00ednkov\u00e9 a jej\u00ed matce, kdy\u017e ty t\u00e1paly ve sv\u00fdch \u017eivotech.\u201c<\/p>\n<p>\u201eK\u00e9\u017e by takov\u00fdch lid\u00ed jako jsou Radovan \u010di onen John chodilo po sv\u011bt\u011b v\u00edce.\u201c<\/p>\n<p>\u201eJsem p\u0159esv\u011bd\u010dena, \u017ee jich je na n\u011bm dostatek, jen jim je zkr\u00e1tka znemo\u017en\u011bno p\u0159edat sv\u00e1 m\u00edrov\u00e1 poselstv\u00ed t\u011bm, je\u017e by je pak prakticky u\u017eili ve sv\u00fdch vlastn\u00edch \u017eivotech. A kdyby se dostali i k t\u011bm, co se dopou\u0161t\u011bj\u00ed n\u00e1sil\u00ed a vzali si ony teze k srdci, bylo by na sv\u011bt\u011b teprve kr\u00e1sn\u011bji.\u201c<\/p>\n<p>\u201eJen\u017ee vyb\u00edt si vztek tak, aby to fyzicky \u010di du\u0161evn\u011b nepo\u0161kodilo toho, na jeho\u017e adresu je sm\u011b\u0159ov\u00e1n, nen\u00ed v\u016fbec jednoduch\u00e9,\u201c uv\u00e1d\u00edm sv\u016fj vlastn\u00ed \u00fasudek. \u201eNab\u00edz\u00ed se jist\u00e9 v\u00fdchodisko a sice to v podob\u011b ALMAN m\u00e9ho jmenovce Toma Wonga, jejich\u017e prost\u0159ednictv\u00edm by oni n\u00e1siln\u00edci dali, v uvozovk\u00e1ch na\u017eivo, prostor svoj\u00ed agresi alespo\u0148 ve sv\u00e9 mysli a navenek by tak zabr\u00e1nili teroristick\u00e9mu masakru.\u201c<\/p>\n<p>\u201eBohu\u017eel na toto mnoz\u00ed z nich ale nikdy nep\u0159istoup\u00ed, nebo\u0165 jim neust\u00e1l\u00e1 p\u0159\u00edtomnost jejich rival\u016f pr\u00e1v\u011b v re\u00e1ln\u00e9m sv\u011bt\u011b ned\u00e1v\u00e1 sp\u00e1ti a sna\u017e\u00ed se je vym\u00fdtit za ka\u017edou cenu, aby jim nav\u017edy se\u0161li z o\u010d\u00ed,\u201c nam\u00edt\u00e1 naopak Jana a tak u\u017eite\u010dnost ALMAN tak trochu zpochyb\u0148uje.<\/p>\n<p>Hovor na moment ust\u00e1v\u00e1. J\u00e1 a Jana v duchu rekapitulujeme, o \u010dem jsme si spolu a\u017e doposud popov\u00eddali a vedle toho se i zaposlouch\u00e1v\u00e1me do t\u00f3n\u016f Zp\u00edvaj\u00edc\u00ed font\u00e1ny. St\u0159\u00eddan\u00ed pozitivn\u00edch durov\u00fdch a posmutn\u011bl\u00fdch mollov\u00fdch melodi\u00ed jako by vystihovalo na\u0161e n\u00e1lady i t\u00e9mata, je\u017e tu zazn\u011bla z na\u0161ich \u00fast.<\/p>\n<p>\u201eMo\u017en\u00e1 to nyn\u00ed \u0159eknu dosti tvrd\u011b,\u201c d\u00e1v\u00e1m podn\u011bt k nov\u00e9mu rozhovoru, \u201ea n\u011bkoho se t\u00edm mo\u017en\u00e1 i dotknu, ale zast\u00e1v\u00e1m n\u00e1zor, \u017ee ani oni terorist\u00e9 \u00fapln\u011b nemohou za sv\u00e9 hr\u016fzn\u00e9 \u010diny. Prost\u011b se jednoho dne dan\u00e1 nevra\u017eivost v\u016f\u010di okoln\u00edmu sv\u011btu u nich p\u0159ihl\u00e1s\u00ed o slovo, oni si s n\u00ed pak nev\u00ed rady a tak slep\u011b podl\u00e9haj\u00ed sv\u00fdm vnit\u0159n\u00edm \u0161otk\u016fm a p\u00e1chaj\u00ed navenek zlo, v domn\u011bn\u00ed, \u017ee je to tak spr\u00e1vn\u011b. Kolikr\u00e1t i j\u00e1 jsem se nev\u011b\u0159\u00edcn\u011b pozastavoval nad t\u00edm, \u010deho v\u0161eho je m\u00e1 vlastn\u00ed mysl schopn\u00e1, a\u017e jsem s\u00e1m sebe musel m\u00edrnit, abych nepodlehl jej\u00edm man\u00fdr\u016fm.\u201c<\/p>\n<p>\u201eNemyslete si,\u201c reaguje pohotov\u011b Jana, \u201ej\u00e1 jsem se sv\u00fdm vnit\u0159n\u00edm j\u00e1 takt\u00e9\u017e za\u017eila nejednu kru\u0161nou chv\u00edli. To kdy\u017e jsem se a\u017e po u\u0161i zamilovala do jednoho chlapce. Nakonec se v\u0161ak uk\u00e1zalo, \u017ee je \u0161\u0165astn\u011b zadan\u00fd. Co pak d\u011blalo m\u00e9 podv\u011bdom\u00ed, kdy\u017e jsem mu o tom poreferovala, to nelze slovy ani vyj\u00e1d\u0159it. Co mi dalo pr\u00e1ce p\u0159esv\u011bd\u010dit ho, \u017ee u onoho chlapce nem\u00e1m \u0161anci na op\u011btov\u00e1n\u00ed cit\u016f. Cel\u00fd rok mi trvalo, ne\u017e ona posedlost jednou l\u00e1skou pominula, to kdy\u017e do m\u00e9ho \u017eivota vstoupila l\u00e1ska nov\u00e1, je\u017e na\u0161t\u011bst\u00ed nabyla oboustrann\u00e9 op\u011btovan\u00e9 n\u00e1klonnosti.\u201c<\/p>\n<p>\u201eO tom mi pov\u00eddejte, j\u00e1 se zamilovanost\u00ed a platonick\u00fdmi l\u00e1skami bojuji po cel\u00fd sv\u016fj dosavadn\u00ed \u017eivot,\u201c nez\u016fst\u00e1v\u00e1m u aktu\u00e1ln\u00edho problematick\u00e9ho t\u00e9matu ani j\u00e1 pozadu. \u201eJedna z m\u00fdch vnit\u0159n\u00edch slo\u017eek, j\u00ed\u017e naz\u00fdv\u00e1m Konkub\u00ednou, mi v jednom kuse nut\u00ed onu zamilovanost, zat\u00edmco ta druh\u00e1, jmenovit\u011b Dikt\u00e1tor, se stav\u00ed proti tomu, s v\u00fdmluvn\u00fdm od\u016fvodn\u011bn\u00edm, pro\u010d projevovat city v\u016f\u010di n\u011b\u017en\u00e9mu pohlav\u00ed, kdy\u017e postupn\u011b ztr\u00e1c\u00ed svoji pozemskou kr\u00e1su a to pod vlivem postupn\u00e9ho st\u00e1rnut\u00ed, a nav\u00edc v\u0161e je beztak zakon\u010deno on\u00edm oblig\u00e1tn\u00edm, tedy smrt\u00ed, tak\u017ee nav\u00e1z\u00e1n\u00ed milostn\u00fdch vztah\u016f je dle n\u00ed beztak zbyte\u010dn\u00e9,\u201c zakon\u010duji sv\u016fj obs\u00e1hl\u00fd v\u00fdklad a p\u0159ipojuji: \u201eI o tom jsem si kdysi pov\u00eddal s Tomem Wongem, kdy\u017e byl m\u00fdm n\u011bkdej\u0161\u00edm pr\u016fvodcem po Kataln\u00e9 Mochn\u011b.<\/p>\n<p>Jana mi pozorn\u011b naslouch\u00e1 a kdy\u017e znovu p\u0159ich\u00e1z\u00ed \u0159e\u010d na onu v\u00fdznamnou personu \u017eij\u00edc\u00ed v Kataln\u00e9 Mochn\u011b, do n\u00ed\u017e se, obdobn\u011b jako kdysi Klaudie Plam\u00ednkov\u00e1 se svoj\u00ed matkou, rovn\u011b\u017e p\u0159ist\u011bhovala, p\u0159ich\u00e1z\u00ed s pom\u011brn\u011b zaj\u00edmavou nab\u00eddkou: \u201eKdy\u017e znovu zmi\u0148ujete sv\u00e9ho jmenovce, jen\u017e se sv\u00fdm bratrem vymyslel onu ojedin\u011blost v podob\u011b ALMAN, m\u011bla bych pro v\u00e1s jednu dal\u0161\u00ed, za jej\u00ed\u017e \u017eivotnost\u00ed nestoj\u00ed nikdo jin\u00fd ne\u017eli Winsternsk\u00fd rod \u0159\u00e1du lebonsk\u00fdch lid\u00ed. Jedn\u00e1 se o jednu novou ozdravnou L\u00c9KORINKU.\u201c Na\u010de\u017e z ta\u0161ky vynd\u00e1v\u00e1 jakousi men\u0161\u00ed lahvi\u010dku a po odz\u00e1tkov\u00e1n\u00ed v\u00ed\u010dka m\u011b nab\u00e1d\u00e1, abych z n\u00ed pe\u010dliv\u011b nas\u00e1l v\u016fni. Je\u0161t\u011b p\u0159edt\u00edm m\u011b v\u0161ak upozor\u0148uje, abych pot\u00e9, co tak u\u010din\u00edm, pe\u010dliv\u011b zv\u00e1\u017eil sv\u00e9 vnit\u0159n\u00ed my\u0161lenkov\u00e9 pochody.<\/p>\n<p>To se pak nesta\u010d\u00edm divit, co se to se mnou d\u011bje. M\u00e9 vnit\u0159n\u00ed my\u0161lenkov\u00e9 pochody se r\u00e1zem zhmot\u0148uj\u00ed a j\u00e1 je tak \u017eiv\u011b nejen vid\u00edm ale dokonce i sly\u0161\u00edm a c\u00edt\u00edm na dotek! Za ruku mne bere z\u00e1stup m\u00fdch vysn\u011bn\u00fdch p\u0159\u00edtelky\u0148 a doslova se mi podlamuj\u00ed kolena, kdy\u017e, vedle dialog\u016f, na\u017eivo z\u00e1hy na sv\u00fdch rtech a tv\u00e1\u0159\u00edch poc\u00edt\u00edm jejich polibky. A kdy\u017e se pak rozhodnu my\u0161lenkov\u00e9 pochody zm\u011bnit, zase se tak d\u011bje jak v m\u00e9 hlav\u011b tak i navenek. Nyn\u00ed si pot\u0159\u00e1s\u00e1m rukou s dal\u0161\u00edmi vysn\u011bn\u00fdmi postavami a z\u00e1rove\u0148 s t\u00edm se pokou\u0161\u00edm p\u0159ipomenout si sv\u016fj obl\u00edben\u00fd hudebn\u00ed styl v podob\u011b EC popu. A vskutku, obratem na\u017eivo sly\u0161\u00edm \u00faryvky n\u011bkter\u00fdch vysn\u011bn\u00fdch skladeb.<\/p>\n<p>Cel\u00e9 toto ojedin\u011bl\u00e9 dech berouc\u00ed ohromuj\u00edc\u00ed p\u0159edstaven\u00ed trv\u00e1 \u00factyhodn\u00fdch deset minut ne\u017e \u00fa\u010dinek L\u00c9KORINEK nadobro polevuje. A j\u00e1 v \u00fa\u017easu zji\u0161\u0165uji, \u017ee ji\u017e nesed\u00edm vedle Jany na lavi\u010dce, n\u00fdbr\u017e stoj\u00edm a to v dosti nezvykl\u00e9 p\u00f3ze, a\u017e t\u00edm bud\u00edm zcela zaslou\u017eenou pozornost t\u011bch, kdo\u017e posed\u00e1vaj\u00ed kolem m\u011b, nebo Letomonsk\u00fdm parkem jen proch\u00e1zej\u00ed.<\/p>\n<p>\u201eV\u0161e je v naprost\u00e9m po\u0159\u00e1dku, jen jsme zde poprv\u00e9 otestov\u00e1vali blahod\u00e1rnou \u00fa\u010dinnost L\u00c9KORINEK,\u201c p\u0159ich\u00e1z\u00ed s pohotov\u00fdm vysv\u011btlen\u00edm Jana, jen\u017e m\u011b ponouk\u00e1, abych se znovu usadil vedle n\u00ed a j\u00e1 tak nakonec \u010din\u00edm. Kataln\u00e1 Mochna tak dost\u00e1v\u00e1 sv\u00e9 pov\u011bsti a projevuje dvoj\u00ed reakci na \u201em\u016fj v\u00fdstup\u201c. Zat\u00edmco jedni se nad n\u00edm podivuj\u00ed, druz\u00ed naopak d\u00e1vaj\u00ed najevo pochopen\u00ed. Nen\u00ed tak t\u011b\u017ek\u00e9 uhodnout, kdo z dan\u00fdch p\u0159ihl\u00ed\u017eej\u00edc\u00edch jsou nezasv\u011bcen\u00ed turist\u00e9 a kdo naopak m\u00edstn\u00ed mochni\u010dt\u00ed obyvatel\u00e9 a znalci tohoto m\u011bsta.<\/p>\n<p>\u201eOpravdu jste v pohod\u011b Tome?\u201c chce b\u00fdt uji\u0161t\u011bna Jana, kdy\u017e st\u00e1le nejsem schopen kloudn\u00e9ho slova.<\/p>\n<p>\u201eAno,\u201c p\u0159itak\u00e1v\u00e1m po chv\u00edli kone\u010dn\u011b souhlasn\u011b, \u201ejen m\u011b to, \u010deho\u017e jsem tu byl pr\u00e1v\u011b sv\u011bdkem, neskute\u010dn\u011b ohromilo. Kdybych to neza\u017eil na vlastn\u00ed o\u010di i k\u016f\u017ei, nev\u011b\u0159il bych, \u017ee je n\u011bco takov\u00e9ho v\u016fbec mo\u017en\u00e9.\u201c<\/p>\n<p>\u201eV\u0161ak tak\u00e9 v\u00fdvoj t\u00e9to L\u00c9KORINKY Winsternsk\u00e9mu rodu \u0159\u00e1du lebonsk\u00fdch lid\u00ed trval n\u011bkolik dlouh\u00fdch let, ne\u017e nabyla po\u017eadovan\u00e9ho \u00fa\u010dinku,\u201c objas\u0148uje mi Jana a podot\u00fdk\u00e1 d\u016fle\u017eit\u00e9: \u201eV\u00edm \u017ee mo\u017en\u00e1 n\u011bkte\u0159\u00ed \u010dten\u00e1\u0159i nam\u00edtnou, \u017ee Kataln\u00e1 Mochna z\u00e1jemc\u016fm a\u017e p\u0159\u00edli\u0161 usnad\u0148uje cestu za dosa\u017een\u00edm jejich tajn\u00fdch p\u0159\u00e1n\u00ed. \u017de to zkr\u00e1tka nen\u00ed jako v Coelhovu rom\u00e1nu Alchymista \u010di v Exup\u00e9ryho Mal\u00e9m princi, kde \u00fa\u010dastn\u00edk mus\u00ed p\u0159ekonat nejednu krutou p\u0159ek\u00e1\u017eku, aby dos\u00e1hl vytou\u017een\u00e9ho c\u00edle. Lid\u00e9 kolem Sylvie v\u0161ak zast\u00e1vaj\u00ed n\u00e1zor, \u017ee pokud je to jen trochu mo\u017en\u00e9, m\u011blo by se str\u00e1daj\u00edc\u00edm pomoci okam\u017eit\u011b, bez toho ani\u017e by podstupovali pr\u00e1v\u011b onu slo\u017eitou a vy\u010derp\u00e1vaj\u00edc\u00ed danou cestu za sv\u00fdm \u0161t\u011bst\u00edm a tak dos\u00e1hli k\u00fd\u017een\u00e9ho vykoupen\u00ed z nehostinn\u00e9 \u017eivotn\u00ed situace. Na rozd\u00edl od on\u011bch jmenovan\u00fdch rom\u00e1n\u016f se v re\u00e1lu toti\u017e absolvuje zna\u010dn\u011b obt\u00ed\u017en\u011bji a pot\u00e9, co \u010dlov\u011bk v\u0161echny n\u00e1strahy zd\u00e1rn\u011b p\u0159ekon\u00e1, nedok\u00e1\u017ee si po\u0159\u00e1dn\u011b u\u017e\u00edt to, o\u010d celou dobu bojoval, nebo\u0165 se samou \u00fanavou a vy\u010derp\u00e1n\u00edm mnohdy zhrout\u00ed.\u201c<\/p>\n<p>\u201eAnebo o dan\u00e9 vytou\u017een\u00e9 \u017eivotn\u00ed \u0161t\u011bst\u00ed dan\u00e9ho \u010dlov\u011bka v samotn\u00e9m z\u00e1v\u011bru p\u0159iprav\u00ed n\u011bkdo jin\u00fd, kdo vyu\u017eije pr\u00e1v\u011b jeho vy\u010derpanosti a tak na n\u011bm za\u010dne parazitovat,\u201c p\u0159ipojuji svoji vlastn\u00ed domn\u011bnku.<\/p>\n<p>\u201eAno, \u017eivot s\u00e1m o sob\u011b nen\u00ed jednoduch\u00fd a ukazuje n\u00e1m pom\u011brn\u011b dost \u010dasto svoji odvr\u00e1cenou \u010d\u00e1st, a tak je pot\u0159eba m\u00edt po ruce sv\u00e9 and\u011blsk\u00e9 pr\u016fvodce, je\u017e zas\u00e1hnou poka\u017ed\u00e9, kdy\u017e se mi lid\u00e9 dostaneme do nesn\u00e1z\u00ed. Alespo\u0148 tak na celou situaci op\u011btovn\u011b nahl\u00ed\u017eej\u00ed Sylvie a lid\u00e9 kolem n\u00ed.\u201c<\/p>\n<p>\u201eAsi by to tak m\u011blo b\u00fdt. Jak jste pr\u00e1v\u011b \u0159ekla, je hezk\u00e9 a odu\u0161evn\u011bl\u00e9, kdy\u017e \u010dteme pr\u00e1v\u011b Alchymistu nebo Mal\u00e9ho prince a nech\u00e1v\u00e1me se un\u00e1\u0161et \u00fatrapami hlavn\u00edch hrdin\u016f, jen\u017e nakonec naleznou ono sob\u011b od srdce nitern\u00ed, le\u010d ve skute\u010dnosti to tak snadn\u00e9 nen\u00ed, jak se to jev\u00ed v kn\u00ed\u017ek\u00e1ch; zkr\u00e1tka n\u011bco jin\u00e9ho je o tom \u010d\u00edst na pap\u00ed\u0159e a n\u011bco jin\u00e9ho to sam\u00e9 podstupovat pr\u00e1v\u011b v ryze re\u00e1ln\u00e9m \u017eivot\u011b.\u201c<\/p>\n<p>Hovor op\u011bt na moment utich\u00e1 a j\u00e1 a Jana se nech\u00e1v\u00e1me znovu un\u00e1\u0161et t\u00f3ny Zp\u00edvaj\u00edc\u00ed font\u00e1ny. A jako by jej\u00ed sou\u010dasn\u00e9 melodie toliko kontrastovaly s t\u00edm, o \u010dem jsme tu pr\u00e1v\u011b debatovali. Ony durov\u00e9 tu p\u0159irozen\u011b zastupuj\u00ed lidsk\u00e9 v\u00fdhry a dosa\u017een\u00e9 c\u00edle, zat\u00edmco ony mollov\u00e9 naopak lidsk\u00e9 prohry a s nimi spojen\u00e9 nep\u0159\u00edjemn\u00e9 p\u0159ek\u00e1\u017eky.<\/p>\n<p>\u201eJinak, kdy\u017e op\u011bt p\u0159i\u0161la \u0159e\u010d na Exup\u00e9ryho, tak Eva Znam\u00ednkov\u00e1, Albert a Apolena Kajnarov\u00e1 spole\u010dn\u011b upravili jeho p\u0159\u00edb\u011bh o Mal\u00e9m princi,\u201c oznamuje mi Jana po krat\u0161\u00ed odmlce pom\u011brn\u011b z\u00e1sadn\u00ed novinku.<\/p>\n<p>\u201eV\u00e1\u017en\u011b? Ten bych si docela r\u00e1d p\u0159e\u010detl,\u201c neskr\u00fdv\u00e1m jist\u00e9 nad\u0161en\u00ed. \u201eKdy\u017e jsme se onehdy se\u0161li a vy jste mi referovala o Kataln\u00e9 Mochn\u011b, tak jste se i zmi\u0148ovala, jak pr\u00e1v\u011b Albert a Apolena nesouhlasili s t\u00edm, jak byl zakon\u010den.\u201c<\/p>\n<p>\u201eM\u00e1m ho zde u sebe.\u201c Na\u010de\u017e mi Jana ochotn\u011b p\u0159ed\u00e1v\u00e1 k prostudov\u00e1n\u00ed jistou objemn\u011bj\u0161\u00ed kn\u00ed\u017eku. Se z\u00e1jmem si j\u00ed tedy za\u010d\u00edn\u00e1m listovat a p\u0159irozen\u011b se nejv\u00edce up\u00edn\u00e1m na onen konec. A ten se od origin\u00e1lu zna\u010dn\u011b li\u0161\u00ed. Exup\u00e9ry spole\u010dn\u011b s mal\u00fdm princem oprav\u00ed letadlo prvn\u00edho jmenovan\u00e9ho a bez dal\u0161\u00ed \u00fajmy se oba dostanou z pou\u0161t\u011b \u0161\u0165astn\u011b pry\u010d, tak\u017ee k u\u0161tknut\u00ed hadem a n\u00e1sledn\u00e9 smrti mal\u00e9ho prince nakonec nedoch\u00e1z\u00ed. Ani za letu mezi n\u00edm a Exup\u00e9rym nepolevuje rozhovor, mimo jin\u00e9 se oba vrac\u00ed k obyvatel\u016fm planet, je\u017e mal\u00fd princ nav\u0161t\u00edvil je\u0161t\u011b p\u0159edt\u00edm, ne\u017e dorazil na Zem. Zejm\u00e9na spolu debatuj\u00ed o jejich rozpa\u010dit\u00e9m chov\u00e1n\u00ed, je\u017e spat\u0159uj\u00ed v osam\u011blosti. Zast\u00e1vaj\u00ed n\u00e1zor, \u017ee kdyby nebyli pouze zahled\u011bni do sv\u00e9 pr\u00e1ce a m\u011bli kolem sebe n\u011bjak\u00e9 dal\u0161\u00ed obyvatele, pro\u017e\u00edvali by mnohem harmoni\u010dt\u011bj\u0161\u00ed \u017eivot.<\/p>\n<p>Exup\u00e9ry mal\u00e9ho prince doprav\u00ed k sob\u011b dom\u016f, kde oprav\u00ed i jeho letad\u00e9lko a tak se tento \u010dlov\u00ed\u010dek m\u00e1 mo\u017enost vr\u00e1tit na svoji malou planetu, kde se d\u00e1l bude moci starat o sv\u00e9 kv\u011btiny. Kdyby toti\u017e v pou\u0161ti podlehl onomu hadovi, zem\u0159el by a tak by mu bylo nadobro znemo\u017en\u011bno pe\u010dovat o n\u011b a jeho rodn\u00e1 mal\u00e1 planetka by nav\u00edc ch\u00e1trala, co\u017e by bylo rovn\u011b\u017e tuze mrzut\u00e9. Aby se mal\u00fd princ na n\u00ed nec\u00edtil opu\u0161t\u011bn\u011b, nab\u00eddne mu Exup\u00e9ry, \u017ee za n\u00edm na Zem m\u016f\u017ee kdykoliv zav\u00edtat. Jako dar mu na cestu v\u011bnuje pr\u00e1zdn\u00e9 foto-album na ukl\u00e1d\u00e1n\u00ed z\u00e1\u017eitkov\u00fdch momentek. Ani mal\u00fd princ nez\u016fst\u00e1v\u00e1 v\u016f\u010di sv\u00e9mu pozemsk\u00e9mu p\u0159\u00edteli nete\u010dn\u00fd a p\u0159isl\u00edb\u00ed mu cenn\u00fd dar a to v podob\u011b kv\u011btiny, kterou pro n\u011bj na sv\u00e9 planet\u011b speci\u00e1ln\u011b vy\u0161lecht\u00ed.<\/p>\n<p>A tak se utvo\u0159\u00ed nezvykle siln\u00e9 p\u0159\u00e1telsk\u00e9 pouto dvou ojedin\u011bl\u00fdch osobnost\u00ed, je\u017e ne\u0161et\u0159\u00ed vz\u00e1jemnou n\u00e1klonnost\u00ed. A jak si mal\u00fd princ a Exup\u00e9ry p\u0159i sv\u00e9m prvotn\u00edm setk\u00e1n\u00ed umluv\u00ed, tak se tak\u00e9 stane. Kdy\u017e mal\u00fd princ podruh\u00e9 zav\u00edt\u00e1 na planetu Zemi, v\u011bnuje Exup\u00e9rymu nejen onen dar v podob\u011b kv\u011btiny, ale rovn\u011b\u017e se pochlub\u00ed s t\u00edm, co sta\u010dil za\u0159adil do onoho foto-alba. Sv\u00e9ho pozemsk\u00e9ho p\u0159\u00edtele sezn\u00e1m\u00ed nejen s fotografiemi rostlin, je\u017e vyp\u011bstoval na sv\u00e9 rodn\u00e9 planet\u011b, ale i se z\u00e1\u017eitky s jednotliv\u00fdmi obyvateli na on\u011bch ostatn\u00edch.<\/p>\n<p>Mal\u00fd princ rozhodn\u011b ne\u0161et\u0159\u00ed sebekritikou a nab\u00e1d\u00e1 je k utv\u00e1\u0159en\u00ed nov\u00fdch p\u0159\u00e1telsk\u00fdch vazeb, tak jak to za\u017eil na Zemi pr\u00e1v\u011b s Exup\u00e9rym. A tak se po\u010dt\u00e1\u0159 z jedn\u00e9 planety sezn\u00e1m\u00ed s mu\u017eem, co m\u00e1 na planet\u011b jin\u00e9 na starosti rozsv\u011bcen\u00ed lamp&#8230; A tak to pokra\u010duje d\u00e1le. Postupn\u011b se tak utv\u00e1\u0159\u00ed nov\u00e1 p\u0159\u00e1telstv\u00ed. Vesm\u00edr se tak ne\u010dekan\u011b prom\u011bn\u00ed a to nejen po str\u00e1nce onoho tu n\u011bkolikr\u00e1t ji\u017e zm\u00edn\u011bn\u00e9ho p\u0159\u00e1telstv\u00ed, rovn\u011b\u017e um a dovednosti jednotliv\u00fdch obyvatel planet, je\u017e mal\u00fd princ nanovo nav\u0161t\u00edvil, tu sehr\u00e1vaj\u00ed svoji podstatnou roli, nebo\u0165 ti obdobn\u011b daj\u00ed na jeho radu a navz\u00e1jem si p\u0159edaj\u00ed sv\u00e9 pracovn\u00ed zku\u0161enosti.<\/p>\n<p>A tak se Vesm\u00edr z\u00e1sluhou mal\u00e9ho prince st\u00e1v\u00e1 studnic\u00ed znalost\u00ed a dovednost\u00ed. Ten stejn\u011b jako Exup\u00e9ry za to je nesm\u00edrn\u011b r\u00e1d a poka\u017ed\u00e9 kdy\u017e se spolu shledaj\u00ed, si p\u0159ipom\u00ednaj\u00ed, jak podstatn\u00e9 je v \u017eivot\u011b n\u011bkoho m\u00edt, pod\u011blit se s n\u00edm o sv\u00e9 zku\u0161enosti a radovat se spole\u010dn\u011b z ka\u017ed\u00e9ho nov\u011b pro\u017eit\u00e9ho dne. Nebo\u0165, jak ji\u017e Exup\u00e9ry ve sv\u00e9 kn\u00ed\u017ece o Mal\u00e9m princi poznamenal, ka\u017ed\u00fd je odpov\u011bdn\u00fd za to, co k sob\u011b p\u0159ipout\u00e1 a to plat\u00ed nejen o p\u0159edm\u011btech n\u00fdbr\u017e i o lidech, na nich\u017e n\u00e1m z\u00e1le\u017e\u00ed a bez nich\u017e by byl \u017eivot k ne\u017eit\u00ed.<\/p>\n<p>\u201eZaj\u00edmav\u00e9, kam a\u017e se, z\u00e1sluhou Evy, Alberta a Apoleny, Exup\u00e9ryho Mal\u00fd princ po t\u00e9matick\u00e9 textov\u00e9 str\u00e1nce vyvinul,\u201c beru si pak jako prvn\u00ed slovo. \u201eA stejn\u011b tak zaj\u00edmav\u00fd je i osud samotn\u00e9ho autora, kdy ten po cel\u00fd \u017eivot ve sv\u00fdch existenci\u00e1ln\u00edch d\u00edlech bojoval za lep\u0161\u00ed \u017eivot na na\u0161\u00ed planet\u011b a nakonec tragicky zahynul pot\u00e9, co ho sest\u0159elil letec ve slu\u017eb\u00e1ch n\u011bmeck\u00e9 Luftwaffe. Co na tom bylo paradoxn\u00ed, \u017ee pr\u00e1v\u011b Exup\u00e9ry pat\u0159il k jeho obl\u00edben\u00fdm autor\u016fm a Mal\u00fd princ k jeho nejmilej\u0161\u00edm kn\u00ed\u017ek\u00e1m.\u201c<\/p>\n<p>\u201eAno, o tom jsem kdysi \u010detla v jednom liter\u00e1rn\u00edm \u010dasopise,\u201c p\u0159itak\u00e1v\u00e1 souhlasn\u011b Jana, na\u010de\u017e i ona p\u0159ipom\u00edn\u00e1 osud jin\u00e9 tragicky zesnul\u00e9 persony. \u201e\u0158\u00edk\u00e1 v\u00e1m n\u011bco bli\u017e\u0161\u00edho jm\u00e9no Anna Frankov\u00e1? Ta m\u011bla jeden velk\u00fd sen a sice st\u00e1t se uzn\u00e1vanou spisovatelkou. S Exup\u00e9rym ji pojilo obdob\u00ed Druh\u00e9 sv\u011btov\u00e9 v\u00e1lky, jej\u00ed\u017e se i ona stala ob\u011bt\u00ed. Zachoval se v\u0161ak po n\u00ed den\u00edk, do n\u011bho\u017e si zapisovala ka\u017edodenn\u00ed post\u0159ehy. A ty se, obdobn\u011b jako Exup\u00e9ryho Mal\u00fd princ, zakr\u00e1tko staly d\u016fle\u017eit\u00e9 pro mnoho lid\u00ed na cel\u00e9m sv\u011bt\u011b.\u201c<\/p>\n<p>\u201eZvl\u00e1\u0161tn\u00ed, jak n\u011bkdy osud dok\u00e1\u017ee b\u00fdt krut\u00fd k lidem, co se v\u017edy chovali po\u010destn\u011b, nikdy nikomu neubl\u00ed\u017eili a nav\u00edc se velkou m\u011brou zaslou\u017eili o polid\u0161t\u011bn\u00ed na\u0161\u00ed Zem\u011b. Jako by se nehostinn\u00fd osud zam\u011b\u0159oval pr\u00e1v\u011b na ty slu\u0161n\u00e9 a zbavil je n\u00e1roku na dlouh\u00fd a \u0161\u0165astn\u00fd \u017eivot a naopak up\u0159ednost\u0148oval ty zl\u00e9, co druh\u00fdm zp\u016fsobuj\u00ed bolest,\u201c vyslovuji se k dan\u00e9 problematice.<\/p>\n<p>\u201eDovoluji si v\u00e1m oponovat, p\u0159eci jen existuje minim\u00e1ln\u011b jedna osoba, je\u017e se velkou m\u011brou zaslou\u017eila, jak jste nyn\u00ed uvedl, o polid\u0161t\u011bn\u00ed na\u0161eho sv\u011bta a do\u017eila se po\u017eehnan\u00e9ho v\u011bku. To znamen\u00e1, \u017ee se k n\u00ed osud zachoval v\u00edce ne\u017e benevolentn\u011b a dokonce j\u00ed umo\u017enil, aby se do\u010dkala pod\u011bkovan\u00ed od t\u011bch, jim\u017e toliko za sv\u00e9ho \u017eivota pomohla.\u201c<\/p>\n<p>\u0158e\u010d nyn\u00ed nen\u00ed o nikom jin\u00e9m ne\u017eli o Nicolasi Wintonovi, mu\u017ei, jen\u017e p\u0159ed jistou smrt\u00ed zachr\u00e1nil na tis\u00edce \u017eid\u016f, kdy pro n\u011b vypravil speci\u00e1ln\u00ed vlaky, kter\u00e9 je n\u00e1sledn\u011b zavezli do bezpe\u010d\u00ed.<\/p>\n<p>\u201eJe\u0161t\u011b se mi minim\u00e1ln\u011b vybavuje jedna zaj\u00edmav\u00e1 persona, ta ale nen\u00ed d\u00e1v\u00e1na do souvislosti s v\u00e1le\u010dn\u00fdm konfliktem, i kdy\u017e i v jej\u00edch liter\u00e1rn\u00edch d\u00edlech je patrn\u00fd smutek.\u201c<\/p>\n<p>Tentokr\u00e1t Jana jmenuje Jana Balab\u00e1na a tak pro zm\u011bnu zase uv\u00e1d\u00ed opa\u010dn\u00fd p\u0159\u00edpad, ne\u017e jak\u00fd nastal u Nicolase Wintona, kdy se osud v\u016f\u010di jmenovan\u00e9mu v\u00fdznamn\u00e9mu \u010desk\u00e9mu liter\u00e1tovi zachoval netaktn\u011b. Onen Jan toti\u017e ne\u010dekan\u011b skonal ve sv\u00fdch dev\u011bta\u010dty\u0159iceti letech a to bez zdravotn\u00edch obt\u00ed\u017e\u00ed. A co na tom v\u0161em je zejm\u00e9na zaj\u00edmav\u00e9, \u017ee se tak stalo na den p\u0159esn\u011b, kdy zem\u0159el jeho otec.<\/p>\n<p>\u201eTo je pr\u00e1v\u011b to m\u00e9 v\u011b\u010dn\u00e9 dilema,\u201c op\u011bt p\u0159ipom\u00edn\u00e1m. \u201eM\u00e1 u m\u011b p\u0159ev\u00e1\u017eit povaha dobr\u00e1ka, co je druh\u00fdm n\u00e1pomocn\u00fd, nebo sp\u00ed\u0161e povaha pokrytce, co druh\u00fdm naopak ubli\u017euje, abych si zaslou\u017eil n\u00e1rok na dlouh\u00fd plnohodnotn\u00fd \u017eivot?\u201c<\/p>\n<p>\u201eTo j\u00e1 sama za sebe se p\u0159ikl\u00e1n\u00edm k povaze onoho dobr\u00e1ka. A onen spokojen\u00fd \u017eivot, vykoupen bezbolestnou smrt\u00ed, si pokus\u00edm pojistit u Winsternsk\u00e9ho rodu \u0159\u00e1du lebonsk\u00fdch lid\u00ed. Vy ostatn\u011b m\u016f\u017eete tak\u00e9. Sylvie a lidi\u010dky kolem n\u00ed v\u00e1s miler\u00e1di zbav\u00ed zdravotn\u00edch neduh\u016f, pokud n\u011bjak\u00e9 poci\u0165ujete. A pokud v \u017eivot\u011b naopak t\u00e1p\u00e1te po ryze pracovn\u00ed str\u00e1nce, domluvte si sch\u016fzku p\u0159\u00edmo s Radovanem.\u201c<\/p>\n<p>\u201eJ\u00e1 v\u00edm, \u017ee v\u00e1mi zm\u00edn\u011bn\u00e9 persony a jejich vy\u0159\u010den\u00e1 moudra a dovednosti maj\u00ed svoji v\u00e1hu, bohu\u017eel v m\u00e9m p\u0159\u00edpad\u011b to ale nen\u00ed tak snadn\u00e9.\u201c<\/p>\n<p>\u201eCopak v\u00e1s tr\u00e1p\u00ed? Sv\u011b\u0159te se mi,\u201c vyz\u00fdv\u00e1 m\u011b Jana. \u201eNebojte, nech\u00e1m si to pro sebe, pokud se jedn\u00e1 o dosti choulostivou z\u00e1le\u017eitost.\u201c<\/p>\n<p>\u201eZkr\u00e1tka m\u011b tr\u00e1p\u00ed ta m\u00e1 rozdvojen\u00e1 osobnost. J\u00e1 coby Tom Patrick si u\u017e\u00edv\u00e1m pohostinnosti Kataln\u00e9 Mochny, zat\u00edmco m\u00e9 druh\u00e9 j\u00e1 v podob\u011b Vendy Hrd\u00e9ho v n\u00ed spat\u0159uje nedostupn\u00e9 m\u011bsto, o n\u011bm\u017e v\u011b\u010dn\u011b m\u016f\u017ee pouze sn\u00edt.\u201c<\/p>\n<p>\u201eTak to je mi l\u00edto,\u201c m\u00e1 pro m\u00e9 sou\u010dasn\u00e9 tr\u00e1pen\u00ed Jana pochopen\u00ed. \u201eA vedle t\u00e9to nespravedlnosti pravd\u011bpodobn\u011b va\u0161e druh\u00e9 j\u00e1 obdobn\u011b rovn\u011b\u017e rmout\u00ed i t\u011b\u017ekosti \u017eivota, \u017ee se nem\u00fdl\u00edm?\u201c<\/p>\n<p>\u201eAno a t\u00edm mu kriticky pak kles\u00e1 sebev\u011bdom\u00ed a stejn\u011b jako j\u00e1 si \u0159\u00edk\u00e1, jak\u00fd m\u00e1 \u017eivot smysl, kdy\u017e p\u0159in\u00e1\u0161\u00ed tolik nespravedliv\u00fdch krutost\u00ed.\u201c Na\u010de\u017e nev\u00e1h\u00e1m a uv\u00e1d\u00edm konkr\u00e9tn\u00ed p\u0159\u00edklad: \u201eTo jedno parn\u00e9 l\u00e9to za Vendou a jeho rodinou do Pod\u011bbrad p\u0159ijela n\u00e1v\u0161t\u011bva z Brna. Bylo to p\u0159\u00edjemn\u00e9 shled\u00e1n\u00ed, ov\u0161em kdy\u017e ze strany host\u016f p\u0159i\u0161la \u0159e\u010d na nemoc v podob\u011b zhoubn\u00e9 rakoviny, propadl Venda op\u011btovn\u00e9 skepsi.\u201c<\/p>\n<p>\u201eM\u00e1te pravdu, pr\u00e1v\u011b toto je na \u017eivot\u011b velice nemil\u00e9. A tak va\u0161emu druh\u00e9mu j\u00e1 p\u0159eji, a\u0165 v n\u011bm za\u017eije je\u0161t\u011b mnoho kr\u00e1sn\u00e9ho a onomu nemocn\u00e9mu pak brzk\u00e9 uzdraven\u00ed.\u201c<\/p>\n<p>A netrv\u00e1 to dlouho a v Letomonsk\u00e9m parku m\u011b a Janu kynou na pozdrav dva zamilovan\u00e9 p\u00e1ry.<\/p>\n<p>\u201eApoleno, V\u00edtku, Evel\u00edno, to je ale mil\u00e9 p\u0159ekvapen\u00ed!\u201c v\u00edt\u00e1 se s p\u0159\u00edchoz\u00edmi v\u00e1\u0161niv\u011b Jana, p\u0159i\u010dem\u017e i m\u011b vyb\u00edz\u00ed k tomu sam\u00e9mu. \u201eVy se je\u0161t\u011b nezn\u00e1te, dovolte, Tome, abych v\u00e1s sezn\u00e1mila. Toto je Bohum\u00edn Slam\u011bn\u00fd.\u201c<\/p>\n<p>\u201eBohum\u00edn.\u201c<\/p>\n<p>\u201eTom.\u201c<\/p>\n<p>Oba si pod\u00e1v\u00e1me ruku.<\/p>\n<p>\u201eTak to vy jste si z\u00edskal Apolenino srdce?\u201c<\/p>\n<p>\u201eU\u017e to tak vypad\u00e1,\u201c podot\u00fdk\u00e1 s \u00fasm\u011bvem na tv\u00e1\u0159i Bohum\u00edn, jinak vyt\u00e1hl\u00fd hn\u011bdook\u00fd brunet.<\/p>\n<p>\u201eA kde jste se vy a Apolena v\u016fbec sezn\u00e1mili?\u201c ned\u00e1 mi to takto nezeptat se.<\/p>\n<p>\u201eV m\u00edstn\u00ed mochnick\u00e9 Seznamovac\u00ed kav\u00e1rn\u011b,\u201c potvrzuje m\u016fj spr\u00e1vn\u00fd \u00fasudek Bohum\u00edn.<\/p>\n<p>\u201eNo a jak do\u0161lo ke zrozen\u00ed na\u0161\u00ed l\u00e1sky zajist\u00e9 p\u0159edem rovn\u011b\u017e spr\u00e1vn\u011b uh\u00e1dnete,\u201c uj\u00edm\u00e1 se slova pot\u00e9 i Evel\u00edna a po vzoru Apoleny a Bohum\u00edna i ona sv\u00e9ho V\u00edtka pol\u00edb\u00ed na rty.<\/p>\n<p>Jak by mi to nebylo zn\u00e1m\u00e9, u\u017e onehdy, kdy\u017e jsem v s\u00eddle Winsternsk\u00e9ho rodu \u0159\u00e1du lebonsk\u00fdch lid\u00ed vypom\u00e1hal s v\u00fdsadbou L\u00c9KORINEK, si ne\u0161lo nev\u0161imnout, jak to pr\u00e1v\u011b mez\u00ed Apolenou a V\u00edtkem jisk\u0159ilo. A to mi p\u0159ipom\u00edn\u00e1 n\u00e1sleduj\u00edc\u00ed: \u201eV\u00edm \u017ee to mo\u017en\u00e1 bude va\u0161im u\u0161\u00edm zn\u00edt jako nep\u0159\u00edjemn\u00e1 obehran\u00e1 p\u00edsni\u010dka, ale p\u0159esto mi to ned\u00e1 nezeptat se&#8230;\u201c<\/p>\n<p>\u201eJak se to m\u00e1 s Just\u00fdnou a m\u00fdm dluhem,\u201c dopov\u00edd\u00e1 za m\u011b V\u00edtek. Nen\u00ed pochyb o tom, \u017ee tuto ot\u00e1zku mu za tu dobu, co jsme se spolu nevid\u011bli, ji\u017e polo\u017eilo mnoho jin\u00fdch lid\u00ed. \u201eCo se t\u00fd\u010de onoho dluhu, tak ten je ji\u017e \u00fasp\u011b\u0161n\u011b splacen. A jak jsme na tom j\u00e1 a Just\u00fdna? \u0158eknu to takto: St\u00e1le z\u016fst\u00e1v\u00e1m \u010dlenem Dev\u00edti slunc\u00ed a sna\u017e\u00edm se se v\u0161emi zb\u00fdvaj\u00edc\u00edmi \u010dleny vych\u00e1zet po dobr\u00e9m.\u201c<\/p>\n<p>\u201eRozum\u00edm,\u201c nach\u00e1z\u00edm pro V\u00edtka pochopen\u00ed a ji\u017e se v tom v\u00edce nepitv\u00e1m. \u201eA co vy, Apoleno a v\u00e1\u0161 vztah s ot\u010d\u00edmem? Do\u0161lo alespo\u0148 k \u010d\u00e1ste\u010dn\u00e9mu usm\u00ed\u0159en\u00ed jako tady u V\u00edtka a Just\u00fdny?\u201c oslovuji jmenovanou.<\/p>\n<p>\u201eBohu\u017eel ne. J\u00e1 jsem s n\u00edm od on\u00e9 jeho n\u00e1v\u0161t\u011bvy v Kataln\u00e9 Mochn\u011b, uskute\u010dn\u011bn\u00e9 p\u0159ed dlouh\u00fdmi \u0161esti lety, nemluvila a ani ho nevid\u011bla. Jen se ke mn\u011b o n\u011bm doneslo p\u00e1r zpr\u00e1v a to ne zrovna radostn\u00fdch. Pr\u00fd se \u00fadajn\u011b nach\u00e1z\u00ed ve v\u011bzen\u00ed, kde si odpyk\u00e1v\u00e1 trest za v\u00fdtr\u017enictv\u00ed, co\u017e podtrhla i jeho bezmezn\u00e1 n\u00e1klonnost k alkoholu.\u201c<\/p>\n<p>\u201eTak to m\u011b mrz\u00ed.\u201c<\/p>\n<p>\u201eJ\u00e1 ho ale nelituji a rozhodn\u011b s n\u00edm ji\u017e nechci m\u00edt nic spole\u010dn\u00e9ho, i kdy\u017e je to m\u016fj p\u0159\u00edbuzn\u00fd.\u201c<\/p>\n<p>\u201eCh\u00e1pu, prost\u011b nechcete d\u00e1le z\u016fst\u00e1vat v kontaktu s n\u011bk\u00fdm, kdo v\u00e1m v jednom kuse jenom ubli\u017eoval,\u201c nach\u00e1z\u00edm pro Apolenu pochopen\u00ed.<\/p>\n<p>\u201eObdobn\u011b jako tady V\u00edtek i j\u00e1 jsem se rozhodla ud\u011blat definitivn\u00ed te\u010dku za svoj\u00ed minulost\u00ed. A tak jsem p\u0159ed on\u011bmi \u0161esti lety u\u010dinila dosti z\u00e1sadn\u00ed rozhodnut\u00ed: definitivn\u011b opustila svoji rodnou Prahu, usadila se natrvalo zde v Kataln\u00e9 Mochn\u011b, p\u0159estoupila na zdej\u0161\u00ed gymn\u00e1zium, dostudovala, zamilovala se a za\u010dala pracovat v hotelu HOTELI\u00c9RA jako recep\u010dn\u00ed.\u201c<\/p>\n<p>\u201eTak to v\u00e1m blahop\u0159eji.\u201c Na\u010de\u017e pohotov\u011b navazuji: \u201eTo jste te\u010f vlastn\u011b kolegyn\u00ed Terezy Jentelov\u00e9. Jak t\u00e9 se da\u0159\u00ed?\u201c<\/p>\n<p>\u201eP\u0159edstavte si, \u017ee se chyst\u00e1 usadit s Jaroslavem Nedomansk\u00fdm,\u201c uv\u00e1d\u00ed tentokr\u00e1t Evel\u00edna. \u201eToho, na rozd\u00edl tady od Apolenina ot\u010d\u00edma, ned\u00e1vno z v\u011bzen\u00ed ji\u017e pustili a on a Tereza nyn\u00ed spolu pl\u00e1nuj\u00ed spole\u010dnou budoucnost.\u201c<\/p>\n<p>\u201eNo to je mi ale novinka. A jak se k tomu stav\u00ed Terezina sestra Kate\u0159ina?\u201c<\/p>\n<p>\u201eZpo\u010d\u00e1tku nebyla p\u0159\u00edli\u0161 nad\u0161en\u00e1, pot\u00e9 co se do toho ale vlo\u017eili Radovan a Olaf, postupn\u011b zm\u011bnila n\u00e1zor a nyn\u00ed se sestrou ji\u017e zase norm\u00e1ln\u011b komunikuje,\u201c sd\u011bluje mi op\u011bt Evel\u00edna. \u201eZd\u00e1 se, \u017ee Jaroslav hodl\u00e1 do budoucna sekat dobrotu a postupn\u011b se z n\u011bj st\u00e1v\u00e1 slu\u0161n\u00fd \u010dlov\u011bk. Dokonce i s Radovanem na\u0161el spole\u010dnou \u0159e\u010d.\u201c<\/p>\n<p>\u201eA jak je na tom Kl\u00e1ra Nedomansk\u00e1, Jaroslavova matka?\u201c<\/p>\n<p>\u201eTa si rovn\u011b\u017e pro\u017eila sv\u00e9,\u201c bav\u00ed se se mnou i nad\u00e1le ochotn\u011b Evel\u00edna. \u201ePot\u00e9 co se dostala z nejhor\u0161\u00edho a opustila pra\u017eskou Tomajerovu nemocnici, s n\u00ed byl rovn\u011b\u017e veden soudn\u00ed proces. Od n\u011bj nakonec ode\u0161la s podm\u00ednkou, na co\u017e m\u011bl zna\u010dn\u00fd vliv i jej\u00ed zdravotn\u00ed stav. V sou\u010dasn\u00e9 dob\u011b je v p\u00e9\u010di na\u0161eho mochnick\u00e9ho \u0158\u00e1du, jen\u017e usilovn\u011b pracuje na jej\u00edm dol\u00e9\u010den\u00ed.\u201c<\/p>\n<p>\u201ePane jo a co tomu \u0159\u00edk\u00e1 Sofie Hanu\u0161ov\u00e1?\u201c<\/p>\n<p>\u201eTa vrchn\u00ed sestra z Tomajerovy nemocnice, s n\u00ed\u017e se chytli Radovan s Olafem?\u201c<\/p>\n<p>\u201eAno ta.\u201c<\/p>\n<p>\u201eNo pokud mi je zn\u00e1mo,\u201c odpov\u00edd\u00e1 Evel\u00edna ne\u00fanavn\u011b na m\u00e9 ot\u00e1zky, \u201etak ta o tom prozat\u00edm nem\u00e1 v\u016fbec pon\u011bt\u00ed. A jestli v\u00e1s stejn\u011b tak i zaj\u00edm\u00e1, zdali u na\u0161eho mochnick\u00e9ho \u0158\u00e1du byla ji\u017e hospitalizov\u00e1na, tak v\u00e1s zklamu. I kdy\u017e na druhou stranu to je mo\u017en\u00e1 i dob\u0159e, nebo\u0165 z toho vypl\u00fdv\u00e1, \u017ee se t\u011b\u0161\u00ed dobr\u00e9mu zdrav\u00ed a tud\u00ed\u017e ni\u010d\u00ed pomoc nepot\u0159ebuje.\u201c<br \/>\nI tak mi to je\u0161t\u011b ned\u00e1 a kdy\u017e znovu p\u0159ich\u00e1z\u00ed \u0159e\u010d na Winsternsk\u00fd rod \u0159\u00e1du lebonsk\u00fdch lid\u00ed, nemohu samoz\u0159ejm\u011b opomenout Pavla Hn\u00edzdila.<\/p>\n<p>\u201eTen se ji\u017e pln\u011b uzdravil. A Karel a Al\u017eb\u011bta jsou za to p\u0159irozen\u011b r\u00e1di. Mimochodem, kdy\u017e u\u017e na n\u011b p\u0159i\u0161la \u0159e\u010d, tak Karl\u016fv kolega z pr\u00e1ce Marek Drahokoupil a sestra Anny P\u00e1lavsk\u00e9 Andrea ned\u00e1vno m\u011bli svatbu. M\u00e1me tu u sebe i fotografie. Chcete se pod\u00edvat?\u201c<\/p>\n<p>\u201eJist\u011b, velice r\u00e1d,\u201c nemohu samoz\u0159ejm\u011b danou nab\u00eddku odm\u00edtnout. P\u0159eci jen jsem v Kataln\u00e9 Mochn\u011b del\u0161\u00ed dobu nebyl a tak m\u011b p\u0159irozen\u011b zaj\u00edm\u00e1, co se od m\u00e9 posledn\u00ed n\u00e1v\u0161t\u011bvy ud\u00e1lo.<\/p>\n<p>A rozhodn\u011b je co obdivovat. Markovi a Andree to na svatebn\u00edch fotk\u00e1ch opravdu nesm\u00edrn\u011b moc slu\u0161\u00ed a je v\u00edce ne\u017e dojemn\u00e9, \u017ee na nich je vedle nich a Karla, Al\u017eb\u011bty, Pavla Hn\u00edzdilov\u00fdch a dal\u0161\u00edch host\u016f p\u0159\u00edtomen i Old\u0159ich V\u00edzek, onen mu\u017e, jen\u017e pr\u00e1v\u011b od Karla darem obdr\u017eel onen usm\u011bvav\u00fd hrn\u00ed\u010dek. Jen\u017ee to nen\u00ed v\u0161e, nebo\u0165 z\u00e1hy m\u00e1m mo\u017enost si na fotografi\u00edch prohl\u00e9dnout druhou svatbu v po\u0159ad\u00ed, j\u00ed\u017e v\u00e9vod\u00ed Ludv\u00edk Trnavsk\u00fd a \u0160\u00e1rka Vladsk\u00e1. Jej\u00ed babi\u010dka Vladana se tak nakonec p\u0159eci jen podvolila Radovanu Litevsk\u00e9mu a dala l\u00e1sce tohoto mlad\u00e9ho zamilovan\u00e9ho p\u00e1ru po\u017eehn\u00e1n\u00ed. Je v\u00edce ne\u017e sympatick\u00e9 \u017ee Vladana nejen k veselce dala souhlas, ale \u017ee se j\u00ed i osobn\u011b z\u00fa\u010dastnila. Nutno podotknout, \u017ee po Radovanov\u011b boku j\u00ed to opravdu moc slu\u0161\u00ed. Zb\u00fdv\u00e1 si tak polo\u017eit n\u00e1slednou ot\u00e1zku a sice zdali svoji jednou budou i Tereza a Jaroslav.<\/p>\n<p>\u201eTak to je pro tuto chv\u00edli jedna velk\u00e1 nezn\u00e1m\u00e1,\u201c m\u00edn\u00ed Evel\u00edna. \u201eStejn\u011b jako v p\u0159\u00edpad\u011b Of\u00e9lie Ka\u0161t\u00e1nkov\u00e9 a Lubom\u00edra V\u011btvi\u010dky. Ka\u017edop\u00e1dn\u011b se Rudolf Manten nechal sly\u0161et, kdy\u017e se se svatbami v Kataln\u00e9 Mochn\u011b doslova, jak se lidov\u011b \u0159\u00edk\u00e1, roztrhl pytel, \u017ee kdyby o n\u00ed i oni jednou rovn\u011b\u017e v\u00e1\u017en\u011b uva\u017eovali, mohla by se hostina uskute\u010dnit v jeho kav\u00e1rn\u011b Sanmantena. S t\u00edm koneckonc\u016f souhlasili i Kate\u0159ina Jentelov\u00e1 a Martin Net\u0159ebick\u00fd.\u201c<\/p>\n<p>\u201eKdy\u017e tu padla zm\u00ednka o Martinovi,\u201c promluvila po del\u0161\u00ed odmlce Apolena, \u201etak ho sama od sebe Vladana kontaktovala a pokusila se mu omluvit za to, jak se k n\u011bmu kdysi netaktn\u011b zachovala, a dokonce nab\u00eddla i pen\u011b\u017eitou satisfakc\u00ed.\u201c<\/p>\n<p>\u201eA co on na to?\u201c prahnu nedo\u010dkav\u011b po odpov\u011bdi.<\/p>\n<p>\u201eDopadlo to obdobn\u011b jako na po\u010d\u00e1tku m\u00e9ho sporu s Just\u00fdnou. Martin o sch\u016fzce necht\u011bl nic sly\u0161et a kdy\u017e k n\u00ed p\u0159eci jen nakonec do\u0161lo, nesla se v dosti napjat\u00e9 atmosf\u00e9\u0159e. Vladana ode\u0161la s nepo\u0159\u00edzenou a prozat\u00edm to tud\u00ed\u017e na sm\u00edr nevypad\u00e1. To Lubom\u00edr byl o n\u011bco povoln\u011bj\u0161\u00ed, nicm\u00e9n\u011b i on Vladan\u011b \u0159ekl sv\u00e9. A tak to mezi ob\u011bma p\u00e1ny a pan\u00ed hrab\u011bnkou i nad\u00e1le jisk\u0159\u00ed.\u201c<\/p>\n<p>Cen\u00edm si toho, \u017ee mi o tomto podal zpr\u00e1vu pr\u00e1v\u011b V\u00edtek. On s\u00e1m ostatn\u011b pro\u017eil to sam\u00e9, kdy\u017e se sv\u00fdm neuv\u00e1\u017een\u00fdm \u010dinem obdobn\u011b dopustil \u0161patnosti. A jako by z jeho hlasu bylo patrn\u00e9, jak se za sv\u00e9 n\u011bkdej\u0161\u00ed politov\u00e1n\u00edhodn\u00e9 \u010diny st\u00e1le styd\u00ed. Na\u0161t\u011bst\u00ed m\u00e1 ch\u00e1paj\u00edc\u00ed partnerku.<\/p>\n<p>\u201eCo kdybychom p\u0159estali truchlit a za\u010dali se spole\u010dn\u011b bavit zase o p\u011bkn\u00fdch v\u011bcech,\u201c p\u0159emlouv\u00e1 n\u00e1s Evel\u00edna. \u201eV\u00edte Tome, \u017ee jak Alexandra Janov\u00e1 tak i Tom Wong se do\u010dkali v\u00fdznamn\u00e9ho zahrani\u010dn\u00edho uzn\u00e1n\u00ed za sv\u00e9 revolu\u010dn\u00ed inovativn\u00ed n\u00e1pady?\u201c Na\u010de\u017e mi ihned referuje, jak k tomu do\u0161lo. To jist\u00fd turista nav\u0161t\u00edvil Katalnou Mochnu, neodolal a nechal si na po\u010dk\u00e1n\u00ed vypracovat Vantelbooklist a pot\u00e9 odzkou\u0161el i ony ALMANY. Z oboj\u00edho byl tak nad\u0161en\u00fd, \u017ee dan\u00e9 inovativn\u00ed ojedin\u011blosti obratem doporu\u010dil jist\u00e9 americk\u00e9 organizaci v\u011bnuj\u00edc\u00ed se opu\u0161t\u011bn\u00fdm \u010di v \u017eivot\u011b str\u00e1daj\u00edc\u00edm lidem. N\u011bkter\u00e1 zahrani\u010dn\u00ed m\u00e9dia je dokonce nazvala \u201edotykov\u00fdm facebookem\u201c a to pro jejich ne\u010dekan\u00e9 mo\u017enosti v podob\u011b osobn\u00edho soukrom\u00e9ho u\u017eit\u00ed. A co rovn\u011b\u017e neu\u0161lo pozornosti m\u00e9di\u00ed, byly i l\u00e9\u010debn\u00e9 metody a postupy Winsternsk\u00e9ho rodu \u0159\u00e1du lebonsk\u00fdch lid\u00ed, jim\u017e zejm\u00e9na dominovaly ona posv\u00e1tn\u00e1 persk\u00e1 ko\u010dka a l\u00e9mansk\u00e9 r\u016f\u017ee. Kataln\u00e1 Mochna tak op\u011bt ohromila sv\u011bt a ji\u017e tak velk\u00fd v\u011bhlas tohoto m\u011bsta se je\u0161t\u011b nav\u00fd\u0161il.<\/p>\n<p>Ov\u0161em nejednalo se pouze o Alexandru Janovou, Toma Wonga \u010di lid\u00ed kolem Sylvie, na co p\u0159i\u0161la v Letomonsk\u00e9m parku \u0159e\u010d. Kdy\u017e u\u017e m\u011b a Janu tady poctila n\u00e1v\u0161t\u011bvou Apolena, nemohl b\u00fdt znovu opomenut p\u0159\u00edb\u011bh o Mal\u00e9m princi, jemu\u017e ona, Albert a Eva Znam\u00ednkov\u00e1 sv\u00fdm vlastn\u00edm zpracov\u00e1n\u00edm dodali zcela nov\u00fd \u010dten\u00e1\u0159sk\u00fd rozm\u011br.<\/p>\n<p>\u201eMnohdy pr\u00e1v\u011b text je jedin\u00fdm zp\u016fsobem, jak si p\u0159ipomenout n\u011bco p\u011bkn\u00e9ho, tak pro\u010d toho nevyu\u017e\u00edt a nab\u00eddnout \u010dten\u00e1\u0159i n\u011bco, co ho pot\u011b\u0161\u00ed na du\u0161i, kdy\u017e on s\u00e1m v \u017eivot\u011b nepro\u017e\u00edv\u00e1 zrovna \u0161\u0165astn\u00e9 obdob\u00ed,\u201c obhajuje Apolena sv\u016fj spisovatelsk\u00fd z\u00e1m\u011br. \u201eOstatn\u011b tento postoj zast\u00e1v\u00e1 i s\u00e1m Radovan a to ji\u017e samo o sob\u011b m\u00e1 velikou v\u00e1hu.\u201c Na\u010de\u017e zmi\u0148uje dal\u0161\u00ed v\u00fdznamnou mochnickou personu, j\u00ed\u017e samoz\u0159ejm\u011b nen\u00ed nikdo jin\u00fd ne\u017eli v\u017edy pozitivn\u011b nalad\u011bn\u00fd Josef Humler. \u201eNed\u00e1vno uv\u00e1d\u011bl jednu akci konaj\u00edc\u00ed se na m\u00edstn\u00ed kolon\u00e1d\u011b a sv\u016fj v\u00fdstup samoz\u0159ejm\u011b doplnil o \u0159adu vtipn\u00fdch glos.\u201c<\/p>\n<p>\u201eTak mi n\u011bjakou z nich p\u0159ipome\u0148te,\u201c m\u00e1m\u00edm na Apolen\u011b, v\u017edy\u0165 pr\u00e1v\u011b humoru bylo v tomto City Meansu p\u0159eci jen poskrovnu a byl to pr\u00e1v\u011b Josef, kdo j\u00edm navenek mocn\u011b h\u00fd\u0159il.<\/p>\n<p>A Apolena se nenech\u00e1v\u00e1 dlouze pob\u00edzet a jeden osv\u011bd\u010den\u00fd Josef\u016fv vt\u00edpek p\u0159ibli\u017euje: \u201eP\u0159i \u010dten\u00ed jsem bre\u010dela, kniha je toti\u017e pln\u00e1 <i>nemoc\u00ed<\/i>, nam\u00edsto p\u0159i \u010dten\u00ed jsem bre\u010dela, kniha je toti\u017e pln\u00e1 <i>emoc\u00ed<\/i>.\u201c<\/p>\n<p>D\u00e1l si spolu pov\u00edd\u00e1me a j\u00e1 s Janou ob\u011bma zamilovan\u00fdm p\u00e1r\u016fm p\u0159ipom\u00edn\u00e1me, o \u010dem jsme spolu debatovali v jejich nep\u0159\u00edtomnosti. Je\u0161t\u011b jednou se vrac\u00edme k z\u00e1\u017eitk\u016fm spojen\u00fdch s ozdravn\u00fdmi L\u00c9KORINKAMI, kter\u00e9 jsem na sob\u011b p\u0159ed chv\u00edl\u00ed \u00fasp\u011b\u0161n\u011b odzkou\u0161el. Apolenu a Evel\u00ednu to p\u0159irozen\u011b t\u011b\u0161\u00ed, av\u0161ak obdobn\u011b jako Radovan Litevsk\u00fd a Tom Wong i ony m\u011b pot\u00e9 upozor\u0148uj\u00ed, \u017ee jejich \u00fa\u010dinky jsou sice naprosto fam\u00f3zn\u00ed, av\u0161ak u\u017eivatel\u00e9 by se nem\u011bli spol\u00e9hat pouze na n\u011b, ale sv\u00e9 vize uskute\u010dnit i v ryze re\u00e1ln\u00e9m \u017eivot\u011b.<\/p>\n<p>Zp\u00edvaj\u00edc\u00ed font\u00e1na je n\u00e1m i nad\u00e1le ne\u00fanavn\u00fdm spole\u010dn\u00edkem. Po zhruba p\u016fl hodin\u011b se se mnou a Janou Apolena s Bohum\u00ednem a Evel\u00edna s V\u00edtkem lou\u010d\u00ed a j\u00e1 a m\u00e1 mochnick\u00e1 pr\u016fvodkyn\u011b si pot\u00e9 navz\u00e1jem sd\u011blujeme, jak\u00e9 to bylo mil\u00e9 shled\u00e1n\u00ed.<\/p>\n<p>\u201eJsem r\u00e1d, \u017ee jsou Apolena, Evel\u00edna a V\u00edtek v sou\u010dasn\u00e9m \u017eivot\u011b \u0161\u0165astn\u00ed, stejn\u011b jako \u0160\u00e1rka a Ludv\u00edk,\u201c vyjad\u0159uji sv\u016fj osobn\u00ed n\u00e1zor.<\/p>\n<p>\u201eKdy\u017e jste te\u010f zm\u00ednil \u0160\u00e1rku, m\u011bla bych uv\u00e9st na pravou m\u00edru, jak se to onehdy m\u011blo s jej\u00ed babi\u010dkou, kdy ji ne\u010dekan\u011b zasko\u010dila ona nevolnost,\u201c reaguje pohotov\u011b Jana. \u201eV\u00edte, ona to nebyla zase tak \u00fapln\u011b n\u00e1hoda.\u201c<\/p>\n<p>\u201eCo t\u00edm chcete te\u010f \u0159\u00edct?\u201c<\/p>\n<p>\u201e\u017de Winsternsk\u00fd rod \u0159\u00e1du lebosk\u00fdch lid\u00ed um\u00ed energii druh\u00fdm nejen p\u0159ed\u00e1vat, ale i odeb\u00edrat, kdy\u017e na to p\u0159ijde,\u201c p\u0159ipou\u0161t\u00ed Jana. \u201eA to byl i p\u0159\u00edpad Vladany Vladsk\u00e9. Na Radovanovo v\u00fdslovn\u00e9 p\u0159\u00e1n\u00ed ji Sylvie na d\u00e1lku p\u0159es fotografii ubrala, aby pan\u00ed hrab\u011bnka byla o n\u011bco povoln\u011bj\u0161\u00ed.\u201c<\/p>\n<p>\u201eZaj\u00edmav\u00e9. A j\u00e1 si hned \u0159\u00edkal, jak se ze sebev\u011bdom\u00e9 d\u00e1my mohla prom\u011bnit v bezmocn\u00e9ho chud\u00e1ka,\u201c p\u0159ekvapuje m\u011b tak trochu Janina nyn\u011bj\u0161\u00ed v\u00fdpov\u011b\u010f, nicm\u00e9n\u011b na ni plynule trefn\u011b navazuji: \u201eK n\u00e1m do Pod\u011bbrad ka\u017ed\u00fd \u010dtvrtek a obt\u00fdden v sobotu tak\u00e9 jezd\u00ed l\u00e9\u010ditel\u00e9. Ti rovn\u011b\u017e p\u016fsob\u00ed na lidi, bu\u010f p\u0159\u00edmo osobn\u011b \u010di na d\u00e1lku pr\u00e1v\u011b prost\u0159ednictv\u00edm fotografi\u00ed, av\u0161ak zasazuj\u00ed se o to, \u017ee ti tomu mus\u00ed v\u011b\u0159it, jinak dan\u00e1 s\u00edla nebude m\u00edt pra\u017e\u00e1dn\u00fd \u00fa\u010dinek.\u201c<\/p>\n<p>\u201eTo u Winsternsk\u00e9ho rodu \u0159\u00e1du lebonsk\u00fdch lid\u00ed tomu tak nen\u00ed. Jejich p\u0159ed\u00e1van\u00e1 l\u00e9\u010debn\u00e1 s\u00edla, p\u0159\u00edmo osobn\u011b dotykem \u010di p\u016fsoben\u00edm na d\u00e1lku prost\u0159ednictv\u00edm fotografi\u00ed, se dostav\u00ed i bez toho, ani\u017e by j\u00ed \u010dlov\u011bk p\u0159\u00edmo d\u016fv\u011b\u0159oval. Kdyby tomu tak nebylo, jen st\u011b\u017e\u00ed by se j\u00ed Vladana dok\u00e1zala pod\u0159\u00eddit.\u201c<\/p>\n<p>\u201eAha, tak\u017ee proto Karel Hn\u00edzdil na\u017eivo sly\u0161el onen hlas p\u0159i sv\u00e9 zp\u00e1te\u010dn\u00ed cest\u011b do Prahy, i kdy\u017e dop\u0159edu nebyl obezn\u00e1men s t\u00edm, \u017ee se Sylvie a lid\u00e9 kolem n\u00ed na n\u011bj na d\u00e1lku telepaticky napoj\u00ed.\u201c<\/p>\n<p>Jana m\u011b v\u0161ak ihned uv\u00e1d\u00ed v omyl, kdy\u017e obratem odpov\u00ed: \u201eToto nebyla pr\u00e1ce Winsternsk\u00e9ho rodu \u0159\u00e1du lebonsk\u00fdch lid\u00ed. Karel a my v\u0161ichni jsme tu byli sv\u011bdky ne\u010dekan\u00e9ho \u00fakazu, jen\u017e doposud nenabyl sv\u00e9ho pr\u00e1voplatn\u00e9ho opodstatn\u011bn\u00ed. Co v\u0161ak lze v\u011brohodn\u011b objasnit je fakt, pro\u010d Jaroslav Nedomansk\u00fd zav\u010das nestihl opustit sv\u016fj hotelov\u00fd apartm\u00e1n a odjet z Kataln\u00e9 Mochny.\u201c<\/p>\n<p>\u201eTo Svatopluk, \u017ee? Na Radovanovo v\u00fdslovn\u00e9 p\u0159\u00e1n\u00ed ho odm\u00edtl dopravit od s\u00eddla pan\u00ed hrab\u011bnky do m\u011bsta, nebo\u0165 se dop\u0159edu po\u010d\u00edtalo s jej\u00edm zavezen\u00edm do s\u00eddla \u0158\u00e1du,\u201c domysl\u00edm si.<\/p>\n<p>\u201eAno,\u201c potvrzuje Jana. \u201eA je\u0161t\u011b jedno podstatn\u00e9 bych v\u00e1m m\u011bla sd\u011blit.\u201c<\/p>\n<p>\u201ePoslouch\u00e1m.\u201c<\/p>\n<p>\u201eVzpom\u00edn\u00e1te jak jsem v\u00e1m kdysi vypr\u00e1v\u011bla o Kl\u00e1\u0159e Zem\u00e1nkov\u00e9.\u201c<\/p>\n<p>\u201eAno.\u201c<\/p>\n<p>\u201eTak se v\u00e1m mus\u00edm p\u0159iznat k tomu, \u017ee jsem si v\u0161e od z\u00e1klad\u016f vymyslela,\u201c sv\u011b\u0159uje se mi.<\/p>\n<p>\u201eTak\u017ee Kl\u00e1ra, jej\u00ed p\u0159\u00edtel \u0160t\u011bp\u00e1n stejn\u011b jako tr\u00fdznitel Libor Sou\u010dek nejsou skute\u010dn\u00fdmi postavami?\u201c<\/p>\n<p>\u201eAno nejsou. Cht\u011bla jsem n\u011bjak srozumiteln\u011b uzav\u0159\u00edt tento n\u00e1\u0161 p\u0159\u00edb\u011bh a nechala se tak inspirovat \u00fapln\u011b prvn\u00ed kapitolou, v n\u00ed\u017e Annu P\u00e1lavskou napadl onen nezn\u00e1m\u00fd \u00fato\u010dn\u00edk a zp\u016fsobil j\u00ed z\u00e1va\u017en\u00e1 zran\u011bn\u00ed, z nich\u017e se na\u0161t\u011bst\u00ed \u00fasp\u011b\u0161n\u011b zotavila.\u201c<\/p>\n<p>\u201eTo znamen\u00e1, \u017ee i nehostinn\u00fd osud Anny byl pouhou smy\u0161lenkou?\u201c<\/p>\n<p>\u201eNikoliv, k tomuto skute\u010dn\u011b do\u0161lo, bohu\u017eel onen vin\u00edk do dne\u0161n\u00edch dn\u016f nebyl dopaden,\u201c objas\u0148uje Jana.<\/p>\n<p>\u201eNo m\u011b bylo hned podez\u0159el\u00e9, jak se ona Kl\u00e1ra hodn\u011b podob\u00e1 pr\u00e1v\u011b v\u00e1m, pokud tedy jde p\u0159\u00edmo o vzhled a o z\u00e1libu v hudb\u011b,\u201c doch\u00e1z\u00ed mi op\u011btovn\u011b ta n\u00e1padn\u00e1 shoda.<\/p>\n<p>\u201eAno, k tomu se dozn\u00e1v\u00e1m,\u201c p\u0159ipou\u0161t\u00ed ochotn\u011b Jana.<\/p>\n<p>\u201eZvl\u00e1\u0161tn\u00ed, jak se n\u011bkdy osud krut\u011b dok\u00e1\u017ee zachovat k \u010dlov\u011bku. Kdyby n\u00e1s v\u011b\u010dn\u011b nepodroboval z\u00e1va\u017en\u00fdm zkou\u0161k\u00e1m, na nich\u017e pokou\u0161\u00ed odolnost nerv\u016f a zdrav\u00ed, byl by \u017eivot mnohem snesiteln\u011bj\u0161\u00ed. Pro\u010d se toto v\u0161echno jen d\u011bje?\u201c nemohu si neodpustit znovu p\u0159ipomenout, kdy\u017e p\u0159i\u0161la \u0159e\u010d na Annu P\u00e1lavskou.<\/p>\n<p>\u201eAno, to jsou st\u00e1le ty va\u0161e obavy, kdy pomysln\u011b vn\u00edm\u00e1te jistou uzav\u0159enou skupinku lid\u00ed um\u00edst\u011bnou kamsi do prostoru, kter\u00e1 rozhoduje o tom, zda \u010dlov\u011bk \u00fasp\u011b\u0161n\u011b dojde sv\u00fdm p\u0159\u00e1n\u00edm \u010di ho naopak za n\u011b stihne postih v podob\u011b zhoubn\u00fdch nemoc\u00ed,\u201c m\u00e1 pro m\u00e9 \u00favahy Jana pochopen\u00ed. \u201eA proto m\u011b p\u0159irozen\u011b zaj\u00edm\u00e1, zdali se n\u011bco podstatn\u00e9ho zm\u011bnilo na va\u0161ich tvrzen\u00edch od doby, co jsme se spolu vid\u011bli naposledy,\u201c vyb\u00edz\u00ed m\u011b.<\/p>\n<p>\u201eAno, nov\u011b zast\u00e1v\u00e1m n\u00e1zor, \u017ee lidsk\u00e9 utrpen\u00ed na Zemi nemaj\u00ed na sv\u011bdom\u00ed pouze oni lid\u00e9 z dan\u00e9 uzav\u0159en\u00e9 skupiny, ale i ti, co ji\u017e ode\u0161li na onen sv\u011bt. Tolik se jim v posmrtn\u00e9 dimenzi st\u00fdsk\u00e1 po sv\u00fdch st\u00e1le je\u0161t\u011b \u017eij\u00edc\u00edch p\u0159\u00edbuzn\u00fdch \u010di p\u0159\u00e1tel\u00edch, \u017ee nal\u00e9hav\u011b pros\u00ed sv\u011btelnou bytost, co je m\u00e1 tam na onom pomysln\u00e9m druh\u00e9m b\u0159ehu na starosti, aby se k nim co nejd\u0159\u00edve sami p\u0159ipojili. A to pak vede k tomu, \u017ee jsou lid\u00e9 na Zemi p\u0159ed\u010dasn\u011b zbaveni sv\u00e9ho byt\u00ed a pov\u011bt\u0161inou nedobrovoln\u011b jsou i p\u0159inuceni p\u0159ipojit se k ji\u017e mrtv\u00fdm.\u201c<\/p>\n<p>Jana neskr\u00fdv\u00e1 jist\u00fd obdiv v\u016f\u010di m\u00e9mu proslovu, nicm\u00e9n\u011b si neodpust\u00ed p\u0159ipomenout d\u016fle\u017eit\u00e9: \u201eI kdy\u017e ale \u017eivot p\u0159in\u00e1\u0161\u00ed \u0159adu p\u0159\u00edko\u0159\u00ed, nesm\u00edme na n\u011bj \u00fapln\u011b zanev\u0159\u00edt, ale sna\u017eit se ho pro\u017e\u00edt pokud mo\u017eno co nejl\u00e9pe a to i v p\u0159\u00edpad\u011b, kdy n\u00e1m osud zrovna nep\u0159eje. A proto bych byla r\u00e1da, kdybyste nyn\u00ed p\u0159ijal m\u00e9 pozv\u00e1n\u00ed do kav\u00e1rny Sanmantena k Rudolfu Mantenovi na jedno men\u0161\u00ed poho\u0161t\u011bn\u00ed, kde oba d\u00e1me prostor v\u00fdhradn\u011b ji\u017e pozitivn\u00edmu rozmlouv\u00e1n\u00ed.\u201c<\/p>\n<p>\u201eR\u00e1d.\u201c<\/p>\n<p>A tak se s Janou parkem pomalu vyd\u00e1v\u00e1me sm\u011brem k n\u00e1m\u011bst\u00ed, za kter\u00fdm se v prostranstv\u00ed pas\u00e1\u017e\u00ed nach\u00e1z\u00ed zm\u00edn\u011bn\u00e1 kav\u00e1rna. Nen\u00ed pochyb o tom, \u017ee se op\u011bt bude jednat o p\u0159\u00edjemn\u011b str\u00e1ven\u00e9 chv\u00edle. Snad v\u00e1s proto nezamrz\u00ed, \u017ee je tato v po\u0159ad\u00ed ji\u017e p\u00e1t\u00e1 n\u00e1v\u0161t\u011bva Kataln\u00e9 Mochny definitivn\u011b posledn\u00ed. Mo\u017en\u00e1 po op\u011btovn\u00e9m p\u0159e\u010dten\u00ed tohoto jako\u017eto i p\u0159edchoz\u00edch rom\u00e1n\u016f nam\u00edtnete, \u017ee jsou a\u017e p\u0159\u00edli\u0161 \u00fa\u010delov\u00e9 a jednotliv\u00e9 postavy pom\u011brn\u011b snadno dosahuj\u00ed sv\u00fdch c\u00edl\u016f za p\u0159isp\u011bn\u00ed sv\u00fdch pr\u016fvodc\u016f. Ale jak by \u0159ekly Alexandra Janov\u00e1, Apolena Kajnarov\u00e1 \u010di Eva Znam\u00ednkov\u00e1, kdy\u017e alespo\u0148 text m\u00e1 tu kouzelnou mo\u017enost, pro\u010d toho nevyu\u017e\u00edt. A to sam\u00e9 si nyn\u00ed \u0159\u00edk\u00e1m i j\u00e1. V\u017edy\u0165 ve sv\u011bt\u011b se toho ka\u017ed\u00fd den d\u011bje tolik nep\u011bkn\u00e9ho&#8230;<\/p>\n<p>No dobr\u00e1, pokud mi ned\u016fv\u011b\u0159ujete, pokud jste se o mn\u011b \u010di o m\u00e9m skute\u010dn\u00e9m j\u00e1 dozv\u011bd\u011bli n\u011bco nemil\u00e9ho, zkuste alespo\u0148 v\u011b\u0159it City meansov\u00fdm post\u00e1v\u00e1m \u010di pr\u00e1v\u011b pr\u016fvodc\u016fm, o nich\u017e jsem ve sv\u00fdch rom\u00e1nech referoval. Av\u0161ak tak to bylo nastaveno a j\u00e1 s t\u00edm nemohu nic d\u011blat. Prost\u011b nedok\u00e1\u017ei sepsat klasick\u00fd syrov\u00fd p\u0159\u00edb\u011bh, jen\u017e by popisoval ka\u017edodenn\u00ed boj s nehostinnou realitou. Jednak takto sm\u00fd\u0161l\u00ed a p\u00ed\u0161e nejeden jin\u00fd spisovatel a jednak jako bych si t\u00edm p\u0159ipom\u00ednal n\u011bco smutn\u00e9ho, co m\u016f\u017ee v \u017eivot\u011b potkat m\u011b samotn\u00e9ho a to pr\u00e1v\u011b v podob\u011b on\u011bch zhoubn\u00fdch nemoc\u00ed \u010di smrteln\u00fdch \u00faraz\u016f.<\/p>\n<p>Za v\u0161e mohu uv\u00e9st p\u0159\u00edklad. Tak\u00e9 j\u00e1 se pokusil odpoutat od sv\u00fdch poeticko-psychologick\u00fdch mochnick\u00fdch stat\u00ed a sepsal ryze dramatick\u00fd kr\u00e1tk\u00fd \u00faryvek o d\u00edvce, co onemocn\u011bla rakovinou a nakonec na ni i skonala. Nedovedete si p\u0159edstavit, co jsem pot\u00e9 za\u017e\u00edval za muka. Podv\u011bdom\u00ed mi neust\u00e1le p\u0159edhazovalo osud on\u00e9 d\u00edvky s t\u00edm, \u017ee to co potkalo ji, m\u016f\u017ee potkat i m\u011b. Proch\u00e1zka po Pod\u011bbradech se tak stala utrpen\u00edm a musel jsem se z n\u00ed p\u0159ed\u010dasn\u011b vr\u00e1tit dom\u016f, kde pak do\u0161lo ke kompletn\u00ed skartaci onoho \u00faryvku. Teprve pot\u00e9 utichly spory. Ne\u017e jsem ale tak nadobro u\u010dinil, tak se ve mn\u011b onen p\u0159\u00edb\u011bh postupn\u011b zhmot\u0148oval a zahlcoval mysl, \u017ee ne\u0161lo se soust\u0159edit na nic jin\u00e9ho. A\u017e kdy\u017e onen \u00faryvek p\u0159estal b\u00fdti \u00faryvkem, poc\u00edtil jsem \u00falevu, a kdy\u017e pak z m\u00e9 strany n\u00e1sledn\u011b do\u0161lo k obnoven\u00ed stat\u00ed z Kataln\u00e9 Mochny, kde lidsk\u00e9 \u00fatrapy vyva\u017eovaly poetika a ozdravn\u00e9 ojedin\u011blosti Winsternsk\u00e9ho rodu \u0159\u00e1du lebonsk\u00fdch lid\u00ed, jsem teprve do\u0161el zaslou\u017een\u00e9mu klidu a m\u00edru.<\/p>\n<p>Nejen sv\u00fdm postav\u00e1m z rom\u00e1n\u016f ale i v\u00e1m v\u011brn\u00ed \u010dten\u00e1\u0159i proto p\u0159eji, a\u0165 v\u00e1s \u017eivotem prov\u00e1z\u00ed jen to p\u011bkn\u00e9 a netr\u00e1p\u00ed \u017e\u00e1dn\u00e9 zdravotn\u00ed obt\u00ed\u017ee. Jak by \u0159ekl Radovan Litevsk\u00fd: \u201eV\u017edy\u0165 by bylo tuze mrzut\u00e9, kdyby \u010dlov\u011bk sv\u016fj \u017eivot pouze protrp\u011bl. A pokud na n\u011bm najde by\u0165 jen \u0161peti\u010dku n\u011b\u010deho pozitivn\u00edho, jedn\u00e1 se o dobr\u00e9 znamen\u00ed, kdy jeho existence op\u011bt m\u00e1 konkr\u00e9tn\u00ed smysl.\u201c<\/p>\n<p>Snad to tedy byla d\u016fstojn\u00e1 te\u010dka za Katalnou Mochnou, je\u017e se z naprosto nezn\u00e1m\u00e9ho m\u011bsta, svoj\u00ed p\u00edl\u00ed a inovativn\u00edmi l\u00e9\u010debn\u00fdmi postupy, prom\u011bnila v jedno z nejproslulej\u0161\u00edch v \u010cesk\u00e9 republice. A nejen v n\u00ed! Jak by \u0159ekla Al\u017eb\u011bta Hn\u00edzdilov\u00e1: \u201eStal se z\u00e1zrak!\u201c<\/p>\n<p>A tak se tomu slov\u00ed\u010dku nebr\u00e1n\u00edm ani j\u00e1, nebo\u0165 tu zazn\u011blo nes\u010detn\u011bkr\u00e1t. Tento rom\u00e1n nech\u0165 tedy nese n\u00e1zev \u201eCity Means \u2013 M\u011bsto pln\u00e9 z\u00e1zrak\u016f\u201c.<\/p>\n<p>&nbsp;<\/p>\n<p>&nbsp;<\/p>\n<p>&nbsp;<\/p>\n<p>&nbsp;<\/p>\n<div class=\"fcbkbttn_buttons_block\" id=\"fcbkbttn_left\"><div class=\"fcbkbttn_button\">\n                            <a href=\"https:\/\/www.facebook.com\/tom.patrick.509\" target=\"_blank\">\n                                <img decoding=\"async\" src=\"https:\/\/eldar.cz\/tompatrick\/wp-content\/plugins\/facebook-button-plugin\/images\/large-facebook-ico.png\" alt=\"Fb-Button\" \/>\n                            <\/a>\n                        <\/div><div class=\"fcbkbttn_like fcbkbttn_large_button\"><fb:like href=\"https:\/\/eldar.cz\/tompatrick\/city-means-v-mesto-plne-zazraku\/17-navsteva-katalne-mochny-po-dlouhych-sesti-letech-aneb\" action=\"like\" colorscheme=\"light\" layout=\"standard\"  width=\"225px\" size=\"large\"><\/fb:like><\/div><div class=\"fb-share-button fcbkbttn_large_button \" data-href=\"https:\/\/eldar.cz\/tompatrick\/city-means-v-mesto-plne-zazraku\/17-navsteva-katalne-mochny-po-dlouhych-sesti-letech-aneb\" data-type=\"button_count\" data-size=\"large\"><\/div><\/div>","protected":false},"excerpt":{"rendered":"<p>17. N\u00e1v\u0161t\u011bva Kataln\u00e9 Mochny po dlouh\u00fdch \u0161esti letech, aneb rozhovor s pr\u016fvodcem nesouc\u00edm inici\u00e1ly J. A. Kataln\u00e1 Mochna se op\u011bt hl\u00e1s\u00ed o sv\u00e9 slovo a odhaluje svoji poetickou tv\u00e1\u0159. Tak to alespo\u0148 vn\u00edm\u00e1 moje mali\u010dkost, kdy\u017e hrd\u011b kr\u00e1\u010d\u00ed Letomonsk\u00fdm parkem &hellip; <a href=\"https:\/\/eldar.cz\/tompatrick\/city-means-v-mesto-plne-zazraku\/17-navsteva-katalne-mochny-po-dlouhych-sesti-letech-aneb\">Cel\u00fd p\u0159\u00edsp\u011bvek <span class=\"meta-nav\">&rarr;<\/span><\/a><\/p>\n","protected":false},"author":2,"featured_media":0,"comment_status":"open","ping_status":"open","sticky":false,"template":"","format":"standard","meta":{"_s2mail":"yes","footnotes":""},"categories":[23],"tags":[],"class_list":["post-1520","post","type-post","status-publish","format-standard","hentry","category-city-means-v-mesto-plne-zazraku"],"_links":{"self":[{"href":"https:\/\/eldar.cz\/tompatrick\/wp-json\/wp\/v2\/posts\/1520","targetHints":{"allow":["GET"]}}],"collection":[{"href":"https:\/\/eldar.cz\/tompatrick\/wp-json\/wp\/v2\/posts"}],"about":[{"href":"https:\/\/eldar.cz\/tompatrick\/wp-json\/wp\/v2\/types\/post"}],"author":[{"embeddable":true,"href":"https:\/\/eldar.cz\/tompatrick\/wp-json\/wp\/v2\/users\/2"}],"replies":[{"embeddable":true,"href":"https:\/\/eldar.cz\/tompatrick\/wp-json\/wp\/v2\/comments?post=1520"}],"version-history":[{"count":1,"href":"https:\/\/eldar.cz\/tompatrick\/wp-json\/wp\/v2\/posts\/1520\/revisions"}],"predecessor-version":[{"id":1521,"href":"https:\/\/eldar.cz\/tompatrick\/wp-json\/wp\/v2\/posts\/1520\/revisions\/1521"}],"wp:attachment":[{"href":"https:\/\/eldar.cz\/tompatrick\/wp-json\/wp\/v2\/media?parent=1520"}],"wp:term":[{"taxonomy":"category","embeddable":true,"href":"https:\/\/eldar.cz\/tompatrick\/wp-json\/wp\/v2\/categories?post=1520"},{"taxonomy":"post_tag","embeddable":true,"href":"https:\/\/eldar.cz\/tompatrick\/wp-json\/wp\/v2\/tags?post=1520"}],"curies":[{"name":"wp","href":"https:\/\/api.w.org\/{rel}","templated":true}]}}