{"id":1491,"date":"2015-10-26T09:00:55","date_gmt":"2015-10-26T07:00:55","guid":{"rendered":"http:\/\/eldar.cz\/tompatrick\/?p=1491"},"modified":"2015-06-27T12:27:27","modified_gmt":"2015-06-27T10:27:27","slug":"13-utvareni-stalych-i-novych-pratelskych-vazeb-pri-ozdravne-spolecne","status":"publish","type":"post","link":"https:\/\/eldar.cz\/tompatrick\/city-means-v-mesto-plne-zazraku\/13-utvareni-stalych-i-novych-pratelskych-vazeb-pri-ozdravne-spolecne","title":{"rendered":"13. Utv\u00e1\u0159en\u00ed st\u00e1l\u00fdch i nov\u00fdch p\u0159\u00e1telsk\u00fdch vazeb p\u0159i ozdravn\u00e9 spole\u010dn\u00e9&#8230;"},"content":{"rendered":"<div class=\"fcbkbttn_buttons_block\" id=\"fcbkbttn_left\"><div class=\"fcbkbttn_button\">\n                            <a href=\"https:\/\/www.facebook.com\/tom.patrick.509\" target=\"_blank\">\n                                <img decoding=\"async\" src=\"https:\/\/eldar.cz\/tompatrick\/wp-content\/plugins\/facebook-button-plugin\/images\/large-facebook-ico.png\" alt=\"Fb-Button\" \/>\n                            <\/a>\n                        <\/div><div class=\"fcbkbttn_like fcbkbttn_large_button\"><fb:like href=\"https:\/\/eldar.cz\/tompatrick\/city-means-v-mesto-plne-zazraku\/13-utvareni-stalych-i-novych-pratelskych-vazeb-pri-ozdravne-spolecne\" action=\"like\" colorscheme=\"light\" layout=\"standard\"  width=\"225px\" size=\"large\"><\/fb:like><\/div><div class=\"fb-share-button fcbkbttn_large_button \" data-href=\"https:\/\/eldar.cz\/tompatrick\/city-means-v-mesto-plne-zazraku\/13-utvareni-stalych-i-novych-pratelskych-vazeb-pri-ozdravne-spolecne\" data-type=\"button_count\" data-size=\"large\"><\/div><\/div><p><b>13. Utv\u00e1\u0159en\u00ed st\u00e1l\u00fdch i nov\u00fdch p\u0159\u00e1telsk\u00fdch vazeb p\u0159i ozdravn\u00e9 spole\u010dn\u00e9 d\u011blb\u011b pr\u00e1ce a zkou\u0161ka jejich odolnosti v\u016f\u010di nezvan\u00e9mu hostu a jeho nekal\u00fdm \u00famysl\u016fm<\/b><\/p>\n<p>M\u011bs\u00edc od onoho pam\u00e1tn\u00e9ho aktu sm\u00ed\u0159en\u00ed ji\u017e uplynul<\/p>\n<p>co jist\u00e1 rodina k sob\u011b spole\u010dnou cestu nalezla<\/p>\n<p>pouze jedna d\u00edvka s jedn\u00edm z dan\u00e9 rodiny ve sporu st\u00e1le byla<\/p>\n<p>nemohla mu lidsk\u00fd proh\u0159e\u0161ek odpustiti<\/p>\n<p>&nbsp;<\/p>\n<p>Spole\u010dn\u011b v\u0161ichni z\u00fa\u010dastn\u011bn\u00ed dobrovoln\u00edci<\/p>\n<p>dobro\u010dinn\u00e9 \u010dinnosti v honosn\u00e9 zahrad\u011b se odd\u00e1vali<\/p>\n<p>kde vz\u00e1cn\u00e9 ojedin\u011blosti p\u011bstovali<\/p>\n<p>letn\u00ed v\u00e1nek jim jemn\u011b cuchal pram\u00ednky vlas\u016f<\/p>\n<p>a slunko upocen\u00e9 av\u0161ak \u0161\u0165astn\u00e9 obli\u010dej\u00edky oza\u0159ovalo<\/p>\n<p>&nbsp;<\/p>\n<p>Kr\u016f\u010dek po kr\u016f\u010dku, sem\u00ednko po sem\u00ednku<\/p>\n<p>proslul\u00fdmi l\u00e9korinkami p\u016fdu os\u00e9vali<\/p>\n<p>aby druh\u00fdm, v\u00e1\u017en\u011b nemocn\u00fdm, utrpen\u00ed uleh\u010dili<\/p>\n<p>je\u017e ti nedobrovoln\u011b na tomto sv\u011bt\u011b za\u017e\u00edvali<\/p>\n<p>&nbsp;<\/p>\n<p>Ano, pr\u00e1v\u011b sv\u011bt je p\u0159epln\u011bn smutkem<\/p>\n<p>jeho\u017e zl\u00fd pan Osud st\u00e1v\u00e1 se str\u016fjcem<\/p>\n<p>je nelehk\u00e9 ho ke sm\u00edru p\u0159emluviti<\/p>\n<p>t\u00e9m\u011b\u0159 jako nadlidsk\u00fd \u00fakol se dan\u00e9 \u00fasil\u00ed jev\u00ed<\/p>\n<p>&nbsp;<\/p>\n<p>Moudrost jednoho z mu\u017e\u016f tedy dohl\u00ed\u017eela na sv\u00e9 sv\u011b\u0159ence<\/p>\n<p>p\u0159emlouvaj\u00edc je a\u0165 nemysl\u00ed na ono smutn\u00e9<\/p>\n<p>zat\u00edmco dal\u0161\u00ed z \u0159ad mu\u017esk\u00e9ho osazenstva veselost\u00ed p\u0159ekypoval<\/p>\n<p>pot\u0159ebn\u00fd optimismus druh\u00fdm do \u017eivota dod\u00e1vaje<\/p>\n<p>&nbsp;<\/p>\n<p>Zd\u00e1lo se \u017ee nic nem\u016f\u017ee naru\u0161iti poklidnou atmosf\u00e9ru pracuj\u00edc\u00edch<\/p>\n<p>av\u0161ak opak se bohu\u017eel stal zakr\u00e1tko pravdou<\/p>\n<p>to kdy\u017e se ne\u010dekan\u011b v honosn\u00e9 zahrad\u011b zl\u00e1 persona zjevila<\/p>\n<p>ne\u0161et\u0159\u00edce zlobou<\/p>\n<p>&nbsp;<\/p>\n<p>A pak nemal\u00e9 \u00fasil\u00ed dalo usm\u011brniti ji<\/p>\n<p>a k op\u011btovn\u00e9mu odchodu p\u0159im\u011bti<\/p>\n<p>&nbsp;<\/p>\n<p>Ona d\u00edvka, k n\u00ed\u017e ze strany zl\u00e9 persony zloba sm\u011b\u0159ovala<\/p>\n<p>uvnit\u0159 sv\u00e9ho srdce pal\u010divou bolest okam\u017eit\u011b poc\u00edtila<\/p>\n<p>tak moc ji p\u0159\u00edchod onoho zlej\u0161ka zasko\u010dil<\/p>\n<p>stejn\u011b jako jeho po\u010d\u00edn\u00e1n\u00ed<\/p>\n<p>&nbsp;<\/p>\n<p>Lid\u00e9 setrv\u00e1vaj\u00edc\u00ed v honosn\u00e9 zahrad\u011b<\/p>\n<p>k onomu sporu v\u0161ak nez\u016fstali nete\u010dn\u00ed<\/p>\n<p>a podpo\u0159ili ono d\u011bv\u010de t\u00edm<\/p>\n<p>\u017ee spole\u010dn\u00fdmi silami vyk\u00e1zali onu zlobnou personu z pozemk\u016f<\/p>\n<p>&nbsp;<\/p>\n<p>D\u011bv\u010deti bylo nedob\u0159e z onoho ne\u010dekan\u00e9ho sporu<\/p>\n<p>novou nad\u011bji do \u017eivota dodati nutn\u011b pot\u0159ebovalo<\/p>\n<p>I ujali se dan\u00e9ho \u00fakolu dva z nejpovolan\u011bj\u0161\u00edch<\/p>\n<p>Prvn\u00ed z mu\u017e\u016f nezdoln\u00fdm optimismem p\u0159ekypoval<\/p>\n<p>zat\u00edmco onen druh\u00fd podporou ne\u0161et\u0159il<\/p>\n<p>&nbsp;<\/p>\n<p>Pozvoln\u00fdmi kr\u016f\u010dky se ob\u011bma p\u00e1n\u016fm po\u0161t\u011bstilo<\/p>\n<p>ono d\u011bv\u010de znovu ztracen\u00e9 sebev\u011bdom\u00ed nabylo<\/p>\n<p>o dobr\u00e9 znamen\u00ed se tedy jednalo<\/p>\n<p>a to bylo podstatn\u00e9<\/p>\n<p>&nbsp;<\/p>\n<p>Le\u010d ono d\u011bv\u010de zdaleka nebylo jedin\u00e9<\/p>\n<p>kdo po harmonick\u00e9m \u017eivot\u011b tou\u017eil<\/p>\n<p>po \u017eivot\u011b bez p\u0159\u00edko\u0159\u00ed<\/p>\n<p>po \u017eivot\u011b napln\u011bn\u00e9m \u0161t\u011bst\u00edm a vz\u00e1jemn\u00fdm porozum\u011bn\u00edm<\/p>\n<p>&nbsp;<\/p>\n<p>A tak se dan\u00e9 role t\u011b\u0161itel\u016f dva povolan\u00ed mu\u017ei zhostili<\/p>\n<p>z nich\u017e ten prvn\u00ed op\u011btovn\u011b moudrem opl\u00fdval<\/p>\n<p>a druh\u00fd dan\u00fd z\u00e1vazek hodlal splniti<\/p>\n<p>&nbsp;<\/p>\n<p>Pro spln\u011bn\u00ed onoho \u00fakolu nelehk\u00e9ho<\/p>\n<p>bylo zapot\u0159eb\u00ed cestu absolvovati<\/p>\n<p>cestu, na jej\u00edm\u017e konci nov\u00e9 p\u0159\u00e1telstv\u00ed<\/p>\n<p>nav\u00e1z\u00e1no b\u00fdti m\u011blo<\/p>\n<p>&nbsp;<\/p>\n<p>To neznamenalo ov\u0161em<\/p>\n<p>\u017ee by i v on\u00e9 honosn\u00e9 zahrad\u011b<\/p>\n<p>emoce na vav\u0159\u00ednech us\u00ednaly<\/p>\n<p>I zde se navenek nad\u00e1le projevovaly<\/p>\n<p>&nbsp;<\/p>\n<p>Jist\u00fd zamilovan\u00fd p\u00e1r je vybuzoval<\/p>\n<p>a to poka\u017ed\u00e9<\/p>\n<p>kdy\u017e se na dotek k sob\u011b p\u0159ibl\u00ed\u017eil<\/p>\n<p>aby tak pakt l\u00e1sky navz\u00e1jem stvrdil si<\/p>\n<p>&nbsp;<\/p>\n<p>Mnoh\u00fdm probl\u00e9m ne\u010dinilo<\/p>\n<p>ztoto\u017enit se se zamilovanost\u00ed onoho p\u00e1ru<\/p>\n<p>p\u0159\u00e1li on\u00e9 \u017een\u011b a onomu mu\u017ei jen to p\u011bkn\u00e9<\/p>\n<p>a jejich prost\u0159ednictv\u00edm si ono d\u016fle\u017eit\u00e9 p\u0159ipom\u00ednali<\/p>\n<p>tedy jak podstatn\u00e9 je v \u017eivot\u011b n\u011bkoho m\u00edti r\u00e1d<\/p>\n<p>&nbsp;<\/p>\n<p>Jak ji\u017e to tak b\u00fdv\u00e1<\/p>\n<p>na\u0161la se jist\u00e1 persona<\/p>\n<p>j\u00ed\u017e \u010dinilo nemal\u00e9 pot\u00ed\u017ee<\/p>\n<p>s onou l\u00e1skou zamilovan\u00e9ho p\u00e1ru s\u017e\u00edti se<\/p>\n<p>a tak lid z honosn\u00e9 zahrady musel nastoupiti<\/p>\n<p>aby \u017een\u011b poreferoval o tom<\/p>\n<p>jak je pr\u00e1v\u011b ona l\u00e1ska v \u017eivot\u011b celistv\u00e9m d\u016fle\u017eit\u00e1<\/p>\n<p>&nbsp;<\/p>\n<p>A kde slova neposta\u010dila<\/p>\n<p>l\u00edbezn\u00e9 klav\u00edrn\u00ed t\u00f3ny je zastoupily<\/p>\n<p>linuly se krajinou<\/p>\n<p>jak letn\u00ed paprsky slune\u010dn\u00ed oblohou<\/p>\n<p>&nbsp;<\/p>\n<p>S \u00factou a l\u00e1skou je vn\u00edmali nejen ti<\/p>\n<p>jen\u017e v honosn\u00e9 zahrad\u011b i nad\u00e1le setrv\u00e1vali<\/p>\n<p>n\u00fdbr\u017e i ony dv\u011b persony<\/p>\n<p>co za jistou \u017eenou zakr\u00e1tko vypravili se<\/p>\n<p>odhodl\u00e1ni poreferovati j\u00ed<\/p>\n<p>jak \u017eivot kr\u00e1sn\u00fd m\u016f\u017ee b\u00fdti<\/p>\n<p>kdy\u017e \u010dlov\u011bk v\u0161e \u0161patn\u00e9 zd\u00e1rn\u011b p\u0159ekon\u00e1<\/p>\n<p>znovu nabytou svobodu tak z\u00edsk\u00e1<\/p>\n<p>a op\u011btovn\u00e9 radosti odd\u00e1 se<\/p>\n<p>&nbsp;<\/p>\n<p>Nezb\u00fdv\u00e1 tedy ne\u017eli v\u0161em z\u00fa\u010dastn\u011bn\u00fdm<\/p>\n<p>do jejich budouc\u00edch \u017eivot\u016f jen ono p\u011bkn\u00e9 pop\u0159\u00e1ti<\/p>\n<p>a\u0165 je\u0161t\u011b mnoho hezk\u00fdch chvilek v n\u011bm pro\u017eij\u00ed<\/p>\n<p>a spln\u00ed se jim v\u0161e, po \u010dem tou\u017e\u00ed<\/p>\n<p>o \u010dem tajn\u011b sn\u00ed<\/p>\n<p>E. Z.<\/p>\n<p>Autorem tohoto proslul\u00e9ho spisovatelsk\u00e9ho celku nebyl nikdo jin\u00fd ne\u017eli Eva Znam\u00ednkov\u00e1, \u010dlenka mochnick\u00e9ho uskupen\u00ed Dev\u00edti slunc\u00ed. Tato drobn\u00e1 \u0161t\u00edhl\u00e1 dvaadvacetilet\u00e1 brunetka byla jednou z mnoha pracovnic a pracovn\u00edk\u016f, co vypom\u00e1hali s v\u00fdsadbou takzvan\u00fdch L\u00c9KORINEK. Ty se \u0159adily mezi dal\u0161\u00ed mochnick\u00e9 ojedin\u011blost\u00ed ozdravn\u00e9ho charakteru a jejich vznik a v\u00fdvoj nem\u011bl na sv\u011bdom\u00ed nikdo jin\u00fd ne\u017e Winsternsk\u00fd rod \u0159\u00e1du lebonsk\u00fdch lid\u00ed. Neuv\u011b\u0159iteln\u00fdch pades\u00e1t let trval jejich v\u00fdvoj, ne\u017e se poda\u0159ilo vy\u0161lechtit odpov\u00eddaj\u00edc\u00ed sem\u00ednko. To se pak zasadilo do truhl\u00edku a d\u016fkladn\u011b prolilo vodou. Kdy\u017e posl\u00e9ze vykvetla n\u011bkolikacentimetrov\u00e1 saze\u010dka, p\u0159esadila se z truhl\u00edku do hl\u00edny a p\u0159iv\u00e1zala k ty\u010di. Plody, jen\u017e se pak n\u00e1sledn\u011b urodily, tvarov\u011b p\u0159ipom\u00ednaly men\u0161\u00ed raj\u010d\u00e1tka a vyu\u017e\u00edvaly se k l\u00e9\u010den\u00ed r\u016fzn\u00fdch psychick\u00fdch \u010di fyzick\u00fdch zdravotn\u00edch obt\u00ed\u017e\u00ed. L\u00c9KORINKY nap\u0159\u00edklad zm\u00edr\u0148ovaly p\u0159\u00edznaky schizofrenie a to jak on\u00e9 hebefrenn\u00ed tak i t\u00e9 paranoidn\u00ed, \u010di dok\u00e1zaly u \u010dlov\u011bka zcela odstranit p\u0159\u00edznaky alzheimerovy choroby. Viditeln\u011b v\u0161ak i t\u011b\u0161ily nesnesiteln\u00e9 bolesti u \u010dlov\u011bka a to v posledn\u00edm st\u00e1diu rakoviny, nebo zpomalovaly u HIV pozitivn\u00edch lid\u00ed p\u0159\u00edznaky nemoci AIDS.<\/p>\n<p>Jak ji\u017e bylo v\u00fd\u0161e \u0159e\u010deno, v\u0161emu p\u0159edch\u00e1zel n\u00e1ro\u010dn\u00fd v\u00fdvoj L\u00c9KORINEK v \u0159\u00e1du pades\u00e1ti let. N\u00e1ro\u010dn\u00e1 pr\u00e1ce v\u0161ak nakonec byla odm\u011bn\u011bna k\u00fd\u017een\u00fdm \u00fasp\u011bchem a to pot\u00e9, co byla \u201ez\u00e1zra\u010dn\u00e1 raj\u010d\u00e1tka\u201c, jak se L\u00c9KORINK\u00c1M za\u010dalo p\u0159ezd\u00edvat, \u00fasp\u011b\u0161n\u011b testov\u00e1na na \u010detn\u00fdch pacientech, k \u010demu\u017e poprv\u00e9 do\u0161lo zhruba p\u0159ed necel\u00fdmi p\u011bti lety. Pr\u00e1v\u011b L\u00c9KORINKY a posv\u00e1tn\u00e1 Winsternsk\u00e1 ko\u010dka se staly chloubou mochnick\u00e9ho \u0158\u00e1du a uvedly ho ve zn\u00e1most i mimo rodnou Katalnou Mochnu, kter\u00e1 se tak v\u00edce otev\u0159ela okoln\u00edmu sv\u011btu.<\/p>\n<p>\u201eTo takhle jist\u00e1 d\u00edvka sd\u011bluje sv\u00e9 kamar\u00e1dce: ,Tak jsem, Moniko, kone\u010dn\u011b pro\u017eila sv\u00e9 poprv\u00e9, ov\u0161em p\u0159ed o\u010dkov\u00e1n\u00edm.\u00b4 A Monika se obratem pt\u00e1: ,A co na to, Blani, to o\u010dkov\u00e1n\u00ed \u0159\u00edkalo, \u017ees mu doslova p\u0159ed jeho o\u010dima zahnula s jin\u00fdm?\u00b4\u201c<\/p>\n<p>Tento vtip nemohl pron\u00e9st nikdo jin\u00fd ne\u017eli osoba v oblasti humoru na slovo vzat\u00e1. A samoz\u0159ejm\u011b \u017ee za ono vy\u0159\u010den\u00e9 byl Josef Humler po pr\u00e1vu odm\u011bn\u011bn sm\u00edchem a potleskem.<\/p>\n<p>\u201eAno, ano, v\u0161em z\u00fa\u010dastn\u011bn\u00fdm p\u0159evelice d\u011bkuji, t\u011b\u0161\u00ed mne, \u017ee v\u00e1m humorem i nad\u00e1le kraluji.\u201c Na\u010de\u017e Josef Humler posl\u00e9ze nev\u00e1hal p\u0159idat dal\u0161\u00ed z vtip\u016f: \u201eCo je to? Kdy\u017e se to urod\u00ed, je to rajsk\u00e9 jabl\u00ed\u010dko, kdy\u017e to spadne na zem, stane se z toho jabl\u00ed\u010dko norm\u00e1ln\u00ed. Co jen to m\u016f\u017ee b\u00fdt? No p\u0159ece z\u00e1zrak!\u201c<\/p>\n<p>Osazenstvo, jen\u017e vysazovalo ony L\u00c9KORINKY, se Josefov\u00fdmi hl\u00e1\u0161kami dob\u0159e bavilo a pr\u00e1ce tak \u0161la l\u00e9pe od ruky. Do\u0161lo p\u0159i n\u00ed i k navazov\u00e1n\u00ed nejen nov\u00fdch p\u0159\u00e1telsk\u00fdch zn\u00e1most\u00ed. Karel Kouteck\u00fd, onen mu\u017e, jemu\u017e hodn\u011b pomohla pr\u00e1v\u011b Anna P\u00e1lavsk\u00e1, se sbl\u00ed\u017eil se sympatick\u00fdm p\u00e1rem man\u017eel\u016f Nepilov\u00fdch. Josef a Marie s Karlem Kouteck\u00fdm p\u0159i pr\u00e1ci rozeb\u00edrali r\u016fzn\u00e1 t\u00e9mata, je\u017e p\u0159in\u00e1\u0161\u00ed s\u00e1m \u017eivot, a zjistili p\u0159itom, \u017ee maj\u00ed mnoho spole\u010dn\u00e9ho. Jak Karel Kouteck\u00fd tak i Josef Nepil v ml\u00e1d\u00ed p\u0159i\u0161li o n\u011bkoho bl\u00edzk\u00e9ho a v minulosti jim pomocnou ruku nab\u00eddla pr\u00e1v\u011b Kataln\u00e1 Mochna.<\/p>\n<p>\u201eOnehdy to pro m\u011b bylo velice p\u0159et\u011b\u017ek\u00e9 obdob\u00ed, na\u0161t\u011bst\u00ed mi ale Ani\u010dka do \u017eivota dodala pot\u0159ebn\u00e9 sebev\u011bdom\u00ed a j\u00e1 tak v n\u011bm na\u0161el nov\u00fd smysl byt\u00ed,\u201c referoval Josefu Nepilovi Karel Kouteck\u00fd.<\/p>\n<p>\u201eTo mn\u011b ve velice mlad\u00e9m v\u011bku zem\u0159ela m\u00e1 prvn\u00ed \u017eena,\u201c otev\u0159el se ohledn\u011b sv\u00e9 vlastn\u00ed t\u0159in\u00e1ct\u00e9 komnaty Karlovi Kouteck\u00e9mu Josef Nepil. \u201eV t\u00e9 chv\u00edli jako by se mi p\u0159ed o\u010dima zhroutil cel\u00fd sv\u011bt, namlouval jsem si neust\u00e1le dokola, dokud m\u011b Radovan nesezn\u00e1mil s Mari\u00ed.\u201c Na\u010de\u017e jmenovanou na d\u016fkaz l\u00e1sky pol\u00edbil na rty a ta polibek op\u011btovala.<\/p>\n<p>Radovan Litevsk\u00fd byl rovn\u011b\u017e p\u0159\u00edtomen a tak to cel\u00e9 sly\u0161el. Inspirovalo ho to tedy k tomu, aby i on s\u00e1m kolem sebe za\u010dal \u0161\u00ed\u0159it dobrou p\u0159\u00e1telskou n\u00e1ladu. \u201eTak jak se v\u00e1m tady s n\u00e1mi pracuje, Apolenko?\u201c<\/p>\n<p>\u201eD\u011bkuji za opt\u00e1n\u00ed, pane profesore, dob\u0159e.\u201c<\/p>\n<p>\u201eJak vid\u00edm, ru\u010dka se v\u00e1m ji\u017e zcela zahojila.\u201c<\/p>\n<p>\u201e\u0160t\u011bst\u00ed \u017ee mi osud do cesty poslal v\u00e1s, pane profesore, pana Nepila s man\u017eelkou a pana Wonga,\u201c op\u00e1\u010dila s vd\u011b\u010dnost\u00ed Apolena.<\/p>\n<p>Mu\u017e asijsk\u00e9ho p\u016fvodu obdobn\u011b jako Radovan na tv\u00e1\u0159i vykouzlil z\u00e1\u0159iv\u00fd \u00fasm\u011bv.<\/p>\n<p>\u201eOny va\u0161e ALMANY jsou vskutku ojedin\u011bl\u00e9. \u0160koda \u017ee nejsou k dost\u00e1n\u00ed v b\u011b\u017en\u00e9m prodeji.\u201c<\/p>\n<p>\u201eJejich v\u00fdroba by byla dosti n\u00e1ro\u010dn\u00e1. Nav\u00edc zast\u00e1v\u00e1m n\u00e1zor, \u017ee kdyby se dostaly k lidem, ti by pot\u00e9 ned\u011blali nic jin\u00e9ho, ne\u017e \u017ee by neust\u00e1le snili o tom, co je pro n\u011b nedostupn\u00e9 a norm\u00e1ln\u00ed \u017eivot by jim tak unikal doslova p\u0159ed o\u010dima. Ne, ne, n\u011bco takov\u00e9ho rozhodn\u011b nechci m\u00edti na sv\u011bdom\u00ed.\u201c<br \/>\nApolena ani Radovan dan\u00e9 rozhodnut\u00ed Tomu Wongovi nijak nevy\u010d\u00edtali, naopak ho oba pln\u011b respektovali.<\/p>\n<p>\u201eSp\u00ed\u0161e usiluji o to, aby se s pomoc\u00ed m\u00fdch a bratrov\u00fdch ALMAN lid\u00e9 za\u010dle\u0148ovali nazp\u011bt do spole\u010dnosti,\u201c uv\u00e1d\u011bl d\u00e1le Tom Wong, na\u010de\u017e pouk\u00e1zal na sv\u00e9ho jmenovce, jen\u017e opod\u00e1l pracoval spole\u010dn\u011b s V\u00edtkem Plam\u00ednkem.<\/p>\n<p>\u201eTo je v\u00e1\u017en\u011b Tom Patrick, mu\u017e, co p\u00ed\u0161e \u010dl\u00e1nky o Kataln\u00e9 Mochn\u011b?\u201c zeptala se Apolena, kdy\u017e je\u0161t\u011b jednou a mnohem pozorn\u011bji spo\u010dinula pohledem na zhruba t\u0159icetilet\u00e9m mu\u017ei ve v\u00ednov\u00e9m tri\u010dku.<\/p>\n<p>\u201eAno, v cel\u00e9 sv\u00e9 jedine\u010dn\u00e9 kr\u00e1se,\u201c poznamenal ke sv\u00e9 spokojenosti Radovan.<\/p>\n<p>\u201eTom m\u011bl rovn\u011b\u017e jist\u00e9 obt\u00ed\u017ee se svoj\u00ed personou, proto jsem r\u00e1d, \u017ee k n\u00e1m dnes zav\u00edtal,\u201c p\u0159ipojil Tom Wong.<\/p>\n<p>\u201eA jak vidno, k dobru lze p\u0159i\u010d\u00edsti i to, \u017ee ani konverzace mu nen\u00ed ciz\u00ed,\u201c podotkl n\u00e1sledn\u011b pochvaln\u011b Radovan.<\/p>\n<p>Tom Patrick a V\u00edtek doty\u010dn\u00e9mu oplatili \u00fasm\u011bv a i nad\u00e1le se spolu bavili.<\/p>\n<p>\u201eTak\u017ee Hot Posting \u0159\u00edk\u00e1te, \u017ee se jmenovala ta spole\u010dnost?\u201c zeptal se pro jistotu je\u0161t\u011b jednou Tom Patrick.<\/p>\n<p>\u201eAno, \u0159\u00edk\u00e1 v\u00e1m ten n\u00e1zev n\u011bco?\u201c<\/p>\n<p>\u201eBohu\u017eel ne, mn\u011b chodily dopisy od spole\u010dnosti Fast Mail Service, p\u0159\u00edpadn\u011b od Evropsk\u00e9ho centra esoteriky,\u201c zareagoval na V\u00edtkovu ot\u00e1zku obratem Tom Patrick.<\/p>\n<p>\u201eA zaslaly v\u00e1m ony spole\u010dnosti nakonec i n\u011bjak\u00e9 bal\u00ed\u010dky?\u201c<\/p>\n<p>\u201eAno, n\u011bkolik mi jich p\u0159i\u0161lo,\u201c dozn\u00e1val se Tom Patrick, \u201ena\u0161t\u011bst\u00ed jsem ale zav\u010das p\u0159i\u0161el na to, \u017ee se jedn\u00e1 o podvodn\u00edky, co z lid\u00ed jen tahaj\u00ed pen\u00edze za r\u00e1doby z\u00e1zra\u010dn\u00e9 p\u0159edpov\u011bdi, amulety a p\u0159\u00edv\u011b\u0161ky. Nav\u00edc jsou ty podvodn\u00e9 spole\u010dnosti zna\u010dn\u011b vlezl\u00e9 a neodbytn\u00e9. P\u00ed\u0161\u00ed v\u00e1m, i kdy\u017e na jejich v\u00fdzvy p\u0159estanete reagovat.\u201c<\/p>\n<p>\u201eNo vid\u00edte a j\u00e1 ud\u011blal tu z\u00e1sadn\u00ed chybu, \u017ee jsem na ty dopisy po\u0159\u00e1d odpov\u00eddal,\u201c vy\u010d\u00edtal si V\u00edtek.<\/p>\n<p>Z\u00e1hy musel jmenovan\u00fd \u010delit dal\u0161\u00ed nep\u0159\u00edjemnosti, to kdy\u017e kolem n\u011bj a Toma Patricka proch\u00e1zela Just\u00fdna a za\u010dala se \u010dertit: \u201eTohle \u017ee je \u0159\u00e1dn\u011b zasazen\u00e9 do hl\u00edny a p\u0159iv\u00e1zan\u00e9 k ty\u010di? A co m\u00e1 znamenat tenhle ulomen\u00fd kv\u00edtek?! Koukej to urychlen\u011b napravit!\u201c<\/p>\n<p>Zloba ze strany Just\u00fdny v\u00fdhradn\u011b byla nam\u00ed\u0159ena na V\u00edtka a tomu okam\u017eit\u011b do\u0161lo pro\u010d. Just\u00fdna mu st\u00e1le nedok\u00e1zala odpustit onen ohavn\u00fd \u010din, jeho\u017e se dopustil v Oborov\u011bnce.<\/p>\n<p>\u201eSt\u00e1le se na v\u00e1s zlob\u00ed za to, co jste ud\u011blal, \u017ee je to tak?\u201c zm\u00ednil se Tom Patrick pot\u00e9, co Just\u00fdna od nich ode\u0161la do bezpe\u010dn\u00e9 vzd\u00e1lenosti. Je\u0161t\u011b p\u0159edt\u00edm si v\u0161ak na V\u00edtkovu adresu dovolila n\u011bkolikr\u00e1t nen\u00e1vistn\u011b smo\u010dit.<\/p>\n<p>\u201eA vy se tomu je\u0161t\u011b div\u00edte? Jako majitelka z\u00e1chrann\u00e9 stanice pro opu\u0161t\u011bn\u00e1, zran\u011bn\u00e1 a t\u00fdran\u00e1 zv\u00ed\u0159ata m\u011b bude nen\u00e1vid\u011bt je\u0161t\u011b takov\u00fdch dobr\u00fdch devaten\u00e1ct let,\u201c m\u00ednil V\u00edtek, p\u0159i\u010dem\u017e byl tak Just\u00fdnin\u00fdm v\u00fdstupem rozru\u0161en\u00fd, \u017ee se mu op\u011btovn\u011b poda\u0159ilo zlomit kv\u00edtek L\u00c9KORINKY.<\/p>\n<p>\u201eJe\u0161t\u011b \u017ee to nevid\u011bla, jinak by na v\u00e1s znovu pustila hr\u016fzu.\u201c<\/p>\n<p>\u201eK\u00e9\u017e by mi jednou odpustila,\u201c k\u00e1l se V\u00edtek, na\u010de\u017e uv\u00e1z\u00e1n\u00ed L\u00c9KORINKY k ty\u010di rad\u011bji p\u0159enechal sv\u00e9mu kolegovi.<\/p>\n<p>\u201eJ\u00e1 bych s t\u00edm probl\u00e9m, na rozd\u00edl od Just\u00fdny, nem\u011bla.\u201c<\/p>\n<p>To V\u00edtka a Toma Patricka takto oslovila Evel\u00edna, kter\u00e1 se k nim ne\u010dekan\u011b nachom\u00fdtla.<\/p>\n<p>\u201eTy jsi mi v\u00e1\u017en\u011b u\u017e odpustila to, jak jsem na tebe vyjel v p\u0159estrojen\u00ed a s H\u00d3LEJENKOU?\u201c<\/p>\n<p>\u201eP\u0159ipou\u0161t\u00edm, docela jsi m\u011b onehdy vyd\u011bsil. V jednu chv\u00edli jsem dokonce myslela, \u017ee se na m\u011b vrhne\u0161 a zardous\u00ed\u0161 m\u011b,\u201c p\u0159ipustila Evel\u00edna celkem pobaven\u011b a z\u00e1hy nato Vitkovi polo\u017eila pom\u011brn\u011b z\u00e1sadn\u00ed ot\u00e1zku: \u201ePoda\u0159ilo se u\u017e n\u011bjak \u0161etrn\u011b smazat manko z t\u00e9 tv\u00e9 dlu\u017en\u00e9 \u010d\u00e1stky?\u201c<\/p>\n<p>\u201eHodn\u011b mi pomohl pan Humler a pak ona ve\u0159ejn\u00e1 sb\u00edrka, kterou na \u017e\u00e1dost m\u00fdch rodi\u010d\u016f vyhl\u00e1silo m\u011bsto.\u201c<\/p>\n<p>Na V\u00edtkovi bylo zn\u00e1t, \u017ee toto t\u00e9ma je pro n\u011bj st\u00e1le citlivou z\u00e1le\u017eitost\u00ed.<\/p>\n<p>\u201eTak\u00e9 jsem do t\u00e9 ve\u0159ejn\u00e9 pen\u011b\u017en\u00ed sb\u00edrky p\u0159isp\u011bla.\u201c<\/p>\n<p>\u201eD\u011bkuji, cen\u00edm si toho,\u201c odv\u011btil s vd\u011b\u010dnost\u00ed V\u00edtek.<\/p>\n<p>\u201eJinak, tv\u016fj otec hezky hraje.\u201c<\/p>\n<p>V\u00edtek i Tom Patrick se po vzoru Evel\u00edny ohl\u00e9dli k s\u00eddlu Winsternsk\u00e9ho rodu \u0159\u00e1du lebonsk\u00fdch lid\u00ed, kde nedaleko n\u011bj byl um\u00edst\u011bn klav\u00edr, za n\u00edm\u017e sed\u011bl Klaus Plam\u00ednek a preludoval.<\/p>\n<p>\u201eMysl\u00edm \u017ee zrovna hraje Chopina,\u201c soudil dle klav\u00edrn\u00edch variac\u00ed sv\u00e9ho otce V\u00edtek.<\/p>\n<p>\u201eOpravdu to zn\u00ed skvostn\u011b,\u201c zopakovala pochvaln\u011b Evel\u00edna. \u201e\u0160koda, j\u00e1 sama bych si p\u0159\u00e1la m\u00edt takov\u00e9 rodi\u010de, jako jsou ti tv\u00ed, V\u00edtku.\u201c<\/p>\n<p>\u201eCopak, m\u00e1te s nimi n\u011bjak\u00e9 trable?\u201c vlo\u017eil se do hovoru i Tom Patrick.<\/p>\n<p>\u201eKdyby jen to, j\u00e1 jsem sv\u00e9 rodi\u010de vlastn\u011b ani po\u0159\u00e1dn\u011b neza\u017eila. Oba zem\u0159eli p\u0159i tragick\u00e9 autonehod\u011b. Sylvie a jej\u00ed \u0158\u00e1d se m\u011b pot\u00e9 ujaly a daly mi pot\u0159ebn\u00e9 mate\u0159sk\u00e9 a pe\u010dovatelsk\u00e9 z\u00e1zem\u00ed, je\u017e mi po smrti rodi\u010d\u016f sch\u00e1zelo.\u201c<\/p>\n<p>\u201ePardon, to jsem nev\u011bd\u011bl,\u201c omlouval se hnedle Tom Patrick.<\/p>\n<p>\u201eTo nic, Tome, j\u00e1 se na v\u00e1s p\u0159ece nezlob\u00edm,\u201c m\u011bla pro jmenovan\u00e9ho Evel\u00edna pochopen\u00ed.<\/p>\n<p>\u201eJ\u00e1 rovn\u011b\u017e p\u0159i\u0161el o n\u011bkoho velmi bl\u00edzk\u00e9ho a sice o d\u011bdu,\u201c otev\u0159el se z hlediska jedn\u00e9 ze sv\u00fdch t\u0159in\u00e1ct\u00fdch komnat i Tom Patrick. \u201ePo jeho \u00famrt\u00ed jako by odum\u0159elo i cosi ve mn\u011b. H\u016f\u0159e jsem se pak soust\u0159edil na u\u010den\u00ed a nakonec byl p\u0159ed\u010dasn\u011b donucen zanechat studi\u00ed. Pak nastalo t\u00e1p\u00e1n\u00ed a trvalo mi pom\u011brn\u011b dlouho, ne\u017e jsem se znovu na\u0161el \u2013 jak v osobn\u00edm tak i profesn\u00edm \u017eivot\u011b. No a nyn\u00ed jsem tu spole\u010dn\u011b s v\u00e1mi a pom\u00e1h\u00e1m se zasazov\u00e1n\u00edm L\u00c9KORINEK.\u201c<\/p>\n<p>\u201eTak v\u00e1m p\u0159eji hodn\u011b \u0161t\u011bst\u00ed a mnoho \u00fasp\u011bch\u016f do dal\u0161\u00ed \u017eivotn\u00ed etapy. A a\u0165 se da\u0159\u00ed,\u201c pop\u0159\u00e1la Tomu Patrickovi Evel\u00edna a pak svoji pozornost zam\u011b\u0159ila op\u011bt na V\u00edtka, kter\u00e9ho se zeptala: \u201eOd Sylvie v\u00edm, \u017ee vynik\u00e1\u0161 jist\u00fdm umem a sice prac\u00ed s krabi\u010dkami od sirek, z nich\u017e vytv\u00e1\u0159\u00ed\u0161 monument\u00e1ln\u00ed stavby. Mohla bych se n\u011bkdy p\u0159ij\u00edt na n\u011b pod\u00edvat?\u201c<\/p>\n<p>\u201eAle jist\u011b, pokud bys m\u011bla z\u00e1jem, tak klidn\u011b&#8230;\u201c<\/p>\n<p>\u201eTady nen\u00ed m\u00edsto pro vybavov\u00e1n\u00ed! Tak tu zb\u016fhdarma p\u0159esta\u0148 lelkovat a za\u010dni zase pracovat!\u201c<\/p>\n<p>To se o slovo op\u011bt p\u0159ihl\u00e1sila Just\u00fdna, p\u0159i\u010dem\u017e jej\u00ed zloba neomyln\u011b za\u010dala sm\u011b\u0159ovat na jednu konkr\u00e9tn\u00ed osobu. \u201eTady m\u00e1\u0161 truhl\u00edk s L\u00c9KORINKOU a koukej ji urychlen\u011b p\u0159esadit do z\u00e1honu!\u201c Na\u010de\u017e ho V\u00edtkovi doslova vnutila vz\u00edt si do rukou. Ten se nesna\u017eil odporovat a rad\u011bji vykonal, o\u010d ho Just\u00fdna po\u017e\u00e1dala. \u201eA co ty, Evel\u00edno, to nem\u00e1\u0161 na pr\u00e1ci nic lep\u0161\u00edho ne\u017e rozptylovat na\u0161eho mochnick\u00e9ho brig\u00e1dn\u00edka vandala?\u201c<\/p>\n<p>\u201ePromi\u0148 Just\u00fdno, u\u017e si jdu po sv\u00fdch,\u201c ohradila se doty\u010dn\u00e1, je\u0161t\u011b p\u0159edt\u00edm ne\u017e ode\u0161la, v\u0161ak V\u00edtkovi p\u0159edala vizitku se sv\u00fdm telefonn\u00edm \u010d\u00edslem a rukou nazna\u010dila, aby j\u00ed zavolal, a\u017e bude m\u00edt \u010das.<\/p>\n<p>Vladana Vladsk\u00e1, p\u0159\u00edtomn\u00e1 opod\u00e1l, na chvilenku zanechala prac\u00ed a naslouchala tomu rozhovoru, jen\u017e mezi sebou vedli Evel\u00edna, V\u00edtek, Tom Patrick a Just\u00fdna.<\/p>\n<p>\u201eZaj\u00edmav\u00e9 lidsk\u00e9 osudy, nen\u00ed-li\u017e pravdou?\u201c<\/p>\n<p>\u201eAch, to jste vy, Radovane?\u201c<\/p>\n<p>\u201eAno, to m\u00e1 mali\u010dkost si v\u00e1s dovolila oslovit,\u201c stvrdil p\u0159\u00e1telsky Radovan. \u201eMohu se v\u00e1s ot\u00e1zat, kdo v\u00e1s z t\u011bch \u010dty\u0159ech person zaujal nejv\u00edce?\u201c<\/p>\n<p>\u201eMysl\u00edm \u017ee ona Evel\u00edna,\u201c odpov\u00eddala Vladana p\u0159ekvapiv\u011b bez dlouh\u00fdch pr\u016ftah\u016f. \u201ePodobn\u011b jako ona je na tom i m\u00e1 slu\u017eebn\u00e1 B\u011bta, jej\u00ed rodi\u010de takt\u00e9\u017e ji\u017e ne\u017eij\u00ed.\u201c<\/p>\n<p>\u201eA pr\u00e1v\u011b proto je zapot\u0159eb\u00ed takov\u00fdm jedinc\u016fm, je\u017e postihla \u017eivotn\u00ed trag\u00e9die, otev\u0159\u00edt sv\u00e9 srdce a nab\u00eddnout n\u00e1ru\u010d plnou n\u011bhy a l\u00e1sky. A toho vy, Vladano, zajist\u00e9 schopna jste.\u201c Na\u010de\u017e jej\u00ed pozornost z\u00e1hy obr\u00e1til k jin\u00fdm t\u0159em person\u00e1m.<\/p>\n<p>Nejednalo se o nikoho jin\u00e9ho ne\u017e o Amelii, Alberta a jeho d\u00e1vn\u00e9ho p\u0159\u00edtele z ml\u00e1d\u00ed Roberta, co\u017e byl sedmdes\u00e1tilet\u00fd mu\u017e\u00edk drobn\u00e9 postavy. V\u0161ichni t\u0159i jmenovan\u00ed rovn\u011b\u017e spole\u010dn\u011b pracovali na p\u0159esazov\u00e1n\u00ed L\u00c9KORINEK a p\u0159itom spolu norm\u00e1ln\u011b vedli hovor. Ten se p\u0159ev\u00e1\u017en\u011b nesl v duchu vzpom\u00ednkov\u00e9ho rozmlouv\u00e1n\u00ed. A kdy\u017e kolem trojl\u00edstku pak proch\u00e1zela Just\u00fdna, na rozd\u00edl od V\u00edtka se nikterak nehn\u011bvala, \u017ee se p\u0159i pr\u00e1ci spolu norm\u00e1ln\u011b bav\u00ed, ba naopak jej p\u0159\u00edmo odm\u011bnila \u00fasm\u011bvem a pop\u0159\u00e1la mnoho \u0161\u0165astn\u00fdch okam\u017eik\u016f do budouc\u00edch let.<\/p>\n<p>\u201eUdivuje m\u011b, jak jsem dok\u00e1zala tolik let p\u0159e\u010dkat bez sv\u00e9ho zesnul\u00e9ho Franze,\u201c sv\u011b\u0159ila se Radovanovi sama od sebe Vladana, na\u010de\u017e sv\u016fj pohled okam\u017eit\u011b zam\u011b\u0159ila na svoji vnu\u010dku \u0160\u00e1rku a Ludv\u00edka, kte\u0159\u00ed ne\u0161et\u0159ili zamilovan\u00fdmi pohledy.<\/p>\n<p>\u201eTak to vid\u00edte, Vladano, sama v sob\u011b jste ty dlouh\u00e9 roky d\u00e1vala prostor truchlen\u00ed po tom, jeho\u017e jste bezmezn\u011b milovala a va\u0161e vnu\u010dka \u0160\u00e1rka by m\u00e1lem byla nucena podstoupit to sam\u00e9,\u201c podotkl s v\u00e1\u017enost\u00ed v hlase Radovan. \u201eBu\u010fte vd\u011b\u010dn\u00e1 za tu op\u011btovanou l\u00e1sku a va\u017ete si toho, \u017ee jste zd\u00e1rn\u011b p\u0159ekonala onu srde\u010dn\u00ed slabost a tud\u00ed\u017e \u017ee se m\u016f\u017eete radovati ze \u017eivota.\u201c<\/p>\n<p>\u201eM\u00e1te pravdu, Radovane, to, k \u010demu do\u0161lo, bych u\u017e nikdy necht\u011bla za\u017e\u00edt,\u201c p\u0159isv\u011bd\u010dila souhlasn\u011b Vladana.<\/p>\n<p>\u201eBohu\u017eel,\u201c ujal se op\u011bt slova Radovan, \u201en\u011bkte\u0159\u00ed jedinci takov\u00e9 \u0161t\u011bst\u00ed jako vy nemaj\u00ed a ke sv\u00e9mu uzdraven\u00ed musej\u00ed uj\u00edt podstatn\u011b del\u0161\u00ed cestu.<\/p>\n<p>Tento Radovan\u016fv p\u00e1dn\u00fd argument nesm\u011b\u0159oval na nikoho jin\u00e9ho ne\u017eli na Pavla Hn\u00edzdila, jen\u017e sed\u011bl za klav\u00edrem vedle Klause Plam\u00ednka a naslouchal jeho preludov\u00e1n\u00ed. Ten Pavla ob\u010das vyzval, aby si tak\u00e9 zahr\u00e1l a jmenovan\u00fd se on\u00e9 v\u00fdzv\u011b rozhodn\u011b nijak nebr\u00e1nil. Na rozd\u00edl od Vladany Vladsk\u00e9 d\u011blal pomal\u00e9 kr\u016f\u010dky za sv\u00fdm kompletn\u00edm uzdraven\u00edm, av\u0161ak s pomoc\u00ed Sylvie, jej\u00edch spolupracovn\u00edk\u016f a spolupracovnic z mochnick\u00e9ho \u0158\u00e1du a Winsternsk\u00e9 ko\u010dky v\u0161e zvl\u00e1dal nadm\u00edru dob\u0159e. Ostatn\u011b ta se v Pavlov\u011b p\u0159\u00edtomnosti nach\u00e1zela i nyn\u00ed, moment\u00e1ln\u011b mu spokojen\u011b p\u0159edla na kl\u00edn\u011b a z t\u011bla vytahovala neduhy. A samoz\u0159ejm\u011b \u017ee po boku sv\u00e9ho syna nesm\u011bla chyb\u011bt ani jeho matka. Al\u017eb\u011bta Hn\u00edzdilov\u00e1 se op\u011bt uvolnila z pr\u00e1ce, aby sv\u00e9mu Pavlovi byla nabl\u00edzku.<\/p>\n<p>Zd\u00e1lo se tedy, \u017ee nic nem\u016f\u017ee naru\u0161it onu p\u0159\u00e1telskou atmosf\u00e9ru, je\u017e panovala na venkovn\u00edm prostranstv\u00ed Winsternsk\u00e9ho rodu \u0159\u00e1du lebonsk\u00fdch lid\u00ed. A p\u0159eci jen se na\u0161el n\u011bkdo, kdo vnesl do on\u00e9 pohody vrchovatou m\u00edru nap\u011bt\u00ed.<\/p>\n<p>\u201eAle ne, to ne!\u201c zhrozila se doslova Apolena, kdy\u017e spat\u0159ila osobu, co j\u00ed a\u017e doposud ztrp\u010dovala \u017eivot.<\/p>\n<p>\u201eCo se d\u011bje, Apoleno?\u201c p\u0159isp\u011bchal k n\u00ed okam\u017eit\u011b Tom Wong, kdy\u017e zaslechl ten \u017ealostn\u00fd v\u00fdk\u0159ik.<\/p>\n<p>\u201eTamhleto je m\u016fj ot\u010d\u00edm,\u201c vyslovila to ve zna\u010dn\u00fdch obav\u00e1ch.<\/p>\n<p>Bylo to skute\u010dn\u011b tak, jmenovan\u00fd se pr\u00e1v\u011b zastavil u jednoho z \u010dlen\u016f Dev\u00edti slunc\u00ed a na cosi se ho za\u010dal vypt\u00e1vat. A kdy\u017e mu doty\u010dn\u00fd uk\u00e1zal ve sm\u011bru, kde se Apolena nach\u00e1zela, ta v\u011bd\u011bla, \u017ee je zle. \u201eCo tu v\u016fbec pohled\u00e1v\u00e1?\u201c ob\u00e1vala se nejhor\u0161\u00edho.<\/p>\n<p>\u201eJen klid, to bude dobr\u00e9,\u201c sna\u017eil se Apolenu uklidnit Tom Wong.<\/p>\n<p>Le\u010d tomu na prvn\u00ed pohled nic nenasv\u011bd\u010dovalo, nebo\u0165 Apolenin ot\u010d\u00edm se op\u011bt p\u0159i sv\u00e9 sp\u011b\u0161n\u00e9 ch\u016fzi pot\u00e1cel, jako kdyby byl na mol opil\u00fd, co\u017e u n\u011bj nebylo nic neobvykl\u00e9ho. A\u017e kdy\u017e se p\u0159ibl\u00ed\u017eil k Apolen\u011b na p\u00e1r krok\u016f, doty\u010dn\u00e1 zpozorovala v jeho prav\u00e9 ruce kufr, jeho\u017e obsah mu s nejv\u011bt\u0161\u00ed pravd\u011bpodobnost\u00ed onu vr\u00e1voravou ch\u016fzi zp\u016fsoboval.<\/p>\n<p>\u201eTak tady se cel\u00fd ten m\u011bs\u00edc za\u0161\u00edv\u00e1\u0161? Opravdu sis nemohla vybrat p\u0159\u00edhodn\u011bj\u0161\u00ed m\u00edsto,\u201c vyrukoval na Apolenu jej\u00ed ot\u010d\u00edm, na\u010de\u017e p\u0159ed n\u00ed na zem s \u00falevou upustil kufr.<\/p>\n<p>\u201ePovinnost\u00ed ka\u017ed\u00e9ho slu\u0161n\u011b vychovan\u00e9ho \u010dlov\u011bka je nejd\u0159\u00edve pozdravit, kdy\u017e n\u011bkam vstoup\u00ed,\u201c zastal se Apoleny okam\u017eit\u011b Tom Wong.<\/p>\n<p>\u201eVy se do toho laskav\u011b neple\u0165te, jo? Bu\u010fte tak laskavej,\u201c utrhl se na n\u011bj Apolenin ot\u010d\u00edm.<\/p>\n<p>\u201eOb\u00e1v\u00e1m se, \u017ee v\u00e1m ve va\u0161\u00ed \u017e\u00e1dosti nebudu moci vyhov\u011bt, dokud se neuklidn\u00edte a nep\u0159estanete se hrub\u011b chovat k m\u00fdm p\u0159\u00e1tel\u016fm,\u201c nenechal si to v \u017e\u00e1dn\u00e9m p\u0159\u00edpad\u011b Tom Wong l\u00edbit a hbit\u011b p\u0159ed Apolenu p\u0159edstoupil, nebo\u0165 jej\u00ed ot\u010d\u00edm se po n\u00ed u\u017eu\u017e za\u010dal nebezpe\u010dn\u011b oh\u00e1n\u011bt rukama.<\/p>\n<p>\u201eV\u00edte, j\u00e1 up\u0159\u00edmn\u011b pohrd\u00e1m \u010dernochy jako jste vy,\u201c vyslovil po krat\u0161\u00ed odmlce Apolenin ot\u010d\u00edm, kdy si oba p\u00e1nov\u00e9 pouze vz\u00e1jemn\u011b hled\u011bli v\u00fdbojn\u011b do o\u010d\u00ed.<\/p>\n<p>\u201eDovolil bych si v\u00e1s malinko poopravit, j\u00e1 nejsem \u010dernoch n\u00fdbr\u017e asiat.\u201c<\/p>\n<p>\u201eTo je jedno, ti um\u00ed \u010dlov\u011bku taky p\u011bkn\u011b p\u00edt krev, obzvl\u00e1\u0161t\u011b kdy\u017e na tr\u017enic\u00edch v jednom kuse ob\u00edraj\u00ed lidi o prachy, zn\u00e1sil\u0148uj\u00ed na potk\u00e1n\u00ed po\u010destn\u00e9 \u010desk\u00e9 \u017eeny a v neposledn\u00ed \u0159ad\u011b se pak pod\u00edlej\u00ed na zv\u00fd\u0161en\u00e9 drogov\u00e9 kriminalit\u011b, kdy\u017e pervitin nut\u00ed p\u0159\u00edmo na ulici mladistv\u00fdm.\u201c<\/p>\n<p>\u201eBudu d\u011blat, \u017ee jsem nic z toho nesly\u0161el.\u201c<\/p>\n<p>Apolenu ot\u010d\u00edmova n\u00e1hl\u00e1 p\u0159\u00edtomnost tot\u00e1ln\u011b zasko\u010dila. Hluboce se za jeho chov\u00e1n\u00ed p\u0159ede v\u0161emi, co tu byli p\u0159\u00edtomni, styd\u011bla. Jej\u00ed ot\u010d\u00edm viditeln\u011b nezklamal ani tentokr\u00e1t a dost\u00e1l sv\u00e9 povaze bou\u0159liv\u00e1ka a nezdvo\u0159\u00e1ka. Od koho se jen dozv\u011bd\u011bl, kde se to Apolena moment\u00e1ln\u011b nach\u00e1z\u00ed? Ona sama osobn\u011b sv\u00e9mu ot\u010d\u00edmovi rozhodn\u011b nevolala ani nepsala, tak jak se mu ji poda\u0159ilo naj\u00edt? Odpov\u011b\u010f byla velice prost\u00e1 jako ot\u00e1zka samotn\u00e1.<\/p>\n<p>\u201eHol\u010di\u010dka se hodlala vypa\u0159it, kdy\u017e j\u00ed teklo do bot, co? P\u0159es m\u011bs\u00edc se dok\u00e1zala skr\u00fdvat a stejn\u011b j\u00ed to nakonec bylo houby platn\u00e9,\u201c naparoval se Apolenin ot\u010d\u00edm. \u201eJist\u011b t\u011b zaj\u00edm\u00e1, jak jsem t\u011b na\u0161el, ty jedna proradn\u00e1 mrcho, co? To Mare\u010dek. To si takhle v poklidu kr\u00e1\u010d\u00ed Katalnou Mochnou a kohopak tu nezmer\u010d\u00ed?\u201c<\/p>\n<p>D\u00e1l u\u017e Apolenin ot\u010d\u00edm ani pokra\u010dovat nemusel. Doty\u010dn\u00e1 si zbytek um\u011bla domyslet sama. Onen Mare\u010dek, to nebyl nikdo jin\u00fd ne\u017e stejn\u011b v\u011b\u010dn\u011b opil\u00fd ochlasta. V Praze snad neexistovala jedin\u00e1 pivnice, kterou by s jej\u00edm ot\u010d\u00edmem, lidov\u011b \u0159e\u010deno, neprolezli.<\/p>\n<p>Apolenu mrzel p\u0159\u00edstup jej\u00edho ot\u010d\u00edma, u\u017e kv\u016fli m\u00edstn\u00edm obyvatel\u016fm Kataln\u00e9 Mochny, kte\u0159\u00ed se k n\u00ed naopak chovali ve v\u0161\u00ed po\u010destn\u00e9 zdvo\u0159ilosti. A p\u0159itom ho Apolena ned\u00e1vno za\u017eila \u00fapln\u011b jin\u00e9ho a sice jako mil\u00e9ho, vst\u0159\u00edcn\u00e9ho a zdvo\u0159il\u00e9ho jedince. Jen\u017ee co j\u00ed to bylo platn\u00e9, kdy\u017e se jednalo pouze o jistou vysn\u011bnou fikci za p\u0159isp\u011bn\u00ed ALMAN Toma Wonga. Apolena tak v t\u00e9to chv\u00edli zalitovala, \u017ee dan\u00e9 vymo\u017eenosti nemaj\u00ed tu mo\u017enost sv\u00e9 vysn\u011bn\u00e9 vize automaticky p\u0159en\u00e1\u0161et do ryze re\u00e1ln\u00e9 \u017eiv\u00e9 podoby.<\/p>\n<p>\u201ePro\u010d jste Apolenu vyhledal? Co po n\u00ed vlastn\u011b chcete?\u201c zeptal se za ni jej\u00edho ot\u010d\u00edma Tom Wong, kdy\u017e zmer\u010dil rozpaky v tv\u00e1\u0159i pohledn\u00e9 tmavovl\u00e1sky.<\/p>\n<p>\u201ePrachy!\u201c vyj\u00e1d\u0159il to jedin\u00fdm slovem Apolenin ot\u010d\u00edm. \u201eTady ta mrcha mi dlu\u017e\u00ed p\u011bkn\u011b tu\u010dnou \u010d\u00e1stku a pr\u00e1v\u011b proto jsem tu,\u201c dodal. \u201eTak je naval a budeme si kvit,\u201c pohrozil. \u201eTak sly\u0161\u00ed\u0161?!\u201c zv\u00fd\u0161il hlas.<\/p>\n<p>\u201eMysl\u00edm \u017ee nejrozumn\u011bj\u0161\u00ed bude, kdy\u017e zase odejdete,\u201c m\u00ednil Tom Wong.<\/p>\n<p>\u201eOdejdu, a\u017e zaplat\u00ed, co mi dlu\u017e\u00ed!\u201c rozk\u0159ikl se Apolenin ot\u010d\u00edm na cel\u00e9 kolo.<\/p>\n<p>To u\u017e se ze v\u0161ech stran za\u010dali shlukovat v\u0161ichni ti, co obhospoda\u0159ovali L\u00c9KORINKY. Apolen\u011b to dodalo pot\u0159ebn\u00e9 sebev\u011bdom\u00ed a sv\u00e9mu ot\u010d\u00edmovi za\u010dala opl\u00e1cet stejnou m\u011brou: \u201e\u017d\u00e1dn\u00e9 pen\u00edze ti nedlu\u017e\u00edm a proto ti nic platit nebudu! Kdybys ses v jednom kuse neop\u00edjel do n\u011bmoty a nezval si do bytu ochlasty na alkoholov\u00e9 d\u00fdch\u00e1nky a \u017eensk\u00e9 pro pobaven\u00ed, nikdy bys nem\u011bl probl\u00e9m s pen\u011bzi vyj\u00edt! My dva si u\u017e nem\u00e1me v\u00edc co \u0159\u00edct! A pokud jde o n\u00e1vrat k tob\u011b do Prahy, tak s t\u00edm nepo\u010d\u00edtej!\u201c<\/p>\n<p>Apolenin ot\u010d\u00edm u\u017eu\u017e byl p\u0159ipraven na svou nevlastn\u00ed dceru spustit novou hr\u016fzu, dav zv\u011bdavc\u016f ho v\u0161ak p\u0159im\u011bl s t\u00edm pose\u010dkat. A toho vyu\u017eil jeden z p\u0159ihl\u00ed\u017eej\u00edc\u00edch.<\/p>\n<p>\u201eVy se jmenujete mysl\u00edm Karel, \u017ee? Tak\u00e9 tu jednoho m\u00e1me. Vlastn\u011b v na\u0161em malebn\u00e9m m\u011bste\u010dku kdysi byli p\u0159\u00edtomni Karlov\u00e9 dva, jeden z nich v\u0161ak musel Katalnou Mochnu p\u0159ed\u010dasn\u011b opustit a odjet pr\u00e1v\u011b do Prahy, nebo\u0165 mu pracovn\u00ed z\u00e1vazky nedovolily tu d\u00e9le setrvat.\u201c<\/p>\n<p>Apolenin ot\u010d\u00edm p\u0159estal v\u011bnovat pozornost sv\u00e9 nevlastn\u00ed dce\u0159i a oto\u010dil se ve sm\u011bru onoho hlasu. Ten n\u00e1le\u017eel Radovanovi.<\/p>\n<p>\u201eTak copak m\u00e1te, v\u00e1\u017een\u00fd, za tak z\u00e1va\u017en\u00fd probl\u00e9m, \u017ee tu na druh\u00e9 mus\u00edte nep\u0159im\u011b\u0159en\u011b zvy\u0161ovat hlas?\u201c pokra\u010doval Radovan zcela vyrovnan\u011b.<\/p>\n<p>\u201eCo je v\u00e1m po tom? Starejte se o sebe a n\u00e1s nechte na pokoji!\u201c obo\u0159il se na n\u011bj takto neurvale Apolenin ot\u010d\u00edm.<\/p>\n<p>\u201eT\u0159eba bych v\u00e1m mohl b\u00fdt n\u00e1pomocen a vy byste pot\u00e9 nechal toto d\u011bv\u010de na pokoji,\u201c nevzd\u00e1val sv\u00e9 sna\u017een\u00ed Radovan. Uv\u011bdomoval si, \u017ee Apolena nen\u00ed z n\u00e1v\u0161t\u011bvy sv\u00e9ho ot\u010d\u00edma zrovna dvakr\u00e1t nad\u0161en\u00e1, ba dokonce \u017ee z n\u011bj m\u00e1 p\u0159\u00edmo strach!<\/p>\n<p>\u201eDlu\u017e\u00ed mi prachy, v tom je ten probl\u00e9m.\u201c<\/p>\n<p>\u201eA kolikpak \u010din\u00ed ona \u010d\u00e1stka?\u201c<\/p>\n<p>\u201eRovn\u00fdch \u0161est t\u00e1c\u016f.\u201c<\/p>\n<p>\u201eNu\u017ee dobr\u00e1.\u201c Radovan vyndal pen\u011b\u017eenku a z n\u00ed pen\u00edze. \u201eZde je rovn\u00fdch p\u011bt tis\u00edc a onu zb\u00fdvaj\u00edc\u00ed tis\u00edcikorunu a\u0165 v\u00e1m doplat\u00ed jin\u00fd \u0161t\u011bdr\u00fd d\u00e1rce.\u201c Na\u010de\u017e Apoleninu ot\u010d\u00edmovi danou \u010d\u00e1stku ochotn\u011b p\u0159edal.<\/p>\n<p>\u201eNo vida, tak se mi to l\u00edb\u00ed, alespo\u0148 n\u011bkdo tu jedn\u00e1 na f\u00e9rovku,\u201c za\u010dal si pro zm\u011bnu pochvalovat Apolenin ot\u010d\u00edm, na\u010de\u017e kone\u010dn\u011b nechal svoji nevlastn\u00ed dceru na pokoji a dal se do p\u0159epo\u010d\u00edt\u00e1v\u00e1n\u00ed pr\u00e1v\u011b obdr\u017een\u00e9ho obnosu.<\/p>\n<p>\u201eV\u0161e v po\u0159\u00e1dku?\u201c cht\u011bl se ujistit Radovan.<\/p>\n<p>\u201eJo jo, v\u0161e sed\u00ed sta\u0159\u00edku, d\u00edky, d\u00edky,\u201c pronesl vlezle Apolenin ot\u010d\u00edm, na\u010de\u017e Radovana r\u00e1doby p\u0159\u00e1telsky popl\u00e1cal po rameni.<\/p>\n<p>\u201eTak\u017ee bude nejlep\u0161\u00ed, kdy\u017e zase odejdete a nech\u00e1te n\u00e1s tu v klidu pracovat, co \u0159\u00edk\u00e1te?\u201c navrhl Radovan a ono r\u00e1doby p\u0159\u00e1telsk\u00e9 gesto Apoleninu ot\u010d\u00edmovi oplatil.<\/p>\n<p>Jmenovan\u00fd se uchechtl, jako by mu to bylo kdov\u00edjak p\u0159\u00edjemn\u00e9, a zap\u00e1lil si cigaretu. Dokonce jednu nab\u00eddl i Radovanovi, ten ji v\u0161ak zdvo\u0159ile odm\u00edtl.<\/p>\n<p>Apolena, cel\u00e1 nesv\u00e1, trnula, co jej\u00ed ot\u010d\u00edm je\u0161t\u011b p\u0159edvede za excesy. Ten ji je\u0161t\u011b jednou upozornil na kufr, co p\u0159edt\u00edm p\u0159ed n\u00ed pohodil na zem, p\u0159i\u010dem\u017e do n\u011bj kopl, a pot\u00e9 se zmohl na jednu z posledn\u00edch v\u00fdhr\u016f\u017eek a na\u0161t\u011bst\u00ed zam\u00ed\u0159il pry\u010d.<\/p>\n<p>\u201eNem\u011bl jste mu ty pen\u00edze d\u00e1vat, pane profesore, kdov\u00ed co si vymysl\u00ed p\u0159\u00ed\u0161t\u011b,\u201c vyslovila Apolena mo\u017en\u00e9 obavy z ot\u010d\u00edmova p\u0159\u00edpadn\u00e9ho n\u00e1vratu, kdy\u017e ten byl bezpe\u010dn\u011b z jej\u00edho dohledu.<\/p>\n<p>\u201eLid\u00e9 nebudou a pen\u00edze ano, tak u\u017e to v \u017eivot\u011b prost\u011b chod\u00ed,\u201c zm\u00ednil Radovan jedno star\u00e9 moudr\u00e9 p\u0159\u00edslov\u00ed.<\/p>\n<p>\u201eApolena m\u00e1 ale pravdu, Radovane, co kdy\u017e se ten neurvalec znovu vr\u00e1t\u00ed a za\u010dne j\u00ed nanovo vyhro\u017eovat?\u201c ob\u00e1val se onoho nemil\u00e9ho stejn\u011b jako ona i Tom Wong.<\/p>\n<p>\u201eTak Apolenku op\u011bt ochr\u00e1n\u00edme,\u201c vyj\u00e1d\u0159il se k dan\u00e9 problematice takto stru\u010dn\u011b Radovan. \u201eAv\u0161ak nyn\u00ed mi promi\u0148te, \u017ee v\u00e1s na n\u011bjakou tu hodinku opust\u00edm, volaj\u00ed mne toti\u017e nov\u00e9 neodkladn\u00e9 povinnosti.\u201c Na\u010de\u017e se s Apolenou, Tomem Wongem a ostatn\u00edmi rozlou\u010dil, s p\u0159\u00e1n\u00edm, a\u0165 jim jde pr\u00e1ce p\u011bkn\u011b od ruky a n\u00e1sledoval Olafa, kter\u00fd se tu pro n\u011bj zastavil.<\/p>\n<div class=\"fcbkbttn_buttons_block\" id=\"fcbkbttn_left\"><div class=\"fcbkbttn_button\">\n                            <a href=\"https:\/\/www.facebook.com\/tom.patrick.509\" target=\"_blank\">\n                                <img decoding=\"async\" src=\"https:\/\/eldar.cz\/tompatrick\/wp-content\/plugins\/facebook-button-plugin\/images\/large-facebook-ico.png\" alt=\"Fb-Button\" \/>\n                            <\/a>\n                        <\/div><div class=\"fcbkbttn_like fcbkbttn_large_button\"><fb:like href=\"https:\/\/eldar.cz\/tompatrick\/city-means-v-mesto-plne-zazraku\/13-utvareni-stalych-i-novych-pratelskych-vazeb-pri-ozdravne-spolecne\" action=\"like\" colorscheme=\"light\" layout=\"standard\"  width=\"225px\" size=\"large\"><\/fb:like><\/div><div class=\"fb-share-button fcbkbttn_large_button \" data-href=\"https:\/\/eldar.cz\/tompatrick\/city-means-v-mesto-plne-zazraku\/13-utvareni-stalych-i-novych-pratelskych-vazeb-pri-ozdravne-spolecne\" data-type=\"button_count\" data-size=\"large\"><\/div><\/div>","protected":false},"excerpt":{"rendered":"<p>13. Utv\u00e1\u0159en\u00ed st\u00e1l\u00fdch i nov\u00fdch p\u0159\u00e1telsk\u00fdch vazeb p\u0159i ozdravn\u00e9 spole\u010dn\u00e9 d\u011blb\u011b pr\u00e1ce a zkou\u0161ka jejich odolnosti v\u016f\u010di nezvan\u00e9mu hostu a jeho nekal\u00fdm \u00famysl\u016fm M\u011bs\u00edc od onoho pam\u00e1tn\u00e9ho aktu sm\u00ed\u0159en\u00ed ji\u017e uplynul co jist\u00e1 rodina k sob\u011b spole\u010dnou cestu nalezla pouze &hellip; <a href=\"https:\/\/eldar.cz\/tompatrick\/city-means-v-mesto-plne-zazraku\/13-utvareni-stalych-i-novych-pratelskych-vazeb-pri-ozdravne-spolecne\">Cel\u00fd p\u0159\u00edsp\u011bvek <span class=\"meta-nav\">&rarr;<\/span><\/a><\/p>\n","protected":false},"author":2,"featured_media":0,"comment_status":"open","ping_status":"open","sticky":false,"template":"","format":"standard","meta":{"_s2mail":"yes","footnotes":""},"categories":[23],"tags":[],"class_list":["post-1491","post","type-post","status-publish","format-standard","hentry","category-city-means-v-mesto-plne-zazraku"],"_links":{"self":[{"href":"https:\/\/eldar.cz\/tompatrick\/wp-json\/wp\/v2\/posts\/1491","targetHints":{"allow":["GET"]}}],"collection":[{"href":"https:\/\/eldar.cz\/tompatrick\/wp-json\/wp\/v2\/posts"}],"about":[{"href":"https:\/\/eldar.cz\/tompatrick\/wp-json\/wp\/v2\/types\/post"}],"author":[{"embeddable":true,"href":"https:\/\/eldar.cz\/tompatrick\/wp-json\/wp\/v2\/users\/2"}],"replies":[{"embeddable":true,"href":"https:\/\/eldar.cz\/tompatrick\/wp-json\/wp\/v2\/comments?post=1491"}],"version-history":[{"count":1,"href":"https:\/\/eldar.cz\/tompatrick\/wp-json\/wp\/v2\/posts\/1491\/revisions"}],"predecessor-version":[{"id":1492,"href":"https:\/\/eldar.cz\/tompatrick\/wp-json\/wp\/v2\/posts\/1491\/revisions\/1492"}],"wp:attachment":[{"href":"https:\/\/eldar.cz\/tompatrick\/wp-json\/wp\/v2\/media?parent=1491"}],"wp:term":[{"taxonomy":"category","embeddable":true,"href":"https:\/\/eldar.cz\/tompatrick\/wp-json\/wp\/v2\/categories?post=1491"},{"taxonomy":"post_tag","embeddable":true,"href":"https:\/\/eldar.cz\/tompatrick\/wp-json\/wp\/v2\/tags?post=1491"}],"curies":[{"name":"wp","href":"https:\/\/api.w.org\/{rel}","templated":true}]}}