{"id":1461,"date":"2015-09-21T09:00:45","date_gmt":"2015-09-21T07:00:45","guid":{"rendered":"http:\/\/eldar.cz\/tompatrick\/?p=1461"},"modified":"2015-06-06T14:20:59","modified_gmt":"2015-06-06T12:20:59","slug":"8-obtizne-hledani-viry-v-lidske-stesti-i-celkove-uzdraveni-tela","status":"publish","type":"post","link":"https:\/\/eldar.cz\/tompatrick\/city-means-v-mesto-plne-zazraku\/8-obtizne-hledani-viry-v-lidske-stesti-i-celkove-uzdraveni-tela","title":{"rendered":"8. Obt\u00ed\u017en\u00e9 hled\u00e1n\u00ed v\u00edry v lidsk\u00e9 \u0161t\u011bst\u00ed i celkov\u00e9 uzdraven\u00ed t\u011bla&#8230;"},"content":{"rendered":"<div class=\"fcbkbttn_buttons_block\" id=\"fcbkbttn_left\"><div class=\"fcbkbttn_button\">\n                            <a href=\"https:\/\/www.facebook.com\/tom.patrick.509\" target=\"_blank\">\n                                <img decoding=\"async\" src=\"https:\/\/eldar.cz\/tompatrick\/wp-content\/plugins\/facebook-button-plugin\/images\/large-facebook-ico.png\" alt=\"Fb-Button\" \/>\n                            <\/a>\n                        <\/div><div class=\"fcbkbttn_like fcbkbttn_large_button\"><fb:like href=\"https:\/\/eldar.cz\/tompatrick\/city-means-v-mesto-plne-zazraku\/8-obtizne-hledani-viry-v-lidske-stesti-i-celkove-uzdraveni-tela\" action=\"like\" colorscheme=\"light\" layout=\"standard\"  width=\"225px\" size=\"large\"><\/fb:like><\/div><div class=\"fb-share-button fcbkbttn_large_button \" data-href=\"https:\/\/eldar.cz\/tompatrick\/city-means-v-mesto-plne-zazraku\/8-obtizne-hledani-viry-v-lidske-stesti-i-celkove-uzdraveni-tela\" data-type=\"button_count\" data-size=\"large\"><\/div><\/div><p><b>8. Obt\u00ed\u017en\u00e9 hled\u00e1n\u00ed v\u00edry v lidsk\u00e9 \u0161t\u011bst\u00ed i celkov\u00e9 uzdraven\u00ed t\u011bla i mysli za p\u0159isp\u011bn\u00ed ryze alternativn\u00edho l\u00e9\u010ditelstv\u00ed a pokud mo\u017eno bez p\u0159\u00edm\u011bsi lidsk\u00e9 tragiky<\/b><\/p>\n<p>Rovn\u011b\u017e v\u016fz zna\u010dky \u0160koda pomalu ale jist\u011b sp\u011bl k s\u00eddlu Winsternsk\u00e9ho rodu \u0159\u00e1du lebonsk\u00fdch lid\u00ed. Onen Karel nakonec souhlasil s t\u00edm, aby jeho syna Pavla jeho \u010dlenov\u00e9 vy\u0161et\u0159ili, on s\u00e1m k tomu ale i nad\u00e1le sp\u00ed\u0161e zauj\u00edmal postoj skeptika. To jeho \u017eena Al\u017eb\u011bta po celou j\u00edzdu doufala v nemo\u017en\u00e9. A tak Just\u00fdn\u011b a Apolen\u011b nezb\u00fdvalo ne\u017e v tom sam\u00e9m utvrzovat i Karla.<\/p>\n<p>\u201eJe to tak, pane Hn\u00edzdile, mnoz\u00ed z pracovn\u00edk\u016f Winsternsk\u00e9ho rodu \u0159\u00e1du lebonsk\u00fdch lid\u00ed skute\u010dn\u011b maj\u00ed zlat\u00e9 ru\u010di\u010dky,\u201c p\u0159esv\u011bd\u010dovala ho ne\u00fanavn\u011b Just\u00fdna. \u201eSama jsem toho byla sv\u011bdkem, kdy\u017e \u010dirou n\u00e1hodou onemocn\u011bla n\u011bkter\u00e1 z m\u00fdch n\u011bm\u00fdch tv\u00e1\u0159\u00ed, co je chov\u00e1m ve sv\u00e9m \u00fatulku.\u201c<\/p>\n<p>\u201eM\u016fj syn ale nen\u00ed \u017e\u00e1dn\u00e9 zv\u00ed\u0159e, sle\u010dno, to laskav\u011b m\u011bjte na pam\u011bti,\u201c vytkl j\u00ed okam\u017eit\u011b Karel. \u201eA tak\u00e9 bych byl nerad, kdyby Pavel dopadl jako ty va\u0161e mrtv\u00e9 srnky.\u201c<\/p>\n<p>\u201eTy ale zabil n\u011bjak\u00fd podl\u00fd v\u0161iv\u00e1k,\u201c br\u00e1nila se Just\u00fdna.<\/p>\n<p>\u201eV\u0161ak m\u016fj syn je tak\u00e9 na pokraji smrti,\u201c smo\u010dil si na Just\u00fdninu adresu znovu Karel a m\u00e1lem \u017ee neskon\u010dili ve \u0161karp\u011b, jak se ne\u010dekan\u011b roz\u010d\u00edlil.<\/p>\n<p>\u201eNo tak, Karle, takhle nesm\u00ed\u0161 uva\u017eovat,\u201c napomenula sv\u00e9ho mu\u017ee okam\u017eit\u011b Al\u017eb\u011bta.<\/p>\n<p>\u201eJ\u00e1 jsem t\u00e9ho\u017e n\u00e1zoru, \u017ee to Just\u00fdna nemyslela nijak zle,\u201c zast\u00e1vala se j\u00ed i Apolena. \u201eTak jako vy i my si p\u0159ejeme, aby se v\u00e1\u0161 syn uzdravil.\u201c<\/p>\n<p>To u\u017e byli skoro na m\u00edst\u011b a Just\u00fdna si na\u0161t\u011bst\u00ed zav\u010das pov\u0161imla dob\u0159e zn\u00e1m\u00e9 osoby. \u201eTamhleto je Sylvie, ta v\u00e1m ochotn\u011b pom\u016f\u017ee.\u201c<\/p>\n<p>Karel, jakmile toto z \u00fast Just\u00fdny zaslechl, prudce zabrzdil. Pot\u00e9 r\u00e1zn\u011b otev\u0159el dve\u0159e auta a vystoupil. Sylvie se zrovna lou\u010dila s Martinem a p\u0159\u00e1la mu, a\u0165 svoji cestu dob\u0159e zvl\u00e1dne, kdy\u017e ji Karel znenad\u00e1n\u00ed pohotov\u011b oslovil slovy: \u201eVy jste Sylvie? Poj\u010fte se mnou. Rychle!\u201c<\/p>\n<p>Doty\u010dn\u00e1 se ani po\u0159\u00e1dn\u011b nestihla zorientovat a u\u017e ji Karlova ruka t\u00e1hla sm\u011brem k autu, p\u0159ed n\u00edm\u017e ji\u017e nerv\u00f3zn\u011b post\u00e1vala Al\u017eb\u011bta t\u0159\u00edmaj\u00edce sv\u00e9ho syna v n\u00e1ru\u010d\u00ed.<\/p>\n<p>\u201eDobr\u00fd den, pros\u00edm, pomozte n\u00e1m, n\u00e1\u0161 Pavel je na tom velice zle.\u201c<\/p>\n<p>Sylvie zachovala pud sebez\u00e1chovy a kdy\u017e spat\u0159ila zn\u00e1mou tv\u00e1\u0159 v podob\u011b Just\u00fdny, ji\u017e s p\u0159ehledem odhadla, jak se v\u011bci nejsp\u00ed\u0161e maj\u00ed.<\/p>\n<p>\u201eSezn\u00e1mili jsme se na m\u00fdtin\u011b Svat\u00e9ho Andreje,\u201c za\u010dala Sylvii objas\u0148ovat. \u201eTady s Apolenou jsme t\u00e9to rodin\u011b nab\u00eddly, \u017ee je zavedeme p\u0159\u00edmo sem k v\u00e1m. Pavel nutn\u011b pot\u0159ebuje va\u0161i pomoct. Ujmete se tohoto nelehk\u00e9ho \u00fakolu?\u201c<\/p>\n<p>\u201eTo v\u00edte, Just\u00fdno, \u017ee ano. N\u00e1sledujte mne, pros\u00edm.\u201c<\/p>\n<p>Sylvie skupinku tedy ponoukala, aby spole\u010dn\u011b za\u0161li do jej\u00ed kancel\u00e1\u0159e, v n\u00ed\u017e prve rozmlouvala s Martinem. \u201eTak co va\u0161eho syna tr\u00e1p\u00ed?\u201c zeptala se pak Pavlov\u00fdch rodi\u010d\u016f.<\/p>\n<p>\u201eTo nikdo p\u0159esn\u011b nev\u00ed, dokto\u0159i si s n\u00edm nev\u011bd\u00ed rady,\u201c uvedla Al\u017eb\u011bta a m\u00e1lem \u017ee se op\u011bt nerozplakala.<\/p>\n<p>\u201eMohu se na va\u0161eho syna pod\u00edvat?\u201c navrhla n\u00e1sledn\u011b Sylvie. Jak se z\u00e1hy od n\u00ed dozv\u011bd\u011bla, tak Pavel p\u0159\u00edli\u0161 nejedl, nesm\u00e1l se, nemluvil a byl obsyp\u00e1n nev\u00e1bnou vyr\u00e1\u017ekou.<\/p>\n<p>\u201eCo s na\u0161\u00edm synem je? Dok\u00e1\u017eete ho zachr\u00e1nit? Bude v po\u0159\u00e1dku? M\u00e1 \u0161anci na uzdraven\u00ed?\u201c<\/p>\n<p>Sylvie byla okam\u017eit\u011b ze strany Al\u017eb\u011bty zahrnuta palbou ot\u00e1zek.<\/p>\n<p>\u201eWinsternsk\u00fd rod \u0159\u00e1du lebonsk\u00fdch lid\u00ed se pokus\u00ed u\u010dinit maximum pro jeho z\u00e1chranu,\u201c p\u0159isl\u00edbila, na\u010de\u017e do ruky znovu uchopila osv\u011bd\u010denou mapku lidsk\u00e9ho t\u011bla, po n\u00ed\u017e za\u010dala p\u0159ej\u00ed\u017ed\u011bt rukou. \u201eC\u00edt\u00ed\u0161 n\u011bco, Pavle?\u201c zeptala se chlapce. Ten p\u0159ik\u00fdvl. \u201eA m\u016f\u017ee\u0161 mi prozradit, co konkr\u00e9tn\u011b?\u201c<\/p>\n<p>\u201eTe&#8230; tep&#8230; tepl&#8230;. teplo,\u201c odpov\u011bd\u011bl nam\u00e1hav\u011b.<\/p>\n<p>\u201eTo&#8230; to nen\u00ed mo\u017en\u00e9, on&#8230; on promluvil!\u201c prohl\u00e1sila povznesen\u011b Al\u017eb\u011bta, na\u010de\u017e samou radost\u00ed sv\u00e9ho syna objala.<\/p>\n<p>\u201eV\u00e1\u0161 Pavel m\u00e1 zablokovanou kr\u010dn\u00ed p\u00e1te\u0159 a nepr\u016fchodn\u00e9 ledviny,\u201c ozn\u00e1mila Sylvie. \u201eJe t\u0159eba ho d\u016fkladn\u011b pro\u010distit a pak by mohl b\u00fdti zcela zdr\u00e1v.\u201c<\/p>\n<p>\u201eV\u00e1\u017en\u011b ho dok\u00e1\u017eete \u00fapln\u011b vyl\u00e9\u010dit?\u201c<\/p>\n<p>\u201eTo v\u00edte \u017ee ano, tady Sylvie je v tom p\u0159eborn\u00edk,\u201c p\u0159itakala souhlasn\u011b Evel\u00edna, kter\u00e1 pr\u00e1v\u011b s Annou vch\u00e1zela do jej\u00ed kancel\u00e1\u0159e.<\/p>\n<p>\u201eBudeme si tady va\u0161eho syna v\u0161ak muset nechat,\u201c upozornila Sylvie n\u00e1sledn\u011b rodi\u010de Pavla. \u201ePokud se m\u00e1 zcela uzdravit, je zapot\u0159eb\u00ed m\u00edt nad n\u00edm pln\u00fd dohled,\u201c dodala, kdy\u017e zaregistrovala jejich zaduman\u00e9 pohledy, na\u010de\u017e Evel\u00edna s Annou souhlasn\u011b p\u0159ik\u00fdvly.<\/p>\n<p>Na Al\u017eb\u011bt\u011b a Karlovi bylo zn\u00e1t, \u017ee o v\u0161em horliv\u011b p\u0159em\u00edtaj\u00ed. Necht\u011blo se j\u00edm lou\u010dit se sv\u00fdm synem a nav\u00edc u jednoho z nich p\u0159etrv\u00e1valy jist\u00e9 pochybnosti.<\/p>\n<p>\u201eV\u017edy\u0165 v\u00e1s ale v\u016fbec nezn\u00e1me, tak jak bychom v\u00e1m ho mohli sv\u011b\u0159it do p\u00e9\u010de?\u201c br\u00e1nil se n\u011b\u010demu takov\u00e9mu dle o\u010dek\u00e1v\u00e1n\u00ed Karel.<\/p>\n<p>\u201ePr\u00e1v\u011b jsme tu byli sv\u011bdky mal\u00e9ho z\u00e1zraku, Pavel tady bude v dobr\u00fdch rukou,\u201c oponovala mu okam\u017eit\u011b Al\u017eb\u011bta.<\/p>\n<p>\u201eVa\u0161e pan\u00ed m\u00e1 pravdu, nemus\u00edte se ni\u010deho zbyte\u010dn\u011b ob\u00e1vat pane Hn\u00edzdile, u n\u00e1s bude o va\u0161eho syna Pavla dob\u0159e postar\u00e1no,\u201c p\u0159idala se na stranu Sylvie i Evel\u00edna.<\/p>\n<p>\u201eJeden dotek je\u0161t\u011b nic neznamen\u00e1.\u201c<\/p>\n<p>\u201eTo sice m\u00e1te pravdu, v\u00e1\u017een\u00fd, ov\u0161em kdy\u017e pak k n\u011bmu je\u0161t\u011b p\u0159ibudou dal\u0161\u00ed a dal\u0161\u00ed v po\u0159ad\u00ed, m\u016f\u017ee se onen z\u00e1zrak dostavit ji\u017e v pln\u00e9 v\u00fd\u0161i.\u201c<\/p>\n<p>To pr\u00e1v\u011b ve\u0161el Radovan. Z jeho \u00fast to rozhodn\u011b nevyzn\u011blo nijak lehkov\u00e1\u017en\u011b.<\/p>\n<p>\u201eA vy takov\u00e9ho \u010dlov\u011bka, co se kompletn\u011b vyl\u00e9\u010dil, snad zn\u00e1te?\u201c utrousil bez zav\u00e1h\u00e1n\u00ed jistou nar\u00e1\u017eku Karel.<\/p>\n<p>\u201eD\u00edv\u00e1te se p\u0159\u00edmo na n\u011bj,\u201c poznamenal Radovan p\u0159\u00edv\u011btiv\u011b. \u201eD\u00edky Sylvii a jej\u00edm spolupracovn\u00edk\u016fm se ji\u017e \u0159adu let t\u011b\u0161\u00edm dobr\u00e9mu zdrav\u00ed a dlouhov\u011bkosti a neb\u00fdt v\u010dasn\u00fdm z\u00e1sah\u016fm stran magie, ji\u017e by m\u011b dozajista postihla nejedna zdravotn\u00ed komplikace.\u201c<\/p>\n<p>\u201eTak to s\u00e1m sly\u0161\u00edte, pane Hn\u00edzdile, opravdu nen\u00ed d\u016fvod k \u017e\u00e1dn\u00fdm obav\u00e1m,\u201c vzala si slovo tentokr\u00e1te Anna.<\/p>\n<p>A Sylvie plynule nav\u00e1zala: \u201eJ\u00e1 moc dob\u0159e v\u00edm, v \u010dem tkv\u00ed va\u0161e nerozhodnost. Prost\u011b se nedok\u00e1\u017eete od sv\u00e9ho syna odlou\u010dit. Mohu v\u00e1s v\u0161ak ujistit, \u017ee tady se mu nic zl\u00e9ho nep\u0159ihod\u00ed. Pokud chcete, o v\u0161em se v klidu m\u016f\u017eete s va\u0161\u00ed \u017eenou pobavit venku na chodb\u011b.\u201c<\/p>\n<p>Karel s Al\u017eb\u011btou on\u00e9 nab\u00eddky obratem vyu\u017eili.<\/p>\n<p>\u201eA zase jsme tam, kde p\u0159edt\u00edm. Ty v\u00e1\u017en\u011b chce\u0161 sv\u011b\u0159it Pavla t\u011bmhle lidem Al\u017eb\u011bto?\u201c<\/p>\n<p>\u201eJsou pro n\u011bj jedinou mo\u017enou z\u00e1chranou, Karle, copak ti to nedoch\u00e1z\u00ed?\u201c<\/p>\n<p>\u201eZat\u00edm mi pouze do\u0161lo, \u017ee se na\u0161eho syna ujala podivn\u00e1 skupinka \u0161arlat\u00e1n\u016f.\u201c<\/p>\n<p>\u201eCopak jsi na\u0161eho Pavla nesly\u0161el? Promluvil, Karle, on promluvil.\u201c<\/p>\n<p>\u201eA to m\u011b m\u00e1 snad p\u0159esv\u011bd\u010dit?\u201c<\/p>\n<p>\u201eJ\u00e1 jim d\u016fv\u011b\u0159uji. Rozhodn\u011b si mysl\u00edm, \u017ee ud\u011blaj\u00ed pro na\u0161eho Pavla mnohem v\u00edc, ne\u017e ti v\u0161ichni dokto\u0159i, jim\u017e jsme ho sv\u011b\u0159ili do p\u00e9\u010de.\u201c<\/p>\n<p>\u201eA co na\u0161e pr\u00e1ce? Nem\u016f\u017eeme tady z\u016fstat.\u201c<\/p>\n<p>\u201eTo se n\u011bjak za\u0159\u00edd\u00ed. Vezmu si volno.\u201c<\/p>\n<p>\u201eDob\u0159e v\u00ed\u0161, \u017ee mi n\u011bco takov\u00e9ho \u0161\u00e9f nepovol\u00ed.\u201c<\/p>\n<p>\u201eAle mn\u011b ano. A u\u017e jsem se rozhodla.\u201c<\/p>\n<p>Al\u017eb\u011bta ji\u017e ne\u010dekala na to, jak se jej\u00ed mu\u017e zachov\u00e1 a z chodby vykro\u010dila nazp\u011bt do Sylviiny kancel\u00e1\u0159e. \u201eU\u017e jsme se s man\u017eelem poradili. S Pavlem tady z\u016fst\u00e1v\u00e1m j\u00e1.\u201c<\/p>\n<p>A pak n\u00e1hle&#8230;<\/p>\n<p>\u201eMa&#8230; maminko moje,\u201c ozval se s\u00e1m od sebe Pavel, jakmile svoji matku vid\u011bl vch\u00e1zet.<\/p>\n<p>\u201eAch Pavl\u00ed\u010dku, ty v\u00e1\u017en\u011b mluv\u00ed\u0161,\u201c pronesla t\u00e9m\u011b\u0159 op\u011bt v pla\u010dk\u00e1ch Al\u017eb\u011bta.<\/p>\n<p>\u201eP\u0159i pravideln\u00e9m posilov\u00e1n\u00ed by mohl b\u00fdt v\u00e1\u0161 syn zcela zdr\u00e1v,\u201c zast\u00e1vala n\u00e1zor Sylvie.<\/p>\n<p>\u201eJ\u00e1 v\u00e1m pln\u011b d\u016fv\u011b\u0159uji a proto sv\u011b\u0159uji sv\u00e9ho jedin\u00e9ho syna&#8230;.\u201c<\/p>\n<p>\u201eAl\u017eb\u011bto&#8230;\u201c<\/p>\n<p>\u201ePromi\u0148 Karle, ale j\u00e1 tu s Pavlem z\u016fst\u00e1v\u00e1m,\u201c byla sk\u00e1lopevn\u011b rozhodnuta Al\u017eb\u011bta.<\/p>\n<p>\u201eJe to tv\u00e9 posledn\u00ed slovo?\u201c<\/p>\n<p>\u201eAno, je.\u201c<\/p>\n<p>\u201eTak to abych snad \u0161el.\u201c<\/p>\n<p>\u201eNikdo v\u00e1s odtud rozhodn\u011b nevyh\u00e1n\u00ed, drah\u00fd p\u0159\u00edteli.\u201c To se po krat\u0161\u00ed odmlce o slovo p\u0159ihl\u00e1sil Radovan. \u201eM\u016f\u017eete z\u016fstat i vy, pokud chcete, \u017ee ano, Sylvie?\u201c<\/p>\n<p>\u201eJen\u017ee j\u00e1 nemohu.\u201c<\/p>\n<p>\u201ePokud je tomu tak, dovolte mi, abych v\u00e1s vyprovodil,\u201c nab\u00eddl se Radovan.<\/p>\n<p>Karel, jakmile se za n\u00edm a za Radovanem zav\u0159ely dve\u0159e kancel\u00e1\u0159e a oni stanuli na chodb\u011b, se dal do pl\u00e1\u010de. \u201eJ\u00e1 nechci vypadat jako ten nejv\u011bt\u0161\u00ed hajzl na sv\u011bt\u011b, tak\u00e9 si d\u011bl\u00e1m o na\u0161eho Pavla starosti,\u201c b\u011bdoval.<\/p>\n<p>\u201eJ\u00e1 v\u00e1m to p\u0159ece v\u011b\u0159\u00edm, drah\u00fd p\u0159\u00edteli, a rozhodn\u011b si nemysl\u00edm, \u017ee jste v j\u00e1dru \u0161patn\u00fd \u010dlov\u011bk,\u201c konej\u0161il ho Radovan.<\/p>\n<p>\u201eTakhle se to s na\u0161\u00edm synem vle\u010de u\u017e od jeho narozen\u00ed,\u201c zoufal si Karel. \u201eDokto\u0159i si s n\u00edm nev\u011bd\u00ed rady a jen si ho mezi sebou p\u0159ehazuj\u00ed jako hork\u00fd brambor. Podobn\u011b jako moje \u017eena i j\u00e1 si p\u0159eji, aby to utrpen\u00ed skon\u010dilo. U\u017e takhle nem\u016f\u017eu d\u00e1l. Ne, u\u017e to prost\u011b nejde.\u201c<br \/>\n\u201eZde u Winsternsk\u00e9ho rodu \u0159\u00e1du lebonsk\u00fdch lid\u00ed o va\u0161eho Pavla bude dob\u0159e postar\u00e1no, v\u011b\u0159te mi, v\u00edm, co \u0159\u00edk\u00e1m,\u201c sna\u017eil se Karla obm\u011bk\u010dit Radovan. \u201eToto v\u00e1m mnoh\u00e9 objasn\u00ed.\u201c A p\u0159edal mu jist\u00fd prospekt.<\/p>\n<p>Karel si ot\u0159el uslzen\u00e9 o\u010di a nejist\u011b si ho od Radovana p\u0159evzal. A zase m\u011bl p\u0159i pro\u010d\u00edt\u00e1n\u00ed dan\u00fdch l\u00e9\u010debn\u00fdch praktik jist\u00e9 pot\u00ed\u017ee se s nimi ztoto\u017enit. To, co se tu pr\u00e1v\u011b dozv\u00eddal, mu p\u0159i\u0161lo a\u017e p\u0159\u00edli\u0161 nere\u00e1ln\u00e9 na to, aby to mohla b\u00fdti pravda. \u201eA takov\u00fdm blud\u016fm jsem sv\u011b\u0159il sv\u00e9ho jedin\u00e9ho syna.\u201c<\/p>\n<p>V p\u0159\u00ed\u0161t\u00edch okam\u017eic\u00edch m\u011bl Karel tendenci znovu vpadnout do Sylviiny kancel\u00e1\u0159e a sv\u00e9ho syna Pavla si z n\u00ed odv\u00e9st.<\/p>\n<p>\u201eNen\u00ed rozumn\u00e9 m\u011bnit sv\u00e1 p\u016fvodn\u00ed rozhodnut\u00ed, v\u00e1\u017een\u00fd,\u201c poda\u0159ilo se Radovanovi Karla nakonec \u00fasp\u011b\u0161n\u011b odradit od jeho z\u00e1m\u011bru.<\/p>\n<p>\u201eJak Pavlovi ten v\u00e1\u0161 mochnick\u00fd \u0158\u00e1d pom\u016f\u017ee? T\u00edm \u017ee na n\u011bm bude praktikovat pochybova\u010dnou alternativn\u00ed medic\u00ednu?\u201c<\/p>\n<p>Radovan od po\u010d\u00e1tku spr\u00e1vn\u011b vytu\u0161il, \u017ee s Karlem za\u017eije nelehk\u00e9 chv\u00edle a rozhodn\u011b se s n\u00edm necht\u011bl d\u00e1le p\u0159\u00edsti. Bylo zapot\u0159eb\u00ed si n\u011bjak z\u00edskat jeho d\u016fv\u011bru, aby p\u0159estal d\u011blat sc\u00e9ny. A Radovan mo\u017en\u00e1 v\u011bd\u011bl, jak toho doc\u00edlit.<\/p>\n<p>\u201eP\u0159eci jen v\u00e1m je\u0161t\u011b n\u011bco uk\u00e1\u017ei. Snad v\u00e1s to kone\u010dn\u011b utvrd\u00ed v tom, \u017ee Winsternsk\u00e9mu rodu \u0159\u00e1du lebonsk\u00fdch lid\u00ed lze pln\u011b d\u016fv\u011b\u0159ovati. Poj\u010fme ale sem do p\u0159\u00edtm\u00ed.\u201c<\/p>\n<p>Radovan vyndal krychli\u010dku, j\u00ed\u017e chyb\u011bla horn\u00ed st\u011bna. \u201ePros\u00edm, mal\u00fd moment vy\u010dkejte, onen z\u00e1zrak se hnedle dostav\u00ed,\u201c ubezpe\u010doval Karla, kdy\u017e ten mu vy\u0161el vst\u0159\u00edc a zanechal zbyte\u010dn\u00e9ho rozruchu.<\/p>\n<p>Netrvalo to dlouho a <i>svjestusjenky<\/i>, oni zlatav\u00ed mot\u00fdlci, krychli\u010dku po cel\u00e9 jej\u00ed plo\u0161e d\u016fkladn\u011b oz\u00e1\u0159ily.<\/p>\n<p>\u201eTak co tomu \u0159\u00edk\u00e1te, mlad\u00fd mu\u017ei, \u00fachvatn\u00fd z\u00e1\u017eitek, nen\u00ed-li\u017e pravdou?\u201c m\u00ednil Radovan a obda\u0159il Karla z\u00e1\u0159iv\u00fdm \u00fasm\u011bvem. \u201eVelice u\u017eite\u010dn\u00fd z\u00e1zrak v podob\u011b sv\u011btla, kdy\u017e t\u00e1pete v temnot\u011b.\u201c<\/p>\n<p>\u201eJak jste toho doc\u00edlil?\u201c neskr\u00fdval Karel jist\u00fd z\u00e1jem a tak mu Radovan v\u0161e ochotn\u011b objasnil.<\/p>\n<p>\u201eA stejn\u011b tak se to m\u00e1 se zdej\u0161\u00ed skupinkou lidi\u010dek okolo Sylvinky, i oni se budou maxim\u00e1ln\u011b sna\u017eit va\u0161emu synovi pomoci, jak jen to bude v jejich sil\u00e1ch. Chce to v\u0161ak \u010das, podobn\u011b jako tomu je u vyvol\u00e1v\u00e1n\u00ed t\u011bchto mot\u00fdlk\u016f. Nu pros\u00edm, s\u00e1m se o tom p\u0159esv\u011bd\u010dte na vlastn\u00ed o\u010di.\u201c Na\u010de\u017e Karlovi onu krychli\u010dku p\u0159edal. Tomu se <i>svjestusjenky<\/i> poda\u0159ilo vyvolat a\u017e na jeden\u00e1ct\u00fd pokus, i tak si ale od Radovana vyslou\u017eil n\u00e1le\u017eitou pochvalu. \u201e\u010clov\u011bk nem\u016f\u017ee v\u0161eho doc\u00edlit ihned, k dan\u00e9mu z\u00e1zraku v jeho \u017eivot\u011b mnohdy vede nelehk\u00e1 cesta a tu nyn\u00ed mus\u00ed podstoupit i v\u00e1\u0161 syn Pavel, pokud se m\u00e1 kompletn\u011b uzdravit.\u201c<\/p>\n<p>Oba vy\u0161li na venkovn\u00ed prostranstv\u00ed, kde Karlovi do o\u010d\u00ed padly ony l\u00e9\u010debn\u00e9 pyramidy, jich\u017e si je\u0161t\u011b nesta\u010dil pln\u011b pov\u0161imnout. P\u0159ed jednou z nich osamocen\u011b post\u00e1vala pohledn\u00e1 plavovl\u00e1ska.<\/p>\n<p>\u201eNu\u017ee, dovolte mi, abych se s v\u00e1mi i j\u00e1 rozlou\u010dil a pop\u0159\u00e1l v\u00e1m do \u017eivota jen v\u0161e p\u011bkn\u00e9 stejn\u011b jako va\u0161\u00ed \u017een\u011b a synovi.\u201c<\/p>\n<p>Karel ihned pot\u00e9, co se s Radovanem roze\u0161el, hodlal zam\u00ed\u0159it ke sv\u00e9mu autu a odjet do rodn\u00e9 Prahy, nicm\u00e9n\u011b pohledem znovu spo\u010dinul na plavovl\u00e1sce. Ta se pozvolna vydala jeho sm\u011brem.<\/p>\n<p>\u201eTak\u00e9 jdete za Sylvi\u00ed?\u201c osm\u011blil se oslovit plavovl\u00e1sku jako prvn\u00ed Karel.<\/p>\n<p>\u201eNikoliv, za svou sestrou Annou,\u201c op\u00e1\u010dila Andrea.<\/p>\n<p>\u201eAch tak,\u201c povzdechl si Karel.<\/p>\n<p>\u201eCopak v\u00e1s tr\u00e1p\u00ed?\u201c neu\u0161lo pozorn\u00e9 Andree.<\/p>\n<p>\u201eN\u00e1\u0161 syn Pavel,\u201c sv\u011b\u0159il se j\u00ed Karel a n\u00e1sledn\u011b vypov\u011bd\u011bl, jak se to s n\u00edm m\u00e1.<\/p>\n<p>\u201eTak to je mi v\u00e1s a va\u0161\u00ed pan\u00ed up\u0159\u00edmn\u011b l\u00edto,\u201c doznala se bez p\u0159etv\u00e1\u0159ky Andrea.<\/p>\n<p>Pot\u00e9 na moment zavl\u00e1dlo ticho.<\/p>\n<p>\u201eVy jste tak\u00e9 \u010dlenkou onoho Winsternsk\u00e9ho \u0159\u00e1du?\u201c osm\u011blil se v konverzaci d\u00e1le pokra\u010dovat Karel.<\/p>\n<p>\u201eNikoliv,\u201c odpov\u00eddala Andrea. \u201eale m\u00e1 sestra ano.\u201c<\/p>\n<p>\u201eA jak spolu vych\u00e1z\u00edte? To mus\u00ed b\u00fdt n\u011bkdy i dosti slo\u017eit\u00e9, ne?\u201c<\/p>\n<p>\u201ePro\u010d mysl\u00edte?\u201c<\/p>\n<p>\u201eNo j\u00e1 jen, \u017ee&#8230; no prost\u011b jsem j\u00ed a ostatn\u00edm z \u0158\u00e1du pr\u00e1v\u011b do p\u00e9\u010de sv\u011b\u0159il sv\u00e9ho jedin\u00e9ho syna a m\u00e1m obavu, co mi s n\u00edm provedou,\u201c vyj\u00e1d\u0159il se v obav\u00e1ch Karel.<\/p>\n<p>Andrea pro n\u011bj m\u011bla na\u0161t\u011bst\u00ed pochopen\u00ed. \u201eTo dopadne ur\u010dit\u011b dob\u0159e,\u201c zast\u00e1vala n\u00e1zor.<\/p>\n<p>\u201ePro\u010d jste si t\u00edm tak jist\u00e1?\u201c<\/p>\n<p>\u201eNebo\u0165 m\u00e1 sestra Anna se dok\u00e1zala po t\u011b\u017ek\u00e9m \u00farazu \u00fasp\u011b\u0161n\u011b navr\u00e1tit do \u017eivota a to pr\u00e1v\u011b s pomoc\u00ed Winsternsk\u00e9ho rodu \u0159\u00e1du lebonsk\u00fdch lid\u00ed.\u201c<\/p>\n<p>\u201eCo se va\u0161\u00ed sest\u0159e vlastn\u011b p\u0159ihodilo?\u201c<\/p>\n<p>Andrea Karlovi ochotn\u011b vyl\u00ed\u010dila v\u0161e o tom, jak se Anna stala ob\u011bt\u00ed nezn\u00e1m\u00e9ho \u00fato\u010dn\u00edka a jako z\u00e1zrakem vyv\u00e1zla \u017eiva. Karla nejv\u00edce zaujala n\u00e1sledn\u00e1 pas\u00e1\u017e o Annin\u011b rehabilitaci a to, jak ji v tom pomohli pr\u00e1v\u011b ti, v\u016f\u010di nim\u017e st\u00e1le poci\u0165oval jistou ned\u016fv\u011bru.<\/p>\n<p>\u201eI mn\u011b p\u0159i\u0161lo Annino po\u010d\u00edn\u00e1n\u00ed zpo\u010d\u00e1tku zar\u00e1\u017eej\u00edc\u00ed, nicm\u00e9n\u011b po n\u011bkolika m\u011bs\u00edc\u00edch se vyl\u00e9\u010dila \u00fapln\u011b a nyn\u00ed ji\u017e zase norm\u00e1ln\u011b naplno pracuje.\u201c<\/p>\n<p>\u201eA vy&#8230;. jak\u00fd zast\u00e1v\u00e1te postoj v\u016f\u010di spolku, jeho\u017e je va\u0161e sestra Anna \u010dlenkou?\u201c zaj\u00edmalo Karla.<\/p>\n<p>\u201eAbych pravdu \u0159ekla, zpo\u010d\u00e1tku jsem v\u016f\u010di Winsternsk\u00e9mu rodu \u0159\u00e1du lebonsk\u00fdch lid\u00ed poci\u0165ovala jistou skepsi, pot\u00e9 co se m\u00e1 sestra jako z\u00e1zrakem ze sv\u00fdch zran\u011bn\u00ed dostala, jsem v\u0161ak musela uznat, \u017ee na t\u011bch l\u00e9\u010debn\u00fdch metod\u00e1ch n\u011bco je.\u201c<\/p>\n<p>\u201eTak\u017ee m\u00e1m doufat v to, \u017ee m\u00e9mu synovi onen \u0158\u00e1d nic zl\u00e9ho neprovede?\u201c byl st\u00e1le na pochyb\u00e1ch Karel.<\/p>\n<p>\u201eNemysl\u00edm si.\u201c<\/p>\n<p>\u201eV\u00edte, pt\u00e1m se&#8230; no jak bych to jen&#8230;\u201c<\/p>\n<p>\u201eP\u0159irozen\u011b si d\u011bl\u00e1te o sv\u00e9ho syna starosti,\u201c vytu\u0161ila Andrea, co cht\u011bl Karel nejsp\u00ed\u0161e \u0159\u00edci. \u201ePromi\u0148te, ale u\u017e budu muset j\u00edt, Anna na m\u011b \u010dek\u00e1.\u201c<\/p>\n<p>\u201eJak dlouho se tam zdr\u017e\u00edte?\u201c<\/p>\n<p>\u201eZhruba tak \u010dtvrt hodinky. Pro\u010d se pt\u00e1te?\u201c<\/p>\n<p>\u201eJ\u00e1 jen&#8230; no v\u00edte&#8230; pot\u0159eboval bych si s n\u011bk\u00fdm popov\u00eddat. No zkr\u00e1tka a dob\u0159e&#8230;\u201c<\/p>\n<p>\u201eNechcete b\u00fdt prost\u011b v t\u011bchto t\u011b\u017ek\u00fdch chv\u00edl\u00edch s\u00e1m,\u201c odtu\u0161ila Andrea.<\/p>\n<p>\u201eAno,\u201c p\u0159itakal souhlasn\u011b Karel. \u201eNebudete potom cht\u00edt n\u011bkam zav\u00e9zt?\u201c<\/p>\n<p>\u201eCht\u011bla jsem j\u00edt p\u011b\u0161ky do Pod\u011bbrad, kdy\u017e je tak kr\u00e1sn\u011b.\u201c<\/p>\n<p>\u201eTam bydl\u00edte?\u201c<\/p>\n<p>Andrea p\u0159ik\u00fdvla.<\/p>\n<p>\u201eKlidn\u011b v\u00e1s tam hod\u00edm,\u201c nab\u00edzel se ochotn\u011b Karel.<\/p>\n<p>Andrea p\u016fvodn\u011b hodlala odm\u00edtnout, nebo\u0165 se v\u00e1\u017en\u011b cht\u011bla proj\u00edt, sv\u016fj postoj v\u0161ak z\u00e1sadn\u011b zm\u011bnila v okam\u017eiku, co si pov\u0161imla jedn\u00e9 dob\u0159e zn\u00e1m\u00e9 tv\u00e1\u0159e, s n\u00ed\u017e ji\u017e necht\u011bla m\u00edt nic spole\u010dn\u00e9ho.<\/p>\n<p>\u201eTak dobr\u00e1, zajdu na chv\u00edli za sestrou a pak se sem za v\u00e1mi vr\u00e1t\u00edm, tak vy\u010dkejte.\u201c A Andrea se rychle vzd\u00e1lila, aby s pr\u00e1v\u011b p\u0159\u00edchoz\u00edm nep\u0159i\u0161la do p\u0159\u00edm\u00e9ho kontaktu.<\/p>\n<p>Karla nakonec pot\u011b\u0161ilo, \u017ee mu v jeho p\u0159\u00e1n\u00ed Andrea vy\u0161la ochotn\u011b vst\u0159\u00edc. Ani on rozhodn\u011b nem\u011bl do jej\u00edho zp\u011btn\u00e9ho p\u0159\u00edchodu dlouhou chv\u00edli, konverzaci s n\u00edm toti\u017e nav\u00e1zal jist\u00fd mu\u017e.<\/p>\n<p>\u201eZaj\u00edmav\u00e9 d\u011bv\u010de, co \u0159\u00edk\u00e1te?\u201c<\/p>\n<p>\u201eCo pros\u00edm?\u201c<\/p>\n<p>\u201e\u0158\u00edk\u00e1m, \u017ee ta sle\u010dna, co s v\u00e1mi te\u010f hovo\u0159ila, je v jist\u00e9m ohledu zaj\u00edmavou personou. A co teprve jej\u00ed na oko podobn\u00e1 sestra,\u201c pravil mu\u017e. \u201eDaniel \u010cern\u00fd,\u201c p\u0159edstavil se.<\/p>\n<p>Karel&#8230;. Karel Hn\u00edzdil.\u201c<\/p>\n<p>\u201eT\u011b\u0161\u00ed m\u011b.\u201c<\/p>\n<p>\u201eVy jste tedy od policie?\u201c zbyst\u0159il Karel, kdy\u017e mu Daniel uk\u00e1zal sv\u016fj odznak.<\/p>\n<p>\u201eAno. A zaj\u00edmalo by m\u011b, jestli v\u00e1m ta d\u00edvka, co jste s n\u00ed pr\u00e1v\u011b hovo\u0159il, \u0159ekla n\u011bco podstatn\u00e9ho.\u201c<\/p>\n<p>\u201eAndrea m\u011b poinformovala jen o tom, \u017ee jej\u00ed sestra prod\u011blala t\u011b\u017ek\u00fd \u00faraz a \u017ee se \u00fasp\u011b\u0161n\u011b vyl\u00e9\u010dila,\u201c sd\u011blil Karel Danielovi popravd\u011b, co se od n\u00ed dozv\u011bd\u011bl.<\/p>\n<p>\u201eAno, p\u0159esn\u011b to sam\u00e9 \u0159ekla i mn\u011b,\u201c stvrdil souhlasn\u011b Daniel. \u201eJe\u0161t\u011b bych r\u00e1d v\u011bd\u011bl, co na toto m\u00edsto zavedlo v\u00e1s,\u201c vyzv\u00eddal opatrn\u011b d\u00e1l.<\/p>\n<p>\u201eJsem snad mezi podez\u0159el\u00fdmi? V\u017edy\u0165 tu Annu v\u016fbec nezn\u00e1m&#8230;\u201c<\/p>\n<p>\u201e\u00c1 pan \u010cern\u00fd, to je mi ale mil\u00e1 n\u00e1v\u0161t\u011bva, zrovinka v\u00e1s sh\u00e1n\u00edm!\u201c zvolal takto bez v\u00e1h\u00e1n\u00ed na policistu Radovan, kter\u00fd p\u0159edt\u00edm pozorn\u011b naslouchal spole\u010dn\u00e9mu rozhovoru mezi Karlem a Andreou.<\/p>\n<p>\u201eOpravdu. A pro\u010dpak?\u201c zarazilo to pon\u011bkud Daniela.<\/p>\n<p>\u201eTak\u00e9 j\u00e1 bych v\u00e1s r\u00e1d poinformoval a to o jist\u00e9m mu\u017ei, jeho\u017e jm\u00e9no zn\u00ed Jaroslav Nedomansk\u00fd,\u201c pravil d\u00e1le Radovan, kdy\u017e k policistovi dosp\u011bl. \u201eJedn\u00e1 se o s\u0148atkov\u00e9ho podvodn\u00edka a naposledy byl spat\u0159en dnes u pan\u00ed hrab\u011bnky Vladany Vladsk\u00e9.\u201c<\/p>\n<p>\u201eAch tak a po mn\u011b \u017e\u00e1d\u00e1te, abych ho snad zatkl?\u201c<\/p>\n<p>\u201eP\u0159esn\u011b tak.\u201c<\/p>\n<p>\u201eM\u00e1 sestra se omlouv\u00e1, ale u\u017e se nechce zab\u00fdvat minulost\u00ed. To, co uznala za vhodn\u00e9, v\u00e1m ji\u017e sd\u011blila a tak to pr\u00fd m\u00e1 z\u016fstat,\u201c oslovila takto Daniela z\u00e1hy Andrea, kdy\u017e ze s\u00eddla mochnick\u00e9ho \u0158\u00e1du dosp\u011bla k n\u011bmu, Karlovi a Radovanovi.<\/p>\n<p>\u201eI p\u0159esto bych Annu alespo\u0148 minim\u00e1ln\u011b je\u0161t\u011b jednou cht\u011bl vid\u011bt,\u201c pokusil se smlouvat Daniel. \u201ePoda\u0159ilo se n\u00e1m p\u0159edvolat n\u011bkolik podez\u0159el\u00fdch ohledn\u011b onoho nemil\u00e9ho \u00fatoku a byli bychom r\u00e1di, kdyby n\u00e1m pomohla s p\u0159\u00edpadnou identifikac\u00ed.\u201c<\/p>\n<p>\u201eDobr\u00e1, j\u00e1 to Ann\u011b ka\u017edop\u00e1dn\u011b vy\u0159\u00edd\u00edm, prozat\u00edm se v\u0161ak na n\u011bjak\u00e9 dal\u0161\u00ed vysl\u00fdch\u00e1n\u00ed nec\u00edt\u00ed,\u201c upozor\u0148ovala Andrea Daniela.<\/p>\n<p>\u201eNu\u017ee, co se d\u00e1 d\u011blat, op\u011bt nem\u00e1m \u0161t\u011bst\u00ed,\u201c post\u011b\u017eoval si.<\/p>\n<p>\u201eAle m\u00e1te,\u201c ubezpe\u010doval ho horliv\u011b Radovan. \u201eKlidn\u011b posta\u010d\u00ed, kdy\u017e se se mnou nyn\u00ed vyprav\u00edte do m\u00edstn\u00edho mochnick\u00e9ho hotelu HOTELIERA a odvedete si odtamtud v poutech onoho Jaroslava. A pokud k onomu zat\u010den\u00ed n\u00e1hodou postr\u00e1d\u00e1te dostate\u010dn\u011b p\u00e1dn\u00e9 d\u016fkazy, r\u00e1d v\u00e1m je poskytnu.\u201c<\/p>\n<p>Daniel nezast\u00edral jist\u00e9 p\u0159ekvapen\u00ed. Rozhodn\u011b si nep\u0159ipou\u0161t\u011bl, \u017ee op\u011btovn\u011b nepochod\u00ed a z\u00e1rove\u0148 \u017ee se mu dostane pocty v \u00fapln\u011b jin\u00e9 kauze, kdy by mohl zadr\u017eet \u00fadajn\u00e9ho pachatele.<\/p>\n<p>\u201eTak jak se rozhodnete, v\u00e1\u017een\u00fd? Mysl\u00edm \u017ee jako satisfakce by v\u00e1s to mohlo uspokojit,\u201c st\u00e1l si za sv\u00fdm Radovan. \u201eTak vyraz\u00edme?\u201c<\/p>\n<p>\u201eKam?\u201c<\/p>\n<p>\u201eNejd\u0159\u00edve ke mn\u011b pro pot\u0159ebn\u00e9 materi\u00e1ly a pak do onoho hotelu. Snad tam je\u0161t\u011b toho Jaroslava zastihneme.\u201c<\/p>\n<p>\u201eNo a my se zase vyd\u00e1me do Pod\u011bbrad. M\u00e1me nejvy\u0161\u0161\u00ed \u010das,\u201c ozvala se sama od sebe Andrea.<\/p>\n<p>Mezi n\u00ed a Karlem zakr\u00e1tko zapo\u010dal nov\u00fd hovor, kdy\u017e ji\u017e sed\u011bli v aut\u011b a Daniela \u010cern\u00e9ho m\u011bli bezpe\u010dn\u011b z dohledu.<\/p>\n<p>\u201eVy se sestrou toho policistu nejsp\u00ed\u0161e nem\u00e1te p\u0159\u00edli\u0161 v l\u00e1sce, \u017ee je to tak?\u201c<\/p>\n<p>\u201eNe, st\u00e1le se sna\u017e\u00ed Annu vysl\u00fdchat a vnucuje se j\u00ed do p\u0159\u00edzn\u011b&#8230; Je v\u00e1m dob\u0159e pane Hn\u00edzdile? Nebylo by lep\u0161\u00ed, kdybychom po cest\u011b n\u011bkde zastavili?\u201c d\u011blala si o n\u011bj nemal\u00e9 starosti Andrea, kdy\u017e ten na sob\u011b op\u011btovn\u011b d\u00e1val zn\u00e1t jist\u00e9 rozpaky.<\/p>\n<p>\u201eTo nic, jsem v po\u0159\u00e1dku,\u201c h\u00e1jil se Karel.<\/p>\n<p>\u201eV\u00e1\u0161 syn bude jist\u011b brzy v po\u0159\u00e1dku, lid\u00e9 kolem m\u00e9 sestry ho nenechaj\u00ed na holi\u010dk\u00e1ch.\u201c<\/p>\n<p>\u201eK\u00e9\u017e by tomu tak bylo,\u201c vyslovil dan\u00e9 p\u0159\u00e1n\u00ed Karel. A zakr\u00e1tko mu na mysli vyvstalo ono posv\u00e1tn\u00e9 m\u00edsto, na n\u011bm\u017e se poh\u00e1dal se svou \u017eenou a hloub\u011bji za\u010dal p\u0159em\u00edtat o legend\u011b, je\u017e se s n\u00edm poj\u00ed. A to pot\u00e9, co se k n\u011bmu s Andreou pozvolna bl\u00ed\u017eili. Karel si moc dob\u0159e vybavoval, jak\u00fd negativn\u00ed postoj v\u016f\u010di dan\u00e9 legend\u011b p\u0159ed Al\u017eb\u011btou zaujal, te\u010f v\u0161ak jako by v\u0161e nanovo p\u0159ehodnotil. \u201eZn\u00e1te m\u00fdtinu Svat\u00e9ho Andreje?\u201c zeptal se Andrey. Na ten n\u00e1pad polo\u017eit j\u00ed danou ot\u00e1zku p\u0159i\u0161el v okam\u017eiku, co mu do\u0161la ta n\u00e1padn\u00e1 podobnost jmen.<\/p>\n<p>\u201eAno, Anna mi o n\u00ed kdysi vypr\u00e1v\u011bla. \u00dadajn\u011b se na n\u00ed nach\u00e1z\u00ed so\u0161ka, co lidem pln\u00ed jejich p\u0159\u00e1n\u00ed,\u201c odv\u011btila Andrea Karlovi a tak ho utvrdila v tom, \u017ee jeho nyn\u011bj\u0161\u00ed z\u00e1m\u011br je zcela opr\u00e1vn\u011bn\u00fd. Pravda, p\u0159edt\u00edm se n\u011b\u010demu takov\u00e9mu zuby nehty br\u00e1nil, nyn\u00ed v\u0161ak m\u011bl za to, \u017ee by nebylo na \u0161kodu odzkou\u0161et, zda-li na on\u00e9 legend\u011b nen\u00ed \u017edibe\u010dek pravdy. A to pot\u00e9, co mu zavolala jeho \u017eena a sd\u011blila, jak\u00e9 pokroky za pomoci Winsternsk\u00e9ho rodu \u0159\u00e1du lebonsk\u00fdch lid\u00ed jejich syn Pavel d\u011bl\u00e1.<\/p>\n<p>\u201eNebude v\u00e1m douf\u00e1m vadit, kdy\u017e tady na moment zastav\u00edm?\u201c<\/p>\n<p>\u201eNe,\u201c nenam\u00edtala nic proti tomu Andrea.<\/p>\n<p>\u201eA mohl bych v\u00e1s je\u0161t\u011b o n\u011bco po\u017e\u00e1dat? \u0160la byste tam pros\u00edm se mnou?\u201c<\/p>\n<p>\u201eAle zajist\u00e9.\u201c<\/p>\n<p>Karel zaparkoval sv\u016fj v\u016fz na tom sam\u00e9m m\u00edst\u011b, co p\u0159edt\u00edm, a spole\u010dn\u011b s Andreou se tedy vydali na m\u00fdtinu Svat\u00e9ho Andreje. I nyn\u00ed na n\u00ed bylo \u017eivo. Jak Andrea a Karel zaregistrovali, tak se na n\u00ed moment\u00e1ln\u011b nach\u00e1zel man\u017eelsk\u00fd p\u00e1r p\u0159ekypuj\u00edc\u00ed \u0161t\u011bst\u00edm. Mu\u017ei i \u017een\u011b mohlo b\u00fdti takov\u00fdch pades\u00e1t let. Na sob\u011b m\u011bli oble\u010den\u00ed, je\u017e zdobily mandaly.<\/p>\n<p>\u201ePromi\u0148te, neradi ru\u0161\u00edme&#8230;\u201c<\/p>\n<p>\u201eAle jen p\u0159istupte, n\u00e1s rozhodn\u011b&#8230;\u201c Mu\u017e se zarazil uprost\u0159ed v\u011bty a zvolal: \u201eJ\u00e9, Ani\u010dko, to je ale mil\u00e9 p\u0159ekvapen\u00ed!\u201c<\/p>\n<p>\u201ePromi\u0148te, ale j\u00e1 se jmenuji Andrea. M\u00e1 sestra je Anna.\u201c<\/p>\n<p>\u201eAch tak. Ale nesete ob\u011b douf\u00e1m stejn\u00e1 p\u0159\u00edjmen\u00ed, tedy P\u00e1lavsk\u00e1? Nem\u00fdl\u00edm se snad?\u201c<\/p>\n<p>\u201eNe, nem\u00fdl\u00edte,\u201c p\u0159itakala souhlasn\u011b Andrea.<\/p>\n<p>\u201eTak to jsem r\u00e1d, \u017ee v\u00e1s kone\u010dn\u011b osobn\u011b pozn\u00e1v\u00e1m, Karel Kouteck\u00fd, jm\u00e9no m\u00e9,\u201c p\u0159edstavil se j\u00ed mu\u017e.<\/p>\n<p>\u201eKarel?\u201c<\/p>\n<p>\u201eAno, mlad\u00fd mu\u017ei. Copak, v\u00e1m se snad m\u00e9 jm\u00e9no nezamlouv\u00e1?\u201c<\/p>\n<p>\u201eNe, to ne, j\u00e1 jen&#8230; \u017ee se takt\u00e9\u017e jmenuji Karel. Cel\u00fdm rodn\u00fdm jm\u00e9nem Karel Hn\u00edzdil,\u201c vysv\u011btloval.<\/p>\n<p>\u201eTak to mne t\u011b\u0161\u00ed dvojn\u00e1sob.\u201c<\/p>\n<p>Oba dva si podali ruce.<\/p>\n<p>\u201eA toto je Karol\u00edna,\u201c p\u0159edstavil pan Kouteck\u00fd Andree a Karlovi svoji \u017eenu. I ta si ochotn\u011b s nimi pot\u0159\u00e1sla rukou.<\/p>\n<p>\u201eA co v\u00e1s tedy p\u0159iv\u00e1d\u00ed na toto posv\u00e1tn\u00e9 m\u00edste\u010dko?\u201c osm\u011blil se posl\u00e9ze zeptat pan Kouteck\u00fd.<\/p>\n<p>Karel jemu i jeho \u017een\u011b obdobn\u011b za\u010dal l\u00ed\u010dit, jak\u00e9 tr\u00e1pen\u00ed on a jeho \u017eena za\u017e\u00edvaj\u00ed se sv\u00fdm jedin\u00fdm synem ji\u017e od jeho narozen\u00ed. M\u00edsty musel hovor p\u0159eru\u0161it, to jak n\u011bkter\u00e9 pas\u00e1\u017ee pro n\u011bj byly obt\u00ed\u017en\u00e9 na vysloven\u00ed. I tak Karlovi man\u017eel\u00e9 Koute\u010dt\u00ed pozorn\u011b naslouchali.<\/p>\n<p>\u201e&#8230;a tak jsem nyn\u00ed op\u011bt zde, kde jsme se kv\u016fli na\u0161emu Pavlovi p\u0159edt\u00edm se \u017eenou poh\u00e1dali. Ona s n\u00edm u onoho mochnick\u00e9ho \u0158\u00e1du z\u016fstala, zat\u00edmco j\u00e1 je opustil,\u201c zakon\u010dil op\u011bt t\u00e9m\u011b\u0159 v pla\u010dk\u00e1ch sv\u00e9 vypr\u00e1v\u011bn\u00ed o nelehk\u00e9 \u017eivotn\u00ed situaci Karel.<\/p>\n<p>\u201eJ\u00e1 s v\u00e1mi pln\u011b souc\u00edt\u00edm, drah\u00fd jmenov\u010de,\u201c m\u011bl pro n\u011bj pan Kouteck\u00fd na\u0161t\u011bst\u00ed pochopen\u00ed. \u201eNemyslete si, j\u00e1 si se svoj\u00ed nemocnou \u0161t\u00edtnou \u017el\u00e1zou a \u010detn\u00fdmi zran\u011bn\u00edmi po p\u00e1du ze st\u0159echy rovn\u011b\u017e pro\u017eil sv\u00e9, d\u00edky Ann\u011b a cel\u00e9mu Winsternsk\u00e9mu rodu \u0159\u00e1du lebonsk\u00fdch lid\u00ed jsem se ale nakonec pln\u011b uzdravil.\u201c Na\u010de\u017e ho op\u011btovn\u011b uhranula ona podoba obou sester P\u00e1lavsk\u00fdch.<\/p>\n<p>\u201eA sem ke Svat\u00e9mu Andrejovi,\u201c vzala si slovo i pan\u00ed Kouteck\u00e1, \u201ejsme s mu\u017eem zav\u00edtali, abychom spole\u010dn\u011b dan\u00e9 so\u0161ce pod\u011bkovali za v\u0161echny pocty, jich\u017e se n\u00e1m od n\u00ed dostalo.\u201c<\/p>\n<p>\u201eAni nev\u00edte, jak v\u00e1m ono \u0161t\u011bst\u00ed z cel\u00e9ho srdce z\u00e1vid\u00edm.\u201c<\/p>\n<p>\u201eAle no tak, drah\u00fd jmenov\u010de, v\u017edy\u0165 i v\u00e1s Svat\u00fd Andrej pr\u00e1v\u011b obda\u0159il svoj\u00ed magickou p\u0159\u00edzn\u00ed.\u201c<\/p>\n<p>\u201eCo v\u00e1s k onomu z\u00e1v\u011bru vede?\u201c nech\u00e1pal Karel, kam t\u00edm pan Kouteck\u00fd m\u00ed\u0159\u00ed.<\/p>\n<p>\u201eCo\u017epak v\u00e1m ta magick\u00e1 shoda nen\u00ed n\u00e1padn\u00e1?\u201c<\/p>\n<p>\u201eShoda?\u201c<\/p>\n<p>\u201eAno, ona vz\u00e1cn\u00e1 shoda jmen: my dva jako Karlov\u00e9 a n\u00e1padit\u00e1 podobnost Svat\u00e9ho Andreje tady s Andrejkou po slovn\u00ed str\u00e1nce,\u201c uvedl s nesm\u00edrn\u00fdm nad\u0161en\u00edm pan Kouteck\u00fd.<\/p>\n<p>\u201eAch tak,\u201c do\u0161lo v\u0161e kone\u010dn\u011b Karlovi.<\/p>\n<p>Netrvalo to dlouho a m\u00fdtinou se po\u010dala linout p\u0159\u00edjemn\u00e1 relaxa\u010dn\u00ed hudba. Karel Hn\u00edzdil ihned zpozorn\u011bl, ona nahr\u00e1vka mu toti\u017e p\u0159i\u0161la velice pov\u011bdom\u00e1. \u201eTo je p\u0159ece Enya a jej\u00ed Caribbean Blue, nejobl\u00edben\u011bj\u0161\u00ed skladba na\u0161eho Pavla.\u201c<\/p>\n<p>A ihned nato Karlovi Hn\u00edzdilovi znovu zazvonil mobil a jeho \u017eena Al\u017eb\u011bta ho poinformovala, jak se jejich syn pr\u00e1v\u011b poprv\u00e9 bez pot\u00ed\u017e\u00ed najedl a dan\u00fd obsah nevyzvr\u00e1til.<\/p>\n<p>\u201eTak to s\u00e1m sly\u0161\u00edte, drah\u00fd jmenov\u010de,\u201c vzal si s dovolen\u00edm slovo zase pan Kouteck\u00fd, \u201eono v\u00e1mi zm\u00edn\u011bn\u00e9 \u0161t\u011bst\u00ed se postupn\u011b p\u0159ikl\u00e1n\u00ed i na va\u0161\u00ed stranu.\u201c<\/p>\n<p>\u201eAle co ta hudba? Jak je mo\u017en\u00e9, \u017ee tu sama od sebe jen tak hraje? A nav\u00edc \u017ee se jedn\u00e1 o nitern\u00ed z\u00e1le\u017eitost na\u0161eho syna?\u201c ned\u00e1valo to Karlovi jaksi smysl.<\/p>\n<p>\u201eNu pravd\u011bpodobn\u011b se jedn\u00e1 o dal\u0161\u00ed pozitivn\u00ed znamen\u00ed,\u201c byla p\u0159esv\u011bd\u010den\u00e1 pan\u00ed Kouteck\u00e1. \u201eKdy\u017e jsme se tu s man\u017eelem stavovali naposledy, rozezn\u011bly se tu l\u00edbezn\u00e9 t\u00f3ny od skupiny Adiemus, kterou oba dva tak nesm\u00edrn\u011b zbo\u017e\u0148ujeme.\u201c<\/p>\n<p>\u201eJin\u00fdmi slovy \u0159e\u010deno,\u201c nav\u00e1zal pan Kouteck\u00fd, \u201etyto n\u00e1sledn\u00e9 chv\u00edle zde na m\u00fdtin\u011b Svat\u00e9ho Andreje by m\u011bly n\u00e1le\u017eet pouze v\u00e1m a my bychom se m\u011bli vzd\u00e1lit.\u201c Na\u010de\u017e svoji \u017eenu skute\u010dn\u011b za\u010dal vyb\u00edzet k odchodu. \u201eNu\u017ee, t\u011b\u0161ilo n\u00e1s. P\u0159eji v\u00e1m, drah\u00fd jmenov\u010de, a\u0165 se v\u00e1\u0161 syn pln\u011b uzdrav\u00ed, a vy, Andrejko, ode mne dodate\u010dn\u011b pozdravujte svoji sestru a je\u0161t\u011b jednou j\u00ed vy\u0159i\u010fte, \u017ee za v\u0161e d\u011bkuji.\u201c<\/p>\n<p>\u201eNa shledanou,\u201c rozlou\u010dila se s ob\u011bma i pan\u00ed Kouteck\u00e1 a pak s man\u017eelem z m\u00fdtiny zam\u00ed\u0159ili pry\u010d. Je\u0161t\u011b p\u0159edt\u00edm, ne\u017e se tak definitivn\u011b stalo, Karlovi a Andree v\u011bnovali po jednom obleku s motivy mandal.<\/p>\n<p>\u201eP\u0159\u00edjemn\u00ed lid\u00e9, co \u0159\u00edk\u00e1te?\u201c osm\u011blila se nav\u00e1zat nov\u00fd hovor Andrea, kdy\u017e se j\u00ed a Karlovi man\u017eel\u00e9 Koute\u010dt\u00ed nadobro ztratili z dohledu.<\/p>\n<p>\u201eAno,\u201c odv\u011btil takto kr\u00e1tce Karel, kter\u00fd byl st\u00e1le pln\u011b poslechov\u011b pohrou\u017een do skladby od zp\u011bva\u010dky jm\u00e9nem Enya, b\u011bhem n\u00ed\u017e mu sta\u010dila nejm\u00e9n\u011b t\u0159ikr\u00e1t po sob\u011b znovu zavolat jeho \u017eena. Karl\u016fv postoj jako by se t\u00edm n\u00e1hle zm\u011bnil, s\u00e1m od sebe Andreu toti\u017e vyzval, zdali by si s n\u00edm p\u0159eci jen nezahr\u00e1la jednu \u0161achovou partii a to p\u0159\u00edmo p\u0159ed posv\u00e1tnou so\u0161kou. Pravda, n\u011bco takov\u00e9ho by zhruba je\u0161t\u011b p\u0159ed hodinou pova\u017eoval za \u010dir\u00e9 bl\u00e1znovstv\u00ed, nyn\u00ed si v\u0161ak uv\u011bdomoval, \u017ee by nebylo na \u0161kodu se o dan\u00e9 pravdivosti legendy p\u0159esv\u011bd\u010dit navenek.<\/p>\n<p>Karel s Andreou nakonec rozehr\u00e1l celkem \u0161est \u0161achov\u00fdch parti\u00ed a ve v\u0161ech ji jednozna\u010dn\u011b p\u0159ehr\u00e1l. Nenahraditelnou hudebn\u00ed kulisou se pro n\u011bj i nad\u00e1le st\u00e1vala ona irsk\u00e1 zp\u011bva\u010dka, od n\u00ed\u017e tu na m\u00fdtin\u011b postupn\u011b zazn\u011bly dal\u0161\u00ed p\u00edsn\u011b z obl\u00edben\u00e9ho Pavlova alba Caribbean Blue. Spole\u010dn\u011b na m\u00fdtin\u011b Svat\u00e9ho Andreje Karel s Andreou, po odchodu man\u017eel\u016f Kouteck\u00fdch, str\u00e1vili dobrou p\u016flhodinku, ne\u017e dostate\u010dn\u011b nas\u00e1li onu jej\u00ed ojedin\u011blou atmosf\u00e9ru, je\u017e se slovy nedala popsat.<\/p>\n<p>\u201eJe nejvy\u0161\u0161\u00ed \u010das op\u011bt vyrazit,\u201c rozhodl se po posledn\u00ed \u0161achov\u00e9 partii Karel a tak se s Andreou vydali nazp\u011bt k autu.<\/p>\n<p>Ud\u011blali v\u0161ak sotva p\u00e1r krok\u016f, kdy\u017e je v lese znenad\u00e1n\u00ed zasko\u010dila jist\u00e1 tajemn\u00e1 bytost. Byla zahalena k\u00e1p\u00ed a \u010dern\u00fdm pl\u00e1\u0161t\u011bm, p\u0159es n\u011bj\u017e z\u0159ejm\u011b m\u011bla p\u0159ehozen\u00fd JELEMANTEL, nebo\u0165 v jednom kuse mizela a zase se zjevovala. Na zemi p\u0159ed n\u00ed se vyj\u00edmalo t\u011blo jedn\u00e9 z mrtv\u00fdch srnek, nad n\u00edm\u017e se ona tajemn\u00e1 bytost pr\u00e1v\u011b skl\u00e1n\u011bla. Pozorn\u00e1 Andrea si pov\u0161imla, \u017ee v prav\u00e9 ruce dr\u017e\u00ed n\u016f\u017e. To ov\u0161em nebylo zdaleka v\u0161e, ona bytost, zahalen\u00e1 do pl\u00e1\u0161t\u011b s k\u00e1p\u00ed a JELEMANTELU, si cosi nesrozumiteln\u00e9ho pobrouk\u00e1vala elektronicky upraven\u00fdm hlasem! Vypadala jako by snad ani nepoch\u00e1zela z tohoto sv\u011bta.<\/p>\n<p>A pak&#8230;<\/p>\n<p>Nepatrn\u00e9 zaprask\u00e1n\u00ed v\u011btv\u00ed a Karel s Andreou byli prozrazeni. Tajemn\u00e1 bytost rozhodn\u011b nemarnila \u010das a ihned za\u010dala p\u00e1trat po sl\u00eddilech. Karel a Andrea si nesta\u010dili vym\u011bnit ani varovn\u00e9 pohledy a ji\u017e na n\u011b hled\u011bla strach nah\u00e1n\u011bj\u00edc\u00ed lebka.<\/p>\n<p>\u201eCo jste za\u010d? Snad ne \u0161pehov\u00e9? TAK CO JSTE ZA\u010c?!\u201c<\/p>\n<p>Karel i Andrea doslova ztratili \u0159e\u010d, tak moc je p\u0159\u00edtomnost on\u00e9 nezn\u00e1m\u00e9 osoby zasko\u010dila.<\/p>\n<p>\u201eTAK CO TADY U V\u0160ECH \u010cERT\u016e D\u011aL\u00c1TE?!\u201c nal\u00e9hal strach nah\u00e1n\u011bj\u00edc\u00ed hlas.<\/p>\n<p>\u201eMy&#8230; my jsme&#8230;\u201c<\/p>\n<p>\u201eTAK BUDE TO?!\u201c<\/p>\n<p>\u201eMy jsme&#8230; nav\u0161t\u00edvili jsme tu m\u00fdtinu Svat\u00e9ho Andreje,\u201c promluvila kone\u010dn\u011b Andrea a z\u00e1rove\u0148 s t\u00edm doufala v nejhor\u0161\u00ed, tedy \u017ee se na ni ta tajemn\u00e1 bytost snad i vrhne a n\u011bco zl\u00e9ho j\u00ed provede. Ta se, na\u0161t\u011bst\u00ed pro ni, k \u017e\u00e1dn\u00e9mu ataku nakonec neodhodlala.<\/p>\n<p>\u201eZapome\u0148te na to, co jste tu vid\u011bli,\u201c bylo posledn\u00ed, co vzk\u00e1zala, a pak se vzd\u00e1lila.<\/p>\n<p>Karel s Andreou dobr\u00fdch p\u011bt minut nebyli schopni se hnout z m\u00edsta. Tak moc je setk\u00e1n\u00ed s onou tajemnou bytost\u00ed \u0161okovalo, na\u010de\u017e Andree do\u0161lo, jak se asi musela c\u00edtit jej\u00ed sestra Anna, kdy\u017e ji p\u0159epadla podobn\u011b zahalen\u00e1 persona onehdy v Praze. Kdyby Karel a Andrea n\u011bkomu vypr\u00e1v\u011bli, \u010deho tu pr\u00e1v\u011b byli sv\u011bdky, asi by jim to doty\u010dn\u00ed jen st\u011b\u017e\u00ed uv\u011b\u0159ili (pokud by se tedy \u010dirou n\u00e1hodou p\u0159\u00edmo nejednalo o m\u00edstn\u00edho rod\u00e1ka poch\u00e1zej\u00edc\u00edho z Kataln\u00e9 Mochny).<\/p>\n<div class=\"fcbkbttn_buttons_block\" id=\"fcbkbttn_left\"><div class=\"fcbkbttn_button\">\n                            <a href=\"https:\/\/www.facebook.com\/tom.patrick.509\" target=\"_blank\">\n                                <img decoding=\"async\" src=\"https:\/\/eldar.cz\/tompatrick\/wp-content\/plugins\/facebook-button-plugin\/images\/large-facebook-ico.png\" alt=\"Fb-Button\" \/>\n                            <\/a>\n                        <\/div><div class=\"fcbkbttn_like fcbkbttn_large_button\"><fb:like href=\"https:\/\/eldar.cz\/tompatrick\/city-means-v-mesto-plne-zazraku\/8-obtizne-hledani-viry-v-lidske-stesti-i-celkove-uzdraveni-tela\" action=\"like\" colorscheme=\"light\" layout=\"standard\"  width=\"225px\" size=\"large\"><\/fb:like><\/div><div class=\"fb-share-button fcbkbttn_large_button \" data-href=\"https:\/\/eldar.cz\/tompatrick\/city-means-v-mesto-plne-zazraku\/8-obtizne-hledani-viry-v-lidske-stesti-i-celkove-uzdraveni-tela\" data-type=\"button_count\" data-size=\"large\"><\/div><\/div>","protected":false},"excerpt":{"rendered":"<p>8. Obt\u00ed\u017en\u00e9 hled\u00e1n\u00ed v\u00edry v lidsk\u00e9 \u0161t\u011bst\u00ed i celkov\u00e9 uzdraven\u00ed t\u011bla i mysli za p\u0159isp\u011bn\u00ed ryze alternativn\u00edho l\u00e9\u010ditelstv\u00ed a pokud mo\u017eno bez p\u0159\u00edm\u011bsi lidsk\u00e9 tragiky Rovn\u011b\u017e v\u016fz zna\u010dky \u0160koda pomalu ale jist\u011b sp\u011bl k s\u00eddlu Winsternsk\u00e9ho rodu \u0159\u00e1du lebonsk\u00fdch lid\u00ed. &hellip; <a href=\"https:\/\/eldar.cz\/tompatrick\/city-means-v-mesto-plne-zazraku\/8-obtizne-hledani-viry-v-lidske-stesti-i-celkove-uzdraveni-tela\">Cel\u00fd p\u0159\u00edsp\u011bvek <span class=\"meta-nav\">&rarr;<\/span><\/a><\/p>\n","protected":false},"author":2,"featured_media":0,"comment_status":"open","ping_status":"open","sticky":false,"template":"","format":"standard","meta":{"_s2mail":"yes","footnotes":""},"categories":[23],"tags":[],"class_list":["post-1461","post","type-post","status-publish","format-standard","hentry","category-city-means-v-mesto-plne-zazraku"],"_links":{"self":[{"href":"https:\/\/eldar.cz\/tompatrick\/wp-json\/wp\/v2\/posts\/1461","targetHints":{"allow":["GET"]}}],"collection":[{"href":"https:\/\/eldar.cz\/tompatrick\/wp-json\/wp\/v2\/posts"}],"about":[{"href":"https:\/\/eldar.cz\/tompatrick\/wp-json\/wp\/v2\/types\/post"}],"author":[{"embeddable":true,"href":"https:\/\/eldar.cz\/tompatrick\/wp-json\/wp\/v2\/users\/2"}],"replies":[{"embeddable":true,"href":"https:\/\/eldar.cz\/tompatrick\/wp-json\/wp\/v2\/comments?post=1461"}],"version-history":[{"count":1,"href":"https:\/\/eldar.cz\/tompatrick\/wp-json\/wp\/v2\/posts\/1461\/revisions"}],"predecessor-version":[{"id":1462,"href":"https:\/\/eldar.cz\/tompatrick\/wp-json\/wp\/v2\/posts\/1461\/revisions\/1462"}],"wp:attachment":[{"href":"https:\/\/eldar.cz\/tompatrick\/wp-json\/wp\/v2\/media?parent=1461"}],"wp:term":[{"taxonomy":"category","embeddable":true,"href":"https:\/\/eldar.cz\/tompatrick\/wp-json\/wp\/v2\/categories?post=1461"},{"taxonomy":"post_tag","embeddable":true,"href":"https:\/\/eldar.cz\/tompatrick\/wp-json\/wp\/v2\/tags?post=1461"}],"curies":[{"name":"wp","href":"https:\/\/api.w.org\/{rel}","templated":true}]}}