{"id":1453,"date":"2015-08-31T09:00:10","date_gmt":"2015-08-31T07:00:10","guid":{"rendered":"http:\/\/eldar.cz\/tompatrick\/?p=1453"},"modified":"2015-05-30T13:48:26","modified_gmt":"2015-05-30T11:48:26","slug":"5-krasa-a-pozitiva-pramenici-z-jedne-z-letnich-ozdravnych-prochazek","status":"publish","type":"post","link":"https:\/\/eldar.cz\/tompatrick\/city-means-v-mesto-plne-zazraku\/5-krasa-a-pozitiva-pramenici-z-jedne-z-letnich-ozdravnych-prochazek","title":{"rendered":"5. Kr\u00e1sa a pozitiva pramen\u00edc\u00ed z jedn\u00e9 z letn\u00edch ozdravn\u00fdch proch\u00e1zek&#8230;"},"content":{"rendered":"<div class=\"fcbkbttn_buttons_block\" id=\"fcbkbttn_left\"><div class=\"fcbkbttn_button\">\n                            <a href=\"https:\/\/www.facebook.com\/tom.patrick.509\" target=\"_blank\">\n                                <img decoding=\"async\" src=\"https:\/\/eldar.cz\/tompatrick\/wp-content\/plugins\/facebook-button-plugin\/images\/large-facebook-ico.png\" alt=\"Fb-Button\" \/>\n                            <\/a>\n                        <\/div><div class=\"fcbkbttn_like fcbkbttn_large_button\"><fb:like href=\"https:\/\/eldar.cz\/tompatrick\/city-means-v-mesto-plne-zazraku\/5-krasa-a-pozitiva-pramenici-z-jedne-z-letnich-ozdravnych-prochazek\" action=\"like\" colorscheme=\"light\" layout=\"standard\"  width=\"225px\" size=\"large\"><\/fb:like><\/div><div class=\"fb-share-button fcbkbttn_large_button \" data-href=\"https:\/\/eldar.cz\/tompatrick\/city-means-v-mesto-plne-zazraku\/5-krasa-a-pozitiva-pramenici-z-jedne-z-letnich-ozdravnych-prochazek\" data-type=\"button_count\" data-size=\"large\"><\/div><\/div><p>&nbsp;<\/p>\n<p><b>5. Kr\u00e1sa a pozitiva pramen\u00edc\u00ed z jedn\u00e9 z letn\u00edch ozdravn\u00fdch proch\u00e1zek a ze strany t\u011bch, jim\u017e na druh\u00fdch tuze z\u00e1le\u017e\u00ed, naru\u0161ena n\u00e1hlou a do jist\u00e9 m\u00edry neo\u010dek\u00e1vanou trag\u00e9di\u00ed<\/b><\/p>\n<p>Nad oborov\u011bnkov\u00fdm lesem se ty\u010dilo jedno men\u0161\u00ed panstv\u00ed s rozlehlou zahradou. I v n\u00ed byla p\u0159\u00edtomna pyramida a to nejedna, stejn\u011b jako onen labyrint z \u017eiv\u00e9ho plotu. Uprost\u0159ed zahrady se pak vyj\u00edmala font\u00e1na s vodotryskem.<\/p>\n<p>\u201eTak jak jste se po cel\u00fd minul\u00fd t\u00fdden c\u00edtila, Amelie?\u201c<\/p>\n<p>\u201eD\u011bkuji za opt\u00e1n\u00ed, dob\u0159e. Jen m\u011b te\u010f trochu pobol\u00edv\u00e1 hlava.\u201c<\/p>\n<p>\u201eTo brzy p\u0159ejde. V\u011b\u0159te jen v ono p\u011bkn\u00e9 a z\u00e1zrak se dostav\u00ed.\u201c<\/p>\n<p>\u201eO to se ji\u017e \u00factyhodn\u00fdch patn\u00e1ct let pokou\u0161\u00edm.\u201c<\/p>\n<p>\u201eA da\u0159\u00ed se v\u00e1m to znamenit\u011b.\u201c<\/p>\n<p>\u201eSna\u017e\u00edm se.\u201c<\/p>\n<p>\u201eJ\u00e1 v\u00edm, ale mus\u00edm se v\u00e1m sv\u011b\u0159it, \u017ee v\u0161e zvl\u00e1d\u00e1te s noblesou.\u201c<\/p>\n<p>Takto vedly hovor dv\u011b \u017eeny. Prvn\u00ed z nich, Sylvii, co post\u00e1vala u postele nemocn\u00e9, bylo okolo \u010dty\u0159ia\u010dty\u0159iceti. M\u011bla nakr\u00e1tko zast\u0159i\u017een\u00e9 hn\u011bd\u00e9 vlasy a skvostn\u011b se na n\u00ed vyj\u00edmal pomn\u011bnkov\u011b modr\u00fd h\u00e1bit. To Amelii t\u00e1hlo na \u0161edes\u00e1t a vlasy ji\u017e m\u011bla zna\u010dn\u011b pro\u0161ediv\u011bl\u00e9. Le\u017eela na l\u016f\u017eku a na tom se rovn\u011b\u017e nach\u00e1zela pohledn\u00e1 persk\u00e1 ko\u010dka.<\/p>\n<p>\u201ePom\u00e1h\u00e1 v\u00e1m na\u0161e Winsternsk\u00e1 ko\u010di\u010dka?\u201c pokra\u010dovala v zapo\u010dat\u00e9m hovoru s Ameli\u00ed Sylvie.<\/p>\n<p>\u201eAno, od t\u00e9 chv\u00edle, co ji tu m\u00e1m takto schoulenou, se c\u00edt\u00edm mnohem l\u00e9pe. Jenom ta hlava&#8230;\u201c<\/p>\n<p>\u201eTo z v\u00e1s vych\u00e1z\u00ed v\u0161e \u0161patn\u00e9,\u201c soudila Sylvie.<\/p>\n<p>Ob\u011b dv\u011b byly p\u0159\u00edtomn\u00e9 v jedn\u00e9 z pyramid, kde se po obou stran\u00e1ch v \u0159ad\u00e1ch nach\u00e1zelo patn\u00e1ct l\u016f\u017eek, na nich\u017e le\u017eeli nemocn\u00ed.<\/p>\n<p>\u201eAni nev\u00edte, jak moc se t\u011b\u0161\u00edm na svoji rodinu, Sylvinko,\u201c sv\u011b\u0159ovala se jmenovan\u00e9 d\u00e1le Amelie a pohladila perskou ko\u010dku, co j\u00ed spokojen\u011b p\u0159edla na pe\u0159in\u011b.<\/p>\n<p>\u201eJi\u017e brzy se s n\u00ed shled\u00e1te. Nem\u011bjte obavy,\u201c uklid\u0148ovala nemocnou Sylvie.<\/p>\n<p>Kr\u00e1tce nato se ozval hlas z prot\u011bj\u0161\u00ed strany. Pat\u0159il sedmdes\u00e1tilet\u00e9mu sta\u0159\u00edkovi, jen\u017e dan\u00e9 kulat\u00e9 jubileum slavil pr\u00e1v\u011b v t\u011bchto dnech. Onen sta\u0159\u00edk m\u011bl pronikav\u00e9 modr\u00e9 o\u010di a d\u0159\u00edve zlatav\u00e9 vlasy byly ji\u017e protkan\u00e9 \u0161ed\u00ed a lysinami.<\/p>\n<p>\u201eAno, Alberte, pro\u010d i vy nesp\u00edte?\u201c<\/p>\n<p>Sylvie okam\u017eit\u011b p\u0159isp\u011bchala ke sta\u0159\u00edkovu l\u016f\u017eku.<\/p>\n<p>\u201eVzbudil mne tuze o\u0161kliv\u00fd sen, zd\u00e1lo se mi, \u017ee mi amputovali levou nohu,\u201c post\u011b\u017eoval si Albert.<\/p>\n<p>\u201eNebojte, va\u0161e lev\u00e1 noha je v naprost\u00e9m po\u0159\u00e1dku,\u201c konej\u0161ila ho Sylvie. \u201ePro jistotu v\u00e1s rad\u011bji cel\u00e9ho pro\u010dist\u00edm.\u201c<\/p>\n<p>Sylvie si p\u0159isedla ke sta\u0159\u00edkov\u011b posteli a z kapsy sv\u00e9ho h\u00e1bitu vyndala malou kn\u00ed\u017ee\u010dku. Nalistovala v n\u00ed p\u0159\u00edslu\u0161nou str\u00e1nku, na n\u00ed\u017e se vyj\u00edmala mapka lidsk\u00e9ho t\u011bla, a za\u010dala po n\u00ed pomalu p\u0159ej\u00ed\u017ed\u011bt pravou rukou.<\/p>\n<p>\u201eC\u00edt\u00edte se ji\u017e o n\u011bco l\u00e9pe, Alberte?\u201c ot\u00e1zala se ho pot\u00e9 Sylvie.<\/p>\n<p>\u201eAno,\u201c p\u0159isv\u011bd\u010dil.<\/p>\n<p>\u201eA co poci\u0165ujete?\u201c<\/p>\n<p>\u201eTeplo,\u201c odpov\u011bd\u011bl Albert.<\/p>\n<p>Sylvie se z\u00e1\u0159iv\u011b usm\u00e1la, co\u017e vypov\u00eddalo o tom, \u017ee se j\u00ed z\u00e1m\u011br zda\u0159il.<\/p>\n<p>\u201eKdy prob\u011bhne ona v\u00e1mi slibovan\u00e1 canisterapie?\u201c zeptal se pak Albert.<\/p>\n<p>\u201ePr\u00e1v\u011b dnes,\u201c odv\u011btila Sylvie. \u201eFenka Aj\u0161a se na v\u00e1s ji\u017e velmi moc t\u011b\u0161\u00ed, nyn\u00ed se v\u0161ak sna\u017ete usnout, a\u0165 z v\u00e1s r\u00e1no vy\u0159azuje \u010dilost,\u201c dodala.<\/p>\n<p>Bylo zn\u00e1t, \u017ee Albertovi se po t\u00e9to informaci viditeln\u011b ulevilo. Sylvie obdobn\u011b sta\u010dila vyhov\u011bt p\u011bti dal\u0161\u00edm z\u00e1jemc\u016fm z \u0159ad pacient\u016f, co se pot\u00fdkali se sv\u00fdmi probl\u00e9my. Vyru\u0161il ji a\u017e p\u0159\u00edchod pohledn\u00e9 devaten\u00e1ctilet\u00e9 plavovl\u00e1sky. Sylvie za n\u00ed tedy vy\u0161la ven z pyramidy.<\/p>\n<p>\u201eCopak se p\u0159ihodilo? Pro\u010d nejste s Apolenou a Ludv\u00edkem?\u201c<br \/>\nAnna Sylvii vypov\u011bd\u011bla v\u0161e o nenad\u00e1l\u00e9m a pravd\u011bpodobn\u011b \u00famysln\u00e9m incidentu.<\/p>\n<p>\u201eProboha,\u201c zhrozila se Sylvie, \u201estalo se snad n\u011bkomu n\u011bco?\u201c<\/p>\n<p>\u201eNa\u0161t\u011bst\u00ed z\u016fstalo jen u on\u011bch v\u00fdhr\u016f\u017eek,\u201c odv\u011btila Anna.<\/p>\n<p>\u201eA Apolena s Ludv\u00edkem, kde jsou?\u201c<\/p>\n<p>\u201eU Radovana.\u201c<\/p>\n<p>\u201eCo se d\u011bje? Co \u017ee ob\u011b dv\u011b nesp\u00edte?\u201c<\/p>\n<p>To Annu a Sylvii v hovoru vyru\u0161ila Evel\u00edna. Odn\u011bkud se vracela.<\/p>\n<p>\u201eKde jste se toulala? V\u00edte v\u016fbec, kolik je hodin?\u201c pok\u00e1rala Evel\u00ednu takto zkraje ihned Sylvie.<\/p>\n<p>\u201eTak jsem si vy\u0161la na \u010derstv\u00fd vzduch a co m\u00e1 b\u00fdt?\u201c oponovala okam\u017eit\u011b ura\u017een\u011b Evel\u00edna.<\/p>\n<p>\u201eVypro\u0161uji si, abyste se mnou mluvila t\u00edmto panova\u010dn\u00fdm t\u00f3nem,\u201c ohradila se Sylvie.<\/p>\n<p>\u201eVy m\u011b nem\u00e1te z \u010deho vinit! Ve sv\u00e9m voln\u00e9m \u010dase si mohu d\u011blat, co chci!\u201c m\u00ednila nevra\u017eiv\u011b Evel\u00edna.<\/p>\n<p>\u201eNo pr\u00e1v\u011b,\u201c nam\u00edtala hnedle nato Sylvie. \u201eDnes ve\u010der jste m\u011bla b\u00fdt tady a starat se o na\u0161e pacienty,\u201c vy\u010detla Evel\u00edn\u011b. Ta se zatv\u00e1\u0159ila zna\u010dn\u011b ubl\u00ed\u017een\u011b.<\/p>\n<p>\u201eNo tak jsem na to prost\u011b zapomn\u011bla, to se p\u0159ece m\u016f\u017ee st\u00e1t,\u201c br\u00e1nila se.<\/p>\n<p>\u201eTo v\u00e1s ale neomlouv\u00e1. Kdy\u017e n\u011bco sl\u00edb\u00edm, tak se to tak\u00e9 sna\u017e\u00edm dodr\u017eet,\u201c nam\u00edtla Sylvie.<\/p>\n<p>\u201eNo jo, vy jste v\u017edycky ve v\u0161em neomyln\u00e1, jen co je pravda, \u017ee?\u201c smo\u010dila si Evel\u00edna na Sylviinu adresu.<\/p>\n<p>\u201eEvel\u00edno&#8230;!\u201c<\/p>\n<p>\u201eJ\u00e1 v\u00edm,\u201c spustila hubovat\u011b Evel\u00edna, \u201epokora, dobrosrde\u010dn\u00e9 punti\u010dk\u00e1\u0159stv\u00ed a p\u0159edev\u0161\u00edm l\u00e9zt druh\u00e9mu podl\u00e9zav\u011b do p\u0159\u00edzn\u011b, to je va\u0161e moto!\u201c<\/p>\n<p>\u201eEvel\u00edno, pros\u00edm&#8230;\u201c<\/p>\n<p>\u201eNe, Ani\u010dko, j\u00e1 v\u00edm, co chce\u0161 te\u010f \u0159\u00edci, \u017ee to j\u00e1 jsem v\u017edy ta, co se m\u00fdl\u00ed, zat\u00edmco ty poka\u017ed\u00e9 jedn\u00e1\u0161 bezchybn\u011b&#8230;\u201c<\/p>\n<p>\u201eEvel\u00edno, to u\u017e sta\u010d\u00ed!\u201c Sylvii se kone\u010dn\u011b poda\u0159ilo doty\u010dnou p\u0159ek\u0159i\u010det a Anna j\u00ed pov\u011bd\u011bla, co \u017ee se to j\u00ed a dv\u011bma dal\u0161\u00edm lidi\u010dk\u00e1m p\u0159ihodilo.<\/p>\n<p>Pot\u00e9 na nepatrnou chvili\u010dku zavl\u00e1dlo hrobov\u00e9 ticho.<\/p>\n<p>\u201eAha, takhle je to tedy,\u201c pronesla u\u0161t\u011bpa\u010dn\u011b Evel\u00edna, kdy\u017e danou informaci od Anny pe\u010dliv\u011b vst\u0159ebala. \u201eVy z toho podez\u0159\u00edv\u00e1te m\u011b, \u017ee m\u00e1m pravdu? \u017dE M\u00c1M PRAVDU?!\u201c zd\u016fraznila.<\/p>\n<p>\u201eNikdo nic takov\u00e9ho p\u0159ece netvrdil,\u201c m\u00edrnila ji Sylvie.<\/p>\n<p>\u201eAle Anna n\u011bco takov\u00e9ho nazna\u010dovala!\u201c st\u00e1la si za sv\u00fdm Evel\u00edna.<\/p>\n<p>\u201eTo nen\u00ed pravda, v\u0161e to zbyte\u010dn\u011b p\u0159ekrucuje\u0161, Evel\u00ed&#8230;\u201c<br \/>\n\u201eJ\u00e1 \u017ee n\u011bco p\u0159ekrucuji?! J\u00c1?!\u201c nav\u00fd\u0161ila Evel\u00edna zlobn\u011b hlas na maximum. \u201eAnna m\u011b tu l\u017eiv\u011b z n\u011b\u010deho obvi\u0148uje a j\u00e1 \u017ee p\u0159eh\u00e1n\u00edm?!\u201c<\/p>\n<p>\u201eNek\u0159i\u010dte, probud\u00edte na\u0161e pacienty,\u201c napomenula Evel\u00ednu Sylvie, le\u010d nepomohlo to.<\/p>\n<p>\u201eJen a\u0165 m\u011b sly\u0161\u00ed! Alespo\u0148 se p\u0159esv\u011bd\u010d\u00ed, jak\u00fd je Winsternsk\u00fd rod \u0159\u00e1du lebonsk\u00fdch lid\u00ed poveden\u00fd spolek pomlouva\u010d\u016f!\u201c nedala si Evel\u00edna \u0159\u00edct. P\u0159\u00e1n\u00ed se j\u00ed z\u00e1hy vyplnilo, to kdy\u017e se p\u0159ed pyramidu dostavili Amelie a Albert.<\/p>\n<p>\u201ePromi\u0148te, zaslechli jsme hlasy, tak jsme&#8230;\u201c za\u010dal Albert, v\u011btu ale nedokon\u010dil.<\/p>\n<p>\u201eTak jste se p\u0159i\u0161li pod\u00edvat, co \u017ee se tu tak nal\u00e9hav\u00e9ho prob\u00edr\u00e1,\u201c dokon\u010dila to za n\u011bj tvrdohlav\u00e1 Evel\u00edna. \u201eNo abych se p\u0159iznala, nejednalo se zrovna o moc p\u0159\u00edjemn\u00fd rozhovor, ale nebojte se, o nic v\u00fdznamn\u00e9ho jste nep\u0159i\u0161li.\u201c<\/p>\n<p>\u201eEvel\u00edno&#8230;\u201c<\/p>\n<p>\u201eOstatn\u011b tady Sylvinka s Ani\u010dkou v\u00e1m o v\u0161em velice r\u00e1di poreferuj\u00ed sami, u toho j\u00e1 b\u00fdt u\u017e nemus\u00edm.\u201c<\/p>\n<p>\u201eEvel\u00edno&#8230;!\u201c<br \/>\n\u201eTak\u017ee se tu v\u0161ichni m\u011bjte, j\u00e1 odch\u00e1z\u00edm.\u201c Pot\u00e9 Evel\u00edna r\u00e1zn\u011b vykro\u010dila sm\u011brem k zahradn\u00ed br\u00e1n\u011b, na\u010de\u017e p\u0159itom neopomenula obdobn\u011b vzlykav\u011b popot\u00e1hnout. P\u0159emlouv\u00e1n\u00ed k jej\u00edmu n\u00e1vratu bylo ze Sylviiny a Ani\u010d\u010diny strany marn\u00e9, Evel\u00edna zkr\u00e1tka cht\u011bla b\u00fdt zase sama a nehodlala se s nik\u00fdm ji\u017e d\u00e1le vybavovat.<\/p>\n<p>\u201eJe ta sle\u010dna v po\u0159\u00e1dku? Vypadala dosti rozru\u0161en\u011b,\u201c poznamenala pak Amelie.<\/p>\n<p>\u201eTo se urovn\u00e1, poj\u010fte si zase lehnout, a\u0165 jste na dne\u0161ek oba \u010dil\u00ed,\u201c nab\u00e1dala Amelii a Alberta Sylvie a spole\u010dn\u011b s nimi a s Annou se navr\u00e1tila nazp\u011bt do pyramidy.<\/p>\n<p>Ru\u0161no bylo tak\u00e9 v ulici Na Z\u00e1v\u011bt\u0159\u00ed, kde p\u0159ijali do\u010dasn\u00e9 p\u0159\u00edst\u0159e\u0161\u00ed Apolena s Ludv\u00edkem a to u Radovana Litevsk\u00e9ho. Toho o p\u016flnoci ne\u010dekan\u00e1 n\u00e1v\u0161t\u011bva sice p\u0159ekvapila, ochotn\u011b v\u0161ak oba jmenovan\u00e9 a Annu vpustil do sv\u00e9ho skromn\u00e9ho dome\u010dku. A kdy\u017e pak Anna ode\u0161la za Sylvi\u00ed, velice r\u00e1d se ujal role hostitele dvou zbloudil\u00fdch du\u0161\u00ed. A p\u0159itom neztr\u00e1cel nic ze sv\u00e9ho pov\u011bstn\u00e9ho m\u00edrumilovn\u00e9ho temperamentu.<\/p>\n<p>\u201eMohu v\u00e1m p\u0159ichystati \u010daj a n\u011bjak\u00e9 ty z\u00e1kusky? P\u0159eci jen je na v\u00e1s vid\u011bt jist\u00e9 rozru\u0161en\u00ed z dan\u00e9 nemil\u00e9 ud\u00e1losti,\u201c za\u010dal Radovan Apolen\u011b a Ludv\u00edkovi nab\u00edzet poho\u0161t\u011bn\u00ed. \u201eJste nyn\u00ed m\u00fdmi hosty a j\u00e1 bych tuze nerad zanedbal p\u00e9\u010di o v\u00e1s,\u201c dodal a kdy\u017e zaznamenal Apolenino opatrn\u00e9 souhlasn\u00e9 gesto, za\u010dal prost\u00edrat na st\u016fl.<\/p>\n<p>\u201eOmlouv\u00e1me se, \u017ee jsme v\u00e1s takhle ne\u010dekan\u011b p\u0159epadli, pane profesore,\u201c poznamenala Apolena, p\u0159i\u010dem\u017e se sna\u017eila, aby to vyzn\u011blo co mo\u017en\u00e1 nejzdvo\u0159ileji.<\/p>\n<p>\u201eMn\u011b to nevad\u00ed, poka\u017ed\u00e9 jsem r\u00e1d za spole\u010dnost,\u201c vyslovil to stejn\u011b nem\u011bn\u011b mile Radovan. \u201ePros\u00edm, ra\u010dte se usadit a nab\u00eddn\u011bte si, co hrdlo r\u00e1\u010d\u00ed,\u201c vyzval sv\u00e9 dva hosty.<\/p>\n<p>Apolena s Ludv\u00edkem tedy p\u0159estali napr\u00e1zdno p\u0159ekra\u010dovat na m\u00edst\u011b u dve\u0159\u00ed a spole\u010dn\u011b s Radovanem se usadili ke stolu.<\/p>\n<p>\u201eM\u00e1te tu\u0161en\u00ed, pane profesore, kdo za t\u00edm \u00fatokem m\u016f\u017ee st\u00e1t?\u201c zeptala se Radovana Apolena, jakmile znovu pohl\u00e9dla k polici s mochnick\u00fdmi hrn\u00ed\u010dky, kam lahev s on\u00edm v\u00fdhru\u017en\u00fdm vzkazem do\u010dasn\u011b ulo\u017eil. P\u0159edt\u00edm Apolen\u011b toti\u017e neu\u0161lo, jak oboj\u00ed hostitel d\u016fkladn\u011b prozkoum\u00e1v\u00e1.<\/p>\n<p>\u201eA\u0165 to byl kdokoliv, rozhodn\u011b t\u00edm d\u00e1val najevo, jak mu tuze \u010din\u00ed pot\u00ed\u017ee nav\u00e1zat s n\u011bk\u00fdm v\u0159el\u00fd kontakt,\u201c vyj\u00e1d\u0159il se k dan\u00e9 problematice takto Radovan, p\u0159i\u010dem\u017e z\u00e1hy v\u00fdznamn\u011b pohl\u00e9dl na Ludv\u00edka. \u201eNed\u011blejte si s t\u00edm t\u011b\u017ekou hlavu, tady u mne v\u00e1m \u017e\u00e1dn\u00e9 dal\u0161\u00ed nebezpe\u010d\u00ed hrozit nebude.\u201c<\/p>\n<p>\u201ePro\u010d jste si t\u00edm tak jist\u00fd, pane profesore?\u201c nedalo to nezeptat se pr\u00e1v\u011b Ludv\u00edkovi, nebo\u0165 ho onen Radovan\u016fv vyz\u00fdvav\u00fd pohled pom\u011brn\u011b zasko\u010dil.<\/p>\n<p>\u201e\u0158\u00edkejme tomu intuice,\u201c odpov\u011bd\u011bl na danou ot\u00e1zku takto v kr\u00e1tkosti Radovan, a kdy\u017e se dostate\u010dn\u011b Apolena s Ludv\u00edkem posilnili, navrhl: \u201eJe ji\u017e dosti pozd\u011b, mysl\u00edm \u017ee nejlep\u0161\u00ed bude j\u00edt sp\u00e1t.\u201c<\/p>\n<p>Oba host\u00e9 hostiteli neodporovali, a\u017e p\u0159\u00edli\u0161 si v\u00e1\u017eili jeho pohostinnosti.<\/p>\n<p>\u201eSnad v\u00e1m nebude vadit, pokud v\u00e1m ustelu na tomto kanapi a vy tak zalehnete do spole\u010dn\u00e9 lo\u017ee?\u201c<\/p>\n<p>\u201eNe, nebude,\u201c \u0159ekla za sebe i za Ludv\u00edka Apolena a to pot\u00e9, co si oba dva vym\u011bnili souhlasn\u00e9 pohledy, co\u017e Radovanovi samoz\u0159ejm\u011b neu\u0161lo.<\/p>\n<p>\u201eV\u00fdborn\u011b!\u201c prohl\u00e1sil pochvaln\u011b hostitel a hned \u0161el v\u0161e pot\u0159ebn\u00e9 p\u0159ichystat.<\/p>\n<p>Zat\u00edmco Apolen\u011b se t\u00e9 noci spalo celkem pokojn\u011b, tak kdo m\u011bl neklidn\u00e9 sn\u011bn\u00ed, byl pr\u00e1v\u011b Ludv\u00edk. Ve snu ho nav\u0161t\u00edvil Hank Lambert jako duch p\u0159ich\u00e1zej\u00edc\u00ed ze z\u00e1hrob\u00ed a jemu se tak p\u0159ipomn\u011bly v\u0161echny nemil\u00e9 z\u00e1\u017eitky spojen\u00e9 s dan\u00fdm z\u00e1hadn\u00fdm \u00famrt\u00edm. Ty pak vyst\u0159\u00eddaly vzpom\u00ednky na \u0160\u00e1rku. Ludv\u00edk ji spat\u0159il uzam\u010denou v kopce s\u00eddla jej\u00ed babi\u010dky. Svoji milou se st\u016fj co st\u016fj sna\u017eil z onoho v\u011bzen\u00ed vysvobodit, av\u0161ak nepochodil. A co v\u00edc, celu n\u00e1hle pohltily plameny a ty z\u00e1hy \u0160\u00e1rku sp\u00e1lily doslova na popel! Jako to nejv\u011bt\u0161\u00ed zlo se z nich n\u00e1sledn\u011b vyno\u0159ila Vladana Vladsk\u00e1, je\u017e dokola za\u010dala opakovat, \u017ee Ludv\u00edk jej\u00ed vnu\u010dku nikdy nez\u00edsk\u00e1. N\u00e1sledn\u011b plameny a silueta pan\u00ed hrab\u011bnky za\u010daly ustupovat vod\u011b a ta Ludv\u00edka postupn\u011b pohlcovala ze v\u0161ech stran.<\/p>\n<p>\u201eNE, J\u00c1 NECHCI! NE!! NE!!!\u201c<\/p>\n<p>\u201eJen klid, ji\u017e jsem u v\u00e1s, nebojte se.\u201c<\/p>\n<p>To k Ludv\u00edkov\u011b lo\u017ei p\u0159isp\u011bchal Radovan a jemn\u00fdm dotykem ho probudil. \u201eD\u00e1m v\u00e1m n\u011bco na zklidn\u011bn\u00ed.\u201c<\/p>\n<p>A ne\u017e se Ludv\u00edk nad\u00e1l, znovu usnul ani po\u0159\u00e1dn\u011b nev\u011bd\u011bl, jak k tomu do\u0161lo. Probudila ho a\u017e omamn\u00e1 v\u016fn\u011b \u010daje a \u010derstv\u00e9ho pe\u010diva, stejn\u011b jako Apolenu.<\/p>\n<p>\u201eDobr\u00e9 r\u00e1nko p\u0159eji,\u201c uv\u00edtal sv\u00e9 dva hosty do nov\u00e9ho dne Radovan.<\/p>\n<p>\u201eDobr\u00e9 r\u00e1no, pane profesore,\u201c pozdravila hostitele zdvo\u0159ile Apolena, na\u010de\u017e z\u00edvla a prot\u00e1hla se.<\/p>\n<p>\u201eJak se v\u00e1m u mne spalo, m\u00e1 mil\u00e1?\u201c zeptal se Radovan a z\u00e1\u0159iv\u011b se p\u0159itom na ni usm\u00e1l.<\/p>\n<p>\u201eD\u011bkuji, dob\u0159e,\u201c sd\u011blila mu Apolena.<\/p>\n<p>\u201eA v\u00e1m, Ludv\u00edku?\u201c zaj\u00edmalo Radovana.<\/p>\n<p>\u201eAbych se p\u0159iznal, prov\u00e1zely m\u011b no\u010dn\u00ed m\u016fry, ale pak jsem usnul a u\u017e se mi nic nezd\u00e1lo,\u201c vybavoval si v\u0161e postupn\u011b dal\u0161\u00ed z host\u016f profesora biologie.<\/p>\n<p>\u201eNu\u017ee, sn\u00eddan\u011b je na stole, m\u016f\u017eete si op\u011btovn\u011b nab\u00eddnouti, co va\u0161e hrdla r\u00e1\u010d\u00ed&#8230; Ano, Apolenko?\u201c<\/p>\n<p>\u201eNevadilo by v\u00e1m, pane profesore, kdybych se nap\u0159ed osprchovala?\u201c<\/p>\n<p>\u201eAle zajist\u00e9, beze v\u0161eho, m\u00e1 koupelna je v\u00e1m pln\u011b k dispozici. Ty druh\u00e9 dve\u0159e napravo.\u201c<\/p>\n<p>\u201eD\u011bkuji,\u201c \u0159ekla Apolena, oplatila Radovanovi \u00fasm\u011bv a ode\u0161la.<\/p>\n<p>\u201eTak pros\u00edm, Ludv\u00edku, ra\u010dte zasednouti,\u201c vyb\u00eddl ho podruh\u00e9 Radovan. \u201eDneska n\u00e1s \u010dek\u00e1 druh\u00fd spole\u010dn\u00fd v\u00fdznamn\u00fd den, pokud tedy nem\u00edn\u00edte odcestovat, a j\u00e1 douf\u00e1m, \u017ee nikoliv.\u201c<\/p>\n<p>\u201eR\u00e1d bych z\u016fstal, jen\u017ee&#8230;\u201c<\/p>\n<p>\u201eJen\u017ee i p\u0159es v\u010derej\u0161\u00ed hezky pro\u017eit\u00fd den s t\u011bmi, jim\u017e na v\u00e1s nesm\u00edrn\u011b z\u00e1le\u017e\u00ed, v\u00e1m na\u0161e Kataln\u00e1 Mochni\u010dka neust\u00e1le vnucuje i jist\u00e9 nemil\u00e9 vzpom\u00ednky na ned\u00e1vn\u00e9 ne zrovna p\u0159\u00edv\u011btiv\u00e9 ud\u00e1losti,\u201c odtu\u0161il Radovan.<\/p>\n<p>\u201eAno, dalo by se to tak \u0159\u00edci, pane profesore,\u201c p\u0159iznal popravd\u011b Ludv\u00edk.<\/p>\n<p>\u201eApolenu, mne a dal\u0161\u00ed lidi\u010dky by tuze zamrzelo, kdybyste odjel. M\u00e1me pro v\u00e1s p\u0159ichystan\u00fd nov\u00fd zaj\u00edmav\u00fd program,\u201c p\u0159emlouval ho p\u0159\u00e1telsky Radovan.<\/p>\n<p>\u201eJ\u00e1 v\u00edm, ale ty no\u010dn\u00ed m\u016fry&#8230;\u201c<\/p>\n<p>\u201eJsou jen p\u0159echodn\u00fdm st\u00e1diem, ne\u017e se od nich dok\u00e1\u017eete najisto odpoutat,\u201c m\u00ednil Radovan a z\u00e1\u0159iv\u011b se p\u0159itom d\u00e1l usm\u00edval. \u201eA j\u00e1 zn\u00e1m zp\u016fsob, jak v\u00e1m od nich odpomoci.\u201c<\/p>\n<p>\u201eV\u00e1\u017en\u011b?\u201c o\u017eil n\u00e1hle Ludv\u00edk.<\/p>\n<p>\u201eAno,\u201c odpov\u011bd\u011bl mu dobrosrde\u010dn\u011b Radovan a pok\u00fdval p\u0159itom uznale hlavou. \u201ePoj\u010fte, n\u011bco v\u00e1m uk\u00e1\u017ei. Sn\u00eddan\u011b klidn\u011b m\u016f\u017ee po\u010dkat.\u201c<\/p>\n<p>Oba vstali od stolu a popo\u0161li k nedalek\u00e9 b\u00edl\u00e9 st\u011bn\u011b. Na prvn\u00ed pohled na n\u00ed nebylo nic n\u00e1padn\u00e9ho. Radovan v\u0161ak v\u011bd\u011bl, co m\u00e1 ud\u011blat, aby bylo. Jemn\u011b se j\u00ed dotkl na p\u0159\u00edslu\u0161n\u00e9m m\u00edst\u011b a vz\u00e1p\u011bt\u00ed z n\u00ed vyjel \u010dasov\u00fd k\u00f3d. Pak na \u010d\u00edselnici Radovan zadal p\u0159\u00edslu\u0161n\u00e9 heslo a st\u011bna se r\u00e1zem rozestoupila. Ludv\u00edkovi se tak naskytl pohled do tajemn\u00e9 m\u00edstnosti a to pot\u00e9, co Radovan rozsv\u00edtil. Ta se vyzna\u010dovala zna\u010dnou pestrost\u00ed a Ludv\u00edk se rozhodn\u011b m\u011bl \u010demu podivovat, kdy\u017e spat\u0159il tu \u0161k\u00e1lu pestr\u00fdch v\u011bc\u00ed \u00fahledn\u011b vyrovnan\u00fdch na poli\u010dk\u00e1ch.<\/p>\n<p>\u201eTo jsou suven\u00fdry od m\u00fdch student\u016f. Velice si jich cen\u00edm, proto\u017ee mi byly darov\u00e1ny z nefal\u0161ovan\u00e9ho p\u0159\u00e1telstv\u00ed a to je, jak zn\u00e1mo, prav\u00fdm ko\u0159en\u00edm \u017eivota,\u201c pou\u010doval Radovan Ludv\u00edka, kdy\u017e ten si do rukou s jeho svolen\u00edm vzal malou hrac\u00ed sk\u0159\u00ed\u0148ku a n\u00e1sledn\u011b jedno objemn\u00e9 foto-album. To bylo bohat\u00e9 na p\u0159\u00e1telsk\u00e9 \u00fasm\u011bvy a rozmanit\u00e9 studijn\u00ed ro\u010dn\u00edky.<\/p>\n<p>\u201eJe v n\u011bm ukryto rovn\u00fdch \u0161edes\u00e1t let vzpom\u00ednek. Nedoz\u00edrn\u00e9 bohatstv\u00ed,\u201c okomentoval objemn\u00fd svazek fotografi\u00ed Radovan.<\/p>\n<p>\u201eA toto?\u201c zaj\u00edmal se d\u00e1l Ludv\u00edk, pot\u00e9, co ho zaujala obs\u00e1hl\u00e1 skripta.<\/p>\n<p>\u201eTak toto je takzvan\u00fd Vantelbooklist,\u201c ujal se znovu ochotn\u011b slova Radovan.<\/p>\n<p>\u201eAno, ano, te\u010f si matn\u011b vybavuji, s n\u00edm poprv\u00e9 p\u0159i\u0161la jak\u00e1si d\u00edvka, jej\u00ed jm\u00e9no jsem bohu\u017eel v\u0161ak ji\u017e zapomn\u011bl,\u201c do\u0161lo kone\u010dn\u011b cosi Ludv\u00edkovi, kdy\u017e skripta rozev\u0159el a pohl\u00e9dl na tituln\u00ed str\u00e1nku, na n\u00ed\u017e se vyj\u00edmala d\u00edv\u010dina v objet\u00ed druh\u00e9, p\u0159ipom\u00ednaj\u00edc\u00ed and\u011bla.<\/p>\n<p>\u201eP\u0159esn\u011b tak a byla j\u00ed Alexandra Janov\u00e1.\u201c<\/p>\n<p>\u201eCo se t\u00e9 d\u00edvce p\u0159ihodilo? A pro\u010d za\u017e\u00e1dala o vytvo\u0159en\u00ed t\u00e9to sv\u00e9 nitern\u00ed postavy?\u201c<\/p>\n<p>\u201eLarisa, ona jeden\u00e1ctilet\u00e1 d\u00edvka, state\u010dn\u011b bojovala se zhoubnou nemoc\u00ed a nutn\u011b pot\u0159ebovala z\u00edskat duchovn\u00ed podporu a tou se pro ni stal pr\u00e1v\u011b onen and\u011bl v podob\u011b Alice,\u201c objas\u0148oval Radovan.<\/p>\n<p>\u201eA&#8230; a p\u0159ekonala Larisa nakonec svoji nemoc?\u201c zeptal se v m\u00edrn\u00fdch obav\u00e1ch Ludv\u00edk.<\/p>\n<p>\u201eAno,\u201c p\u0159isv\u011bd\u010dil souhlasn\u011b Radovan. \u201eKrom\u011b Alexand\u0159ina umu na tom m\u011bl velikou z\u00e1sluhu Winsternsk\u00fd rod \u0159\u00e1du lebonsk\u00fdch lid\u00ed, z n\u011bho\u017e poch\u00e1zej\u00ed Anna s Evel\u00ednou. I j\u00e1 jsem jim vd\u011b\u010dn\u00fd za mnoho. Minul\u00fd rok mne postihla mozkov\u00e1 p\u0159\u00edhoda a neb\u00fdt v\u010dasn\u00e9ho z\u00e1sahu onoho \u0158\u00e1du, mo\u017en\u00e1 bych tu nyn\u00ed nest\u00e1l a nebavil se s v\u00e1mi.\u201c<\/p>\n<p>\u201ePodle toho, co mi tu vypr\u00e1v\u00edte, mus\u00ed dan\u00fd spolek disponovat neoby\u010dejn\u00fdmi schopnostmi,\u201c vytu\u0161il pohotov\u011b Ludv\u00edk.<\/p>\n<p>\u201eAno, Winsternsk\u00fd rod \u0159\u00e1du lebonsk\u00fdch lid\u00ed sv\u00e9 pacienty l\u00e9\u010d\u00ed v\u00fdhradn\u011b p\u0159\u00edrodn\u00ed cestou \u2013 doteky, pomoc\u00ed obr\u00e1zk\u016f, na d\u00e1lku \u010di h\u0159ejiv\u00fdm slov\u00ed\u010dkem. A kdy\u017e je zapot\u0159eb\u00ed, vypom\u00e1h\u00e1 si i jinou alternativn\u00ed cestou.\u201c<\/p>\n<p>\u201eNap\u0159\u00edklad bylinkami?\u201c napadlo Ludv\u00edka.<\/p>\n<p>\u201eAno, i jimi. Nebo le\u010d\u00ed sv\u00e9 pacienty za pomoci n\u011bm\u00fdch tv\u00e1\u0159\u00ed. P\u0159\u00edkladem m\u016f\u017ee b\u00fdt jedna vz\u00e1cn\u00e1 Winsternsk\u00e1 ko\u010dka poch\u00e1zej\u00edc\u00ed z Persie.\u201c Radovan vzal do ruky jednu z knih s p\u0159\u00edzna\u010dn\u00fdm n\u00e1zvem Mocn\u00e1 stvo\u0159en\u00ed sv\u011bta a nalistoval v n\u00ed str\u00e1nku s \u010d\u00edslem dev\u011bt, na n\u00ed\u017e se nach\u00e1zela zmi\u0148ovan\u00e1 persk\u00e1 ko\u010dka. \u201eTa svoj\u00ed v\u011brnou p\u0159\u00edtomnost\u00ed,\u201c pokra\u010doval, \u201ea zejm\u00e9na pak vrn\u011bn\u00edm dok\u00e1\u017ee odstranit metast\u00e1ze s t\u011bla ob\u011bti, naka\u017een\u00e9 zhoubnou nemoci. Je pom\u011brn\u011b dosti vz\u00e1cn\u00e1. Winsternsk\u00fd rod \u0159\u00e1du lebonsk\u00fdch lid\u00ed v\u0161ak m\u00e1 tu \u010dest n\u011bkolik t\u011bchto ko\u010di\u010dek vlastnit. Pr\u00e1v\u011b i ony velkou m\u011brou p\u0159isp\u011bly k celkov\u00e9mu uzdraven\u00ed Larisy. V\u011b\u0159te, \u017ee jsem za to r\u00e1d, tu d\u00edvku zn\u00e1m od jej\u00edho narozen\u00ed a s jej\u00ed rodinou po dlouh\u00e1 l\u00e9ta udr\u017euji p\u0159\u00e1telsk\u00e9 vztahy.\u201c<\/p>\n<p>\u201eTak to mus\u00ed b\u00fdt va\u0161e m\u011bsto na ten v\u00e1\u0161 \u0158\u00e1d n\u00e1le\u017eit\u011b py\u0161n\u00e9, kdy\u017e mu tak ochotn\u011b pom\u00e1h\u00e1.\u201c<\/p>\n<p>\u201eAno,\u201c pousm\u00e1l se Radovan. \u201eOv\u0161em vy,\u201c a obr\u00e1til Ludv\u00edkovu pozornost k jedn\u00e9 z postrann\u00edch poli\u010dek, \u201epokud nem\u00e1te \u017e\u00e1dn\u00e9 pot\u00ed\u017ee se zhoubnou nemoc\u00ed, sp\u00ed\u0161e ocen\u00edte toto.\u201c<\/p>\n<p>Ludv\u00edk si se z\u00e1jmem prohl\u00e9dl Radovanem nab\u00edzen\u00e9 br\u00fdle a cosi, co vypadalo jako cyklistick\u00e1 helma p\u0159ipojen\u00e1 k walkmanu.<\/p>\n<p>\u201eTo jsou takzvan\u00e9 ALMANY. \u010clov\u011bku umo\u017e\u0148uj\u00ed vstup do jeho vlastn\u00ed nitern\u00ed mysli a vn\u00edmat tak na\u017eivo pocity a n\u00e1lady, \u010di je p\u0159ehr\u00e1vat do ryze re\u00e1ln\u00e9 podoby,\u201c ujal se podrobn\u00e9ho vysv\u011btlov\u00e1n\u00ed Radovan.<\/p>\n<p>Ludv\u00edk na moment zav\u00e1hal, nakonec se v\u0161ak p\u0159eci jen osm\u011blil profesora biologie zeptat: \u201eA mohl bych si je na sob\u011b vyzkou\u0161et, nevadilo by v\u00e1m to?\u201c<\/p>\n<p>\u201eToto jsou jejich pouh\u00e9 v\u011brn\u00e9 napodobeniny, tak\u017ee by v\u00e1m k u\u017eitku p\u0159\u00edli\u0161 nebyly.\u201c<\/p>\n<p>\u201eAch tak,\u201c zklamalo toto zji\u0161t\u011bn\u00ed trochu Ludv\u00edka, Radovan v\u0161ak v\u011bd\u011bl, jak mu op\u011btovn\u011b pozvednout n\u00e1ladu.<\/p>\n<p>\u201eAle pokud v\u00e1\u017en\u011b uva\u017eujete o jejich odzkou\u0161en\u00ed, mohu se domluvit s jejich pr\u00e1voplatn\u00fdm v\u00fdrobcem. Pod jeho osobn\u00edm dohledem byste svoji mysl s pomoc\u00ed ALMAN za\u010dal l\u00e9pe ovl\u00e1dat, t\u00edm jsem si naprosto jist,\u201c p\u0159isl\u00edbil dobrosrde\u010dn\u011b.<\/p>\n<p>Ludv\u00edk pouze souhlasn\u011b p\u0159ik\u00fdvl.<\/p>\n<p>\u201ePane profesore? Ludv\u00edku?\u201c<\/p>\n<p>\u201eTady jsme Apolenko?\u201c<\/p>\n<p>Jmenovan\u00e1 vstoupila za ob\u011bma do na prvn\u00ed pohled tajn\u00e9 m\u00edstnosti.<\/p>\n<p>\u201ePr\u00e1v\u011b jsem tady Ludv\u00edkovi ukazoval sv\u00e9 \u010detn\u00e9 poklady, kter\u00e9 se mi za cel\u00fd m\u016fj dosavadn\u00ed \u017eivot staly nitern\u00edmi z\u00e1le\u017eitostmi. Jen se nesty\u010fte a i vy se jimi pokochejte,\u201c vyzval Apolenu Radovan.<\/p>\n<p>I ji z\u00e1hy na prvn\u00ed pohled op\u011btovn\u011b zaujal Vantelbooklist a Larisin osud a stejn\u011b tak i ona prahla po proniknut\u00ed do sv\u00fdch vlastn\u00edch nitern\u00edch my\u0161lenek za pomoc\u00ed ALMAN.<\/p>\n<p>\u201eJsem si jist, \u017ee i v\u00e1m m\u016fj dobr\u00fd p\u0159\u00edtel Tom Wong vyhov\u00ed,\u201c zopakoval Radovan. \u201eNyn\u00ed je v\u0161ak ji\u017e na\u010dase j\u00edt se nasn\u00eddat,\u201c vyzval sv\u00e9 dva hosty.<\/p>\n<p>V\u0161ichni t\u0159i vy\u0161li z on\u00e9 m\u00edstnosti a kdy\u017e Radovan zm\u00e1\u010dkl vyp\u00edna\u010d, op\u011bt potemn\u011bla. Pak ji\u017e posta\u010dilo znovu zadat onen p\u0159\u00edslu\u0161n\u00fd \u010d\u00edseln\u00fd k\u00f3d a b\u00edl\u00e1 st\u011bna se zacelila.<\/p>\n<p>\u201eTak jak jste se tedy rozhodl Ludv\u00edku? Z\u016fstanete \u010di odjedete?\u201c zeptal se ho vl\u00eddn\u011b Radovan ihned po sn\u00eddani.<\/p>\n<p>Ludv\u00edk neodpov\u011bd\u011bl hned, v\u0161e si pe\u010dliv\u011b je\u0161t\u011b rozm\u00fd\u0161lel. Co by ho jinak \u010dekalo, kdyby Katalnou Mochnu p\u0159eci jen nadobro opustil? Pravd\u011bpodobn\u011b jen vlekl\u00e1 a neut\u011b\u0161iteln\u00e1 samota, nebo\u0165 na rozd\u00edl od Apoleny ji\u017e nem\u011bl \u017e\u00e1dnou rodinu. Ludv\u00edka rovn\u011b\u017e st\u00e1le tr\u00e1pil p\u0159\u00edstup Vladany Vladsk\u00e9. Jej\u00ed vnu\u010dku \u0160\u00e1rku v\u0161ak bezmezn\u011b miloval a netou\u017eil po \u017e\u00e1dn\u00e9 jin\u00e9. Kdyby v Kataln\u00e9 Mochn\u011b tedy nad\u00e1le setrval, t\u0159eba by je\u0161t\u011b existovala mo\u017enost, jak svoji vyvolenou z\u00edskat. A Radovan Ludv\u00edkovi p\u0159ece p\u0159isl\u00edbil \u00fa\u010dast na on\u011bch ALMAN\u00c1CH. Ani to rozhodn\u011b nebylo k zahozen\u00ed. Nav\u00edc, Ludv\u00edk za v\u010derej\u0161\u00ed den poznal nespo\u010det p\u0159\u00e1telstv\u00ed jako nikdy za posledn\u00ed dobu sv\u00e9ho \u017eivota.<\/p>\n<p>\u201eZ\u016fstanu, pane profesore,\u201c vyj\u00e1d\u0159il se nakonec.<\/p>\n<p>\u201eNo v\u00fdborn\u011b, touto zpr\u00e1vou jste mne velice pot\u011b\u0161il, mlad\u00edku,\u201c prohl\u00e1sil spokojen\u011b Radovan.<\/p>\n<p>Pot\u00e9 pohl\u00e9dl na druh\u00e9ho sv\u00e9ho hosta. \u201eA vy, Apolenko?\u201c<\/p>\n<p>Jmenovan\u00e1 nemarnila ani vte\u0159inu a na Radovanovu nab\u00eddku z\u016fstat v Kataln\u00e9 Mochn\u011b bez v\u00e1h\u00e1n\u00ed okam\u017eit\u011b odpov\u011bd\u011bla souhlasn\u00e9 \u201eano\u201c.<\/p>\n<p>\u201eTak se mi oba dva l\u00edb\u00edte,\u201c pochv\u00e1lil je Radovan.<\/p>\n<p>A netrvalo to dlouho a u venkovn\u00edch dve\u0159\u00ed za\u0159in\u010del zvonek. Radovan vstal od stolu a \u0161el otev\u0159\u00edt. A p\u00e1r vte\u0159in nato u\u017e pokojem spole\u010dn\u011b s n\u00edm proch\u00e1zeli t\u0159i dal\u0161\u00ed host\u00e9, z nich\u017e toho jednoho Apolena a Ludv\u00edk okam\u017eit\u011b poznali. Byla j\u00edm toti\u017e Anna.<\/p>\n<p>\u201eP\u0159esn\u00e1 jako hodinky,\u201c prohl\u00e1sil bod\u0159e Radovan. \u201eA kohopak jste n\u00e1m to p\u0159ivedla?\u201c<\/p>\n<p>\u201ePros\u00edm, seznamte se, toto jsou Albert a Amelie,\u201c p\u0159edstavila Anna sv\u00e9 dva spole\u010dn\u00edky.<\/p>\n<p>\u201eT\u011b\u0161\u00ed mne, m\u00e9 ct\u011bn\u00e9 jm\u00e9no je Radovan a srde\u010dn\u011b v\u00e1s tu v\u00edt\u00e1m.\u201c<\/p>\n<p>N\u00e1sledn\u011b si Radovan, Amelie a Albert pot\u0159\u00e1sli rukama.<\/p>\n<p>\u201eA je\u0161t\u011b jsou tu dv\u011b dal\u0161\u00ed sp\u0159\u00edzn\u011bn\u00e9 du\u0161i\u010dky, co by se s v\u00e1mi r\u00e1di pozdravili,\u201c pronesl Radovan a oto\u010dil se sm\u011brem ke stolu. \u201eApolenko, Ludv\u00edku, nesty\u010fte se a poj\u010fte sem k n\u00e1m,\u201c vyzval oba dva sv\u00e9 hosty. Ti p\u0159\u00e1n\u00ed hostitele okam\u017eit\u011b vyhov\u011bli.<\/p>\n<p>\u201eA copak je tohle za mil\u00e9 stvo\u0159en\u00ed?\u201c poznamenal Radovan, kdy\u017e jeho o\u010di spo\u010dinuly na zlat\u00e9m retr\u00edvrovi, kter\u00e9ho Anna m\u011bla na vod\u00edtku.<\/p>\n<p>\u201eAj\u0161a,\u201c p\u0159edstavila fenku a n\u00e1sledn\u011b ji vyzvala: \u201eNo tak, Aj\u0161o, podej p\u0159ece tady panu profesorovi na uv\u00edtanou pac.<\/p>\n<p>Retr\u00edvr okam\u017eit\u011b u\u010dinil, o\u010d ho Anna po\u017e\u00e1dala.<\/p>\n<p>\u201eVelice \u0161ikovn\u00fd ps\u00edk,\u201c pochv\u00e1lil Aj\u0161u Radovan a podrbal ji na hlav\u011b. \u201eKdepak jste nechala Evel\u00ednku, copak \u017ee nep\u0159i\u0161la s v\u00e1mi?\u201c zaj\u00edmal se d\u00e1l.<\/p>\n<p>\u201eOd v\u010derej\u0161\u00ed noci jsem ji nevid\u011bla, tak\u017ee ani nev\u00edm, kde se moment\u00e1ln\u011b zdr\u017euje,\u201c p\u0159iznala Anna, na\u010de\u017e z jej\u00edho hlasu se dalo vypozorovat, \u017ee si o ni d\u011bl\u00e1 nemal\u00e9 starosti.<\/p>\n<p>\u201eV\u0161e se \u010dasem urovn\u00e1, uvid\u00edte Ani\u010dko,\u201c chl\u00e1cholil ji Radovan, kdy\u017e mu jmenovan\u00e1 vypov\u011bd\u011bla v\u0161e o on\u00e9 dal\u0161\u00ed h\u00e1dce s n\u00ed, a pak se pod\u00edval na Amelii. \u201eJak ale vid\u00edm, tak jste za svoji, prozat\u00edm n\u011bkdej\u0161\u00ed kamar\u00e1dku, sehnala plnohodnotnou n\u00e1hradu.\u201c<\/p>\n<p>\u201eAmelie se prost\u011b dne\u0161n\u00ed r\u00e1no \u010dasn\u011b probudila a toliko z\u00e1vid\u011bla Albertovi jeho den pln\u00fd z\u00e1zrak\u016f, \u017ee jsem j\u00ed navrhla, aby ho str\u00e1vila spole\u010dn\u011b s n\u00e1mi, kdy\u017e Evel\u00edna nen\u00ed p\u0159\u00edtomna.\u201c<\/p>\n<p>\u201eTo je dob\u0159e, nikdy nen\u00ed na \u0161kodu vym\u011bnit onu pyramidku za \u010derstv\u00fd p\u0159\u00edrodn\u00ed vzduch, i kdy\u017e i v n\u00ed, p\u0159edpokl\u00e1d\u00e1m, pob\u00fdv\u00e1te r\u00e1da.\u201c<\/p>\n<p>Amelie souhlasn\u011b p\u0159ik\u00fdvla.<\/p>\n<p>\u201eM\u016f\u017eeme se tedy vydat na cestu? M\u00e1te na ni v\u0161e p\u0159ichyst\u00e1no?\u201c zeptal se pak Radovan Anny.<\/p>\n<p>\u201eAno,\u201c p\u0159itakala.<\/p>\n<p>V\u0161ichni tedy vy\u0161li ven, kde je p\u0159iv\u00edtalo slunce. Od Radovanova domu se na sv\u00e9 cest\u011b \u0159\u00eddili zna\u010dkami, kter\u00e9 m\u011bly sv\u016fj pr\u00e1voplatn\u00fd v\u00fdznam. A Apolena s Ludv\u00edkem z\u00e1hy pochopili jak\u00fd a to pot\u00e9, co \u0161esti\u010dlennou skupinku zavedly k jednomu z jezer, kde na jeho b\u0159ehu pod lavi\u010dkou v pe\u010dliv\u011b uschovan\u00e9m pouzd\u0159e Albert nalezl sob\u011b nitern\u00ed v\u011bc v podob\u011b zlat\u00fdch hodinek. Jak z\u00e1hy Apolena s Ludv\u00edkem pochopili, tak tato cesta byla darem k jeho narozenin\u00e1m a z\u00e1rove\u0148 m\u011bla jeho my\u0161lenky odpoutat od leuk\u00e9mie, j\u00ed\u017e je\u0161t\u011b p\u0159ed p\u00e1r m\u011bs\u00edci trp\u011bl.<\/p>\n<p>\u010cinila se i fenka Aj\u0161a, ta poslu\u0161n\u011b plnila rozmanit\u00e9 pokyny a v\u0161ichni z n\u00ed byli nad\u0161eni. Ov\u0161em to nebylo v\u0161e, p\u0159\u00e1telskou atmosf\u00e9ru vkusn\u011b dotv\u00e1\u0159ely H\u00d3LEJENKY, ony h\u016fl\u010di\u010dky, co umo\u017e\u0148ovaly levitace a tvarov\u00e1n\u00ed obrazc\u016f, \u010di JELEMANTELY, pro zm\u011bnu ony pl\u00e1\u0161t\u011b zp\u016fsobuj\u00edc\u00ed zlomkovou neviditelnost. Zd\u00e1lo se tedy, \u017ee tento den se ponese jen ve znamen\u00ed pozitiv. Av\u0161ak i na v\u00e1\u017en\u00e1 t\u00e9mata p\u0159eci jen zakr\u00e1tko p\u0159i\u0161la \u0159e\u010d, to kdy\u017e se Albert ne\u010dekan\u011b v\u00edce rozpov\u00eddal o sv\u00e9 n\u011bkdej\u0161\u00ed nemoci.<\/p>\n<p>\u201eByl jsem na tom dosti \u0161patn\u011b, dokonce mi hrozila amputace obou noh, nyn\u00ed se v\u0161ak ji\u017e c\u00edt\u00edm o mnoho l\u00e9pe, jen m\u011b ob\u010das p\u0159epadaj\u00ed zl\u00e9 sny.\u201c<br \/>\n\u201eTo mn\u011b se n\u011bco podobn\u00e9ho p\u0159ihodilo tuto noc,\u201c sv\u011b\u0159il se Albertovi Ludv\u00edk.<\/p>\n<p>\u201eJ\u00e1 v\u00edm, \u017eivot je n\u011bkdy dosti t\u011b\u017ek\u00fd a je proto zapot\u0159eb\u00ed na n\u011bm hledat i ur\u010dit\u00e1 pozitiva,\u201c pok\u00fdval v\u00e1\u017en\u011b hlavou Albert. \u201eA j\u00e1 je spat\u0159uji v existenci Winsternsk\u00e9ho rodu \u0159\u00e1du lebonsk\u00fdch lid\u00ed, kter\u00fd mi dodal novou chu\u0165 do \u017eivota, t\u00edm, \u017ee m\u011b vyl\u00e9\u010dil z on\u00e9 zhoubn\u00e9 nemoci, za co\u017e jsem mu nesm\u00edrn\u011b vd\u011b\u010dn\u00fd,\u201c pokra\u010doval, na\u010de\u017e Ann\u011b slo\u017eil hlubokou poklonu. Ta ji s vd\u011b\u010dnost\u00ed p\u0159ijala a nakonec nic nenam\u00edtala proti tomu, aby se oba p\u00e1nov\u00e9 spolu bavili i o smutn\u00fdch v\u011bcech. Byla p\u0159esv\u011bd\u010dena, \u017ee t\u00edm, kdy\u017e se jeden druh\u00e9mu sv\u011b\u0159\u00ed se sv\u00fdm tr\u00e1pen\u00edm, se jim pak i v\u00edce ulev\u00ed.<\/p>\n<p>\u201eNo n\u00e9, Exup\u00e9ryho Mal\u00fd princ, nejmilej\u0161\u00ed kn\u00ed\u017eka m\u00e9ho d\u011btstv\u00ed!\u201c rozpl\u00fdval se nad svazkem \u00fatl\u00e9 kn\u00ed\u017ee\u010dky Albert. To \u0161esti\u010dlenn\u00e1 skupinka pr\u00e1v\u011b dosp\u011bla na okraj Oborov\u011bnky, kde doty\u010dn\u00fd pod jedn\u00edm z pa\u0159ez\u016f v ochrann\u00e9m pouzdru objevil dal\u0161\u00ed ze sv\u00fdch nitern\u00edch dar\u016f.<\/p>\n<p>\u201eToho jsem kdysi tak\u00e9 \u010detla. Moc p\u011bkn\u00fd p\u0159\u00edb\u011bh, jen onen konec m\u011b tro\u0161i\u010dku zamrzel. Dle m\u00e9ho n\u00e1zoru se m\u011bl Mal\u00fd princ na svoji planetu vr\u00e1tit a d\u00e1le s on\u00edm letcem udr\u017eovat p\u0159\u00e1telsk\u00fd kontakt,\u201c p\u0159ihl\u00e1sila se o slovo kone\u010dn\u011b i Apolena, kter\u00e1 po celou dosavadn\u00ed cestu sp\u00ed\u0161e naslouchala ostatn\u00edm.<\/p>\n<p>\u201eAno, ten p\u0159\u00edb\u011bh kon\u010d\u00ed opravdu ne\u0161\u0165astn\u011b, po celou dobu si v\u0161ak uchov\u00e1v\u00e1, jak jste spr\u00e1vn\u011b vystihla, onu p\u0159\u00e1telskou atmosf\u00e9ru, co\u017e je pro m\u011b podstatn\u00e9,\u201c m\u00ednil Albert.<\/p>\n<p>\u201eNu\u017ee, jak jsem ji\u017e uvedl, p\u0159\u00e1telstv\u00ed je prav\u00fdm ko\u0159en\u00edm \u017eivota,\u201c zopakoval osv\u011bd\u010den\u00e9 moudro Radovan.<\/p>\n<p>M\u00ed\u0159ili v\u00edce do hloubi lesa a i nad\u00e1le se \u0159\u00eddili p\u0159\u00edslu\u0161n\u00fdmi zna\u010dkami, kter\u00e9 je dovedli k dal\u0161\u00edm poklad\u016fm, n\u00e1le\u017e\u00edc\u00edm Albertovi. A neust\u00e1vala ani konverzace. Nyn\u00ed to byla zejm\u00e9na Amelie, kdo se ujal slova. I ona ochotn\u011b p\u0159iznala, \u017ee nyn\u00ed si za\u010d\u00edn\u00e1 \u017eivota v\u00edce cenit a z\u00e1rove\u0148 u\u017e\u00edvat, a jak j\u00ed je v tom velice n\u00e1pomocn\u00e1 Winsternsk\u00e1 ko\u010dka. Tak\u00e9 Amelie toti\u017e trp\u011bla zhoubnou nemoc\u00ed a sice rakovinou, pot\u00e9 ale, co za\u010dala vyu\u017e\u00edvat slu\u017eeb on\u00e9 vz\u00e1cn\u00e9 persk\u00e9 ko\u010di\u010dky, metast\u00e1ze jako z\u00e1zrakem zmizely a ona se postupn\u011b dost\u00e1vala do st\u00e1le lep\u0161\u00ed du\u0161evn\u00ed pohody a uzdravovat se. A nakonec se Amelie s Albertem spole\u010dn\u011b bavili my\u0161lenkou, co na jejich stav asi \u0159eknou obvodn\u00ed l\u00e9ka\u0159i a dokto\u0159i z nemocnice.<\/p>\n<p>\u201eD\u011bkuji v\u00e1m, Ani\u010dko, p\u0159esn\u011b takovouto tepl\u00e1kovou soupravu jsem si p\u0159\u00e1l,\u201c rozpl\u00fdval se Albert sam\u00fdm blahem nad pr\u00e1v\u011b nalezen\u00fdm oble\u010den\u00edm v dal\u0161\u00ed z nen\u00e1padn\u00fdch skr\u00fd\u0161\u00ed, na n\u00ed\u017e upozornily lesn\u00ed zna\u010dky.<\/p>\n<p>\u201eT\u011b\u0161\u00ed mne, \u017ee jsme se strefili do va\u0161eho vkusu, Alberte,\u201c odpov\u011bd\u011bla mu dobrotiv\u011b Anna.<\/p>\n<p>A Radovan se p\u0159idal: \u201eV t\u00e9 se v\u00e1m dokonale proh\u0159eje srd\u00ed\u010dko a u\u017e si na v\u00e1s \u017e\u00e1dn\u00e1 nemoc netroufne.\u201c<\/p>\n<p>Apolena a Ludv\u00edk se na vlastn\u00ed o\u010di p\u0159esv\u011bd\u010dovali, \u017ee Albert byl, co se p\u0159\u00e1n\u00ed t\u00fdkalo, pom\u011brn\u011b skromn\u00fd \u010dlov\u011bk. Krom\u011b hodinek, Exup\u00e9ryho Mal\u00e9ho prince a tepl\u00e1kov\u00e9 soupravy s ozdravn\u00fdmi dopl\u0148ky mezi jeho dal\u0161\u00ed nitern\u00ed nalezen\u00e9 dary prozat\u00edm pat\u0159ily bal\u00ed\u010dek hrac\u00edch karet, pouk\u00e1zka na d\u00e1rkov\u00e9 zbo\u017e\u00ed v hodnot\u011b p\u011bt tis\u00edc korun v jak\u00e9mkoliv mochnick\u00e9m obchodu, \u010di pr\u00e1zdn\u00e9 foto-album. Ov\u0161em ten nejv\u011bt\u0161\u00ed d\u00e1rek od Winsternsk\u00e9ho rodu \u0159\u00e1du lebonsk\u00fdch lid\u00ed m\u011bl teprve p\u0159ij\u00edt a stala se j\u00edm mo\u017enost setk\u00e1n\u00ed s Albertov\u00fdm n\u011bkdej\u0161\u00edm kamar\u00e1dem z d\u011btstv\u00ed, s n\u00edm\u017e se doty\u010dn\u00fd naposledy vid\u011bl zhruba p\u0159ed \u0161edes\u00e1ti lety. Ann\u011b a jej\u00edm spolupracovn\u00edk\u016fm z \u0158\u00e1du se jim ho v\u0161ak poda\u0159ilo naj\u00edt a doty\u010dn\u00fd se setk\u00e1n\u00edm ochotn\u011b souhlasil. Nyn\u00ed tedy bylo jen na Albertovi, jestli onen dar p\u0159ijme, \u010di ho odm\u00edtne.<\/p>\n<p>\u201eAle to v\u00edte, \u017ee se s Robertem zase r\u00e1d uvid\u00edm,\u201c p\u0159ijal nakonec svorn\u011b danou nab\u00eddku i Albert a rozplakal se dojet\u00edm. \u201ePromi\u0148te mi ty slzy,\u201c omlouval se.<\/p>\n<p>\u201eTo nic, drah\u00fd p\u0159\u00edteli,\u201c ut\u011b\u0161oval ho hned Radovan. \u201eZe v\u0161eho nejd\u016fle\u017eit\u011bj\u0161\u00ed je, \u017ee se ve va\u0161em p\u0159\u00edpad\u011b nyn\u00ed jedn\u00e1 o slzy \u0161t\u011bst\u00ed.\u201c<\/p>\n<p>Radovanova slova na druh\u00e9 poka\u017ed\u00e9 velice zap\u016fsobila, ov\u0161em v tomto p\u0159\u00edpad\u011b nem\u011bla dlouh\u00e9ho trv\u00e1n\u00ed. O to se postarala Aj\u0161a, kdy\u017e p\u0159i sv\u00e9m pob\u00edh\u00e1n\u00ed po lese narazila na ne\u010dekan\u00fd n\u00e1lez a sv\u00fdm nal\u00e9hav\u00fdm \u0161t\u011bkotem \u0161esti\u010dlennou skupinku p\u0159ivolala.<\/p>\n<p>\u201ePane bo\u017ee, snad nejsou&#8230; mrtv\u00e9?\u201c zhrozila se p\u0159i pohledu na t\u0159i bezvl\u00e1dn\u011b le\u017e\u00edc\u00ed srnky Amelie.<\/p>\n<p>\u201eU\u017e to tak vypad\u00e1,\u201c odpov\u011bd\u011bl j\u00ed Radovan, kdy\u017e jednu po druh\u00e9 ohledal. \u201eN\u011bkdo jim z\u0159ejm\u011b zasadil r\u00e1nu z pu\u0161ky,\u201c konstatoval, na\u010de\u017e si hnedle pov\u0161iml je\u0161t\u011b \u010dehosi zvl\u00e1\u0161tn\u00edho a sice plaketek, kter\u00e9 srnky m\u011bly ov\u011b\u0161en\u00e9 kolem zadn\u00edch noh.<\/p>\n<p>\u201eCo ud\u011bl\u00e1me?\u201c zeptala se Anna.<\/p>\n<p>\u201eNejlep\u0161\u00ed ze v\u0161eho bude, kdy\u017e nav\u0161t\u00edv\u00edme Just\u00fdnu,\u201c rozhodl Radovan. Pak omluvn\u011b pohl\u00e9dl na Alberta. \u201ePromi\u0148te p\u0159\u00edteli, ale toto nepo\u010dk\u00e1.\u201c<\/p>\n<p>\u201eA mohl bych j\u00edt s v\u00e1mi, pane profesore?\u201c poprosil obratem Ludv\u00edk. St\u00e1le toti\u017e byl p\u0159esv\u011bd\u010den o tom, \u017ee by mu Radovan mohl b\u00fdt n\u011bjak n\u00e1pomocen s Vladanou Vladskou. Necht\u011bl ho proto ztratit z dohledu.<\/p>\n<p>\u201eA j\u00e1?\u201c p\u0159ihl\u00e1sila se o slovo i Apolena. P\u0159eci jen zast\u00e1vala n\u00e1zor, \u017ee bude nejrozumn\u011bj\u0161\u00ed, kdy\u017e Anna z\u016fstane s Ameli\u00ed a Albertem sama. Koneckonc\u016f tento den n\u00e1le\u017eel jim a ona c\u00edtila, \u017ee by to tak m\u011blo z\u016fstat.<\/p>\n<p>Radovan proti tomu nic nenam\u00edtal, dokonce s\u00e1m od sebe pravil: \u201eMysl\u00edm, \u017ee bychom k n\u00ed m\u011bli spole\u010dn\u011b zav\u00edtat v\u0161ichni. Tady v lese pro n\u00e1s nen\u00ed moment\u00e1ln\u011b bezpe\u010dno,\u201c na\u010de\u017e se oto\u010dil prosebn\u011b i na Annu.<\/p>\n<p>\u201eJ\u00e1 to zvl\u00e1dnu, pane profesore, d\u00e1m na sebe a na Alberta s Ameli\u00ed pozor.\u201c<\/p>\n<p>\u201eOpravdu?\u201c byl Radovan st\u00e1le na pochyb\u00e1ch, nebo\u0165 m\u011bl v \u017eiv\u00e9 pam\u011bti onu trag\u00e9dii, co Annu postihla v Praze. P\u0159irozen\u011b si o ni tedy d\u011blal starosti.<\/p>\n<p>\u201eAno,\u201c odpov\u011bd\u011bla mu rozhodn\u011b Anna.<\/p>\n<p>\u201eNu\u017ee jak mysl\u00edte, Ani\u010dko, ale bu\u010fte opatrn\u00e1. A p\u0159edev\u0161\u00edm, nenechte Aj\u0161u voln\u011b pob\u00edhat po lese.\u201c<\/p>\n<p>\u201eNebojte se, d\u00e1m na v\u0161echny pozor,\u201c ubezpe\u010dovala Anna Radovana a ten, i kdy\u017e s rozpaky, nakonec souhlasil.<\/p>\n<p>Just\u00fdna v Oborov\u011bnce vlastnila zv\u00ed\u0159ec\u00ed \u00fatulek a za norm\u00e1ln\u00edch okolnost\u00ed to jinak byla dosti sympatick\u00e1 v\u00fd\u0159e\u010dn\u00e1 \u017eena. Svoj\u00ed viz\u00e1\u017e\u00ed sice obstojn\u011b p\u0159ipom\u00ednala punkerku, srdce v\u0161ak v\u017edy m\u00edvala na spr\u00e1vn\u00e9m m\u00edst\u011b.<\/p>\n<p>\u201eRadovane, to je mi ale mil\u00e9 p\u0159ekvapen\u00ed, \u010demu vd\u011b\u010d\u00edm za tuto hromadnou n\u00e1v\u0161t\u011bvu?\u201c v\u00edtala se nad\u0161en\u011b s profesorem biologie. \u201eCopak se v\u00e1m stalo, \u017ee jste tak pobledl\u00fd ve tv\u00e1\u0159i?\u201c<\/p>\n<p>Kdy\u017e Radovan Just\u00fdn\u011b z\u00e1hy pov\u011bd\u011bl, na co v lese narazili, t\u00e9m\u011b\u0159 ji to \u0161okovalo. \u201eNo tohle, kter\u00fd sy\u010d\u00e1k n\u011bco takov\u00e9ho mohl prov\u00e9st?\u201c<\/p>\n<p>\u201eT\u011b\u017eko \u0159\u00edci, zaj\u00edmav\u00e9 ov\u0161em je, \u017ee ty srny kolem noh m\u011bly zav\u011b\u0161en\u00e9 toto.\u201c<\/p>\n<p>Just\u00fdna pohl\u00e9dla na plaketky, kter\u00e9 j\u00ed ihned p\u0159i\u0161ly velice pov\u011bdom\u00e9. \u201eTo je p\u0159ece logo Dev\u00edti slunc\u00ed.\u201c<\/p>\n<p>\u201eJeho\u017e \u010dlenkou jste i vy, pokud mne zd\u00e1n\u00ed neklame,\u201c doplnil Just\u00fdnu Radovan.<\/p>\n<p>\u201eTo ano, ale pro\u010d by kdokoliv z n\u00e1s n\u011bco tak ohavn\u00e9ho d\u011blal, to mi ned\u00e1v\u00e1 smysl.\u201c<\/p>\n<p>\u201eT\u0159eba tak \u010dinil ze msty,\u201c m\u00ednil Radovan.<\/p>\n<p>\u201eMo\u017en\u00e1,\u201c p\u0159ipustila, i kdy\u017e dosti neochotn\u011b Just\u00fdna. \u201eZdr\u017e\u00edte se, pane profesore?\u201c zeptala se pak.<\/p>\n<p>\u201eJestli v\u00e1m to nebude vadit, tak na chvilenku m\u016f\u017eeme.\u201c<\/p>\n<p>\u201eKde jste ty mrtv\u00e9 srnky na\u0161li?\u201c zeptala se Just\u00fdna, zat\u00edmco sv\u00fdm t\u0159em host\u016fm nal\u00e9vala \u010daj a na tal\u00ed\u0159e nandavala s\u00e1zen\u00e1 vejce. Byl toti\u017e \u010das ob\u011bda a hostitelka trvala na tom, \u017ee si Radovan, Apolena a Ludv\u00edk musej\u00ed d\u00e1t ob\u011bd spole\u010dn\u011b s n\u00ed.<\/p>\n<p>\u201eNedaleko m\u00fdtiny Svat\u00e9ho Andreje,\u201c pravil Radovan.<\/p>\n<p>\u201eZaj\u00edmav\u00e9, tam se pravideln\u011b Dev\u011bt slunc\u00ed sch\u00e1z\u00ed,\u201c p\u0159ipustila Just\u00fdna. \u201eA pr\u00e1v\u011b v t\u011bch m\u00edstech se hojn\u011b vyskytuj\u00ed i ony srnky. Nav\u00edc tam maj\u00ed j\u00eddlo a vodu.\u201c<\/p>\n<p>\u201eA vy netu\u0161\u00edte, kdo by za t\u00edm \u00fatokem mohl st\u00e1t?\u201c zaj\u00edmal se d\u00e1l Radovan.<\/p>\n<p>\u201eSama nev\u00edm, ka\u017edop\u00e1dn\u011b z\u00edtra m\u00e1me sraz v POLOMCE, tak\u017ee se v\u0161ech \u010dlen\u016f p\u011bkn\u011b zostra vypt\u00e1m,\u201c p\u0159isl\u00edbila Just\u00fdna, na\u010de\u017e z jej\u00edho hlasu st\u00e1le byla c\u00edtit jist\u00e1 nevra\u017eivost v\u016f\u010di tomu, jak n\u011bkdo dok\u00e1\u017ee b\u00fdt tak nesoucitn\u011b krut\u00fd.<\/p>\n<p>\u201eCopak Ludv\u00edku? Co v\u00e1s tr\u00e1p\u00ed?\u201c pov\u0161iml si z\u00e1hy Radovan, jak se na n\u011bj jmenovan\u00fd prosebn\u011b d\u00edv\u00e1.<\/p>\n<p>\u201eEhm,\u201c za\u010dal Ludv\u00edk, \u201emohl bych v\u00e1s o n\u011bco po\u017e\u00e1dat, pane profesore?\u201c<\/p>\n<p>\u201eAle zajist\u00e9, mlad\u00fd mu\u017ei,\u201c odv\u011btil dobrotiv\u011b Radovan. \u201eCopak m\u00e1te na srdci?\u201c<\/p>\n<p>\u201eR\u00e1d bych je\u0161t\u011b jednou nav\u0161t\u00edvil pan\u00ed hrab\u011bnku. Byl byste tak laskav a za\u0161el k n\u00ed spole\u010dn\u011b se mnou?\u201c<\/p>\n<p>\u201eBude mi nesm\u00edrnou ct\u00ed, mlad\u00edku, j\u00e1 s\u00e1m toti\u017e hodl\u00e1m s Vladanou d\u00e1ti \u0159e\u010d,\u201c p\u0159ekvapil svoj\u00ed v\u00fdpov\u011bd\u00ed Ludv\u00edka Radovan a tomu se tak r\u00e1zem v\u00edce ulevilo.<\/p>\n<p>\u201eNo a my s Apolenou bychom se zase mohly zaj\u00edt pod\u00edvat ke Svat\u00e9mu Andrejovi,\u201c navrhla doty\u010dn\u00e9 Just\u00fdna.<\/p>\n<p>\u201eNev\u00edm jestli pr\u00e1v\u011b toto je zrovna \u0161\u0165astn\u00fd n\u00e1pad.\u201c<\/p>\n<p>\u201eNebojte se, pane profesore, d\u00e1me si pozor. A kdy\u017e tam na toho dareb\u00e1ka nenaraz\u00edme, tak alespo\u0148 t\u011bm t\u0159em n\u011bm\u00fdm tv\u00e1\u0159\u00edm vystroj\u00edme n\u00e1le\u017eit\u00fd poh\u0159eb, jak se slu\u0161\u00ed a pat\u0159\u00ed. To si zkr\u00e1tka neodpust\u00edm.\u201c<\/p>\n<p>\u201eNu\u017ee, v tom p\u0159\u00edpad\u011b ale ob\u011b dv\u011b bu\u010fte, jak jsem sd\u011blil ji\u017e prve Ann\u011b, velice opatrn\u00e9.\u201c<\/p>\n<p>\u201eNebojte, budeme,\u201c ubezpe\u010dovala Radovana Just\u00fdna, na\u010de\u017e si je\u0161t\u011b jednou zanad\u00e1vala, jak n\u011bkdo m\u016f\u017ee b\u00fdt k n\u011bm\u00fdm tv\u00e1\u0159\u00edm tak nesoucitn\u011b krut\u00fd.<\/p>\n<div class=\"fcbkbttn_buttons_block\" id=\"fcbkbttn_left\"><div class=\"fcbkbttn_button\">\n                            <a href=\"https:\/\/www.facebook.com\/tom.patrick.509\" target=\"_blank\">\n                                <img decoding=\"async\" src=\"https:\/\/eldar.cz\/tompatrick\/wp-content\/plugins\/facebook-button-plugin\/images\/large-facebook-ico.png\" alt=\"Fb-Button\" \/>\n                            <\/a>\n                        <\/div><div class=\"fcbkbttn_like fcbkbttn_large_button\"><fb:like href=\"https:\/\/eldar.cz\/tompatrick\/city-means-v-mesto-plne-zazraku\/5-krasa-a-pozitiva-pramenici-z-jedne-z-letnich-ozdravnych-prochazek\" action=\"like\" colorscheme=\"light\" layout=\"standard\"  width=\"225px\" size=\"large\"><\/fb:like><\/div><div class=\"fb-share-button fcbkbttn_large_button \" data-href=\"https:\/\/eldar.cz\/tompatrick\/city-means-v-mesto-plne-zazraku\/5-krasa-a-pozitiva-pramenici-z-jedne-z-letnich-ozdravnych-prochazek\" data-type=\"button_count\" data-size=\"large\"><\/div><\/div>","protected":false},"excerpt":{"rendered":"<p>&nbsp; 5. Kr\u00e1sa a pozitiva pramen\u00edc\u00ed z jedn\u00e9 z letn\u00edch ozdravn\u00fdch proch\u00e1zek a ze strany t\u011bch, jim\u017e na druh\u00fdch tuze z\u00e1le\u017e\u00ed, naru\u0161ena n\u00e1hlou a do jist\u00e9 m\u00edry neo\u010dek\u00e1vanou trag\u00e9di\u00ed Nad oborov\u011bnkov\u00fdm lesem se ty\u010dilo jedno men\u0161\u00ed panstv\u00ed s rozlehlou zahradou. &hellip; <a href=\"https:\/\/eldar.cz\/tompatrick\/city-means-v-mesto-plne-zazraku\/5-krasa-a-pozitiva-pramenici-z-jedne-z-letnich-ozdravnych-prochazek\">Cel\u00fd p\u0159\u00edsp\u011bvek <span class=\"meta-nav\">&rarr;<\/span><\/a><\/p>\n","protected":false},"author":2,"featured_media":0,"comment_status":"open","ping_status":"open","sticky":false,"template":"","format":"standard","meta":{"_s2mail":"yes","footnotes":""},"categories":[23],"tags":[],"class_list":["post-1453","post","type-post","status-publish","format-standard","hentry","category-city-means-v-mesto-plne-zazraku"],"_links":{"self":[{"href":"https:\/\/eldar.cz\/tompatrick\/wp-json\/wp\/v2\/posts\/1453","targetHints":{"allow":["GET"]}}],"collection":[{"href":"https:\/\/eldar.cz\/tompatrick\/wp-json\/wp\/v2\/posts"}],"about":[{"href":"https:\/\/eldar.cz\/tompatrick\/wp-json\/wp\/v2\/types\/post"}],"author":[{"embeddable":true,"href":"https:\/\/eldar.cz\/tompatrick\/wp-json\/wp\/v2\/users\/2"}],"replies":[{"embeddable":true,"href":"https:\/\/eldar.cz\/tompatrick\/wp-json\/wp\/v2\/comments?post=1453"}],"version-history":[{"count":1,"href":"https:\/\/eldar.cz\/tompatrick\/wp-json\/wp\/v2\/posts\/1453\/revisions"}],"predecessor-version":[{"id":1454,"href":"https:\/\/eldar.cz\/tompatrick\/wp-json\/wp\/v2\/posts\/1453\/revisions\/1454"}],"wp:attachment":[{"href":"https:\/\/eldar.cz\/tompatrick\/wp-json\/wp\/v2\/media?parent=1453"}],"wp:term":[{"taxonomy":"category","embeddable":true,"href":"https:\/\/eldar.cz\/tompatrick\/wp-json\/wp\/v2\/categories?post=1453"},{"taxonomy":"post_tag","embeddable":true,"href":"https:\/\/eldar.cz\/tompatrick\/wp-json\/wp\/v2\/tags?post=1453"}],"curies":[{"name":"wp","href":"https:\/\/api.w.org\/{rel}","templated":true}]}}