{"id":1396,"date":"2015-05-04T09:00:01","date_gmt":"2015-05-04T07:00:01","guid":{"rendered":"http:\/\/eldar.cz\/tompatrick\/?p=1396"},"modified":"2014-12-05T16:06:45","modified_gmt":"2014-12-05T14:06:45","slug":"flying-antasy-cast-13","status":"publish","type":"post","link":"https:\/\/eldar.cz\/tompatrick\/flying-antasy\/flying-antasy-cast-13","title":{"rendered":"Flying antasy (\u010d\u00e1st 13)"},"content":{"rendered":"<div class=\"fcbkbttn_buttons_block\" id=\"fcbkbttn_left\"><div class=\"fcbkbttn_button\">\n                            <a href=\"https:\/\/www.facebook.com\/tom.patrick.509\" target=\"_blank\">\n                                <img decoding=\"async\" src=\"https:\/\/eldar.cz\/tompatrick\/wp-content\/plugins\/facebook-button-plugin\/images\/large-facebook-ico.png\" alt=\"Fb-Button\" \/>\n                            <\/a>\n                        <\/div><div class=\"fcbkbttn_like fcbkbttn_large_button\"><fb:like href=\"https:\/\/eldar.cz\/tompatrick\/flying-antasy\/flying-antasy-cast-13\" action=\"like\" colorscheme=\"light\" layout=\"standard\"  width=\"225px\" size=\"large\"><\/fb:like><\/div><div class=\"fb-share-button fcbkbttn_large_button \" data-href=\"https:\/\/eldar.cz\/tompatrick\/flying-antasy\/flying-antasy-cast-13\" data-type=\"button_count\" data-size=\"large\"><\/div><\/div><p>Je nam\u00edst\u011b rovn\u011b\u017e p\u0159ipomenouti, \u017ee n\u011bkter\u00e9 z p\u0159edpov\u011bdi Toma Patricka se i \u010d\u00e1ste\u010dn\u011b vyplnily a to ohledn\u011b hrozeb studen\u00e9 v\u00e1lky \u010di p\u0159\u00edmo on\u00e9 jedn\u00e9 skute\u010dn\u00e9. Jen dan\u00e9 nebezpe\u010d\u00ed nevze\u0161lo ze Severn\u00ed Koree, jak Tom p\u0159edv\u00eddal, n\u00fdbr\u017e z Ukrajiny. A proto \u010d\u00edm v\u00edce zm\u00edtaly sv\u011btem nepokoje jako takov\u00e9, o to v\u00edce se autor sna\u017eil svoji Katalnou Mochnu polid\u0161\u0165ovat. A i kdy\u017e se i v n\u00ed \u010das od \u010dasu objevilo p\u0159\u00edko\u0159\u00ed \u010di bezpr\u00e1v\u00ed, pokou\u0161el se jmenovan\u00fd pro sv\u00e9 liter\u00e1rn\u00ed postavy poka\u017ed\u00e9 naj\u00edt jist\u00e9 mo\u017en\u00e9 v\u00fdchodisko z nehostinn\u00e9 situace, jen\u017e by bylo vykoupeno pokud mo\u017eno nen\u00e1silnou formou. Tompatrickovsk\u00e9 rom\u00e1ny tak z po\u010d\u00e1te\u010dn\u00edho \u017e\u00e1nru psychologick\u00e9 fantasy voln\u011b p\u0159ech\u00e1zely v ryze psychologick\u00e9 drama.<\/p>\n<p><b>Danou informaci zpracoval a n\u00e1sledn\u011b zve\u0159ejnil Ten<\/b><\/p>\n<p>Rebeka Hodkov\u00e1 v tvorb\u011b Toma Patricka spat\u0159uje n\u00e1hled ryze \u010desk\u00e9ho autora, jen\u017e \u010derpal inspiraci z povinn\u00e9 \u010detby coby student pod\u011bbradsk\u00e9ho gymn\u00e1zia (Gogol \u2013 Mrtv\u00e9 du\u0161e), a d\u00e1le, jak ji\u017e v\u00fd\u0161e bylo zve\u0159ejn\u011bno, se v n\u00ed dal spat\u0159ovat i jist\u00fd manifest nam\u00ed\u0159en\u00fd proti americk\u00fdm fantasy bestseller\u016fm a jejich n\u00e1sledn\u00fdm filmov\u00fdm zpracov\u00e1n\u00ed, kter\u00e9 naopak up\u0159ednost\u0148ovaly v\u00e1lky a n\u00e1sil\u00ed. Pr\u00e1v\u011b jim se Tom coby autor ve sv\u00e9 vlastn\u00ed tvorb\u011b sna\u017eil vyhnout.<\/p>\n<p>Pavel Kaplick\u00fd uv\u00e1d\u00ed, \u017ee nen\u00ed na \u0161kodu znovu si p\u0159ipomenout, jak na Toma hluboce negativn\u011b p\u016fsobily by\u0165 jen pouh\u00e9 zm\u00ednky pr\u00e1v\u011b o americk\u00fdch fantasy bestsellerech, v nich\u017e se objevovaly n\u00e1m\u011bty v\u00e1lek. Doty\u010dn\u00fd naprosto nech\u00e1pal, jak lid\u00e9 takov\u00e9 p\u0159\u00edb\u011bhy mohou obdivovat a dokonce je oslavovat, kdy\u017e ve skute\u010dn\u00e9m sv\u011bt\u011b podobn\u00e1 n\u00e1siln\u00e1 dobrodru\u017estv\u00ed zavrhuj\u00ed a to pro jejich zlobu a brutalitu.<\/p>\n<p>Ano, je to jist\u00fd paradox. Lid\u00e9 sn\u00ed o jednom velk\u00e9m dobrodru\u017estv\u00ed, kdy bojuj\u00ed se zlem, a p\u0159itom v ryze re\u00e1ln\u00e9m sv\u011bt\u011b to sam\u00e9 odsuzuj\u00ed a sami sebe se ptaj\u00ed, pro\u010d je dan\u00e9 zlo v\u016fbec postihlo a pro\u010d boj s n\u00edm musej\u00ed podstupovat.<\/p>\n<p><b>Panter <\/b><\/p>\n<p>Oni lid\u00e9, v tomto p\u0159\u00edpad\u011b tedy \u010dten\u00e1\u0159i, se prost\u011b r\u00e1di nech\u00e1vaj\u00ed un\u00e1\u0161et svoj\u00ed fantazi\u00ed a sn\u00ed o tom, co se pro n\u011b v b\u011b\u017en\u00e9m \u017eivot\u011b st\u00e1v\u00e1 nedostupn\u00e9. A tak se pomysln\u011b p\u0159evt\u011bluj\u00ed v ony udatn\u00e9 bojovn\u00edky, nebo\u0165 v ryze re\u00e1ln\u00e9m sv\u011bt\u011b jimi b\u00fdti zkr\u00e1tka nemohou, stejn\u011b jako obdivuj\u00ed ono nadp\u0159irozeno, kdy mohou vzl\u00e9tnout k obloze jako pt\u00e1ci, proto\u017ee ani to jim n\u00e1\u0161 skute\u010dn\u00fd sv\u011bt nedop\u0159eje.<\/p>\n<p><b>Anna<\/b><\/p>\n<p>Mali\u010dko t\u011b, Ani\u010dko, pooprav\u00edm. I v na\u0161em ryze re\u00e1ln\u00e9m sv\u011bt\u011b se \u010dlov\u011bk, pota\u017emo \u010dten\u00e1\u0159, m\u016f\u017ee st\u00e1t udatn\u00fdm bojovn\u00edkem, to kdy\u017e nap\u0159\u00edklad vstoup\u00ed do arm\u00e1dy. Jen\u017ee potom v takov\u00e9m p\u0159\u00edpad\u011b takov\u00fd jedinec zjist\u00ed, \u017ee n\u011bco jin\u00e9ho je \u010delit zlu navenek a n\u011bco jin\u00e9ho zase v onom sv\u011bt\u011b fiktivn\u00edm.<\/p>\n<p><b>Anonymn\u00ed dopisovatel<\/b><\/p>\n<p>V\u0161ak tak\u00e9 pr\u00e1v\u011b proto Tom nem\u011bl pochopen\u00ed pro \u017e\u00e1nr fantasy jako takov\u00fd. Naprosto nech\u00e1pal, pro\u010d spisovatel\u00e9 a \u010dten\u00e1\u0159i tou\u017e\u00ed po nap\u00ednav\u00fdch dobrodru\u017estv\u00ed pln\u00fdch krveprolit\u00ed, kdy\u017e se mu za norm\u00e1ln\u00edch okolnost\u00ed sp\u00ed\u0161e vyh\u00fdbaj\u00ed a to pr\u00e1v\u011b pro jeho mo\u017en\u00e9 ohro\u017een\u00ed na lidsk\u00fdch \u017eivotech.<\/p>\n<p><b>Anna<\/b><\/p>\n<p>Jak ji\u017e tu v\u00fd\u0161e n\u011bkolikr\u00e1t zazn\u011blo, Tom Patrick nem\u011bl pro \u017e\u00e1nr dobrodru\u017en\u00e9 fantasy p\u0159\u00edli\u0161 pochopen\u00ed. J. R. R. Tolkien, J. K. Rowlingov\u00e1, Veronika Rothov\u00e1, Suzanne Colinsov\u00e1, Stephenie Meyerov\u00e1, Christopher Paoloni a dal\u0161\u00ed jim podobn\u00ed auto\u0159i si tak nez\u00edskaly jeho sympatie. Stejn\u00fd p\u0159\u00edstup autor zauj\u00edmal i k \u010desk\u00e9 autorce knihy Osm sv\u011bt\u016f Marcele Reme\u0148ov\u00e9. Tom jej\u00edm d\u00edlem up\u0159\u00edmn\u011b pohrdal a na druhou stranu j\u00ed pak z\u00e1vid\u011bl \u00fasp\u011bch. On s\u00e1m po n\u011bm tou\u017eil, le\u010d nedo\u010dkal se ho. (Nebo to alespo\u0148 plat\u00ed v tuto chv\u00edli, kdy jsou aktualizov\u00e1ny tyto \u0159\u00e1dky!)<\/p>\n<p><b>Na popud Rebeky Hodkov\u00e9 v\u00fd\u0161e uveden\u00e9 zpracoval a n\u00e1sledn\u011b zve\u0159ejnil Ten<\/b><\/p>\n<p>Ne\u00fasp\u011bch p\u00edsemn\u00fdch stat\u00ed vedl u Toma Patricka k jist\u00fdm vlekl\u00fdm depres\u00edm a vlastn\u00edm v\u00fd\u010ditk\u00e1m sv\u011bdom\u00ed. K tomu p\u0159isp\u011blo ji\u017e v po\u0159ad\u00ed n\u011bkolik\u00e1t\u00e9 odm\u00edtnut\u00ed rukopis\u016f ze strany Ale\u0161e Misa\u0159e, mu\u017ee, jen\u017e byl sou\u010d\u00e1st\u00ed jist\u00e9 liter\u00e1rn\u00ed nymbursk\u00e9 skupiny, stejn\u011b jako i nez\u00e1jem \u010desk\u00fdch nakladatel\u016f. Tom Patrick se tak stal osamocen\u00fdm bojovn\u00edkem za sv\u016fj \u017e\u00e1nr THINKFAN COMREAL.<\/p>\n<p><b>Na popud Pavla Kaplick\u00e9ho v\u00fd\u0161e uveden\u00e9 zpracoval a n\u00e1sledn\u011b zve\u0159ejnil Ten<\/b><\/p>\n<p>Prosadit se v dne\u0161n\u00ed dob\u011b je dle m\u00e9ho n\u00e1zoru velice slo\u017eit\u00e9. Ta zkr\u00e1tka nep\u0159eje nov\u00fdm talent\u016fm, a jak by Tom v afektu zajist\u00e9 \u0159ekl, je sp\u00ed\u0161e naklon\u011bna protek\u010dn\u00edm spratk\u016fm.<\/p>\n<p><b>Panter<\/b><\/p>\n<p>Ta tebou udan\u00e1 posledn\u00ed v\u011bta je zajist\u00e9 nar\u00e1\u017ekou na zn\u00e1m\u00e9 osobnosti \u010desk\u00e9ho show-byznysu, v tomto p\u0159\u00edpad\u011b konkr\u00e9tn\u011b na Lucii B\u00edlou, kter\u00e1 z protekce zp\u011bva\u010dky m\u011bla mo\u017enost \u00fa\u010dinkovat v mnoha televizn\u00edch estr\u00e1d\u00e1ch, muzik\u00e1lech, filmech \u010di vydala n\u011bkolik knih, co\u017e Tom jako autor sv\u00fdch vlastn\u00edch ne\u00fasp\u011b\u0161n\u00fdch po\u010din\u016f dosti nelib\u011b sn\u00e1\u0161el. Stejn\u011b jako onu skute\u010dnost, \u017ee Luciin syn Filip Kratochv\u00edl, d\u00edky slavn\u00e9 mamince, m\u011bl snaz\u0161\u00ed pozici v r\u00e1mci prosazen\u00ed se pr\u00e1v\u011b v on\u011bch muzik\u00e1lech \u010di jako model, zat\u00edmco \u201eoby\u010dejn\u00fdm\u201c lidem bez slavn\u00e9ho z\u00e1zem\u00ed n\u011bco takov\u00e9ho bylo prakticky znemo\u017en\u011bno.<\/p>\n<p><b>Anonymn\u00ed dopisovatel<\/b><\/p>\n<p>Z\u00e1vid\u011bn\u00ed je nep\u011bkn\u00e1 v\u011bc, ale j\u00e1 m\u00e1m pro Toma pochopen\u00ed. Zast\u00e1v\u00e1m n\u00e1zor, \u017ee snaha ka\u017ed\u00e9ho z n\u00e1s by m\u011bla b\u00fdt po z\u00e1sluze docen\u011bna \u2013 a\u0165 ji\u017e za na\u0161eho \u017eivota \u010di po n\u011bm.<\/p>\n<p><b>Anna<\/b><\/p>\n<p>Tom by zajist\u00e9 r\u00e1d za\u017eil ono prvn\u00ed jmenovan\u00e9, tedy \u00fasp\u011bch za sv\u00e9ho \u017eivota. Je v\u0161eobecn\u011b zn\u00e1mo, \u017ee \u00fasp\u011bch po smrti p\u0159\u00edmo zavrhoval a nesouhlasil s n\u00edm.<\/p>\n<p><b>Anonymn\u00ed dopisovatel<\/b><\/p>\n<p>I tak se \u010das od \u010dasu ud\u00e1lo, \u017ee s Tomem Patrickem ud\u011blal n\u011bjak\u00fd lidumil rozhovor. To se pak autor zklidnil a na chv\u00edli p\u0159estal z\u00e1vid\u011bt sv\u00fdm mnohem \u00fasp\u011b\u0161n\u011bj\u0161\u00edm spisovatelsk\u00fdm koleg\u016fm. Nap\u0159\u00edklad ho pot\u011b\u0161ilo, kdy\u017e mu byla polo\u017eena ot\u00e1zka, jakou z postav ze sv\u00e9 vlastn\u00ed tvorby pova\u017euje za nejobl\u00edben\u011bj\u0161\u00ed.<\/p>\n<p><b>Na popud Rebeky Hodkov\u00e9 v\u00fd\u0161e uveden\u00e9 zpracoval a n\u00e1sledn\u011b zve\u0159ejnil Ten<\/b><\/p>\n<p>Tom Patrick mimo jin\u00e9 odpov\u00eddal, \u017ee si nesm\u00edrn\u011b cen\u00ed Radovana Litevsk\u00e9ho, profesora biologie, a Josefa Humlera, profesora t\u011blocviku. Radovan je inspirov\u00e1n legend\u00e1rn\u00edm hercem Radovanem Lukavsk\u00fdm, zat\u00edmco Josef pak jedn\u00edm skute\u010dn\u00fdm profesorem t\u011blocviku, toho \u010dasu p\u016fsob\u00edc\u00edm na pod\u011bbradsk\u00e9m gymn\u00e1ziu, jen\u017e autor nav\u0161t\u011bvoval. Je nanejv\u00fd\u0161e pot\u011b\u0161uj\u00edc\u00ed, \u017ee jak Radovan Litevsk\u00fd tak i Josef Humler se objevili hned v n\u011bkolika d\u00edlech v\u011bnovan\u00fdch Kataln\u00e9 Mochn\u011b.<\/p>\n<p><b>Na popud Pavla Kaplick\u00e9ho v\u00fd\u0161e uveden\u00e9 zpracoval a n\u00e1sledn\u011b zve\u0159ejnil Ten<\/b><\/p>\n<p>I j\u00e1 jsem si lidumila Radovana Litevsk\u00e9ho a vtip\u00e1lka Josefa Humlera velice obl\u00edbil. L\u00edbily se mi ty protiklady. Radovan coby seri\u00f3zn\u00ed mu\u017e, jen\u017e opl\u00fdv\u00e1 moudrem, zat\u00edmco Josef se stal pov\u011bstn\u00fd a obl\u00edben\u00fd pro sv\u016fj nen\u00e1siln\u00fd smysl pro humor.<\/p>\n<p><b>Panter<\/b><\/p>\n<p>Humlerovy chlapcod\u00edvky prost\u011b nemaj\u00ed chybu stejn\u011b jako Radovanovo b\u00e1sn\u011bn\u00ed o Malov\u00e1ch neboli Malovsk\u00fdch mo\u0159sk\u00fdch tvorech a v z\u00e1v\u011bsu j\u00edm vy\u0159\u010den\u00e1 moudra. \u0160koda \u017ee se z t\u011bchto dvou mochnick\u00fdch person nestaly sv\u011btov\u011b uzn\u00e1van\u00e9 osobnosti.<\/p>\n<p><b>Anonymn\u00ed dopisovatel<\/b><\/p>\n<p>\u010clov\u011bk zkr\u00e1tka nem\u016f\u017ee v \u017eivot\u011b dos\u00e1hnout v\u0161eho. Mus\u00ed po\u010d\u00edtat i s t\u00edm, \u017ee se mu v n\u011bkter\u00e9 profesn\u00ed oblasti zkr\u00e1tka nezada\u0159\u00ed zcela dle jeho p\u0159edstav. Ale souhlas\u00edm s v\u00e1mi ob\u011bma, ob\u011b jmenovan\u00e9 persony z kni\u017en\u00ed mochnick\u00e9 s\u00e1gy City Means jsou naprosto okouzluj\u00edc\u00ed a inspirativn\u00ed pro \u017eivot jako takov\u00fd.<\/p>\n<p><b>Anna<\/b><\/p>\n<p>V\u0161ak Tom Patrick s n\u00ed str\u00e1vil tak\u00e9 kus sv\u00e9ho \u017eivota, p\u0159i\u010dem\u017e se od n\u00ed sna\u017eil i n\u011bkolikr\u00e1t ne\u00fasp\u011b\u0161n\u011b odpoutat.<\/p>\n<p><b>Anonymn\u00ed dopisovatel<\/b><\/p>\n<p>Proto je nanejv\u00fd\u0161e obdivuhodn\u00e9, kolik kni\u017en\u00edch po\u010din\u016f za sv\u016fj \u017eivot Tom sta\u010dil sepsat a to i p\u0159es sv\u00e9 vlekl\u00e9 psychick\u00e9 obt\u00ed\u017ee.<\/p>\n<p><b>Anna<\/b><\/p>\n<p>Ano, o Tomov\u00fdch psychick\u00fdch obt\u00ed\u017e\u00edch se ve spisovatelsk\u00fdch kruz\u00edch (zejm\u00e9na kolem liter\u00e1rn\u00ed skupiny Ale\u0161e Misa\u0159e) p\u0159irozen\u011b v\u011bd\u011blo, jen \u0161irok\u00e9 ve\u0159ejnosti tato skute\u010dnost byla v\u00edcem\u00e9n\u011b zatajena. Proto je a\u017e s podivem, kolik liter\u00e1rn\u00edch d\u011bl se nakonec autorovi poda\u0159ilo vytvo\u0159it. Lze jen spekulovat, jak\u00fd nerovn\u00fd boj p\u0159i sepisov\u00e1n\u00ed dan\u00fdch p\u00edsemn\u00fdch stat\u00ed Tom uvnit\u0159 sv\u00e9 mysli sv\u00e1d\u011bl.<\/p>\n<p><b>Danou informaci zpracoval a n\u00e1sledn\u011b zve\u0159ejnil Ten<\/b><\/p>\n<p>Rebeka Hodkov\u00e1 vzpom\u00edn\u00e1 na okam\u017eik, kdy si Tom Patrick za\u010dal pln\u011b uv\u011bdomovat sv\u00e9 dv\u011b vnit\u0159n\u00ed pomysln\u00e9 slo\u017eky, tj. Dikt\u00e1tora a Konkub\u00ednu. P\u0159i studi\u00edch na z\u00e1kladn\u00ed \u0161kole a gymn\u00e1ziu se ob\u011b dv\u011b jmenovan\u00e9 slo\u017eky dle jeho slov kr\u00e1sn\u011b dopl\u0148ovaly a \u010dinily ho \u0161\u0165astn\u00fdm. Ov\u0161em v osobn\u00edm profesn\u00edm \u017eivot\u011b autora sp\u00ed\u0161e zrazovaly. Tomovi dlouho trvalo, ne\u017e na\u0161el sv\u00e9 pr\u00e1voplatn\u00e9 m\u00edsto v \u017eivot\u011b a za\u010dal znovu naplno \u017e\u00edt.<\/p>\n<p>Pavel Kaplick\u00fd dodate\u010dn\u011b p\u0159ipom\u00edn\u00e1 onu Tomovu zn\u00e1mou tezi o nelehk\u00e9m \u00fad\u011blu \u017eivota: \u201eKdy\u017e se \u010dlov\u011bku da\u0159\u00ed jak po profesn\u00ed tak i vztahov\u00e9 str\u00e1nce, dok\u00e1\u017ee si \u017eivot u\u017e\u00edvati naplno a vid\u00ed v n\u011bm to nejkr\u00e1sn\u011bj\u0161\u00ed. Kdy\u017e pak ale takov\u00fd jedinec o v\u0161echno jmenovan\u00e9 p\u0159ijde, vzd\u00e1v\u00e1 se \u017eivota, nechce se mu ho naplno pro\u017e\u00edvat a pom\u00fd\u0161l\u00ed na smrt.\u201c<\/p>\n<p>Ano, pr\u00e1v\u011b ona smrt Toma nesm\u00edrn\u011b rmoutila, ba dokonce p\u0159\u00edmo d\u011bsila. Kv\u016fli n\u00ed si tak doty\u010dn\u00fd nedok\u00e1zal naplno u\u017e\u00edvati \u017eivota. Dokonce byly chv\u00edle, kdy pom\u00fd\u0161lel na sv\u016fj p\u0159ed\u010dasn\u00fd odchod z tohoto sv\u011bta a to i z d\u016fvod\u016f nepokoj\u016f onoho Dikt\u00e1tora a on\u00e9 Konkub\u00edny Tom tak kolikr\u00e1t uvnit\u0159 sv\u00e9 mysli za\u017e\u00edval neklid a chaos.<\/p>\n<p><b>Danou informaci zpracoval a n\u00e1sledn\u011b zve\u0159ejnil Ten<\/b><\/p>\n<p>Je to zkr\u00e1tka k na\u0161tv\u00e1n\u00ed, kdy\u017e \u010dlov\u011bku v takzvan\u00e9m rozletu br\u00e1n\u00ed psychick\u00e9 obt\u00ed\u017ee. Na rozd\u00edl od obt\u00ed\u017e\u00ed fyzick\u00fdch ony psychick\u00e9 jsou h\u016f\u0159e hmatateln\u00e9 a jejich l\u00e9\u010dba je pak o to slo\u017eit\u011bj\u0161\u00ed. A tak Tomovi p\u0159eji, aby v\u0161e nep\u011bkn\u00e9 \u00fasp\u011b\u0161n\u011b p\u0159ekonal a nad\u00e1le n\u00e1s z\u00e1sobil sv\u00fdmi spisovatelsk\u00fdmi prameny.<\/p>\n<p><b>Panter<\/b><\/p>\n<p>Hezky jsi to vyl\u00ed\u010dil. I moje mali\u010dkost se k onomu p\u0159\u00e1n\u00ed\u010dku p\u0159ipojuje. V\u017edy\u0165 co by to bylo jinak za \u017eivot, kdyby \u010dlov\u011bk m\u011bl b\u00fdt neust\u00e1le negativn\u011b n\u011b\u010d\u00edm su\u017eov\u00e1n.<\/p>\n<p><b>Anna<\/b><\/p>\n<p>Tak\u00e9 j\u00e1 Tomovi p\u0159eji, a\u0165 je v hled\u00e1n\u00ed sv\u00e9ho \u0161\u0165astn\u00e9ho j\u00e1 \u00fasp\u011b\u0161n\u00fd. Byla by \u0161koda p\u0159ij\u00edt o tak v\u00fdznamn\u00e9ho \u010desk\u00e9ho autora.<\/p>\n<p><b>Anonymn\u00ed dopisovatel<\/b><\/p>\n<p>Jak dokl\u00e1daj\u00ed \u010detn\u00e9 studie, tak Tom Patrick nebyl zdaleka jedin\u00fdm, kdo p\u0159i psan\u00ed pro\u017e\u00edval jist\u00e1 psychick\u00e1 muka. I cel\u00e1 \u0159ada dal\u0161\u00edch \u010desk\u00fdch \u010di zahrani\u010dn\u00edch um\u011blc\u016f trp\u011bla psychick\u00fdmi obt\u00ed\u017eemi. Za v\u0161echny tu zmi\u0148me Otu Pavla \u010di Johna Nashe. Jak ji\u017e z d\u0159\u00edv\u011bj\u0161ka dob\u0159e v\u00edme, u Toma ony vlekl\u00e9 psychick\u00e9 obt\u00ed\u017ee p\u0159edev\u0161\u00edm byly spjaty s jeho vnit\u0159n\u00edmi obrazy, je\u017e se mu p\u0159i psan\u00ed automaticky vybavovaly. Autor je pak nutn\u011b pot\u0159eboval zaznamenat \u017eiv\u011b, le\u010d n\u011bco takov\u00e9ho p\u0159irozen\u011b nebylo v jeho moci. A tak se st\u00e1val nedobrovoln\u00fdm p\u0159\u00edjemcem sv\u00fdch vlastn\u00edch p\u00edsemn\u00fdch stat\u00ed.<\/p>\n<p><b>Danou informaci zpracoval a n\u00e1sledn\u011b zve\u0159ejnil Ten<\/b><\/p>\n<p>Ano, jak jsme byli ji\u017e obezn\u00e1meni, Tom nesl onu skute\u010dnost vnit\u0159n\u00edch \u017eiv\u00fdch obraz\u016f dosti nelib\u011b. Stal se tak z n\u011bj nedobrovoln\u00fd sn\u00edlek, jemu\u017e se neust\u00e1le dokola p\u0159ehr\u00e1val d\u011bj ji\u017e sepsan\u00fdch p\u00edsemn\u00fdch stat\u00ed. Autor s\u00e1m tou\u017eil po n\u00e1pomocn\u00fdch vymo\u017eenostech, o nich\u017e se zmi\u0148oval ve sv\u00fdch d\u00edlech. Zejm\u00e9na up\u0159ednost\u0148oval ony ALMANY, p\u0159\u00edstroje Toma Wonga, umo\u017e\u0148uj\u00edc\u00ed \u017eiv\u011b zhmot\u0148ovat pochody v mozku \u2013 jak ony vid\u011bn\u00e9, tak i ony zvukov\u00e9. Bohu\u017eel doposud je\u0161t\u011b nebyly nik\u00fdm vynalezeny, av\u0161ak pokud by se tak stalo, zajist\u00e9 by mnoh\u00fdm lidem, je\u017e jsou p\u0159inuceni nedobrovoln\u011b sn\u00edt podobn\u011b jako autor, dopomohly k celkov\u00e9mu zklidn\u011bn\u00ed.<\/p>\n<p><b>Na popud Rebeky Hodkov\u00e1 v\u00fd\u0161e uveden\u00e9 zpracoval a n\u00e1sledn\u011b zve\u0159ejnil Ten<\/b><\/p>\n<p>Vedle zm\u00edn\u011bn\u00fdch ALMAN Tomovi zejm\u00e9na u\u010darovala ona posv\u00e1tn\u00e1 persk\u00e1 ko\u010dka, zvan\u00e1 Winsternsk\u00e1, je\u017e svoj\u00ed p\u0159\u00edtulnost\u00ed dok\u00e1\u017ee odstranit z t\u011bla posti\u017een\u00e9ho zhoubn\u00e9 n\u00e1dory \u010di jejich roz\u0161\u00ed\u0159en\u00e9 metast\u00e1ze. Ta autora napadla jednoho dne, kdy\u017e mu na kl\u00edn\u011b sed\u011bl a vrn\u011bl jeho Moure\u010dek. Pro onu ko\u010dku perskou se nakonec rozhodl na z\u00e1klad\u011b exotick\u00e9ho p\u016fvodu, podrobn\u011b pak o n\u00ed referoval v p\u00e1t\u00e9m City Meansu s podtitulem M\u011bsto pln\u00e9 z\u00e1zrak\u016f.<\/p>\n<p><b>Na popud Pavla Kaplick\u00e9ho v\u00fd\u0161e uveden\u00e9 zpracoval a n\u00e1sledn\u011b zve\u0159ejnil Ten<\/b><\/p>\n<p>Pro \u00faplnost se jedn\u00e1 o posledn\u00ed City Meansovou knihu v\u011bnovanou m\u011bstu Kataln\u00e1 Mochna.<\/p>\n<p><b>Panter<\/b><\/p>\n<p>Tom prost\u011b pot\u0159eboval zm\u011bnu a tak ve sv\u00fdch z\u00e1pisc\u00edch jedno m\u011bsto opustil a nav\u0161t\u00edvil m\u011bsto jin\u00e9. I tak ale vykonal dostate\u010dnou z\u00e1slu\u017enou pr\u00e1ci, kdy\u017e n\u00e1m poodkryl, jak by se dalo \u017e\u00edti l\u00e9pe. A toho si je t\u0159eba cenit.<\/p>\n<p><b>Anna<\/b><\/p>\n<p>Proto je zapot\u0159eb\u00ed je\u0161t\u011b jednou vyzdvihnout ony mochnick\u00e9 vymo\u017eenosti, je\u017e \u010dlov\u011bku m\u011bly usnad\u0148ovat \u017eivot. City Meansov\u00e1 Kataln\u00e1 Mochna d\u00edky nim tak dostala nov\u00fd ozdravn\u00fd rozm\u011br a hodnotu Tomova d\u00edla tak je\u0161t\u011b v\u00edce pos\u00edlila.<\/p>\n<p><b>Anonymn\u00ed dopisovatel<\/b><\/p>\n<p>Ano, pr\u00e1v\u011b ony ojedin\u011bl\u00e9 vymo\u017eenosti v podob\u011b Vantelbooklist\u016f, P\u011bnkalinek, Alman, EC popu, Lidvjenek \u010di Winsternsk\u00e9 ko\u010dky ne\u00fam\u011brn\u011b zam\u011bstn\u00e1valy Tomovu mysl. On s\u00e1m se je sna\u017eil \u0161etrn\u011b odm\u00edtat, av\u0161ak ony se mu neust\u00e1le p\u0159ipom\u00ednaly. Tom to vyj\u00e1d\u0159il n\u00e1sledovn\u011b: \u201eP\u0159ipadalo mi jako bych se m\u011bl pova\u017eovat za spasitele sv\u011bta. Tuto p\u0159edstavu mi v jednom kuse nutila ona m\u00e1 vnit\u0159n\u00ed slo\u017eka v podob\u011b poetick\u00e9 Konkub\u00edny. To se projevovalo tak, \u017ee jsem sed\u011bl ve sv\u00e9m pokoji, sna\u017eil se relaxovat a \u0161etrn\u00fdm zp\u016fsobem si uspo\u0159\u00e1dat \u017eivot, ov\u0161em moc mi to ne\u0161lo. Ona Konkub\u00edna v sob\u011b c\u00edtila hlubokou zodpov\u011bdnost za m\u016fj \u0161\u0165astn\u00fd \u017eivot a proto v jednom kuse klepala na dve\u0159e m\u00e9ho pokoje, s od\u016fvodn\u011bn\u00fdm, \u017ee m\u00e1 pro m\u011b dal\u0161\u00ed ojedin\u011blosti t\u00fdkaj\u00edc\u00ed se Kataln\u00e9 Mochny. J\u00e1 j\u00ed v\u0161ak byl nucen odm\u00edtnout a nevpustil ji tak dovnit\u0159, nebo\u0165 jsem pr\u00e1v\u011b pracoval na podstat\u011b Vantelbooklistu a nov\u00fd prvek by tak pro m\u011b byl zna\u010dnou p\u0159\u00edt\u011b\u017e\u00ed. Le\u010d ona Konkub\u00edna m\u00ednila jinak a kdy\u017e se nedoklepala na dve\u0159e m\u00e9ho pokoje, pos\u00edlala ony mochnick\u00e9 vymo\u017eenosti skrze kl\u00ed\u010dovou d\u00edrku. Dikt\u00e1tor, ona m\u00e1 druh\u00e1 vnit\u0159n\u00ed slo\u017eka, po\u010d\u00edn\u00e1n\u00ed Konkub\u00edny nesla dosti nelib\u011b a sna\u017eila se ji usm\u011brnit, av\u0161ak neusp\u011bla. A tak se spory mezi Konkub\u00ednou a Dikt\u00e1torem je\u0161t\u011b v\u00edce vyost\u0159ily, p\u0159i\u010dem\u017e j\u00e1 je uvnit\u0159 sv\u00e9 mysli musel nedobrovoln\u011b sn\u00e1\u0161et. A polo\u017eka jm\u00e9nem Osud se tak op\u011btovn\u011b bavila t\u00edmto m\u00fdm vnit\u0159n\u00edm bojem, jen\u017e posl\u00e9ze vy\u00fastil v ony psychick\u00e9 obt\u00ed\u017ee.\u201c<\/p>\n<p><b>Danou informaci zpracoval a n\u00e1sledn\u011b zve\u0159ejnil Ten<\/b><\/p>\n<p>Velice v\u00fdsti\u017en\u011b \u0159e\u010deno, jen co je pravda. Tom Patrick op\u011bt nezklamal a pln\u011b, n\u00e1m v\u011brn\u00fdm \u010dten\u00e1\u0159\u016fm, otev\u0159el sv\u00e9 nitro.<\/p>\n<p><b>Panter<\/b><\/p>\n<p>D\u011bkuji Tomovi za to, \u017ee tak u\u010dinil. Alespo\u0148 tak v\u00edme, \u017ee jako lid\u00e9 poka\u017ed\u00e9 nejsme svobodn\u00ed jedinci a v \u017eivot\u011b za \u201eprosazen\u00ed si sv\u00e9ho\u201c mus\u00edme um\u011bt tvrd\u011b bojovat. Onen boj mnohdy nen\u00ed snadnou z\u00e1le\u017eitost\u00ed a o to smutn\u011bj\u0161\u00ed pak je zji\u0161t\u011bn\u00ed, kdy\u017e n\u00e1m nep\u0159eje p\u0159\u00edmo na\u0161e vnit\u0159n\u00ed j\u00e1, s n\u00edm\u017e je t\u011b\u017ek\u00e9 se dohodnout na ur\u010dit\u00e9m kompromisu.<\/p>\n<p><b>Anna<\/b><\/p>\n<p>Ten boj zajist\u00e9 mus\u00ed b\u00fdt velice nep\u0159\u00edjemn\u00fd, vy\u010derp\u00e1vaj\u00edc\u00ed a i dosti slo\u017eit\u00fd. A tak nezb\u00fdv\u00e1 ne\u017e Tomovi je\u0161t\u011b jednou pop\u0159\u00e1t a\u0165 onen nemilosrdn\u00fd Osud poraz\u00ed a mezi Konkub\u00ednou a Dikt\u00e1torem jednou prov\u017edy nastol\u00ed sm\u00edr. Byla by \u0161koda \u017eivot pouze protrp\u011bt.<\/p>\n<p><b>Anonymn\u00ed dopisovatel<\/b><\/p>\n<div class=\"fcbkbttn_buttons_block\" id=\"fcbkbttn_left\"><div class=\"fcbkbttn_button\">\n                            <a href=\"https:\/\/www.facebook.com\/tom.patrick.509\" target=\"_blank\">\n                                <img decoding=\"async\" src=\"https:\/\/eldar.cz\/tompatrick\/wp-content\/plugins\/facebook-button-plugin\/images\/large-facebook-ico.png\" alt=\"Fb-Button\" \/>\n                            <\/a>\n                        <\/div><div class=\"fcbkbttn_like fcbkbttn_large_button\"><fb:like href=\"https:\/\/eldar.cz\/tompatrick\/flying-antasy\/flying-antasy-cast-13\" action=\"like\" colorscheme=\"light\" layout=\"standard\"  width=\"225px\" size=\"large\"><\/fb:like><\/div><div class=\"fb-share-button fcbkbttn_large_button \" data-href=\"https:\/\/eldar.cz\/tompatrick\/flying-antasy\/flying-antasy-cast-13\" data-type=\"button_count\" data-size=\"large\"><\/div><\/div>","protected":false},"excerpt":{"rendered":"<p>Je nam\u00edst\u011b rovn\u011b\u017e p\u0159ipomenouti, \u017ee n\u011bkter\u00e9 z p\u0159edpov\u011bdi Toma Patricka se i \u010d\u00e1ste\u010dn\u011b vyplnily a to ohledn\u011b hrozeb studen\u00e9 v\u00e1lky \u010di p\u0159\u00edmo on\u00e9 jedn\u00e9 skute\u010dn\u00e9. Jen dan\u00e9 nebezpe\u010d\u00ed nevze\u0161lo ze Severn\u00ed Koree, jak Tom p\u0159edv\u00eddal, n\u00fdbr\u017e z Ukrajiny. A proto &hellip; <a href=\"https:\/\/eldar.cz\/tompatrick\/flying-antasy\/flying-antasy-cast-13\">Cel\u00fd p\u0159\u00edsp\u011bvek <span class=\"meta-nav\">&rarr;<\/span><\/a><\/p>\n","protected":false},"author":2,"featured_media":0,"comment_status":"open","ping_status":"open","sticky":false,"template":"","format":"standard","meta":{"_s2mail":"yes","footnotes":""},"categories":[7],"tags":[],"class_list":["post-1396","post","type-post","status-publish","format-standard","hentry","category-flying-antasy"],"_links":{"self":[{"href":"https:\/\/eldar.cz\/tompatrick\/wp-json\/wp\/v2\/posts\/1396","targetHints":{"allow":["GET"]}}],"collection":[{"href":"https:\/\/eldar.cz\/tompatrick\/wp-json\/wp\/v2\/posts"}],"about":[{"href":"https:\/\/eldar.cz\/tompatrick\/wp-json\/wp\/v2\/types\/post"}],"author":[{"embeddable":true,"href":"https:\/\/eldar.cz\/tompatrick\/wp-json\/wp\/v2\/users\/2"}],"replies":[{"embeddable":true,"href":"https:\/\/eldar.cz\/tompatrick\/wp-json\/wp\/v2\/comments?post=1396"}],"version-history":[{"count":1,"href":"https:\/\/eldar.cz\/tompatrick\/wp-json\/wp\/v2\/posts\/1396\/revisions"}],"predecessor-version":[{"id":1397,"href":"https:\/\/eldar.cz\/tompatrick\/wp-json\/wp\/v2\/posts\/1396\/revisions\/1397"}],"wp:attachment":[{"href":"https:\/\/eldar.cz\/tompatrick\/wp-json\/wp\/v2\/media?parent=1396"}],"wp:term":[{"taxonomy":"category","embeddable":true,"href":"https:\/\/eldar.cz\/tompatrick\/wp-json\/wp\/v2\/categories?post=1396"},{"taxonomy":"post_tag","embeddable":true,"href":"https:\/\/eldar.cz\/tompatrick\/wp-json\/wp\/v2\/tags?post=1396"}],"curies":[{"name":"wp","href":"https:\/\/api.w.org\/{rel}","templated":true}]}}