{"id":1394,"date":"2015-04-27T09:00:26","date_gmt":"2015-04-27T07:00:26","guid":{"rendered":"http:\/\/eldar.cz\/tompatrick\/?p=1394"},"modified":"2014-12-05T16:02:08","modified_gmt":"2014-12-05T14:02:08","slug":"flying-antasy-cast-12","status":"publish","type":"post","link":"https:\/\/eldar.cz\/tompatrick\/flying-antasy\/flying-antasy-cast-12","title":{"rendered":"Flying antasy (\u010d\u00e1st 12)"},"content":{"rendered":"<div class=\"fcbkbttn_buttons_block\" id=\"fcbkbttn_left\"><div class=\"fcbkbttn_button\">\n                            <a href=\"https:\/\/www.facebook.com\/tom.patrick.509\" target=\"_blank\">\n                                <img decoding=\"async\" src=\"https:\/\/eldar.cz\/tompatrick\/wp-content\/plugins\/facebook-button-plugin\/images\/large-facebook-ico.png\" alt=\"Fb-Button\" \/>\n                            <\/a>\n                        <\/div><div class=\"fcbkbttn_like fcbkbttn_large_button\"><fb:like href=\"https:\/\/eldar.cz\/tompatrick\/flying-antasy\/flying-antasy-cast-12\" action=\"like\" colorscheme=\"light\" layout=\"standard\"  width=\"225px\" size=\"large\"><\/fb:like><\/div><div class=\"fb-share-button fcbkbttn_large_button \" data-href=\"https:\/\/eldar.cz\/tompatrick\/flying-antasy\/flying-antasy-cast-12\" data-type=\"button_count\" data-size=\"large\"><\/div><\/div><p>Jako zaj\u00edmav\u00e1 persona se rovn\u011b\u017e jev\u00ed i Petr Tich\u00fd, mu\u017e, jen\u017e podstatnou \u010d\u00e1st byt\u00ed zasv\u011btil hled\u00e1n\u00ed sv\u00e9ho vlastn\u00edho j\u00e1. Obdobn\u011b jako Luk\u00e1\u0161 i on si pro\u0161el t\u011b\u017ekostmi \u017eivota, na rozd\u00edl od n\u011bj mu v\u0161ak nebyly ciz\u00ed drogy.<\/p>\n<p><b>Danou informaci zpracoval a n\u00e1sledn\u011b zve\u0159ejnil Ten<\/b><\/p>\n<p>Rebeka Hodkov\u00e1 potvrzuje, \u017ee tomu tak b\u00fdti nemuselo, nebo\u0165 Petr jinak poch\u00e1zel ze stabiln\u00ed rodiny, nicm\u00e9n\u011b se ji\u017e jako mlad\u00fd jinoch nachom\u00fdtl ke \u0161patn\u00e9 part\u011b a pr\u00e1v\u011b ta ho svedla na scest\u00ed. Pak n\u00e1sledoval sled neblah\u00fdch ud\u00e1lost\u00ed, z nich\u017e asi tou nejz\u00e1va\u017en\u011bj\u0161\u00ed byla j\u00edzda pod vlivem omamn\u00fdch l\u00e1tek. V\u00fdsledek? T\u0159i zran\u011bn\u00ed, z toho dva t\u011b\u017ece.<\/p>\n<p>Pavel Kaplick\u00fd vzpom\u00edn\u00e1, jak Petr s odstupem n\u011bkolika let okomentoval to, \u010deho se dopustil: \u201eMyslel jsem si, \u017ee mi sv\u011bt le\u017e\u00ed u nohou, \u017ee jsem nepolapiteln\u00fd. Drogy a nadm\u011brn\u00e1 konzumace alkoholu mi dod\u00e1valy pot\u0159ebn\u00e9 sebev\u011bdom\u00ed a j\u00e1 tak byl p\u0159esv\u011bd\u010den o sv\u00e9 neomyln\u00e9 v\u00fdjime\u010dnosti. Dnes ji\u017e v\u00edm, \u017ee jsem se hluboce m\u00fdlil. Lituji toho, co se tenkr\u00e1t stalo. R\u00e1d bych vr\u00e1til \u010das, le\u010d n\u011bco takov\u00e9ho nen\u00ed v m\u00fdch sil\u00e1ch.\u201c<\/p>\n<p>\u017divot spojen\u00fd s alkoholem a drogami v\u017edycky p\u0159in\u00e1\u0161\u00ed jist\u00e1 rizika. Drogy se sice v na\u0161\u00ed rodin\u011b nikdy neobjevily, zato alkohol ano.<\/p>\n<p><b>Panter<\/b><\/p>\n<p>A kdo mu u v\u00e1s propadl?<\/p>\n<p><b>Anonymn\u00ed dopisovatel<\/b><\/p>\n<p>M\u016fj str\u00fdc. Jednou to dokonce s pit\u00edm p\u0159ehnal do t\u00e9 m\u00edry, \u017ee si pro n\u011bj musela p\u0159ijet z\u00e1chranka. Dost nemil\u00fd z\u00e1\u017eitek. Je\u0161t\u011b nyn\u00ed si \u017eiv\u011b vybavuji moment, jak se str\u00fdc zm\u00edtal bezvl\u00e1dn\u011b na zemi.<\/p>\n<p><b>Panter<\/b><\/p>\n<p>To j\u00e1 zn\u00e1m jednoho kamar\u00e1da, kter\u00fd jistou dobu u\u017e\u00edval pervitin a do\u0161lo to tak daleko, \u017ee zkolaboval a musel b\u00fdt p\u0159evezen do l\u00e9\u010debny.<\/p>\n<p><b>Anonymn\u00ed dopisovatel<\/b><\/p>\n<p>A porazil nakonec svoji z\u00e1vislost?<\/p>\n<p><b>Panter<\/b><\/p>\n<p>Co v\u00edm, tak dnes je u\u017e \u201e\u010dist\u00fd\u201c a je za to nesm\u00edrn\u011b vd\u011b\u010dn\u00fd.<\/p>\n<p><b>Anonymn\u00ed dopisovatel<\/b><\/p>\n<p>Alespo\u0148 \u017ee tak. Pokud se \u010dlov\u011bk dostane a\u017e na sam\u00e9 dno, a\u0165 v tom sehraj\u00ed roli drogy, alkohol \u010di jin\u00e9 ne\u0159esti, nem\u011bl by na n\u011bm p\u0159\u00edli\u0161 dlouho setrv\u00e1vat. Naopak by takov\u00e9mu \u010dlov\u011bku m\u011bla b\u00fdti poskytnuta okam\u017eit\u00e1 odborn\u00e1 pomoc. A pokud se takov\u00fd nemocn\u00fd \u010dlov\u011bk obklop\u00ed p\u0159\u00e1teli \u010di rodinou, jim\u017e na n\u011bm z\u00e1le\u017e\u00ed, je to jen k dobru.<\/p>\n<p><b>Anna<\/b><\/p>\n<p>Na\u0161e Ani\u010dka op\u011bt nezklamala a p\u0159isp\u011bla velk\u00fdm moudrem.<\/p>\n<p><b>Panter<\/b><\/p>\n<p>A vyskytli se i ve va\u0161\u00ed rodin\u011b n\u011bjak\u00e9 ty z\u00e1vislosti? My dva jsme se ji\u017e k tomu vyj\u00e1d\u0159ili a ty jsi tady tak jedin\u00e1, kdo je\u0161t\u011b nereagoval, Ani\u010dko. Tak jestli bys byla tak laskav\u00e1\u2026<\/p>\n<p><b>Anonymn\u00ed dopisovatel<\/b><\/p>\n<p>P\u0159\u00edmo s drogami na\u0161e rodina zku\u0161enosti nem\u00e1. Alkoholu tak\u00e9 p\u0159\u00edli\u0161 moc neholdujeme, ob\u010das si ho dop\u0159ejeme p\u0159i rodinn\u00fdch oslav\u00e1ch \u010di jako p\u0159\u00edpitek na nov\u00fd rok. Pokud se ale za takovou drogu daj\u00ed pova\u017eoval cigarety, tak t\u011bm propadl jeden n\u00e1\u0161 zn\u00e1m\u00fd a nedok\u00e1\u017ee se jich vzd\u00e1t, i kdy\u017e dob\u0159e v\u00ed, \u017ee je tu velik\u00e9 riziko zhoubn\u00e9 nemoci v podob\u011b rakoviny. N\u011bkolikr\u00e1t se t\u00e9to ne\u0159esti pokou\u0161el vzd\u00e1ti, bohu\u017eel zat\u00edm ale bez\u00fasp\u011b\u0161n\u011b.<\/p>\n<p><b>Anna<\/b><\/p>\n<p>Petr se za sv\u016fj n\u011bkdej\u0161\u00ed bou\u0159liv\u00fd \u017eivot s odstupem \u010dasu styd\u011bl. Naprosto nech\u00e1pal, pro\u010d se choval v\u016f\u010di rodin\u011b a okol\u00ed tak bezohledn\u011b. L\u00e9ta str\u00e1ven\u00e1 ve v\u011bzen\u00ed a n\u00e1sledn\u011b v l\u00e9\u010debn\u011b se sna\u017eil maxim\u00e1ln\u011b vyu\u017e\u00edt k n\u00e1prav\u011b sv\u00e9 vlastn\u00ed osobnosti. Z\u0159\u00edci se \u00fapln\u011b drog v\u0161ak pro Petra bylo dosti t\u011b\u017ek\u00e9. Pomohl mu a\u017e Winsternsk\u00fd rod \u0159\u00e1du lebonsk\u00fdch lid\u00ed, na n\u011bho\u017e ho upozornil jeden terapeut z Ji\u010d\u00edna, kde byl hospitalizov\u00e1n. Pr\u00e1v\u011b s n\u00edm se Petr sbl\u00ed\u017eil a pozd\u011bji prohl\u00e1sil, \u017ee to pro n\u011bj bylo sezn\u00e1men\u00ed k nezaplacen\u00ed.<\/p>\n<p><b>Na popud Rebeky Hodkov\u00e9 v\u00fd\u0161e uveden\u00e9 zpracoval a n\u00e1sledn\u011b zve\u0159ejnil Ten<\/b><\/p>\n<p>Lze tedy polemizovat s my\u0161lenkou, \u017ee to byl pr\u00e1v\u011b onen Winsternsk\u00fd rod \u0159\u00e1du lebonsk\u00fdch lid\u00ed, kdo Petra dok\u00e1zal vyl\u00e9\u010dit ze z\u00e1vislosti na alkoholu a drog\u00e1ch, co\u017e je v\u00edce ne\u017e p\u0159\u00edjemn\u00fdm zji\u0161t\u011bn\u00edm. Je tedy nam\u00edst\u011b znovu vyzdvihnout jeho vynikaj\u00edc\u00ed odvedenou pr\u00e1ci.<\/p>\n<p><b>Na popud Pavla Kaplick\u00e9ho v\u00fd\u0161e uveden\u00e9 zpracoval a n\u00e1sledn\u011b zve\u0159ejnil Ten<\/b><\/p>\n<p>Jen je \u0161koda, \u017ee onen \u0158\u00e1d je ryze smy\u0161len\u00fdm liter\u00e1rn\u00edm pramenem. Jinak by ur\u010dit\u011b v re\u00e1ln\u00e9m \u017eivot\u011b pomohl mnoha dal\u0161\u00edm lidem, nejen tedy Petrovi.<\/p>\n<p><b>Panter<\/b><\/p>\n<p>A tak v\u0161em ostatn\u00edm nezb\u00fdv\u00e1 ne\u017eli pop\u0159\u00e1t hodn\u011b \u0161t\u011bst\u00ed na jejich cest\u011b \u017eivotem a a\u0165 se ze sv\u00fdch z\u00e1vislost\u00ed, pokud je tr\u00e1p\u00ed, \u00fasp\u011b\u0161n\u011b vyman\u00ed.<\/p>\n<p><b>Anna<\/b><\/p>\n<p>I j\u00e1 se k tomuto p\u0159\u00e1n\u00ed\u010dku sm\u011ble p\u0159ipojuji.<\/p>\n<p><b>Anonymn\u00ed dopisovatel<\/b><\/p>\n<p>Jist\u00fdm \u0161t\u011bst\u00edm pro Petra byla skute\u010dnost, \u017ee ti, je\u017e p\u0159i sv\u00e9 nedbal\u00e9 j\u00edzd\u011b lehce \u010di t\u011b\u017ece zranil, p\u0159e\u017eili. Jmenovan\u00fd se je s odstupem \u010dasu pokou\u0161el kontaktovat, av\u0161ak s omluvami p\u0159\u00edli\u0161 nepochodil. Man\u017eel\u00e9 Anna a Josef Posp\u00ed\u0161ilovi se s Petrem odm\u00edtali rovnou bavit. Ten alespo\u0148 \u010d\u00e1ste\u010dn\u011b usp\u011bl s pros\u00edkem u Lenky Drahotov\u00e9, j\u00ed\u017e zranil lehce.<\/p>\n<p><b>Danou informaci zpracoval a n\u00e1sledn\u011b zve\u0159ejnil Ten<\/b><\/p>\n<p>V onen osudn\u00fd den, kdy do\u0161lo k on\u00e9 nehod\u011b, byla Lenka se \u0161kolou na v\u00fdlet\u011b v Praze. Pr\u00e1v\u011b zde m\u00e1 Petr hl\u00e1\u0161en trval\u00fd pobyt, p\u0159esn\u011bji v Praze Hole\u0161ovic\u00edch. Bli\u017e\u0161\u00ed \u00fadaje se v\u0161ak m\u00e9dia zdr\u00e1haj\u00ed uv\u00e1d\u011bt a to v r\u00e1mci Petrovy bezpe\u010dnosti.<\/p>\n<p><b>Na popud Rebeky Hodkov\u00e9 v\u00fd\u0161e uveden\u00e9 zaznamenal a n\u00e1sledn\u011b zve\u0159ejnil Ten<\/b><\/p>\n<p>Vedle toho lze rovn\u011b\u017e v\u011brohodn\u011b dolo\u017eit, jak po propu\u0161t\u011bn\u00ed z l\u00e9\u010debny Petr \u017eije. Dle v\u011brohodn\u00fdch zdroj\u016f pracuje jako skladn\u00edk v jednom z pra\u017esk\u00fdch supermarket\u016f a m\u00e1 p\u0159\u00edtelkyni Magdu, s n\u00ed\u017e do budoucna pl\u00e1nuje zalo\u017eit rodinu.<\/p>\n<p><b>Na popud Pavla Kaplick\u00e9ho v\u00fd\u0161e uveden\u00e9 zaznamenal a n\u00e1sledn\u011b zve\u0159ejnil Ten<\/b><\/p>\n<p>A\u0165 se ji\u017e onen Petr dopustil \u010dehokoliv, p\u0159eji jemu a t\u011bm, co zp\u016fsobil zran\u011bn\u00ed, do budoucna jen to dobr\u00e9. A pokud se v\u0161ichni navz\u00e1jem udob\u0159\u00ed, t\u00edm l\u00e9pe.<\/p>\n<p><b>Panter<\/b><\/p>\n<p>Ono je velice t\u011b\u017ek\u00e9 se s n\u011bk\u00fdm udob\u0159ovat, kdy\u017e si doty\u010dn\u00fd posti\u017een\u00fd z dan\u00e9ho incidentu nese trval\u00e9 n\u00e1sledky po zbytek sv\u00e9ho \u017eivota. Av\u0161ak kdyby nakonec p\u0159eji jen do\u0161lo k onomu oboustrann\u00e9mu usm\u00ed\u0159en\u00ed, jsem si jist\u00e1, \u017ee by to pro Petra znamenalo jedno mal\u00e9 v\u00edt\u011bzstv\u00ed.<\/p>\n<p><b>Anna<\/b><\/p>\n<p>Kdy\u017e o to bohu\u017eel onen man\u017eelsk\u00fd p\u00e1r neprojevil z\u00e1jem, o to t\u011b\u017e\u0161\u00ed se pak jev\u00ed onen sm\u00edr.<\/p>\n<p><b>Anonymn\u00ed dopisovatel<\/b><\/p>\n<p>Jak vypl\u00fdv\u00e1 z \u010detn\u00fdch z\u00e1znam\u016f, tak Petr na tom po psychick\u00e9 str\u00e1nce nebyl p\u0159\u00edli\u0161 dob\u0159e, kdy\u017e pob\u00fdval ve v\u011bzen\u00ed a posl\u00e9ze v l\u00e9\u010debn\u011b. \u017divot vid\u011bl jako jednu velkou zbyte\u010dnost a dokonce se n\u011bkolikr\u00e1t pokusil i o sebevra\u017edu. To se pak u Petra projevovala n\u00e1ladovost nepodobn\u00e1 t\u00e9, j\u00ed\u017e za\u017e\u00edval Luk\u00e1\u0161 Netu\u0161\u00edmsk\u00fd: \u201e\u017divot pova\u017euji za naprostou zbyte\u010dnost a lituji ka\u017ed\u00e9ho, kdo se narod\u00ed. Je lep\u0161\u00ed nenarodit se v\u016fbec, nebo zem\u0159\u00edt ihned po porodu, dokud si \u010dlov\u011bk neuv\u011bdomuje bolest. Obdivuji matky vra\u017eedkyn\u011b, \u017ee se odhodlaj\u00ed k tak hr\u016fzn\u00e9mu \u010dinu vra\u017edy sv\u00fdch novoroze\u0148at. T\u00edm mu v\u0161ak projevuj\u00ed laskavost v tom, \u017ee d\u00e1l nemus\u00ed \u017e\u00edt a sn\u00e1\u0161et \u00fatrapy \u017eivota. \u0160koda, \u017ee se tak nezachovala i m\u00e1 matka, kdy\u017e m\u011b porodila, u\u0161et\u0159il bych j\u00ed a otci tak zbyte\u010dn\u00e9 tr\u00e1pen\u00ed, jen\u017e pro\u017e\u00edvali po m\u00e9m odsouzen\u00ed.\u201c<\/p>\n<p><b>Na popud Rebeky Hodkov\u00e9 v\u00fd\u0161e uveden\u00e9 zaznamenal a n\u00e1sledn\u011b zve\u0159ejnil Ten<\/b><\/p>\n<p>S odstupem \u010dasu, kdy ji\u017e Petr nepob\u00fdval ve v\u011bzen\u00ed a byl propu\u0161t\u011bn z l\u00e9\u010debny do dom\u00e1c\u00ed p\u00e9\u010de, za\u010dal sv\u00e9 n\u011bkdej\u0161\u00ed n\u00e1zory na \u017eivot p\u0159ehodnocovat. Zajist\u00e9 mu v tom hodn\u011b pomohlo, \u017ee znovu nalezl cestu ke sv\u00e9 rodin\u011b, posl\u00e9ze se sezn\u00e1mil s onou Magdou, v jej\u00ed\u017e op\u011btovan\u00e9 l\u00e1sce pozvolna na\u0161el smysl nov\u00e9ho byt\u00ed, stejn\u011b jako v pr\u00e1ci, je\u017e ho napl\u0148ovala. To se pak k\u00e1l: \u201e\u017divot p\u0159eci jen d\u00e1v\u00e1 konkr\u00e9tn\u00ed smysl, kdy\u017e ho napln\u00ed n\u011bco kr\u00e1sn\u00e9ho, co\u017e se pr\u00e1v\u011b d\u011bje i v m\u00e9m p\u0159\u00edpad\u011b. Omlouv\u00e1m se za sv\u016fj n\u011bkdej\u0161\u00ed v\u00fdrok, byl vy\u0159\u010den nedopat\u0159en\u00edm, a to je\u0161t\u011b v dob\u011b, kdy jsem na tom nebyl po zdravotn\u00ed a psychick\u00e9 str\u00e1nce dob\u0159e. Beru ty v\u00fdroky zp\u011bt a v\u0161em matk\u00e1m, co \u010dekaj\u00ed potomka, se t\u00edmto omlouv\u00e1m a p\u0159eji, a\u0165 se jim narod\u00ed zdrav\u00e9 miminko a vnese do rodinn\u00e9ho \u017eivota mnoho pozitivn\u00edho \u0161t\u011bst\u00ed.\u201c<\/p>\n<p><b>Na popud Pavla Kaplick\u00e9ho v\u00fd\u0161e uveden\u00e9 zaznamenal a n\u00e1sledn\u011b zve\u0159ejnil Ten<\/b><\/p>\n<p>Jsem r\u00e1d, \u017ee Petr nakonec o sv\u00e9 p\u016fvodn\u00ed tezi pop\u0159em\u00fd\u0161lel a upravil ji. P\u0159ipou\u0161t\u00edm, i mn\u011b mnohdy \u010din\u00ed obt\u00ed\u017ee \u017eivot p\u0159ij\u00edmat s pokorou, a tak kdy\u017e m\u00e1m krizi, sna\u017e\u00edm si p\u0159ipomenout, co hezk\u00e9ho jsem pro\u017eil a co p\u011bkn\u00e9ho m\u011b do budoucna je\u0161t\u011b \u010dek\u00e1. Jedin\u011b tak si dod\u00e1m pot\u0159ebn\u00e9 sebev\u011bdom\u00ed.<\/p>\n<p><b>Panter<\/b><\/p>\n<p>Ano, velice spr\u00e1vn\u011b a p\u0159edev\u0161\u00edm v\u00fdsti\u017en\u011b \u0159e\u010deno. \u010clov\u011bk by nem\u011bl vzd\u00e1vat sv\u016fj boj o harmonick\u00fd \u017eivot. Tak\u00e9 j\u00e1 p\u0159ipou\u0161t\u00edm, \u017ee n\u011bco takov\u00e9ho nen\u00ed jednoduch\u00e9 uskute\u010dnit ze dne na den, kdy\u017e se v\u0161ak \u010dlov\u011bk dostate\u010dn\u011b vynasna\u017e\u00ed, m\u016f\u017ee pro sebe vykonat mnoho.<\/p>\n<p><b>Anna<\/b><\/p>\n<p>A nejl\u00e9pe to jde, kdy\u017e je takov\u00fd jedinec obklopen p\u0159\u00e1teli \u010di stabiln\u00edm rodinn\u00fdm z\u00e1zem\u00edm \u2013 slu\u0161\u00ed se tradi\u010dn\u011b dodat.<\/p>\n<p><b>Anonymn\u00ed dopisovatel<\/b><\/p>\n<p>Jak ji\u017e v\u00edme, za sv\u016fj \u017eivot Petr \u010delil nejedn\u00e9 p\u0159ek\u00e1\u017ece. Krom\u011b drogov\u00e9 z\u00e1vislosti a nadm\u011brn\u00e9ho pit\u00ed alkoholu se u jmenovan\u00e9ho pom\u011brn\u011b dost \u010dasto objevovaly my\u0161lenky na sebevra\u017edu. Od sebepo\u0161kozov\u00e1n\u00ed to p\u0159e\u0161lo a\u017e k \u017eiv\u00fdm hlas\u016fm, kter\u00e9 Petr vn\u00edmal velice intenzivn\u011b a pova\u017eoval je za skute\u010dn\u00e9, a\u010dkoliv se v\u0161e odehr\u00e1valo pouze v jeho hlav\u011b.<\/p>\n<p><b>Na popud Rebeky Hodkov\u00e9 v\u00fd\u0161e uveden\u00e9 zaznamenal a n\u00e1sledn\u011b zve\u0159ejnil Ten<\/b><\/p>\n<p>Rovn\u011b\u017e se s p\u0159esnost\u00ed d\u00e1 uv\u00e9sti, \u017ee se Petr kv\u016fli sv\u00fdm vnit\u0159n\u00edm hlas\u016fm dostal do nes\u010detn\u00fdch nez\u00e1vid\u011bn\u00edhodn\u00fdch prek\u00e9rn\u00edch situac\u00ed. Kolikr\u00e1t si sv\u00fdmi slovy nep\u0159ipadal jako \u010dlov\u011bk, n\u00fdbr\u017e jako robot, co m\u00e1 za \u00fakol plnit p\u0159\u00edkazy sv\u00e9 vnit\u0159n\u00ed mozkovny. Nejednou se tak p\u0159ihodilo, \u017ee st\u00e1l na most\u011b, d\u00edval se z n\u011bho dol\u016f a na mysl mu p\u0159i\u0161la my\u0161lenka, co by se stalo, kdyby poslechl sv\u016fj vnit\u0159n\u00ed hlas a sko\u010dil. Pomohl a\u017e Winsternsk\u00fd rod \u0159\u00e1du lebonsk\u00fdch lid\u00ed.<\/p>\n<p><b>Na popud Pavla Kaplick\u00e9ho v\u00fd\u0161e uveden\u00e9 zaznamenal a n\u00e1sledn\u011b zve\u0159ejnil Ten<\/b><\/p>\n<p>\u0160t\u011bst\u00ed \u017ee to nakonec dopadlo alespo\u0148 takto.<\/p>\n<p><b>Panter<\/b><\/p>\n<p>To mus\u00ed b\u00fdt hrozn\u00e9, kdy\u017e \u010dlov\u011bka uvnit\u0159 jeho vlastn\u00ed mysli n\u011bco t\u00ed\u017e\u00ed. A kdy\u017e si k tomu je\u0161t\u011b domysl\u00edme onu drogovou z\u00e1vislost, s n\u00ed\u017e se Petr byl nucen poprat\u2026<\/p>\n<p><b>Anonymn\u00ed dopisovatel<\/b><\/p>\n<p>V\u0161ak si tak\u00e9 Tom Patrick kladl v\u011b\u010dnou ot\u00e1zku, pro\u010d drogy, kter\u00e9 \u010dlov\u011bk u\u017e\u00edv\u00e1, mu v kone\u010dn\u00e9 f\u00e1zi zp\u016fsobuj\u00ed jen utrpen\u00ed a dostanou ho a\u017e na sam\u00e9 dno. On s\u00e1m kladl d\u016fraz naopak na drogy, je\u017e \u010dlov\u011bku p\u0159inesou n\u011bco pozitivn\u00edho, na co by jednou i r\u00e1d vzpom\u00ednal. Tom se tak po\u0159\u00e1d pozastavuje nad onou my\u0161lenkou, pro\u010d takov\u00e1 droga ji\u017e del\u0161\u00ed dobu nen\u00ed vyrobena.<\/p>\n<p><b>Anna<\/b><\/p>\n<p>Dovol\u00edm si t\u011b, Ani\u010dko, tro\u0161i\u010dku poopravit. Ona tebou jmenovan\u00e1 pozitivn\u00ed droga je vyrobena, ov\u0161em u\u017e\u00edv\u00e1 se pouze ve fiktivn\u00edm m\u011bst\u011b Toma Patricka jm\u00e9nem Kataln\u00e1 Mochna.<\/p>\n<p><b>Anonymn\u00ed dopisovatel<\/b><\/p>\n<p>Petr, kdy\u017e se dostal dle sv\u00fdch slov z nejhor\u0161\u00edho, popravd\u011b promluvil o dan\u00e9 problematice drog: \u201eNa po\u010d\u00e1tku je v\u00e1m skv\u011ble, m\u00e1te pocit, \u017ee jste p\u00e1nem sv\u011bta, \u017ee zvl\u00e1dnete nemysliteln\u00e9, ov\u0161em zakr\u00e1tko se v\u00e1m v\u0161e za\u010d\u00edn\u00e1 postupn\u011b vymykat z rukou. A tak se to s v\u00e1mi nevesele t\u00e1hne d\u00e1l, a ne\u017e se nad\u011bjete, p\u016flka \u017eivota je nen\u00e1vratn\u011b ztracena. Pak \u010d\u00edm d\u00e1l v\u00edce tou\u017e\u00edte vr\u00e1tit \u010das, le\u010d toto nen\u00ed ve va\u0161\u00ed moci.\u201c<\/p>\n<p><b>Danou informaci zpracoval a n\u00e1sledn\u011b zve\u0159ejnil Ten<\/b><\/p>\n<p>V\u017edy je dobr\u00e9 m\u00edt n\u011bkoho, kdo n\u00e1m pom\u016f\u017ee, kdy\u017e t\u00e1peme v nejistot\u011b. A jsem r\u00e1da, \u017ee i Petr na\u0161el svoji sp\u0159\u00edzn\u011bnou du\u0161i ve sv\u00e9 p\u0159\u00edtelkyni, rodin\u011b a u Winsternsk\u00e9ho rodu \u0159\u00e1du lebonsk\u00fdch lid\u00ed.<\/p>\n<p><b>Anna<\/b><\/p>\n<p>Ano, to bylo velik\u00e9 \u0161t\u011bst\u00ed.<\/p>\n<p><b>Panter<\/b><\/p>\n<p>Jako bych sly\u0161el Toma Patricka: K\u00e9\u017e by i n\u00e1s podobn\u00fd spolek zast\u00e1nc\u016f alternativn\u00ed medic\u00edny spasil.<\/p>\n<p><b>Anonymn\u00ed dopisovatel<\/b><\/p>\n<p>Dle dostupn\u00fdch zdroj\u016f se Petr moment\u00e1ln\u011b t\u011b\u0161\u00ed dobr\u00e9mu zdrav\u00ed, nad\u00e1le vykon\u00e1v\u00e1 pr\u00e1ci skladn\u00edka v jednom z pra\u017esk\u00fdch supermarket\u016f a po boku mu v\u011brn\u011b stoj\u00ed ona Magda. A tak nezb\u00fdv\u00e1 ne\u017e mu do budoucna pop\u0159\u00e1t i za n\u00e1\u0161 \u010dasopis jen ono dobr\u00e9 a to i p\u0159es jeho pohnutou minulost. Ka\u017ed\u00fd \u010dlov\u011bk si p\u0159ece zaslou\u017e\u00ed kousek onoho k\u00fd\u017een\u00e9ho \u0161t\u011bst\u00ed\u010dka a my budeme r\u00e1di, kdy\u017e svoj\u00ed vrchovatou m\u011brou poct\u00ed i Petra.<\/p>\n<p><b>Danou informaci zpracoval a n\u00e1sledn\u011b zve\u0159ejnil Ten<\/b><\/p>\n<p>Souhlas\u00edm.<\/p>\n<p><b>Panter<\/b><\/p>\n<p>J\u00e1 se ke gratulaci p\u0159id\u00e1v\u00e1m. Ka\u017ed\u00fd z n\u00e1s v \u017eivot\u011b \u010din\u00edme chyby \u2013 n\u011bkdy jsou velmi z\u00e1va\u017en\u00e9, jindy zase m\u00e9n\u011b. D\u016fle\u017eit\u00e9 je v\u0161ak to, abychom se z nich pou\u010dili. A obdobn\u011b u\u010dinil i Petr, kter\u00fd se pokusil o omluvu za sv\u00e9 n\u011bkdej\u0161\u00ed proh\u0159e\u0161ky. A i kdy\u017e ze strany po\u0161kozen\u00fdch v\u00edcem\u00e9n\u011b nebyla p\u0159ijata, cen\u00edm si alespo\u0148 toho, \u017ee Petr p\u0159ekonal sv\u00e9 z\u00e1vislosti a znovu se tak dok\u00e1zal zapojit do norm\u00e1ln\u00edho \u017eivota.<\/p>\n<p><b>Anna<\/b><\/p>\n<p>V\u017edy\u0165 co by to bylo jinak za \u017eivot, kdyby se v n\u011bm neud\u00e1lo n\u011bco p\u011bkn\u00e9ho. A j\u00e1 v\u011b\u0159\u00edm, \u017ee onen Petr, stejn\u011b jako my v\u0161ichni, v n\u011bm mnoho p\u011bkn\u00e9ho je\u0161t\u011b za\u017eije.<\/p>\n<p><b>Anonymn\u00ed dopisovatel<\/b><\/p>\n<div class=\"fcbkbttn_buttons_block\" id=\"fcbkbttn_left\"><div class=\"fcbkbttn_button\">\n                            <a href=\"https:\/\/www.facebook.com\/tom.patrick.509\" target=\"_blank\">\n                                <img decoding=\"async\" src=\"https:\/\/eldar.cz\/tompatrick\/wp-content\/plugins\/facebook-button-plugin\/images\/large-facebook-ico.png\" alt=\"Fb-Button\" \/>\n                            <\/a>\n                        <\/div><div class=\"fcbkbttn_like fcbkbttn_large_button\"><fb:like href=\"https:\/\/eldar.cz\/tompatrick\/flying-antasy\/flying-antasy-cast-12\" action=\"like\" colorscheme=\"light\" layout=\"standard\"  width=\"225px\" size=\"large\"><\/fb:like><\/div><div class=\"fb-share-button fcbkbttn_large_button \" data-href=\"https:\/\/eldar.cz\/tompatrick\/flying-antasy\/flying-antasy-cast-12\" data-type=\"button_count\" data-size=\"large\"><\/div><\/div>","protected":false},"excerpt":{"rendered":"<p>Jako zaj\u00edmav\u00e1 persona se rovn\u011b\u017e jev\u00ed i Petr Tich\u00fd, mu\u017e, jen\u017e podstatnou \u010d\u00e1st byt\u00ed zasv\u011btil hled\u00e1n\u00ed sv\u00e9ho vlastn\u00edho j\u00e1. Obdobn\u011b jako Luk\u00e1\u0161 i on si pro\u0161el t\u011b\u017ekostmi \u017eivota, na rozd\u00edl od n\u011bj mu v\u0161ak nebyly ciz\u00ed drogy. Danou informaci zpracoval &hellip; <a href=\"https:\/\/eldar.cz\/tompatrick\/flying-antasy\/flying-antasy-cast-12\">Cel\u00fd p\u0159\u00edsp\u011bvek <span class=\"meta-nav\">&rarr;<\/span><\/a><\/p>\n","protected":false},"author":2,"featured_media":0,"comment_status":"open","ping_status":"open","sticky":false,"template":"","format":"standard","meta":{"_s2mail":"yes","footnotes":""},"categories":[7],"tags":[],"class_list":["post-1394","post","type-post","status-publish","format-standard","hentry","category-flying-antasy"],"_links":{"self":[{"href":"https:\/\/eldar.cz\/tompatrick\/wp-json\/wp\/v2\/posts\/1394","targetHints":{"allow":["GET"]}}],"collection":[{"href":"https:\/\/eldar.cz\/tompatrick\/wp-json\/wp\/v2\/posts"}],"about":[{"href":"https:\/\/eldar.cz\/tompatrick\/wp-json\/wp\/v2\/types\/post"}],"author":[{"embeddable":true,"href":"https:\/\/eldar.cz\/tompatrick\/wp-json\/wp\/v2\/users\/2"}],"replies":[{"embeddable":true,"href":"https:\/\/eldar.cz\/tompatrick\/wp-json\/wp\/v2\/comments?post=1394"}],"version-history":[{"count":1,"href":"https:\/\/eldar.cz\/tompatrick\/wp-json\/wp\/v2\/posts\/1394\/revisions"}],"predecessor-version":[{"id":1395,"href":"https:\/\/eldar.cz\/tompatrick\/wp-json\/wp\/v2\/posts\/1394\/revisions\/1395"}],"wp:attachment":[{"href":"https:\/\/eldar.cz\/tompatrick\/wp-json\/wp\/v2\/media?parent=1394"}],"wp:term":[{"taxonomy":"category","embeddable":true,"href":"https:\/\/eldar.cz\/tompatrick\/wp-json\/wp\/v2\/categories?post=1394"},{"taxonomy":"post_tag","embeddable":true,"href":"https:\/\/eldar.cz\/tompatrick\/wp-json\/wp\/v2\/tags?post=1394"}],"curies":[{"name":"wp","href":"https:\/\/api.w.org\/{rel}","templated":true}]}}