{"id":1295,"date":"2015-03-09T09:00:05","date_gmt":"2015-03-09T07:00:05","guid":{"rendered":"http:\/\/eldar.cz\/tompatrick\/?p=1295"},"modified":"2013-11-15T14:45:45","modified_gmt":"2013-11-15T12:45:45","slug":"flying-antasy-cast-5","status":"publish","type":"post","link":"https:\/\/eldar.cz\/tompatrick\/flying-antasy\/flying-antasy-cast-5","title":{"rendered":"Flying antasy (\u010d\u00e1st 5)"},"content":{"rendered":"<div class=\"fcbkbttn_buttons_block\" id=\"fcbkbttn_left\"><div class=\"fcbkbttn_button\">\n                            <a href=\"https:\/\/www.facebook.com\/tom.patrick.509\" target=\"_blank\">\n                                <img decoding=\"async\" src=\"https:\/\/eldar.cz\/tompatrick\/wp-content\/plugins\/facebook-button-plugin\/images\/large-facebook-ico.png\" alt=\"Fb-Button\" \/>\n                            <\/a>\n                        <\/div><div class=\"fcbkbttn_like fcbkbttn_large_button\"><fb:like href=\"https:\/\/eldar.cz\/tompatrick\/flying-antasy\/flying-antasy-cast-5\" action=\"like\" colorscheme=\"light\" layout=\"standard\"  width=\"225px\" size=\"large\"><\/fb:like><\/div><div class=\"fb-share-button fcbkbttn_large_button \" data-href=\"https:\/\/eldar.cz\/tompatrick\/flying-antasy\/flying-antasy-cast-5\" data-type=\"button_count\" data-size=\"large\"><\/div><\/div><p>\u00a0Jak Rebeka Hodkov\u00e1 d\u00e1le zji\u0161\u0165ovala, tak autor, tedy Tom Patrick, velice r\u00e1d polemizoval nad polo\u017ekou posmrtn\u00e9ho \u017eivota. Zde je dal\u0161\u00ed z jeho citac\u00ed: \u201ePot\u00e9, co ukon\u010d\u00edme \u017eivot na planet\u011b Zemi, nebudeme na\u010das o sob\u011b v\u011bd\u011bt, dokud se o slovo nep\u0159ihl\u00e1s\u00ed zcela nov\u00fd \u017eivot, kter\u00fd bude prob\u00edhati op\u011bt na planet\u011b Zemi \u010di na planet\u011b jin\u00e9, je\u017e bude ohrani\u010dena z\u00e1kony, jim\u017e se znovuzrozen\u00fd bude muset p\u0159izp\u016fsobit. A pro\u010d ono znovuzrozen\u00ed? Pravd\u011bpodobn\u011b za \u00fa\u010delem nov\u00e9 perzekuce.\u201c<\/p>\n<p>&nbsp;<\/p>\n<p>Pavel Kaplick\u00fd se domn\u00edv\u00e1, \u017ee autor, tedy Tom Patrick, vych\u00e1zel z kn\u00ed\u017eky Almanach tajemna, v n\u00ed\u017e byl zve\u0159ejn\u011bn \u010dl\u00e1nek o jist\u00e9m hochovi, co s p\u0159ehledem byl schopen popsat minul\u00fd \u017eivot jin\u00e9ho, ji\u017e zesnul\u00e9ho jinocha, ani\u017e by se s n\u00edm osobn\u011b setkal.<\/p>\n<p>&nbsp;<\/p>\n<p>To j\u00e1 jsem zase sly\u0161el o kon\u00edkovi, co um\u011bl vy\u0165uk\u00e1vat p\u00edsmena, pomoc\u00ed nich\u017e informoval o ztracen\u00fdch lidech.<\/p>\n<p>&nbsp;<\/p>\n<p><strong>Panter<\/strong><\/p>\n<p>&nbsp;<\/p>\n<p>A j\u00e1 zase sly\u0161ela o dom\u011b, v n\u011bm\u017e se zjevuje duch zesnul\u00e9ho majitele.<\/p>\n<p>&nbsp;<\/p>\n<p><strong>Anna<\/strong><\/p>\n<p>&nbsp;<\/p>\n<p>To, co jmenovala Anna, na jak\u00fdsi druh posmrtn\u00e9ho \u017eivota poukazuje.<\/p>\n<p>&nbsp;<\/p>\n<p><strong>Anonymn\u00ed dopisovatel<\/strong><\/p>\n<p>&nbsp;<\/p>\n<p>Jak d\u00e1le p\u0159ipom\u00edn\u00e1 Rebeka Hodkov\u00e1: \u201eVedle studie posmrtn\u00e9ho \u017eivota autorovi, tedy Tomu Patrickovi, hodn\u011b imponovalo no\u010dn\u00ed m\u011bsto. Snad pr\u00e1v\u011b proto jeho \u010dty\u0159i rom\u00e1nov\u00e1 d\u00edla a n\u011bkter\u00e9 pov\u00eddky nesly n\u00e1zev City (vizte City Means).\u201c<\/p>\n<p>&nbsp;<\/p>\n<p>Jak kdysi autor, tedy Tom Patrick, s\u00e1m poznamenal: \u201eM\u011bl jsem r\u00e1d ten kontrast sv\u00edt\u00edc\u00edch no\u010dn\u00edch lamp a kolon\u00e1dn\u00ed promen\u00e1dy a to ticho z n\u00ed s\u00e1laj\u00edc\u00ed navenek.\u201c<\/p>\n<p>&nbsp;<\/p>\n<p>Jak dokl\u00e1d\u00e1 Pavel Kaplick\u00fd: \u201eNo\u010dn\u00ed m\u011bsto je s nejv\u011bt\u0161\u00ed pravd\u011bpodobnost\u00ed inspirov\u00e1no rodn\u00fdm m\u011bstem jm\u00e9nem Pod\u011bbrady, z n\u011bho\u017e autor, tedy Tom Patrick, poch\u00e1zel. A co se kolon\u00e1dn\u00edho prostranstv\u00ed t\u00fd\u010de, je obstojn\u011b zpracov\u00e1no ve t\u0159et\u00edm City Meansu (vizte City Means III &#8211; M\u011bsto pln\u00e9 protiklad\u016f).\u201c<\/p>\n<p>&nbsp;<\/p>\n<p>Jak n\u00e1sledn\u011b p\u0159ipojil Ten: \u201eKa\u017ed\u00fd z rom\u00e1n\u016f Toma Patricka v sob\u011b nesl jist\u00fd druh autobiografie a stopy rodn\u00e9ho m\u011bsta. Tak nap\u0159\u00edklad Podzemn\u00ed rajon\u00e1da je inspirov\u00e1na pod\u011bbradskou \u010dajovnou, zat\u00edmco Oborov\u011bnka pod\u011bbradskou Oborou.\u201c<\/p>\n<p>&nbsp;<\/p>\n<p>City Means \u2013 M\u011bsto pln\u00e9 n\u00e1vrat\u016f, City Means II \u2013 M\u011bsto pln\u00e9 dialog\u016f, City Means III &#8211; M\u011bsto pln\u00e9 protiklad\u016f a City Means IV \u2013 M\u011bsto pln\u00e9 n\u00e1zor\u016f. Tak schv\u00e1ln\u011b, kter\u00e9 v\u00e1m zaimponovalo nejv\u00edce? Mn\u011b m\u011bsto s po\u0159adov\u00fdm \u010d\u00edslem dv\u011b.<\/p>\n<p>&nbsp;<\/p>\n<p><strong>Panter<\/strong><\/p>\n<p>&nbsp;<\/p>\n<p>Mn\u011b se nejv\u00edce l\u00edbila jedni\u010dka.<\/p>\n<p>&nbsp;<\/p>\n<p><strong>Anonymn\u00ed dopisovatel<\/strong><\/p>\n<p>&nbsp;<\/p>\n<p>M\u011b v\u0161echny \u010dty\u0159i d\u00edly n\u011bjak oslovily.<\/p>\n<p>&nbsp;<\/p>\n<p><strong>Anna<\/strong><\/p>\n<p>&nbsp;<\/p>\n<p>Co by asi \u0159ekla Martinka, kdyby tu s n\u00e1mi byla?<\/p>\n<p>&nbsp;<\/p>\n<p><strong>Panter<\/strong><\/p>\n<p>&nbsp;<\/p>\n<p>Patrn\u011b by se zdr\u017eela hlasov\u00e1n\u00ed, jinak t\u011b\u017eko \u0159\u00edci.<\/p>\n<p>&nbsp;<\/p>\n<p><strong>Anonymn\u00ed dopisovatel<\/strong><\/p>\n<p>&nbsp;<\/p>\n<p>Jak d\u00e1le zji\u0161\u0165oval Ten: \u201eCity Means se klidn\u011b mohl do\u010dkat i filmov\u00e9ho zpracov\u00e1n\u00ed, bohu\u017eel se nena\u0161el re\u017eis\u00e9r, kter\u00fd by ho nato\u010dil. D\u016fvod je prost\u00fd: \u010cesk\u00e1 republika je velice mal\u00e1 zemi\u010dka a je v\u016fbec \u00fasp\u011bch, pokud se v n\u00ed za rok nato\u010d\u00ed by\u0165 jedin\u00fd film.\u201c<\/p>\n<p>&nbsp;<\/p>\n<p>Jak posl\u00e9ze dokl\u00e1d\u00e1 Rebeka Hodkov\u00e1: \u201eAutor, tedy Tom Patrick, absenc\u00ed \u017eiv\u00fdch obraz\u016f nev\u00fdslovn\u011b trp\u011bl a tak se je alespo\u0148 sna\u017eil nal\u00e9zti ve filmov\u00fdch zpracov\u00e1n\u00edch jin\u00fdch autor\u016f \u010di p\u0159edobrazech, co mu n\u011b\u010d\u00edm zaimponovaly.\u201c<\/p>\n<p>&nbsp;<\/p>\n<p>To je v\u00e1\u017en\u011b t\u011b\u017ek\u00e9, j\u00e1 bych se jednou cht\u011bl st\u00e1t majitelem n\u011bjak\u00e9 vyhl\u00e1\u0161en\u00e9 restaurace a tak\u00e9 se mi to nejsp\u00ed\u0161e nepo\u0161t\u011bst\u00ed.<\/p>\n<p>&nbsp;<\/p>\n<p><strong>Panter<\/strong><\/p>\n<p>&nbsp;<\/p>\n<p>Kdy\u017e se bude\u0161 sna\u017eit, tak se ti to t\u0159eba po\u0161t\u011bst\u00ed. Mus\u00ed\u0161 si jen v\u00edc v\u011b\u0159it.<\/p>\n<p>&nbsp;<\/p>\n<p><strong>Anonymn\u00ed dopisovatel<\/strong><\/p>\n<p>&nbsp;<\/p>\n<p>V\u00edte co by na to \u0159ekl Tom?<\/p>\n<p>&nbsp;<\/p>\n<p><strong>Anna<\/strong><\/p>\n<p>&nbsp;<\/p>\n<p>\u017de se to hezky poslouch\u00e1 a tak, ale navenek v\u0161e t\u011b\u017eko realizuje.<\/p>\n<p>&nbsp;<\/p>\n<p><strong>Panter<\/strong><\/p>\n<p>&nbsp;<\/p>\n<p>Rebeka Hodkov\u00e1 d\u00e1le dokl\u00e1d\u00e1 jednu z citac\u00ed Emy Chardov\u00e9, je\u017e promlouvala slovy Toma Patricka v knize City Means II \u2013 M\u011bsto pln\u00e9 dialog\u016f: \u201eV\u00e1lky jako takov\u00e9 samy o sob\u011b nemaj\u00ed pra\u017e\u00e1dn\u00fd v\u00fdznam, nebo\u0165 plod\u00ed jen zlo a lidem neprosp\u00edvaj\u00ed. K \u010demu je potom vyhran\u00e1 \u010di prohran\u00e1 bitva, kdy\u017e v\u00e1s b\u011bhem vlekl\u00fdch v\u00e1le\u010dn\u00fdch spor\u016f opust\u00ed va\u0161i bl\u00edzc\u00ed a milovan\u00ed. U\u017e dost toho krveprol\u00e9v\u00e1n\u00ed, copak to za dobu, co je sv\u011bt sv\u011btem, nesta\u010dilo? Zamysleme se nad sebou, co\u017epak dan\u00e9 krveprolit\u00ed nejde vyb\u00edt jinak, t\u0159eba na kousku pap\u00edru?<\/p>\n<p>&nbsp;<\/p>\n<p>Co k tomu dodat? Ema m\u00e1 pravdu, sv\u011bt je obest\u0159en zlem, kter\u00e9 plod\u00ed zase zlo.<\/p>\n<p>&nbsp;<\/p>\n<p><strong>Panter<\/strong><\/p>\n<p>&nbsp;<\/p>\n<p>Jak poznamenal Radovan Litevsk\u00fd, mochnick\u00fd u\u010ditel biologie: \u010dlov\u011bk m\u00e1 v sob\u011b hodnou i \u0161patnou str\u00e1nku a je d\u016fle\u017eit\u00e9 si um\u011bt navenek vybrat tu spr\u00e1vnou.<\/p>\n<p>&nbsp;<\/p>\n<p><strong>Anna<\/strong><\/p>\n<p>&nbsp;<\/p>\n<p>Ema sv\u00fdm v\u00fdrokem popularizuje sv\u00e9 P\u011bnkalinky, pomoc\u00ed nich\u017e je mo\u017en\u00e9 vyb\u00edt si vztek na kousku pap\u00edru, jak to dokl\u00e1d\u00e1 City Means II \u2013 M\u011bsto pln\u00e9 dialog\u016f \u2013 kapitola 9 s n\u00e1zvem Dev\u00e1t\u00e1 komnata.<\/p>\n<p>&nbsp;<\/p>\n<p><strong>Anonymn\u00ed dopisovatel<\/strong><\/p>\n<p>&nbsp;<\/p>\n<p>Pavel Kaplick\u00fd n\u00e1sledn\u011b p\u0159edkl\u00e1d\u00e1 dal\u0161\u00ed citaci Emy Chardov\u00e9: \u201eCo vedle v\u00e1le\u010dn\u00fdch konflikt\u016f d\u00e1le su\u017euje planetu Zemi? Patrn\u011b politick\u00e9 spektrum. Nerozum\u00edm mu, nicm\u00e9n\u011b m\u011b vyt\u00e1\u010d\u00ed svoj\u00ed aroganc\u00ed, co chov\u00e1 k t\u011b\u017eko se br\u00e1nic\u00edm ob\u010dan\u016fm. Kdo v\u00ed, t\u0159eba by pomohla \u017eensk\u00e1 emancipace, kdy\u017e ta mu\u017esk\u00e1 selh\u00e1v\u00e1.\u201c<\/p>\n<p>&nbsp;<\/p>\n<p>To\u0165 ot\u00e1zka.<\/p>\n<p>&nbsp;<\/p>\n<p><strong>Panter<\/strong><\/p>\n<p>&nbsp;<\/p>\n<p>Kdyby sv\u00fdm platem politika poslanec ze sv\u00e9ho m\u011bs\u00ed\u010dn\u00edho p\u0159\u00edjmu pravideln\u011b do sv\u00e9ho sektoru p\u0159in\u00e1\u0161el pen\u00edze, t\u0159eba by se v\u0161e hnulo k lep\u0161\u00edmu.<\/p>\n<p>&nbsp;<\/p>\n<p><strong>Anonymn\u00ed dopisovatel<\/strong><\/p>\n<p>&nbsp;<\/p>\n<p>N\u011bco z toho bylo nazna\u010deno v knize City Means \u2013 M\u011bsto pln\u00e9 rozmanitost\u00ed, konkr\u00e9tn\u011b v kapitole \u010d\u00edslo osm.<\/p>\n<p>&nbsp;<\/p>\n<p><strong>Anna<\/strong><\/p>\n<p>&nbsp;<\/p>\n<p>Jak zaznamenal Ten, tak mnoho lid\u00ed na sv\u011bt\u011b \u0159e\u0161\u00ed svou existenci i to, kdy nastane konec sv\u011bta. I s\u00e1m autor, tedy Tom Patrick, p\u0159isp\u011bl sv\u00fdmi osobn\u00edmi n\u00e1zory: \u201eKa\u017ed\u00fd jedinec je sv\u00fdm zp\u016fsobem v\u00fdjime\u010dn\u00fd a pr\u00e1v\u011b proto se narodil, nebo\u0165 m\u016f\u017ee dok\u00e1zat n\u011bco, co jin\u00fd nesvede a t\u00edm obohat\u00ed \u017eivot na planet\u011b Zemi. A pro\u010d je konec sv\u011bta v nedohlednu? Je to prost\u00e9: je\u0161t\u011b nebylo v\u0161e vytvo\u0159eno, je\u0161t\u011b toho hodn\u011b zb\u00fdv\u00e1 vymyslet v r\u016fzn\u00fdch odv\u011btv\u00edch, a\u0165 se jedn\u00e1 o v\u011bdu, um\u011bn\u00ed \u010di ekonomick\u00e9 sf\u00e9ry.<\/p>\n<p>&nbsp;<\/p>\n<p>Na tom n\u011bco nejsp\u00ed\u0161e bude.<\/p>\n<p>&nbsp;<\/p>\n<p><strong>Panter<\/strong><\/p>\n<p>&nbsp;<\/p>\n<p>Taky se mi nezd\u00e1, \u017ee by v\u0161e m\u011blo nar\u00e1z skon\u010dit. Jen ten lidsk\u00fd \u017eivot zkr\u00e1tka jednou pohasne, nebo\u0165 je v\u011bkov\u011b ohrani\u010den\u00fd, co\u017e je \u0161koda, proto\u017ee mn\u011b se na sv\u011bt\u011b jinak l\u00edb\u00ed, a\u0165 u\u017e je jak\u00fd je.<\/p>\n<p>&nbsp;<\/p>\n<p><strong>Anna<\/strong><\/p>\n<p>&nbsp;<\/p>\n<p>Tak u\u017e je to prost\u011b zde na Zemi za\u0159\u00edzen\u00e9, Ani\u010dko.<\/p>\n<p>&nbsp;<\/p>\n<p><strong>Anonymn\u00ed dopisovatel <\/strong><\/p>\n<p>&nbsp;<\/p>\n<p>Zcela logicky se tedy nab\u00edz\u00ed ot\u00e1zka, pro\u010d jsou n\u011bkte\u0159\u00ed jedinci p\u0159ed\u010dasn\u011b odsouzeni na smrt, kdy\u017e se jednou narod\u00ed a tak p\u0159ijdou na sv\u011bt. I na to se autor, tedy Tom Patrick, pokou\u0161el nal\u00e9zt odpov\u011b\u010f. Zde je jeho cit\u00e1t: \u201eMo\u017en\u00e1 \u017ee se tak d\u011bje z hlediska jednoho velk\u00e9ho omylu. Ti lid\u00e9, co opou\u0161t\u011bj\u00ed p\u0159ed\u010dasn\u011b tento sv\u011bt, maj\u00ed do v\u00ednku d\u00e1ny vize, kter\u00e9 v\u0161ak jsou pro realizov\u00e1n\u00ed a\u017e p\u0159\u00edli\u0161 nad\u010dasov\u00e9, a tak osud zkr\u00e1tka takov\u00fdm lidem nep\u0159eje a pos\u00edl\u00e1 je s p\u0159edstihem na onen sv\u011bt. To ur\u010dit\u011b nen\u00ed dobr\u00e9, nebo\u0165 pokud se \u010dlov\u011bk jednou narod\u00ed, m\u011bl by doj\u00edt pln\u00e9ho napln\u011bn\u00ed sv\u00fdch viz\u00ed a naopak by nem\u011bl b\u00fdt zat\u011b\u017ek\u00e1v\u00e1n zkou\u0161kami, kter\u00e9 mu osud stav\u00ed do cesty.<\/p>\n<p>&nbsp;<\/p>\n<p>P\u00e1ni, to je ale citace. Kdyby tu te\u010f byla p\u0159\u00edtomn\u00e1 Martinka, ta by nad Tom\u00edkem zase pln\u011b kroutila hlavou.<\/p>\n<p>&nbsp;<\/p>\n<p><strong>Panter<\/strong><\/p>\n<p>&nbsp;<\/p>\n<p>Co mi v\u00edme, t\u0159eba tomu tak skute\u010dn\u011b je, jak p\u0159edznamenal Tom Patrick. Nebo\u0165 minulost tu nelze zm\u011bnit. Jak\u00e1 jednou je, takov\u00e1 ji\u017e z\u016fstane. Prost\u011b James Dean jednou zem\u0159el jako mla\u010foch a to u\u017e mu nikdo nevezme. A tak naplnil slogan rebel bez p\u0159\u00ed\u010diny do pln\u00e9 vrchovat\u00e9 m\u00edry. A jeho p\u0159ed\u010dasn\u00e1 smrt pak vedla k tomu, \u017ee jeho dal\u0161\u00ed role ztv\u00e1rnil n\u011bkdo \u00fapln\u011b jin\u00fd. Prost\u011b osud tomu tak cht\u011bl.<\/p>\n<p>&nbsp;<\/p>\n<p><strong>Anonymn\u00ed dopisovatel<\/strong><\/p>\n<p>&nbsp;<\/p>\n<p>Mo\u017en\u00e1 \u017ee m\u00e1\u0161 pravdu. A stejn\u011b tak to mohlo b\u00fdt s Kennedyho smrt\u00ed. Kdyby na n\u011bj nebyl sp\u00e1ch\u00e1n atent\u00e1t, mohl b\u00fdt prezidentem del\u0161\u00ed dobu a tak by t\u0159eba zabr\u00e1nil v\u00e1lce ve Vietnamu.<\/p>\n<p>&nbsp;<\/p>\n<p><strong>Anna<\/strong><\/p>\n<p>&nbsp;<\/p>\n<p>Jak dokl\u00e1d\u00e1 Rebeka Hodkov\u00e1: \u201eMo\u017en\u00e1 pr\u00e1v\u011b proto, \u017ee osud se mnohdy ukazuje jako velice nep\u0159\u00edjemn\u00fd pr\u016fvodce lidsk\u00fdm \u017eivotem a n\u011bkdy dokonce i zab\u00edj\u00ed, se Kataln\u00e1 Mochna v pod\u00e1n\u00ed Toma Patricka stala m\u011bstem, kde se m\u00edstn\u00ed obyvatel\u00e9 sna\u017eili b\u00fdti n\u00e1pomocni druh\u00fdm, a\u0165 u\u017e p\u0159i\u0161la \u0159e\u010d na Josefa Humlera, sv\u00e9r\u00e1znou baculku Maru\u0161ku, L\u00eddu Dobovou, L\u00edzu Kormanovou \u010di samotn\u00e9 pr\u016fvodce, mezi n\u011b\u017e se \u0159adili Alexandra Janov\u00e1, Ema Chardov\u00e1, Tom Wong a Radovan Litevsk\u00fd. A\u0165 u\u017e Kataln\u00e1 Mochna pro\u017e\u00edvala jak\u00e9koliv dobrodru\u017estv\u00ed, sna\u017eila se sv\u011btu b\u00fdt st\u00e1le otev\u0159ena pomysln\u00fdm srdcem na dlani.<\/p>\n<p>&nbsp;<\/p>\n<p>Jak obdr\u017eel zpr\u00e1vu Ten: \u201eTom Patrick se usilovn\u011b v City Meansu sna\u017eil o to, aby se \u010dten\u00e1\u0159i do Kataln\u00e9 Mochny r\u00e1di vraceli. Proto ka\u017ed\u00fd ze \u010dty\u0159 d\u00edl\u016f m\u011bl i sv\u00e9ho pr\u016fvodce, kter\u00fd \u010dten\u00e1\u0159i p\u0159edstavil po \u010d\u00e1stech mochnick\u00e1 z\u00e1kout\u00ed.<\/p>\n<p>&nbsp;<\/p>\n<p>City Means \u2013 M\u011bsto pln\u00e9 n\u00e1vrat\u016f \u010dten\u00e1\u0159\u016fm p\u0159edstavilo pas\u00e1\u017eov\u00e9 prostranstv\u00ed, City Means II &#8211; M\u011bsto pln\u00e9 dialog\u016f pak Oborov\u011bnku, City Means III \u2013 M\u011bsto pln\u00e9 protiklad\u016f kolon\u00e1dn\u00ed promen\u00e1du a City Means IV \u2013 M\u011bsto pln\u00e9 n\u00e1zor\u016f p\u0159ilehl\u00e1 pole a jezera.<\/p>\n<p>&nbsp;<\/p>\n<p><strong>Anna<\/strong><\/p>\n<p>&nbsp;<\/p>\n<p>A vedle toho tu byly samoz\u0159ejm\u011b i Alexand\u0159iny Vantelbooklisty, Emyny P\u011bnkalinky, Wongovy Almany a m\u00edstn\u00ed poln\u00ed rarity v podob\u011b jehlanov\u00e9 pyramidy \u010di menhir\u016f.<\/p>\n<p>&nbsp;<\/p>\n<p><strong>Anonymn\u00ed dopisovatel<\/strong><\/p>\n<p>&nbsp;<\/p>\n<p>Zkr\u00e1tka ka\u017ed\u00fd si v City Meansu na\u0161el to sv\u00e9.<\/p>\n<p>&nbsp;<\/p>\n<p><strong>Panter<\/strong><\/p>\n<div class=\"fcbkbttn_buttons_block\" id=\"fcbkbttn_left\"><div class=\"fcbkbttn_button\">\n                            <a href=\"https:\/\/www.facebook.com\/tom.patrick.509\" target=\"_blank\">\n                                <img decoding=\"async\" src=\"https:\/\/eldar.cz\/tompatrick\/wp-content\/plugins\/facebook-button-plugin\/images\/large-facebook-ico.png\" alt=\"Fb-Button\" \/>\n                            <\/a>\n                        <\/div><div class=\"fcbkbttn_like fcbkbttn_large_button\"><fb:like href=\"https:\/\/eldar.cz\/tompatrick\/flying-antasy\/flying-antasy-cast-5\" action=\"like\" colorscheme=\"light\" layout=\"standard\"  width=\"225px\" size=\"large\"><\/fb:like><\/div><div class=\"fb-share-button fcbkbttn_large_button \" data-href=\"https:\/\/eldar.cz\/tompatrick\/flying-antasy\/flying-antasy-cast-5\" data-type=\"button_count\" data-size=\"large\"><\/div><\/div>","protected":false},"excerpt":{"rendered":"<p>\u00a0Jak Rebeka Hodkov\u00e1 d\u00e1le zji\u0161\u0165ovala, tak autor, tedy Tom Patrick, velice r\u00e1d polemizoval nad polo\u017ekou posmrtn\u00e9ho \u017eivota. Zde je dal\u0161\u00ed z jeho citac\u00ed: \u201ePot\u00e9, co ukon\u010d\u00edme \u017eivot na planet\u011b Zemi, nebudeme na\u010das o sob\u011b v\u011bd\u011bt, dokud se o slovo nep\u0159ihl\u00e1s\u00ed &hellip; <a href=\"https:\/\/eldar.cz\/tompatrick\/flying-antasy\/flying-antasy-cast-5\">Cel\u00fd p\u0159\u00edsp\u011bvek <span class=\"meta-nav\">&rarr;<\/span><\/a><\/p>\n","protected":false},"author":2,"featured_media":0,"comment_status":"open","ping_status":"open","sticky":false,"template":"","format":"standard","meta":{"_s2mail":"yes","footnotes":""},"categories":[7],"tags":[],"class_list":["post-1295","post","type-post","status-publish","format-standard","hentry","category-flying-antasy"],"_links":{"self":[{"href":"https:\/\/eldar.cz\/tompatrick\/wp-json\/wp\/v2\/posts\/1295","targetHints":{"allow":["GET"]}}],"collection":[{"href":"https:\/\/eldar.cz\/tompatrick\/wp-json\/wp\/v2\/posts"}],"about":[{"href":"https:\/\/eldar.cz\/tompatrick\/wp-json\/wp\/v2\/types\/post"}],"author":[{"embeddable":true,"href":"https:\/\/eldar.cz\/tompatrick\/wp-json\/wp\/v2\/users\/2"}],"replies":[{"embeddable":true,"href":"https:\/\/eldar.cz\/tompatrick\/wp-json\/wp\/v2\/comments?post=1295"}],"version-history":[{"count":3,"href":"https:\/\/eldar.cz\/tompatrick\/wp-json\/wp\/v2\/posts\/1295\/revisions"}],"predecessor-version":[{"id":1386,"href":"https:\/\/eldar.cz\/tompatrick\/wp-json\/wp\/v2\/posts\/1295\/revisions\/1386"}],"wp:attachment":[{"href":"https:\/\/eldar.cz\/tompatrick\/wp-json\/wp\/v2\/media?parent=1295"}],"wp:term":[{"taxonomy":"category","embeddable":true,"href":"https:\/\/eldar.cz\/tompatrick\/wp-json\/wp\/v2\/categories?post=1295"},{"taxonomy":"post_tag","embeddable":true,"href":"https:\/\/eldar.cz\/tompatrick\/wp-json\/wp\/v2\/tags?post=1295"}],"curies":[{"name":"wp","href":"https:\/\/api.w.org\/{rel}","templated":true}]}}