{"id":1285,"date":"2015-02-16T09:00:52","date_gmt":"2015-02-16T07:00:52","guid":{"rendered":"http:\/\/eldar.cz\/tompatrick\/?p=1285"},"modified":"2013-11-15T14:25:43","modified_gmt":"2013-11-15T12:25:43","slug":"flying-antasy-cast-2","status":"publish","type":"post","link":"https:\/\/eldar.cz\/tompatrick\/flying-antasy\/flying-antasy-cast-2","title":{"rendered":"Flying antasy (\u010d\u00e1st 2)"},"content":{"rendered":"<div class=\"fcbkbttn_buttons_block\" id=\"fcbkbttn_left\"><div class=\"fcbkbttn_button\">\n                            <a href=\"https:\/\/www.facebook.com\/tom.patrick.509\" target=\"_blank\">\n                                <img decoding=\"async\" src=\"https:\/\/eldar.cz\/tompatrick\/wp-content\/plugins\/facebook-button-plugin\/images\/large-facebook-ico.png\" alt=\"Fb-Button\" \/>\n                            <\/a>\n                        <\/div><div class=\"fcbkbttn_like fcbkbttn_large_button\"><fb:like href=\"https:\/\/eldar.cz\/tompatrick\/flying-antasy\/flying-antasy-cast-2\" action=\"like\" colorscheme=\"light\" layout=\"standard\"  width=\"225px\" size=\"large\"><\/fb:like><\/div><div class=\"fb-share-button fcbkbttn_large_button \" data-href=\"https:\/\/eldar.cz\/tompatrick\/flying-antasy\/flying-antasy-cast-2\" data-type=\"button_count\" data-size=\"large\"><\/div><\/div><p>Jak a\u017e p\u0159\u00edli\u0161 nez\u00e1vislou cestou tato studie \u017e\u00e1nru THINKFAN COMREAL a jeho z\u00e1konit\u00e9ho autora sp\u011bje. Doposud tady padala tvrzen\u00ed lid\u00ed, av\u0161ak k tompatrickovsk\u00e9mu existencionalismu se vyj\u00e1d\u0159ily i ryze ne\u017eiv\u00e9 slo\u017eky. Posu\u010fme sami, sv\u00e9 sv\u011bdectv\u00ed o jednom z pod\u011bbradsk\u00fdch rod\u00e1k\u016f podal i mod\u0159\u00edn jm\u00e9nem Melichar: \u201eNa po\u010d\u00e1tku jsem byl jen oby\u010dejn\u00fdm mod\u0159\u00ednem v lese vyskytuj\u00edc\u00edm se na p\u016fl cesty mezi m\u011bsty Kluk a Opolany. Vedl jsem si tam celkem spokojen\u00fd \u017eivot, jen datel m\u011b ob\u010das pozlobil sv\u00fdm nezvan\u00fdm popichov\u00e1n\u00edm. A pak jednoho dne m\u011bli p\u0159ij\u00edt d\u0159evorubci a sk\u00e1cet m\u011b. A oni to skute\u010dn\u011b ud\u011blali. Av\u0161ak na str\u00e1nk\u00e1ch knih jist\u00e9ho pod\u011bbradsk\u00e9ho tv\u016frce a navrhovatele jsem sm\u011bl existovat d\u00e1l, tam prost\u011b sta\u010dilo pro d\u0159evorubce ozna\u010dit jin\u00fd druh stromu, nap\u0159\u00edklad b\u0159\u00edzu a j\u00e1 si mohl d\u00e1l spokojen\u011b u\u017e\u00edvati \u017eivota. Ani ten datel m\u011b ji\u017e neob\u0161\u0165ast\u0148oval svou n\u00e1v\u0161t\u011bvou.\u201c<\/p>\n<p>&nbsp;<\/p>\n<p>Kdyby ov\u0161em Tom Patrick ustanovil sk\u00e1cet t\u011b a tv\u00e9 t\u0159\u00edsky pou\u017eil na v\u00fdstavbu Alexand\u0159ina Vantelbooklistu, tak to u\u017e bys v jeho p\u0159\u00edtomnosti tolik nej\u00e1sal.<\/p>\n<p>&nbsp;<\/p>\n<p><strong>Martina<\/strong><\/p>\n<p>&nbsp;<\/p>\n<p>Nebu\u010f na ten mod\u0159\u00edn tak zl\u00e1. Co kdyby naopak tebe n\u011bkdo vzal sekerou po hlav\u011b? To by se ti taky nel\u00edbilo. A j\u00e1 m\u00e1m mod\u0159\u00edny i jm\u00e9no Martina r\u00e1d, tak mi to pros\u00edm neka\u017e.<\/p>\n<p>&nbsp;<\/p>\n<p><strong>Panter<\/strong><\/p>\n<p>&nbsp;<\/p>\n<p>&nbsp;<\/p>\n<p>Expertem na \u017eivot a du\u0161i strom\u016f byl Tom\u016fv mochnick\u00fd u\u010ditel biologie Radovan Litevsk\u00fd. Ten je dokonce obj\u00edmal, a kdy\u017e na to p\u0159i\u0161lo, tak jim \u00fadajn\u011b i zp\u00edval, co\u017e n\u00e1m ale autor zaml\u010del. Patrn\u011b m\u011bl obavy ze stihomamu p\u0159eh\u00e1n\u011bn\u00ed. Jinak, Radovan hostoval v m\u011bstsk\u00e9 dvojce, trojce i \u010dty\u0159ce a byl to moc hodn\u00fd \u010dlov\u011bk. A s pomoc\u00ed autora se do\u017eil i po\u017eehnan\u00e9ho v\u011bku \u2013 jednou sedmdes\u00e1tky, podruh\u00e9 ji\u017e osmdes\u00e1tky.<\/p>\n<p>&nbsp;<\/p>\n<p><strong>Anonymn\u00ed dopisovatel<\/strong><\/p>\n<p>&nbsp;<\/p>\n<p>Co se t\u00fd\u010de \u017eivota, tak ten by se m\u011bl p\u0159edev\u0161\u00edm \u017e\u00edt a ne pro\u017e\u00edvat uvnit\u0159 mysli. Sn\u011bn\u00ed n\u011bkdy b\u00fdv\u00e1 na \u0161kodu, proto\u017ee \u010dlov\u011bku br\u00e1n\u00ed ve skute\u010dn\u00e9m pro\u017e\u00edv\u00e1n\u00ed \u017eivota. A snov\u00e1 postava nav\u00edc nen\u00ed hmatateln\u00e1, kde\u017eto ta skute\u010dn\u00e1 ano. A je\u0161t\u011b bych sem r\u00e1da doplnila, \u017ee j\u00e1 rozhodn\u011b nejsem Martinou Du\u0161kovou, tj. jednou z autorov\u00fdch m\u00faz.<\/p>\n<p>&nbsp;<\/p>\n<p><strong>Martina<\/strong><\/p>\n<p>&nbsp;<\/p>\n<p>To je sice moc hezk\u00e9, Martino, jen\u017ee \u017eij si aktu\u00e1ln\u00ed \u017eivou nesnivou p\u0159\u00edtomnost\u00ed, kdy\u017e ti kolem domu l\u00e9t\u00e1 na tis\u00edc bombard\u00e9r\u016f a z nich na tebe sr\u0161\u00ed nespo\u010det kvadr\u00e1t\u016f kulek? Mo\u017en\u00e1 \u017ee z tohoto d\u016fvodu Tomovy pr\u016fvodci vyvy\u0161ovali sn\u011bn\u00ed jako jist\u00fd protil\u00e9k na bolav\u00fd a teskn\u00fd \u017eivot t\u011bch, co nemaj\u00ed pr\u00e1vo na jeho d\u016fstojn\u00e9 pro\u017eit\u00ed. Ano, proto\u017ee se Tom domn\u00edval, \u017ee jemu dan\u00e1 \u201emoudr\u00e1 slova\u201c by \u010dten\u00e1\u0159i \u010di ti, co ho znaj\u00ed, vyt\u00fdkali z d\u016fvod\u016f, \u017ee na n\u011b nem\u00e1 pr\u00e1vo, tak je rad\u011bji p\u0159isuzoval sv\u00fdm takzvan\u00fdm pr\u016fvodc\u016fm, o jejich\u017e \u010dist\u00e9 du\u0161i nemohlo b\u00fdt pochyb.<\/p>\n<p>Ale nechci, aby to, co jsem tu te\u010f uvedl, n\u011bjak zleh\u010dovalo tvou domn\u011bnku, Martino. Pravda, \u010dlov\u011bk by m\u011bl \u017e\u00edt p\u0159\u00edtomnost\u00ed a p\u0159ij\u00edmat v\u0161e s pokorou, jen\u017ee jak oba dva moc dob\u0159e v\u00edme, tak n\u011bco takov\u00e9ho mnohdy moc dob\u0159e nejde.<\/p>\n<p>&nbsp;<\/p>\n<p><strong>Anonymn\u00ed dopisovatel<\/strong><\/p>\n<p>&nbsp;<\/p>\n<p>Rebeka Hodkov\u00e1 se ve sv\u00fdch studi\u00edch d\u00e1le pozastavuje nad autorovou my\u0161lenkou vyu\u017eit\u00ed sn\u016f k pln\u011bn\u00ed nitern\u00edch p\u0159\u00e1n\u00ed. Sama o tom referuje takto: \u201eKdy\u017e jsem se o tom zm\u00ednila zn\u00e1m\u00e9mu, co autora nikdy ne\u010detl, m\u00e1vl nad n\u011b\u010d\u00edm takov\u00fdm jen ledabyle rukou. Proto\u017ee ale j\u00e1 se zab\u00fdv\u00e1m autorovou studi\u00ed, mus\u00edm se pozastavovat i nad na prvn\u00ed pohled nepatrn\u00fdmi detaily. A proto\u017ee m\u00e1m nav\u00edc k dispozici i z\u00e1znam ohledn\u011b problematiky sn\u011bn\u00ed, st\u00e1vaj\u00ed se pro mne autorovy n\u00e1zory \u010d\u00edm d\u00e1l zaj\u00edmav\u011bj\u0161\u00ed, nebo\u0165 on se je sna\u017e\u00ed v\u017edy vykl\u00e1dat na b\u00e1zi v\u011bd\u011bck\u00e9ho v\u00fdzkumu.\u201c<\/p>\n<p>&nbsp;<\/p>\n<p>S\u00e1m autor obavy rovn\u011b\u017e nepop\u00edr\u00e1: \u201eTo, o \u010dem ve sv\u00fdch po\u010dinech p\u00ed\u0161i, je mnohdy lehce napadnuteln\u00e9, t\u0159eba jako ve t\u0159et\u00edm m\u00e9m City Meansu pas\u00e1\u017e v\u011bnovan\u00e1 nauce sn\u016f. Ov\u0161em zde to mnou bylo my\u0161leno tak, \u017ee d\u011btsk\u00e1 mysl je n\u00e1chyln\u011bj\u0161\u00ed ke sv\u00fdm snov\u00fdm pro\u017eitk\u016fm a pr\u00e1ce s nimi za pomoc\u00ed r\u016fzn\u00fdch cvik\u016f se pro takov\u00e9 d\u011bti m\u016f\u017ee st\u00e1t zpo\u010d\u00e1tku z\u00e1bavnou hrou, v budoucnu ov\u0161em velmi p\u0159\u00ednosnou.<\/p>\n<p>A stejn\u011b tak bych vsadil i p\u00e1r prst\u016f z prav\u00e9 ruky na to, \u017ee na sv\u011bt\u011b se nach\u00e1z\u00ed mnoho t\u011bch, co maj\u00ed s ovl\u00e1d\u00e1n\u00edm sn\u016f dobr\u00e9 zku\u0161enosti. Nen\u00ed tedy nic jednodu\u0161\u0161\u00edho ne\u017e takov\u00e9 lidi pozvat do \u0161kol, ud\u011blit jim status u\u010ditele a pak u\u017e se pustit do v\u00fduky.\u201c<\/p>\n<p>&nbsp;<\/p>\n<p>Alexandra Janov\u00e1 by k tomu zajist\u00e9 p\u0159ipojila: \u201eA pokud nen\u00ed v lidsk\u00e9m \u00fasil\u00ed p\u0159esn\u011b se nau\u010dit sny ovl\u00e1dat, alespo\u0148 se m\u016f\u017ee jednat o zaj\u00edmav\u00e9 hodiny, co student\u016fm \u0161kolou povinn\u00fdm jejich ka\u017edodenn\u00ed v\u00fduku ozvl\u00e1\u0161tn\u00ed. A tam, kde nen\u00ed m\u00edsto pro dobr\u00fd \u017eivot, by pr\u00e1v\u011b toto mohlo velice pomoci, nebo\u0165 kdy\u017e zmu\u010den\u00fd \u010dlov\u011bk padne do sp\u00e1nku, st\u00e1v\u00e1 se automaticky \u0161\u0165astn\u00fdm, i kdy\u017e o tom ani nev\u00ed. A pokud k n\u011bmu v tom sp\u00e1nku p\u0159ijde sen a doty\u010dn\u00fd si ho bude um\u011bt alespo\u0148 \u010d\u00e1ste\u010dn\u011b upravit dle sv\u00fdch p\u0159edstav, stane se je\u0161t\u011b \u0161\u0165astn\u011bj\u0161\u00edm, nebo\u0165 se po t\u011b\u017ek\u00e9m dni v\u017edy bude m\u00edt na co t\u011b\u0161it.\u201c<\/p>\n<p>&nbsp;<\/p>\n<p>Tak trochu jako \u00faryvek z utopick\u00e9ho rom\u00e1nu, kter\u00fd Karel \u010capek za sv\u00e9ho \u017eivota nestihl napsat.<\/p>\n<p>&nbsp;<\/p>\n<p><strong>Martina<\/strong><\/p>\n<p>&nbsp;<\/p>\n<p>A j\u00e1 k tomu dopln\u00edm, \u017ee kdyby autor m\u011bl mo\u017enost vybrat si bu\u010f Hv\u011bzdn\u00e9 v\u00e1lky nebo planetu Solaris, tak automaticky s\u00e1hne po t\u00e9 druh\u00e9 mo\u017enosti a je\u0161t\u011b se od n\u011bj do\u010dk\u00e1me, jak z n\u00ed thrillerov\u00e9 prvky \u0161upem uprav\u00ed do podoby odleh\u010den\u011bj\u0161\u00edho dramatu. Neberte to ov\u0161em pros\u00edm jako nar\u00e1\u017eku.<\/p>\n<p>&nbsp;<\/p>\n<p><strong>Panter<\/strong><\/p>\n<p>&nbsp;<\/p>\n<p>Jejda, tak to j\u00e1 se rad\u0161i u\u017e o \u017e\u00e1dn\u00fd rom\u00e1n pokou\u0161et nebudu.<\/p>\n<p>&nbsp;<\/p>\n<p><strong>Martina<\/strong><\/p>\n<p>&nbsp;<\/p>\n<p>Ale to se o n\u011bj klidn\u011b pokou\u0161ej d\u00e1l, Martinko, jen zkr\u00e1tka zkus sv\u00fdm postav\u00e1m v\u00edce naslouchat a nech jim prostor k sebevyj\u00e1d\u0159en\u00ed. N\u011bkde jsem \u010detl, \u017ee i Petra H\u016flov\u00e1 to tak ob\u010das d\u011bl\u00e1, na rozd\u00edl od Toma Patricka v\u0161ak z\u00e1konitosti sv\u011bta p\u0159\u00edli\u0161 ne\u0159e\u0161\u00ed a bere v\u0161e, jak p\u0159ich\u00e1z\u00ed.<\/p>\n<p>&nbsp;<\/p>\n<p><strong>Panter<\/strong><\/p>\n<p>&nbsp;<\/p>\n<p>J\u00e1 bych to dle autorov\u00fdch slov klidn\u011b zkusil. Ono kdy\u017e se to tak vezme, tak \u017eivot na planet\u011b Zemi je vesm\u011bs hektick\u00fd a nad n\u011bkter\u00fdmi ud\u00e1lostmi z\u016fst\u00e1v\u00e1 rozum st\u00e1t \u2013 t\u0159eba moment\u00e1ln\u011b nad tsunami v Japonsku, nebo povodn\u00edch v Austr\u00e1lii. Tak\u017ee j\u00e1 bych v posmrtn\u00e9m \u017eivot\u011b, pokud tedy n\u011bjak\u00fd v\u016fbec existuje, planetu plnou pohody rozhodn\u011b uv\u00edtal.<\/p>\n<p>&nbsp;<\/p>\n<p><strong>Anonymn\u00ed dopisovatel<\/strong><\/p>\n<p>&nbsp;<\/p>\n<p>Kdy\u017e jsem byl mlad\u0161\u00ed, r\u00e1d jsem snil o tom, jak v p\u0159\u00ed\u0161t\u00edm \u017eivot\u011b t\u0159eba povstanu z popela jako moucha \u010di pes. \u010c\u00edm jsem ale star\u0161\u00ed, t\u00edm v\u00edc z n\u011b\u010deho takov\u00e9ho m\u00e1m obavu.<\/p>\n<p>&nbsp;<\/p>\n<p><strong>Vyj\u00e1d\u0159il se kdysi autor<\/strong><\/p>\n<p>&nbsp;<\/p>\n<p>Rebeka Hodkov\u00e1 se domn\u00edv\u00e1, \u017ee s\u00e1m autor pova\u017eoval posmrtn\u00fd \u017eivot coby R\u00e1j za n\u011bco p\u0159ehnan\u011b vizion\u00e1\u0159sk\u00e9ho, jako n\u011bco naprosto nemo\u017en\u00e9ho. Mo\u017en\u00e1 tak \u010dinil i z d\u016fvod\u016f existen\u010dn\u00edch, p\u0159\u00edzna\u010dn\u00fdch pro samotnou planetu Zemi.<\/p>\n<p>&nbsp;<\/p>\n<p>Pavel Kaplick\u00fd se takt\u00e9\u017e domn\u00edv\u00e1, \u017ee Tom Patrick se ve skute\u010dnosti hodn\u011b zaj\u00edmal o d\u011bn\u00ed ve sv\u011bt\u011b, i kdy\u017e nikdy p\u0159\u00edli\u0161 nepro\u010d\u00edtal noviny a ve\u0159ejn\u011b, t\u0159eba v kav\u00e1rn\u00e1ch \u010di hospod\u00e1ch, se aktivn\u011b nezapojoval do debat ohledn\u011b celosv\u011btov\u00e9ho d\u011bn\u00ed. Pouze pro sebe vyvozoval jist\u00e9 z\u00e1v\u011bry a ty pak pokoutn\u011b v \u00fastran\u00ed zpracov\u00e1val.<\/p>\n<p>&nbsp;<\/p>\n<p>Rebeka Hodkov\u00e1 se d\u00e1le domn\u00edv\u00e1, \u017ee autorovi vadil pojem \u201ed\u011btinstv\u00ed\u201c, co\u017e v po\u010d\u00e1tc\u00edch jeho tvorby souviselo s t\u00edm, \u017ee si pro sv\u00e9 p\u0159\u00edb\u011bhy vyb\u00edral n\u00e1ctilet\u00e9 hlavn\u00ed a vedlej\u0161\u00ed hrdiny. Jak ale on s\u00e1m tvrdil, r\u00e1d jejich prost\u0159ednictv\u00edm p\u0159edev\u0161\u00edm vzpom\u00ednal na sv\u00e1 studensk\u00e1 l\u00e9ta str\u00e1ven\u00e1 na gymn\u00e1ziu, odkud z\u0159ejm\u011b \u010derpal i inspiraci pro sv\u00e9 \u010dty\u0159i City Meanse.<\/p>\n<p>&nbsp;<\/p>\n<p>Tak\u00e9 bych r\u00e1d poznamenal, \u017ee Tomov\u00fdm pozn\u00e1vac\u00edm znamen\u00edm se stala dev\u00edtka. Stejn\u00fdm po\u010dtem p\u00edsmen t\u0159eba lad\u00ed Alexandra, n\u00e1zev City Means, d\u00e1le pak Karmelitsk\u00e1 9 v Praze, kam doj\u00ed\u017ed\u011bl do chr\u00e1mu s posv\u00e1tn\u00fdm pra\u017esk\u00fdm Jezul\u00e1tkem, \u010di dev\u00e1t\u00e1 komnata u druh\u00e9ho City Meansu s podtitulem m\u011bsto pln\u00e9 dialog\u016f.<\/p>\n<p>&nbsp;<\/p>\n<p><strong>Anonymn\u00ed dopisovatel<\/strong><\/p>\n<p>&nbsp;<\/p>\n<p>Pavel Kaplick\u00fd d\u00e1le na\u0161el autorovo vyj\u00e1d\u0159en\u00ed k zaj\u00edmav\u00e9 kn\u00ed\u017ece, co sv\u00fdm obsahem ji\u017e d\u0159\u00edve v\u00fdrazn\u011b ovlivnila sv\u011bt. Onou osobnost\u00ed byl z autorovy strany m\u00edn\u011bn Raymond A. Moody, zab\u00fdvaj\u00edc\u00ed se studiem posmrtn\u00e9ho \u017eivota. Tom Patrick k t\u00e9to problematice uvedl n\u00e1sleduj\u00edc\u00ed: \u201eJeden m\u016fj kamar\u00e1d n\u011bco takov\u00e9ho h\u00e1zel na jednu hrom\u00e1dku s typem po\u0159adu Volejte v\u011b\u0161tci. J\u00e1 to tak rozhodn\u011b nevn\u00edm\u00e1m a tud\u00ed\u017e se domn\u00edv\u00e1m, \u017ee toto\u017enost jako\u017eto v\u00fdpov\u011b\u010f lid\u00ed, byla pravdiv\u00e1. Zejm\u00e9na ta bytost ze sv\u011btla, co s doty\u010dn\u00fdm promlouv\u00e1 a d\u00e1v\u00e1 mu formou retrospektivy nahl\u00e9dnout do minulosti, m\u011b nesm\u00edrn\u011b zaujala. Tak\u017ee pokud \u010dlov\u011bk u\u017e s takovou postavou rozmlouv\u00e1, t\u0159eba by nebylo i na \u0161kodu, kdyby se doty\u010dn\u00fd p\u0159imluvil i za ty, co tuto mo\u017enost setk\u00e1n\u00ed m\u00edt nebudou, a t\u0159eba se pak v jejich \u017eivot\u011b n\u011bco ne\u010dekan\u011b zm\u011bn\u00ed k lep\u0161\u00edmu.<\/p>\n<p>&nbsp;<\/p>\n<p>Typick\u00fd Tom Patrick, sn\u00edlek, vizion\u00e1\u0159, pom\u011b\u0159ovatel nemo\u017en\u00e9ho a tak\u00e9 \u010dlov\u011bk, co v\u00e1\u017en\u011b nemus\u00ed m\u00edt k osv\u00edcen\u00e9mu utopismu daleko.<\/p>\n<p>&nbsp;<\/p>\n<p><strong>Martina<\/strong><\/p>\n<p>&nbsp;<\/p>\n<p>Tohle zase tak b\u00fdt nemus\u00ed, proto\u017ee ta kniha skute\u010dn\u011b existuje a ve sv\u00e9m oboru se ji\u017e sta\u010dila st\u00e1t jist\u00fdm druhem fenom\u00e9nu. Jen ji otev\u0159\u00edt a n\u011bco si z n\u00ed p\u0159e\u010d\u00edst.<\/p>\n<p>&nbsp;<\/p>\n<p><strong>Panter<\/strong><\/p>\n<p>&nbsp;<\/p>\n<p>J\u00e1 tu knihu rovn\u011b\u017e \u010detl, a pokud se v n\u00ed uv\u00e1d\u00ed, \u017ee ona postava dok\u00e1zala vyhov\u011bt p\u0159\u00e1n\u00ed povolan\u00e9ho jedince, je pak t\u0159eba skute\u010dn\u011b i mo\u017en\u00e9, \u017ee z\u00e1sadn\u00edm zp\u016fsobem na jeho nal\u00e9h\u00e1n\u00ed na d\u00e1lku pom\u016f\u017ee i n\u011bkomu jin\u00e9mu. Pro\u010d ne? A jak v\u00edme z b\u011b\u017en\u00e9ho \u017eivota, z\u00e1zraky se ob\u010das skute\u010dn\u011b d\u011bj\u00ed. Kdy\u017e se je\u0161t\u011b jednou vr\u00e1t\u00edm k tomu tsunami v Japonsku, tak tam vlivem n\u011bho sice skonalo na tis\u00edce lid\u00ed, ale taky se poda\u0159ilo z\u00e1zra\u010dn\u011b p\u0159e\u017e\u00edt novorozenci. A co kdy\u017e je pr\u00e1v\u011b toto d\u00edlkem n\u011bjak\u00e9 vy\u0161\u0161\u00ed moci, je\u017e m\u00e1 zastoupen\u00ed pr\u00e1v\u011b v t\u00e9 postav\u011b ze sv\u011btla? T\u0159eba pr\u00e1v\u011b s n\u00ed si p\u0159ed svou smrt\u00ed pov\u00eddal n\u011bkdo, kdo s t\u00edm d\u011bckem byl v p\u0159\u00edbuzensk\u00e9m stavu, a tak se stal z\u00e1zrak.<\/p>\n<p>&nbsp;<\/p>\n<p><strong>Anonymn\u00ed dopisovatel<\/strong><\/p>\n<p>&nbsp;<\/p>\n<p>\u017divot vym\u011bn\u011bn\u00fd na \u017eivot, o tom u\u017e jsem sly\u0161el nes\u010detn\u011bkr\u00e1t, jen\u017ee to nebylo spojen\u00e9 s \u017e\u00e1dnou nadpozemskou bytost\u00ed, n\u00fdbr\u017e to prob\u00edhalo na z\u00e1klad\u011b dohody, kdy se t\u0159eba mu\u017e coby hlava rodiny ob\u011btoval za vlastn\u00edho syna. Nicm\u00e9n\u011b Tom\u016fv ani n\u00e1zor kolegy jednozna\u010dn\u011b nevyvrac\u00edm, bohu\u017eel ale s\u00e1m na n\u011bj nedok\u00e1\u017ei d\u00e1t pravdivou odpov\u011b\u010f.<\/p>\n<p>&nbsp;<\/p>\n<p><strong>Panter<\/strong><\/p>\n<p>&nbsp;<\/p>\n<p>\u0160koda \u017ee n\u011bco takov\u00e9ho nen\u00ed automaticky mo\u017en\u00e9, jedna v\u011bc by se tak najisto objasnila. A v takov\u00fdchto z\u00e1va\u017en\u00fdch p\u0159\u00edpadech by n\u011bco takov\u00e9ho bez zbyte\u010dn\u00e9ho hlasov\u00e1n\u00ed m\u011blo fungovat.<\/p>\n<p>&nbsp;<\/p>\n<p><strong>Anonymn\u00ed dopisovatel<\/strong><\/p>\n<p>&nbsp;<\/p>\n<p>Hmm, m\u011blo, je\u0161t\u011b takhle to v\u00e1\u017en\u011b nefunguje.<\/p>\n<p>&nbsp;<\/p>\n<p><strong>Panter<\/strong><\/p>\n<p>&nbsp;<\/p>\n<p>Rebeka Hodkov\u00e1 ta slova vesm\u011bs potvrzuje: \u201eNelze pochybovat o tom, \u017ee Tom Patrick se smrti jako takov\u00e9 velice ob\u00e1val, proto se lze domn\u00edvat, \u017ee smrt se v jeho d\u00edlech objevovala sp\u00ed\u0161e nedobrovoln\u011b a mnohdy jako krajn\u00ed \u0159e\u0161en\u00ed. Ze z\u00e1pisk\u016f rozhodn\u011b nevypl\u00fdv\u00e1, \u017ee by se v n\u00ed postavy n\u011bjak vy\u017e\u00edvaly. A pokud u\u017e na t\u00e9ma smrt v autorov\u011b pod\u00e1n\u00ed do\u0161lo, sp\u00ed\u0161e se k n\u00ed vracel ve vzpom\u00ednk\u00e1ch, nebo m\u011bla v\u00fdznam ryze psychologick\u00fd.<\/p>\n<p>&nbsp;<\/p>\n<p>D\u00edla Toma Patricka vlastn\u011b s klasick\u00fdmi \u017e\u00e1nry jako fantasy \u010di sci-fi nem\u011bla p\u0159\u00edli\u0161 mnoho spole\u010dn\u00e9ho. Nadp\u0159irozeno v nich bylo pouze jak\u00fdmsi dopl\u0148kem za \u00fa\u010delem ozvl\u00e1\u0161tn\u011bn\u00ed atmosf\u00e9ry.<\/p>\n<p>&nbsp;<\/p>\n<p><strong>Kolektiv Rona<\/strong><\/p>\n<p>&nbsp;<\/p>\n<p>Tomova nev\u00fdhoda byla mo\u017en\u00e1 i v tom, \u017ee on byl pouze teoretikem, nikoliv praktikem, to znamen\u00e1, \u017ee dok\u00e1zal o Vantelbooklistu, P\u011bnkalink\u00e1ch, Alman\u00e1ch a smysln\u00fdch koupel\u00edch pouze ps\u00e1t, av\u0161ak v jeho sil\u00e1ch u\u017e nebyl u\u010din\u011bn pokus sv\u00e9 vize zrealizovat pro praktick\u00e9 pou\u017eit\u00ed v b\u011b\u017en\u00e9m \u017eivot\u011b.<\/p>\n<p>&nbsp;<\/p>\n<p><strong>Jana za Kolektiv Rona<\/strong><\/p>\n<p>&nbsp;<\/p>\n<p>A jak by to m\u011bl ten chud\u00e1k asi s\u00e1m v\u0161echno realizovat, ty bl\u00e1hov\u00e1? Ty sama jsi sou\u010d\u00e1st\u00ed n\u011bjak\u00e9ho kolektivu a j\u00e1 jen t\u011b\u017eko p\u0159edpokl\u00e1d\u00e1m, \u017ee i kdyby v\u00e1s tam bylo na sto tis\u00edc, tak nad Almanama budete dumat je\u0161t\u011b tak sto let po sv\u00e9 z\u00e1konit\u00e9 smrti a kdo v\u00ed jak dlouho je\u0161t\u011b po n\u00ed.<\/p>\n<p>&nbsp;<\/p>\n<p><strong>Panter<\/strong><\/p>\n<p>&nbsp;<\/p>\n<p>Pros\u00edm, nezlobte se, jen jsem t\u00edm za n\u00e1s za v\u0161echny cht\u011bla \u0159\u00edct, jak p\u0159evelice litujeme toho, \u017ee prozat\u00edm nen\u00ed v lidsk\u00fdch sil\u00e1ch v\u0161echny ty autorovy vize mo\u017en\u00e9 realizovat s p\u0159isp\u011bn\u00edm dostupn\u00fdch sou\u010dasn\u00fdch vymo\u017eenost\u00ed v\u011bdy.<\/p>\n<p>&nbsp;<\/p>\n<p><strong>Jana za kolektiv Rona<\/strong><\/p>\n<p>&nbsp;<\/p>\n<p>Tom zkr\u00e1tka nazna\u010dil cestu a s kritikou dozajista dop\u0159edu po\u010d\u00edtal. Jak kdysi on s\u00e1m \u0159ekl: dokud to tady nebude a bude se o t\u011bch v\u011bcech jen polemizovat, stane se ten, kdo o nich bude hovo\u0159it, ter\u010dem kritiky a mo\u017en\u00e1 i posm\u011bchu. Ov\u0161em a\u017e to tady v\u0161e bude voln\u011b k dost\u00e1n\u00ed, v\u0161ichni po tom hned sko\u010d\u00ed a na n\u011bkdej\u0161\u00ed kritiku se nebude br\u00e1t z\u0159etel.<\/p>\n<p>&nbsp;<\/p>\n<p><strong>Anonymn\u00ed dopisovatel<\/strong><\/p>\n<p>&nbsp;<\/p>\n<p>Kdy\u017e o tom tak ale dodate\u010dn\u011b p\u0159em\u00fd\u0161l\u00edm, tak s Vantelbooklisty nebude takov\u00e1 pot\u00ed\u017e, kdy\u017e z\u00e1klad tvo\u0159\u00ed \u0161anony, jinak voln\u011b k dost\u00e1n\u00ed v pap\u00edrnictv\u00ed, a i ty P\u011bnkalinky by klidn\u011b \u0161ly vyrobit, kdy\u017e se jedn\u00e1 o obrazy a tam by mo\u017enost v\u00fdm\u011bny pl\u00e1tna tak\u00e9 byla. Jen zat\u00edm s t\u011bmi Almanamy je k\u0159\u00ed\u017e.<\/p>\n<p>&nbsp;<\/p>\n<p><strong>David za Kolektiv Rona<\/strong><\/p>\n<p>&nbsp;<\/p>\n<p>Dobr\u00e1 \u00favaha<\/p>\n<p>&nbsp;<\/p>\n<p><strong>Anonymn\u00ed dopisovatel<\/strong><\/p>\n<p>&nbsp;<\/p>\n<p>Klub Rona kone\u010dn\u011b zv\u00e1\u017eil rozumn\u00fd postup (neberte to pros\u00edm jako ur\u00e1\u017eku, n\u00fdbr\u017e jako poklonu).<\/p>\n<p>&nbsp;<\/p>\n<p><strong>Panter<\/strong><\/p>\n<p>&nbsp;<\/p>\n<p>Pochvala se p\u0159ij\u00edm\u00e1<\/p>\n<p>&nbsp;<\/p>\n<p><strong>V\u0161ichni za Kolektiv Rona<\/strong><\/p>\n<p>&nbsp;<\/p>\n<p>A Martina u\u017e toho debatov\u00e1n\u00ed m\u00e1 dost. Odch\u00e1z\u00ed a jde si d\u00e1t \u010daj.<\/p>\n<p>&nbsp;<\/p>\n<p><strong>Martina<\/strong><\/p>\n<p>&nbsp;<\/p>\n<p>Tak ahoj<\/p>\n<p>&nbsp;<\/p>\n<p><strong>Anonymn\u00ed dopisovatel<\/strong><\/p>\n<p>&nbsp;<\/p>\n<p>M\u011bj se. Hele a kdy\u017e u\u017e jsi jde\u0161 d\u00e1t ten \u010daj, tak k tomu relaxu zkus i tu bublinkovou koupel, t\u0159eba se p\u0159i n\u00ed uvoln\u00ed\u0161 natolik, \u017ee to, na co pr\u00e1v\u011b bude\u0161 myslet, uvid\u00ed\u0161 na\u017eivo a to i s dotyky a hlasy.<\/p>\n<p>&nbsp;<\/p>\n<p><strong>Panter<\/strong><\/p>\n<p>&nbsp;<\/p>\n<p>&#8212;&#8212;&#8212;&#8212;&#8212;-<\/p>\n<p>&nbsp;<\/p>\n<p>Tom Patrick byl dosti tajemn\u00fd \u010dlov\u011bk. Pokud bych si m\u011bla tipnout, kter\u00fd z jeho n\u00e1pad\u016f mu byl nejbli\u017e\u0161\u00ed, tak nejsp\u00ed\u0161 asi ona Almana. Pr\u00e1v\u011b ta m\u011bla ne\u010dekan\u00e9 mo\u017enosti: um\u011bla zhmotnit nejen postavy, ale i hudbu. Zcela komplexn\u011b a re\u00e1ln\u011b. Prost\u0159ednictv\u00edm Alman tak \u010dlov\u011bk do sebe samotn\u00e9ho m\u011bl mo\u017enost kompletn\u011b proniknout, odhalit sv\u00e9 jemn\u00e9 ale i ty temn\u00e9 str\u00e1nky.<\/p>\n<p>&nbsp;<\/p>\n<p><strong>Jana za kolektiv Rona<\/strong><\/p>\n<p>&nbsp;<\/p>\n<p>Pro Toma Patricka, co se bezprost\u0159edn\u00edho vyu\u017eit\u00ed Alman t\u00fd\u010de, by m\u011bl nejv\u011bt\u0161\u00ed v\u00fdznam asi op\u011bt onen jeho EC pop. Jen tak nam\u00e1tkou:<\/p>\n<p>&nbsp;<\/p>\n<p>Nicky Klen (Tmavovl\u00e1ska s pomn\u011bnkov\u00fdma modr\u00fdma o\u010dima. Jej\u00edm pozn\u00e1vac\u00edm znamen\u00edm se stalo \u0161ed\u00e9 tri\u010dko. Autor j\u00ed mimo jin\u00e9 p\u0159isoudil skladby Night Clock \u2013 Dream Version, Major And Minor, Malena)<\/p>\n<p>&nbsp;<\/p>\n<p>Ona v\u00fd\u0161e uveden\u00e1 tady ji\u017e byla zm\u00edn\u011bna, n\u00ed\u017ee uveden\u00ed interpreti prozat\u00edm nikoliv:<\/p>\n<p>&nbsp;<\/p>\n<p>Vanda Elemant (Jedn\u00e1 se o tzv. EC popov\u00fd klon, v ka\u017ed\u00e9m hudebn\u00edm obdob\u00ed v rozmez\u00ed deseti let byla vybr\u00e1na zp\u011bva\u010dka, kter\u00e1 p\u0159ijala dan\u00fd d\u00edv\u010d\u00ed pseudonym. Kontaktn\u00ed skladba: Zero Mistakes)<\/p>\n<p>Anton Jablonowski (Modrook\u00fd blon\u010f\u00e1k. Spolupracoval se skupinami Jenisej, kde byl kladen d\u016fraz na smy\u010dcov\u00e9 kvarteto, a d\u00e1le se skupinou Jablonowskij Chrebet, j\u00ed\u017e kralovaly hoboj a fagot. Anton s\u00e1m na s\u00f3lov\u00e9 dr\u00e1ze proslul baladou Plaven Weiken).<\/p>\n<p>Catharina (Modrook\u00e1 brunetka. Zp\u011bva\u010dka a klav\u00edristka. Jej\u00ed prvn\u00ed skladbou byla EC popov\u00e1 z\u00e1le\u017eitost Calmin a ne\u017e zp\u00edvala s\u00f3lov\u011b, spolupracovala hlasov\u011b na More Friendly. Na nekorunovan\u00fd post EC popov\u00e9 kr\u00e1lovny j\u00ed vynesl r\u00e9mix od REM Nightswimming, pak n\u00e1sledovaly velice obl\u00edben\u00e9 hudebn\u00ed momentky v podob\u011b Promise \u010di Rocken Boten Atem).<\/p>\n<p>&nbsp;<\/p>\n<p><strong>Zdroj: Lan Rabski (hlavn\u00ed guru EC popu)<\/strong><\/p>\n<p>&nbsp;<\/p>\n<p>Zd\u00e1 se v\u00e1m to snad po prvn\u00edm p\u0159e\u010dten\u00ed \u0161\u00edlen\u00e9? Kdy\u017e ale dod\u00e1me, \u017ee Anton m\u016f\u017ee b\u00fdt ve skute\u010dnosti Anton\u00ednem a p\u0159\u00edjmen\u00ed je inspirov\u00e1no Pobalt\u00edm, stejn\u011b jako ona Catharina klidn\u011b m\u016f\u017ee b\u00fdt Kate\u0159inou? Pak u\u017e je to mnohem jasn\u011bj\u0161\u00ed, \u017ee? A ono Plaven Weiken? To je z\u0159ejm\u011b autorovo sniv\u00e9 p\u0159eveden\u00ed v podob\u011b \u010desk\u00e9ho v\u00fdznamu formulace Uplynul\u00fd v\u00edkend. Schv\u00e1ln\u011b, zkuste nad t\u00edm je\u0161t\u011b chvili\u010dku pop\u0159em\u00fd\u0161leti a i to v\u00e1m zajist\u00e9 ji\u017e bude do u\u0161\u00ed notovat. A stejn\u011b tak i onen n\u00e1zev EC pop (\u010dteme \u00eds\u00ed pop). O \u010dem \u017ee to je? No p\u0159ece o propojen\u00ed ladn\u00e9ho tance, elektroniky a klasiky (tedy hudby v\u00e1\u017en\u00e9, p\u0159\u00edpadn\u011b on\u00e9 lidov\u00e9). Av\u0161ak pozor! Bav\u00edme se tu v\u00fdhradn\u011b o Evrop\u011b, tak\u017ee \u017e\u00e1dn\u00e9 v\u00fdchodn\u00ed man\u00fdry a falzetov\u00e1 opojen\u00ed!<\/p>\n<p>&nbsp;<\/p>\n<p><strong>Zdroj: Fanochek Jalna (\u010dteme fan\u00f3\u0161ek, co\u017e by v \u010de\u0161tin\u011b mohlo odpov\u00eddat slovu fanou\u0161ek)<\/strong><\/p>\n<p>&nbsp;<\/p>\n<p>Na co Tom Patrick mo\u017en\u00e1 je\u0161t\u011b nep\u0159i\u0161el? Mo\u017en\u00e1 na to, jak sestavit l\u00e9taj\u00edc\u00ed d\u016fm nam\u00edsto klasick\u00fdch l\u00e9taj\u00edc\u00edch letadel. Mo\u017en\u00e1 tak\u00e9 proto, \u017ee ho problematika l\u00e9taj\u00edc\u00edho domu v\u016fbec nezaj\u00edmala, na rozd\u00edl od tv\u016frc\u016f americk\u00e9ho animovan\u00e9ho hitu Vzh\u016fru do oblak.<\/p>\n<p>&nbsp;<\/p>\n<p><strong>Zdroj: Americano Institut De Roma Copacabana<\/strong><\/p>\n<p>&nbsp;<\/p>\n<p>\u017de by na tyto str\u00e1nky p\u0159eci jen pronikl jist\u00fd druh mafie?<\/p>\n<p>&nbsp;<\/p>\n<p><strong>Panter<\/strong><\/p>\n<p>&nbsp;<\/p>\n<p>M\u016f\u017ee b\u00fdt, pravdou ov\u0161em z\u016fst\u00e1v\u00e1, \u017ee pokud by se tak stalo, muselo by j\u00edt v\u00fdhradn\u011b nikoliv o tu italskou, ale o tu americkou, proto\u017ee je v\u0161eobecn\u011b zn\u00e1mo, \u017ee autor nem\u011bl americk\u00fd pr\u016fmysl jako takov\u00fd p\u0159\u00edli\u0161 v oblib\u011b.<\/p>\n<p>&nbsp;<\/p>\n<p><strong>Anonymn\u00ed dopisovatel<\/strong><\/p>\n<p>&nbsp;<\/p>\n<p>Zejm\u00e9na to platilo o katastrofick\u00fdch filmech, co Ameri\u010dan\u00e9 produkovali jeden za druh\u00fdm a na v\u0161echny mo\u017en\u00e9 i nemo\u017en\u00e9 zp\u016fsoby. Zlat\u00fd V\u00e1clav Vorl\u00ed\u010dek, du\u0161oval se pak v\u017edy autor.<\/p>\n<p>&nbsp;<\/p>\n<p><strong>Anna<\/strong><\/p>\n<p>&nbsp;<\/p>\n<p>A heleme se, kdo se tu ne\u010dekan\u011b zastavil? Anna! Skute\u010dn\u011b se jedn\u00e1 o tu Annu, co tu chatovala v\u010dera asi tak o p\u016fl p\u00e1t\u00e9?<\/p>\n<p>&nbsp;<\/p>\n<p><strong>Panter<\/strong><\/p>\n<p>&nbsp;<\/p>\n<p>Ano, to jsem j\u00e1.<\/p>\n<p>&nbsp;<\/p>\n<p><strong>Anna<\/strong><\/p>\n<p>&nbsp;<\/p>\n<p>A j\u00e1 tu jsem p\u0159\u00edtomen takt\u00e9\u017e.<\/p>\n<p>&nbsp;<\/p>\n<p><strong>Anonymn\u00ed dopisovatel<\/strong><\/p>\n<p>&nbsp;<\/p>\n<p>Hmm, tak\u017ee Tom je vlastn\u011b Venda, co na sv\u00e9 jm\u00e9no nebyl dostate\u010dn\u011b hrd\u00fd a tak si zvolil pseudonym. Je to tak?<\/p>\n<p>&nbsp;<\/p>\n<p><strong>Panter<\/strong><\/p>\n<p>&nbsp;<\/p>\n<p>Tom Patrick, to bylo Vendovo takov\u00e9 alter ego. Mnohem hodn\u011bj\u0161\u00ed alter ego!<\/p>\n<p>&nbsp;<\/p>\n<p><strong>Anna<\/strong><\/p>\n<p>&nbsp;<\/p>\n<p>Stejn\u011b jako Jakub Ontenel.<\/p>\n<p>&nbsp;<\/p>\n<p><strong>Anonymn\u00ed dopisovatel<\/strong><\/p>\n<p>&nbsp;<\/p>\n<p>On v\u017edy uv\u00e1d\u011bl, aby se ohledn\u011b toho ned\u011blala takov\u00e1 v\u011bda. Prost\u011b jako hudebn\u00edk byl Jakub Ontenel a jako \u201etv\u016frce a navrhovatel\u201c se pak stal Tomem Patrickem. Poka\u017ed\u00e9 si vyb\u00edral takov\u00e1 jm\u00e9na, kter\u00e1 mu n\u011b\u010d\u00edm byla sympatick\u00e1.<\/p>\n<p>&nbsp;<\/p>\n<p><strong>Anna<\/strong><\/p>\n<p>&nbsp;<\/p>\n<p>&#8212;&#8212;&#8212;&#8212;&#8212;-<\/p>\n<p>&nbsp;<\/p>\n<p>Ach jo, a zase n\u00e1m to spadlo. To pak m\u00e1 b\u00fdt n\u011bjak\u00e1 debata. Naho\u010fte tu s\u00ed\u0165 kone\u010dn\u011b n\u011bkdo po\u0159\u00e1dn\u011b.<\/p>\n<p>&nbsp;<\/p>\n<p><strong>Anonymn\u00ed dopisovatel<\/strong><\/p>\n<p>&nbsp;<\/p>\n<p>Jestli to n\u00e1hodou ned\u011bl\u00e1 ta Martina. Vzala si na\u0161e slova k srdci, vyplavila \u010daj i s vanou a to z\u0159ejm\u011b bude tou p\u0159\u00ed\u010dinou.<\/p>\n<p>&nbsp;<\/p>\n<p><strong>Panter<\/strong><\/p>\n<p>&nbsp;<\/p>\n<p>Kdyby t\u011b tak sly\u0161ela.<\/p>\n<p>&nbsp;<\/p>\n<p><strong>Anonymn\u00ed dopisovatel<\/strong><\/p>\n<p>&nbsp;<\/p>\n<p>Martino, jsi tu? Hmm, asi ne, tak to nebyla ona, ale n\u011bkdo jin\u00fd.<\/p>\n<p>&nbsp;<\/p>\n<p><strong>Panter<\/strong><\/p>\n<p>&nbsp;<\/p>\n<p>Tak poj\u010fme spolu zase rychle debatovat, ne\u017e se spojen\u00ed p\u0159eru\u0161\u00ed.<\/p>\n<p>&nbsp;<\/p>\n<p><strong>Anonymn\u00ed dopisovatel<\/strong><\/p>\n<p>&nbsp;<\/p>\n<p>Kolektiv Rona upozor\u0148uje, \u017ee nen\u00ed \u010dlenem \u017e\u00e1dn\u00e9 mafi\u00e1nsk\u00e9 sekty.<\/p>\n<p>&nbsp;<\/p>\n<p><strong>Jana za kolektiv Rona<\/strong><\/p>\n<p>&nbsp;<\/p>\n<p>M\u011b by tedy zaj\u00edmalo, co t\u0159eba vy jako kolektiv aktu\u00e1ln\u011b \u0159e\u0161\u00edte za probl\u00e9my? Pokud to ov\u0161em nen\u00ed tajn\u00e9?<\/p>\n<p>&nbsp;<\/p>\n<p><strong>Anonymn\u00ed dopisovatel<\/strong><\/p>\n<p>&nbsp;<\/p>\n<p>T\u0159eba moment\u00e1ln\u011b debatujeme o tom, co je pravdy na tom, \u017ee t\u0159eba m\u016f\u017ee existovat ona uzav\u0159en\u00e1 m\u00edstnost, kde funguje jist\u00e1 skupinka, a kde v\u0161e na prvn\u00ed pohled p\u0159ipom\u00edn\u00e1 onu uzav\u0159enou spiritistickou spole\u010dnost.<\/p>\n<p>&nbsp;<\/p>\n<p><strong>Jana za kolektiv Rona<\/strong><\/p>\n<p>&nbsp;<\/p>\n<p>To zn\u00ed v\u011bru zaj\u00edmav\u011b, na druhou stranu ale nev\u00edm, co t\u00edm sledujete.<\/p>\n<p>&nbsp;<\/p>\n<p><strong>Panter<\/strong><\/p>\n<p>&nbsp;<\/p>\n<p>Zde vych\u00e1z\u00edme p\u0159\u00edmo z vize Toma Patricka, kter\u00fd kdysi hovo\u0159il o d\u00edvce, co si p\u0159\u00e1la st\u00e1t gymnastkou, a kdy\u017e se j\u00ed sen splnil, tak v ten moment ude\u0159ila jedna v\u00e1\u017en\u00e1 nemoc (v\u00edte asi jakou m\u00e1m na mysli) a ta d\u00edvka s t\u00edm musela nadobro p\u0159estat. Z toho \u201er\u00e1\u010dka\u201c se nakonec dostala, ale ke sportu m\u00e1 ji\u017e do\u017eivotn\u00ed z\u00e1kaz.<\/p>\n<p>A naproti tomu kdesi v Americe zase dle autora \u017eije \u010dlov\u011bk, kter\u00fd se tou\u017eil st\u00e1t muzik\u00e1lovou hv\u011bzdou a p\u0159\u00e1n\u00ed se mu splnilo. Stal se slavn\u00fdm, bohat\u00fdm a o pozornost \u017een nem\u011bl nouzi.<\/p>\n<p>&nbsp;<\/p>\n<p><strong>Jana za kolektiv Rona<\/strong><\/p>\n<p>&nbsp;<\/p>\n<p>Aha, tak jestli tomu te\u010f dob\u0159e rozum\u00edm, tak pr\u00e1v\u011b ona uzav\u0159en\u00e1 skupinka spiritist\u016f rozhodla o osudu obou dvou jmenovan\u00fdch.<\/p>\n<p>&nbsp;<\/p>\n<p><strong>Anonymn\u00ed dopisovatel<\/strong><\/p>\n<p>&nbsp;<\/p>\n<p>Ale pro\u010d by o tom m\u011bla v\u00fdhradn\u00ed pr\u00e1vo rozhodovat ona v\u00e1mi jmenovan\u00e1 skupinka?<\/p>\n<p>&nbsp;<\/p>\n<p><strong>Panter<\/strong><\/p>\n<p>&nbsp;<\/p>\n<p>Autor kdysi vy\u0159kl takovou domn\u011bnku, \u017ee se mu takov\u00e1to vize uk\u00e1zala nesm\u00edrn\u011b \u017eivou, pot\u00e9 co prolistovat knihu pojedn\u00e1vaj\u00edc\u00ed o tajemnu okolo n\u00e1s. A mo\u017en\u00e1 \u017ee na to m\u011bl vliv i fakt, \u017ee spiritist\u00e9 jist\u00e9 nadp\u0159irozen\u00e9 schopnosti ovl\u00e1dat mohou, stejn\u011b jako \u017ee na to m\u00e1 vliv fakt, \u017ee takov\u00fd \u010dernob\u00edl\u00fd obr\u00e1zek p\u016fsob\u00ed dosti hr\u016fzostra\u0161n\u011b, kdy\u017e na n\u011bm t\u0159eba l\u00e9t\u00e1 \u017eidle \u010di se na hlavn\u011b spiritisty n\u00e1hle po\u010dne skv\u011bt hlava zesnul\u00e9ho.<\/p>\n<p>&nbsp;<\/p>\n<p><strong>Jana za kolektiv Rona<\/strong><\/p>\n<p>&nbsp;<\/p>\n<p>O tom jsem tak\u00e9 n\u011bco zaslechla. Tom se pozastavoval nad my\u0161lenkou, \u017ee kdy\u017e takov\u00fdto lid\u00e9 na ryze na\u0161em pozemsk\u00e9m sv\u011bt\u011b um\u011bj\u00ed pracovat s tajemnem ze z\u00e1hrob\u00ed, jestli by to t\u0159eba nebylo mo\u017en\u00e9 i opa\u010dn\u011b, tedy \u017ee kdesi naopak v z\u00e1hrob\u00ed existuje ta sam\u00e1 skupinka lid\u00ed, co v n\u011bkter\u00fdch p\u0159\u00edpadech automaticky zareaguje na vy\u0159\u010den\u00e1 p\u0159\u00e1n\u00ed smrteln\u00edk\u016f na Zemi.<\/p>\n<p>&nbsp;<\/p>\n<p><strong>Anna<\/strong><\/p>\n<p>&nbsp;<\/p>\n<p>No pravdou z\u016fst\u00e1v\u00e1, alespo\u0148 tedy v m\u00e9m p\u0159\u00edpad\u011b, \u017ee kdy\u017e si jdu nap\u0159\u00edklad vsadit sportku a mysl\u00edm na to, jak bych udal nejvy\u0161\u0161\u00ed mo\u017enou v\u00fdhru, to znamen\u00e1 \u017ee bych trefil v\u0161echny \u010d\u00edsla spr\u00e1vn\u011b, tak v t\u00e9 chv\u00edli m\u00e1m pocit naprost\u00e9 pr\u00e1zdnoty, zkr\u00e1tka jako by se mi \u00fapln\u011b zatemnilo p\u0159ed o\u010dima, prost\u011b m\u011bl okno, no a to pak vede k tomu, \u017ee pak nanejv\u00fd\u0161 ud\u00e1m jen tu posledn\u00ed mo\u017enou v\u00fdhru. A to je\u0161t\u011b m\u00e1lo kdy! \u017de by to bylo d\u00edlem on\u011bch spiritist\u016f?<\/p>\n<p>&nbsp;<\/p>\n<p><strong>Anonymn\u00ed dopisovatel<\/strong><\/p>\n<p>&nbsp;<\/p>\n<p>No vid\u00ed\u0161, a stejn\u011b tak se n\u011bkomu ob\u010das poda\u0159\u00ed udat to, o co ty se marn\u011b sna\u017e\u00ed\u0161. Jen\u017ee te\u010f z\u0159ejm\u011b takov\u00ed jedinci budou m\u00edt beztak \u00fatrum, nebo\u0165 Sazku kdosi vytuneloval a nejsou na v\u00fdhry prost\u011b pen\u00edze.<\/p>\n<p>&nbsp;<\/p>\n<p><strong>Panter<\/strong><\/p>\n<p>&nbsp;<\/p>\n<p>To j\u00e1 jsem ohledn\u011b t\u00e9to problematiky zaslechla, \u017ee kdosi v Americe skute\u010dn\u011b vyhr\u00e1l nejvy\u0161\u0161\u00ed mo\u017enou v\u00fdhru, a kdy\u017e se odhalila jeho toto\u017enost, tak na to pr\u00fd doplatila rodina v\u00fdherce, nebo\u0165 n\u011bkoho z n\u00ed unesli a jako protislu\u017ebu po\u017eadovali pr\u00e1v\u011b tu poh\u00e1dkovou v\u00fdhru.<\/p>\n<p>&nbsp;<\/p>\n<p><strong>Anna<\/strong><\/p>\n<p>&nbsp;<\/p>\n<p>Co k tomu \u0159\u00edci: snad jen, \u017ee z\u00e1zraky se n\u011bkdy d\u011bj\u00ed, ale v\u017edy tak trochu jinak, ne\u017e jak je \u010dlov\u011bk o\u010dek\u00e1v\u00e1.<\/p>\n<p>&nbsp;<\/p>\n<p><strong>Anonymn\u00ed dopisovatel<\/strong><\/p>\n<p>&nbsp;<\/p>\n<p>Kdy\u017e u\u017e se tu bav\u00edme o s\u00e1zen\u00ed, tak pr\u00fd existuj\u00ed jist\u00e9 skupiny lid\u00ed, kter\u00e9 vznikaj\u00ed v\u00fdhradn\u011b za \u00fa\u010delem p\u0159ekotn\u00e9ho s\u00e1zen\u00ed, a pokud z nich n\u011bkdo n\u00e1hodou vyhraje jednu z mo\u017en\u00fdch vysok\u00fdch v\u00fdher, tak si ji pak mezi sebe spravedliv\u011b mus\u00ed rozd\u011blit.<\/p>\n<p>&nbsp;<\/p>\n<p><strong>Jana za kolektiv Rona<\/strong><\/p>\n<p>&nbsp;<\/p>\n<p>Money Money Money, ty jsou funny, n\u011bkde ve \u0160v\u00e9dsku.<\/p>\n<p>&nbsp;<\/p>\n<p><strong>Za\u017eertoval si kdysi v minulosti jen tak autor (aneb jak\u00e1si obm\u011bna refr\u00e9nu Money Money Money od skupiny Abba) <\/strong><\/p>\n<div class=\"fcbkbttn_buttons_block\" id=\"fcbkbttn_left\"><div class=\"fcbkbttn_button\">\n                            <a href=\"https:\/\/www.facebook.com\/tom.patrick.509\" target=\"_blank\">\n                                <img decoding=\"async\" src=\"https:\/\/eldar.cz\/tompatrick\/wp-content\/plugins\/facebook-button-plugin\/images\/large-facebook-ico.png\" alt=\"Fb-Button\" \/>\n                            <\/a>\n                        <\/div><div class=\"fcbkbttn_like fcbkbttn_large_button\"><fb:like href=\"https:\/\/eldar.cz\/tompatrick\/flying-antasy\/flying-antasy-cast-2\" action=\"like\" colorscheme=\"light\" layout=\"standard\"  width=\"225px\" size=\"large\"><\/fb:like><\/div><div class=\"fb-share-button fcbkbttn_large_button \" data-href=\"https:\/\/eldar.cz\/tompatrick\/flying-antasy\/flying-antasy-cast-2\" data-type=\"button_count\" data-size=\"large\"><\/div><\/div>","protected":false},"excerpt":{"rendered":"<p>Jak a\u017e p\u0159\u00edli\u0161 nez\u00e1vislou cestou tato studie \u017e\u00e1nru THINKFAN COMREAL a jeho z\u00e1konit\u00e9ho autora sp\u011bje. Doposud tady padala tvrzen\u00ed lid\u00ed, av\u0161ak k tompatrickovsk\u00e9mu existencionalismu se vyj\u00e1d\u0159ily i ryze ne\u017eiv\u00e9 slo\u017eky. Posu\u010fme sami, sv\u00e9 sv\u011bdectv\u00ed o jednom z pod\u011bbradsk\u00fdch rod\u00e1k\u016f podal &hellip; <a href=\"https:\/\/eldar.cz\/tompatrick\/flying-antasy\/flying-antasy-cast-2\">Cel\u00fd p\u0159\u00edsp\u011bvek <span class=\"meta-nav\">&rarr;<\/span><\/a><\/p>\n","protected":false},"author":2,"featured_media":0,"comment_status":"open","ping_status":"open","sticky":false,"template":"","format":"standard","meta":{"_s2mail":"yes","footnotes":""},"categories":[7],"tags":[],"class_list":["post-1285","post","type-post","status-publish","format-standard","hentry","category-flying-antasy"],"_links":{"self":[{"href":"https:\/\/eldar.cz\/tompatrick\/wp-json\/wp\/v2\/posts\/1285","targetHints":{"allow":["GET"]}}],"collection":[{"href":"https:\/\/eldar.cz\/tompatrick\/wp-json\/wp\/v2\/posts"}],"about":[{"href":"https:\/\/eldar.cz\/tompatrick\/wp-json\/wp\/v2\/types\/post"}],"author":[{"embeddable":true,"href":"https:\/\/eldar.cz\/tompatrick\/wp-json\/wp\/v2\/users\/2"}],"replies":[{"embeddable":true,"href":"https:\/\/eldar.cz\/tompatrick\/wp-json\/wp\/v2\/comments?post=1285"}],"version-history":[{"count":2,"href":"https:\/\/eldar.cz\/tompatrick\/wp-json\/wp\/v2\/posts\/1285\/revisions"}],"predecessor-version":[{"id":1287,"href":"https:\/\/eldar.cz\/tompatrick\/wp-json\/wp\/v2\/posts\/1285\/revisions\/1287"}],"wp:attachment":[{"href":"https:\/\/eldar.cz\/tompatrick\/wp-json\/wp\/v2\/media?parent=1285"}],"wp:term":[{"taxonomy":"category","embeddable":true,"href":"https:\/\/eldar.cz\/tompatrick\/wp-json\/wp\/v2\/categories?post=1285"},{"taxonomy":"post_tag","embeddable":true,"href":"https:\/\/eldar.cz\/tompatrick\/wp-json\/wp\/v2\/tags?post=1285"}],"curies":[{"name":"wp","href":"https:\/\/api.w.org\/{rel}","templated":true}]}}