{"id":1281,"date":"2015-02-09T09:00:04","date_gmt":"2015-02-09T07:00:04","guid":{"rendered":"http:\/\/eldar.cz\/tompatrick\/?p=1281"},"modified":"2013-11-15T14:19:56","modified_gmt":"2013-11-15T12:19:56","slug":"flying-antasy-cast-1","status":"publish","type":"post","link":"https:\/\/eldar.cz\/tompatrick\/flying-antasy\/flying-antasy-cast-1","title":{"rendered":"Flying antasy (\u010d\u00e1st 1)"},"content":{"rendered":"<div class=\"fcbkbttn_buttons_block\" id=\"fcbkbttn_left\"><div class=\"fcbkbttn_button\">\n                            <a href=\"https:\/\/www.facebook.com\/tom.patrick.509\" target=\"_blank\">\n                                <img decoding=\"async\" src=\"https:\/\/eldar.cz\/tompatrick\/wp-content\/plugins\/facebook-button-plugin\/images\/large-facebook-ico.png\" alt=\"Fb-Button\" \/>\n                            <\/a>\n                        <\/div><div class=\"fcbkbttn_like fcbkbttn_large_button\"><fb:like href=\"https:\/\/eldar.cz\/tompatrick\/flying-antasy\/flying-antasy-cast-1\" action=\"like\" colorscheme=\"light\" layout=\"standard\"  width=\"225px\" size=\"large\"><\/fb:like><\/div><div class=\"fb-share-button fcbkbttn_large_button \" data-href=\"https:\/\/eldar.cz\/tompatrick\/flying-antasy\/flying-antasy-cast-1\" data-type=\"button_count\" data-size=\"large\"><\/div><\/div><p><span style=\"font-family: Times New Roman, serif;\">Otev\u00edr\u00e1m dve\u0159e a vch\u00e1z\u00edm do sv\u011bta pln\u00e9ho iluz\u00ed, sebeklam\u016f, av\u0161ak i do sv\u011bta, v n\u011bm\u017e bych jednou t\u0159eba i r\u00e1d \u017eil&#8230;<\/span><\/p>\n<p>&nbsp;<\/p>\n<p><strong>Tom Patrick (obm\u011bn\u011bn\u00e1 dokument\u00e1rn\u00ed replika)<\/strong><\/p>\n<p>&nbsp;<\/p>\n<p>Kritika se pro mne st\u00e1vala opravdovou no\u010dn\u00ed m\u016frou, p\u0159isuzoval jsem j\u00ed a\u017e p\u0159\u00edli\u0161nou v\u00e1hu a za ka\u017ed\u00fdm slovem, \u010d\u00e1rkou \u010di uvozovkami jsem spat\u0159oval v\u017edy jednoho z t\u011bch dvan\u00e1cti rozhn\u011bvan\u00fdch mu\u017e\u016f, v m\u00e9m p\u0159\u00edpad\u011b tedy kritik\u016f. Jako by v m\u00e9m p\u0159\u00edpad\u011b v\u0161echno bylo \u0161patn\u011b pochopeno.<\/p>\n<p>&nbsp;<\/p>\n<p><strong>\u0158ekl kdysi autor<\/strong><\/p>\n<p>&nbsp;<\/p>\n<p>R: Typick\u00fd Tom Patrick, \u0159ekne si asi ka\u017ed\u00fd, kdo ho osobn\u011b m\u011bl \u010dest poznat, ale zast\u00e1v\u00e1m n\u00e1zor, \u017ee to nebyl zl\u00fd \u010dlov\u011bk, jak si on s\u00e1m o sob\u011b myslel, jen holt p\u0159i psan\u00ed v sob\u011b nena\u0161el tu pravou podporu. Pokud byste v\u0161ak m\u011bli k dispozici n\u011bjak\u00e9 to lesn\u00ed prostranstv\u00ed, kouzeln\u00edka, co si p\u0159i vystupov\u00e1n\u00ed nelibuje ve speci\u00e1ln\u00edch efektech a k tomu minim\u00e1ln\u011b jednu pohlednou modrookou brunetku, ur\u010dit\u011b by va\u0161\u00edm servisem nepohrdal. Ov\u0161em v\u0161e by muselo b\u00fdti za\u0161t\u00edt\u011bno \u017eiv\u00fdm dostupn\u00fdm materi\u00e1lem. A onen v\u011b\u010dn\u011b p\u0159em\u00edlan\u00fd existencionalismus? Mo\u017en\u00e1 \u017ee to v\u0161e n\u011bjak souvis\u00ed s povinnou \u010detbou, co Tom, coby student gymn\u00e1zia, musel cht\u011b necht\u011b p\u0159e\u010d\u00edst.<\/p>\n<p>P: A o kterou konkr\u00e9tn\u00ed \u010detbu mysl\u00edte \u017ee se jednalo, Rebeko?<\/p>\n<p>R: Tu\u0161\u00edm \u017ee Tom zmi\u0148oval Gogola a jeho Mrtv\u00e9 du\u0161e, respektive vyu\u017eit\u00ed toho n\u00e1padu prodeje mrtv\u00fdch du\u0161\u00ed coby n\u011b\u010deho origin\u00e1ln\u00edho.<\/p>\n<p>P: Tak p\u0159ece jen to byl v\u00e1\u0161niv\u00fd \u010dten\u00e1\u0159.<\/p>\n<p>R: Nikoliv, prost\u011b Tom p\u0159e\u010detl, co mu bylo zad\u00e1no a n\u011bkter\u00e9 motivy z knih mu z\u016fstaly v pam\u011bti.<\/p>\n<p>P: A ten Mal\u00fd princ, jak to bylo s n\u00edm?<\/p>\n<p>R: Toho Tom \u00fadajn\u011b p\u0159e\u010detl t\u0159ikr\u00e1t po sob\u011b, nebo\u0165 nebyl tak dlouh\u00fd a byl nav\u00edc dopln\u011bn o obr\u00e1zky. Tom ostatn\u011b vyhled\u00e1val krat\u0161\u00ed textov\u00e9 stat\u011b pokud mo\u017eno pr\u00e1v\u011b s obr\u00e1zky. Na knihy jako takov\u00e9 ale dle sv\u00fdch slov nem\u011bl v\u00fddr\u017e. \u010cetba ho vy\u010derp\u00e1vala.<\/p>\n<p>P: Ale p\u0159esto psal.<\/p>\n<p>R: Ale sp\u00ed\u0161 proto, aby osvobodil n\u00e1m\u011bty ze sv\u00e9 hlavy, jak to ostatn\u011b i st\u00e1lo na p\u0159ebalu prvn\u00edho ofici\u00e1ln\u00edho vyd\u00e1n\u00ed prvotn\u00edho City Meansu.<\/p>\n<p>&nbsp;<\/p>\n<p>Pro\u010d se stal pro autora, tedy Toma Patricka, tak d\u016fle\u017eit\u00fd pr\u00e1v\u011b existencionalismus? Mo\u017en\u00e1 proto, \u017ee se jeho prost\u0159ednictv\u00edm sna\u017eil zal\u00e1tat, co ho t\u00ed\u017eilo ve skute\u010dn\u00e9 realit\u011b, a\u0165 u\u017e to byly ka\u017edodenn\u00ed neut\u011b\u0161iteln\u00e9 zpr\u00e1vy z cel\u00e9ho sv\u011bta \u010di nemo\u017enost ho na vlastn\u00ed p\u011bst cel\u00fd k\u0159\u00ed\u017eem kr\u00e1\u017eem procestovat, a tak si za to hledal n\u00e1hradu psan\u00edm vlastn\u00edch p\u0159\u00edb\u011bh\u016f. A kam \u017ee to pak pov\u011bt\u0161inou sm\u011b\u0159ovaly kroky pod\u011bbradsk\u00e9ho tv\u016frce a navrhovatele? Na sever do D\u00e1nska a odtud pak na v\u00fdchod do Ruska. Bylo to ale \u00fapln\u011b jin\u00e9 cestov\u00e1n\u00ed ne\u017e to, na jak\u00e9 jsou cestovatel\u00e9 po televizn\u00edch obrazovk\u00e1ch \u010di pl\u00e1tnech kin zvykl\u00ed. Tom Patrick se dle sv\u00fdch slov sna\u017eil b\u00fdt zkr\u00e1tka jin\u00fd.<\/p>\n<p>&nbsp;<\/p>\n<p><strong>Ten (v\u00fd\u0148atek z Toma)<\/strong><\/p>\n<p>&nbsp;<\/p>\n<p>Odm\u00edt\u00e1m se sm\u00ed\u0159it s pouh\u00fdm tvrzen\u00edm, \u017ee prost\u011b existuje n\u011bco jako planeta Zem\u011b, kde mi v\u0161ichni jsme na n\u00ed p\u0159\u00edtomni, a kolem \u017ee se rozprost\u00edr\u00e1 vesm\u00edr se v\u0161emi t\u011bmi ostatn\u00edmi planetami a planetkami. Nazval bych to v\u0161echno sp\u00ed\u0161e absurdnost\u00ed. Je rovn\u011b\u017e z\u00e1bavn\u00e9 pozorovat, jak se v\u0161ichni sna\u017e\u00ed dobrat prav\u00e9 podstaty m\u00e9 osobnosti.<\/p>\n<p>Ano, modrook\u00e9 brunetky m\u011b v\u017edy fascinovaly, stejn\u011b jako p\u0159edt\u00edm tento post n\u00e1le\u017eel modrook\u00fdm blond\u00fdnk\u00e1m. A tak\u00e9 EC pop (\u010dteme \u00eds\u00ed pop) se stal mou srde\u010dn\u00ed z\u00e1le\u017eitost\u00ed, nebo\u0165 se uvnit\u0159 m\u011b jednoho dne usadil a ji\u017e mne odm\u00edtal opustit: m\u011bl jsem r\u00e1d ten kontrast smy\u010dc\u016f, klav\u00edr\u016f, violoncell, hoboj\u016f a fagot\u016f propojen\u00fdch s jemn\u011b tane\u010dn\u00ed elektronikou hudbou a t\u00e9matick\u00fdmi pop\u011bvky.<\/p>\n<p>A tak\u00e9 je pravda, \u017ee m\u011b na cest\u011b hodn\u011b prov\u00e1zeli Vladim\u00edr, Alexandra Janov\u00e1, Ema Chardov\u00e1, Tom Wong \u010di Petra Lavordov\u00e1, av\u0161ak nejv\u00edce \u010dasu jsem p\u0159eci jen str\u00e1vil se dv\u011bma tu prvn\u011b jmenovan\u00fdmi, tedy s Vladim\u00edrem a Alexandrou. Av\u0161ak neptejte se mne, pro\u010d to byly pr\u00e1v\u011b tyto osoby a pro\u010d se tak jmenuj\u00ed. J\u00e1 s\u00e1m na to nezn\u00e1m odpov\u011b\u010f, asi je to tak nastaveno a m\u011blo tomu tak b\u00fdti.<\/p>\n<p>&nbsp;<\/p>\n<p><strong>\u0158ekl by autor<\/strong><\/p>\n<p>&nbsp;<\/p>\n<p>To ale ned\u00e1v\u00e1 jednozna\u010dnou odpov\u011b\u010f na to, pro\u010d pro autora bylo zat\u011b\u017eko naj\u00edt tyto dv\u011b j\u00edm jmenovan\u00e9 osoby i v re\u00e1ln\u00e9m \u017eivot\u011b, v\u017edy\u0165 takov\u00fdch Vladim\u00edr\u016f a Alexander po sv\u011bt\u011b b\u011bh\u00e1 na tis\u00edce a n\u011bkte\u0159\u00ed z nich zajist\u00e9 i p\u0159esn\u011b odpov\u00eddaj\u00ed povaze a vzhledu tv\u016fr\u010d\u00edch m\u00faz. Av\u0161ak n\u011bkte\u0159\u00ed lid\u00e9 si za sv\u00fdmi sny boj\u00ed j\u00edt, to je ta pot\u00ed\u017e.<\/p>\n<p>&nbsp;<\/p>\n<p><strong>Martina<\/strong><\/p>\n<p>&nbsp;<\/p>\n<p>U\u017e pros\u00edm na toto v\u00edce nenar\u00e1\u017eejte, sle\u010dno. Ka\u017ed\u00fd z lid\u00ed je prost\u011b n\u011bjak\u00fd. Mohl bych zde nast\u00ednit, jak Alexandra jednoho de\u0161tiv\u00e9ho dne cestovala vlakem s Jeremi\u00e1\u0161em a na vedlej\u0161\u00ed seda\u010dce se j\u00ed vyj\u00edmaly r\u016f\u017ee. A ten mu\u017e, co sed\u011bl naproti n\u00ed, klidn\u011b mohl b\u00fdt on\u00edm Vladim\u00edrem. Za kone\u010dnou zast\u00e1vkou si pak ur\u010d\u00edme stanici Touha, kde se n\u00e1m dostane, o\u010d sami po v\u00fdstupu z vlaku po\u017e\u00e1d\u00e1me. Le\u010d, ob\u00e1v\u00e1m se, aby jste m\u011b, sle\u010dno, neobvinila se z\u00e1m\u011brn\u00e9ho fantaz\u00edrovan\u00ed.<\/p>\n<p>&nbsp;<\/p>\n<p><strong>Reagoval by zajist\u00e9 autor<\/strong><\/p>\n<p>&nbsp;<\/p>\n<p>V jedn\u00e9 z knih Toma Patricka st\u00e1lo: to ho navedl Lekener. Tak\u017ee te\u010f bych na Tomovu adresu uvedla: to ho navedl Vladim\u00edr.<\/p>\n<p>&nbsp;<\/p>\n<p><strong>Martina<\/strong><\/p>\n<p>&nbsp;<\/p>\n<p>Ono si je d\u016fle\u017eit\u00e9 polo\u017eit i ot\u00e1zku, o \u010dem taky m\u00e1 \u010dlov\u011bk ps\u00e1t a \u010dlov\u011bk je stra\u0161n\u011b vyb\u00edrav\u00fd tvor. A tak pro\u010d nezav\u00edtat do nezn\u00e1m\u00e9ho m\u011bsta a nepokusit se za pomoc\u00ed pr\u016fvodce pod\u00edvat na zdej\u0161\u00ed kulturu?<\/p>\n<p>&nbsp;<\/p>\n<p><strong>Dodal by zajist\u00e9 autor<\/strong><\/p>\n<p>&nbsp;<\/p>\n<p>Nechci, aby z m\u00fdch sebran\u00fdch stat\u00ed vyplynulo, \u017ee jsem nebo se pova\u017euji na nejv\u011bt\u0161\u00edho myslitele na sv\u011bt\u011b. T\u00edm opravdu nejsem. Pravda, on\u00edm pedantem z\u016fst\u00e1v\u00e1m, to nepop\u00edr\u00e1m. Jen\u017ee kdo j\u00edm v oblasti literatury nen\u00ed a nebyl? U m\u011b sp\u00ed\u0161 p\u0159i psan\u00ed jde o jednu podstatnou v\u011bc, tedy o projev jist\u00e9 benevolence v\u016f\u010di jednotliv\u00fdm postav\u00e1m. Prost\u011b s nimi nedok\u00e1\u017ei zach\u00e1zet jako s kusem masa, jestli mi rozum\u00edte. Poka\u017ed\u00e9 kdy\u017e jsem v nepohod\u011b, se mi to negativn\u00ed zach\u00e1zen\u00ed vr\u00e1t\u00ed jako odhozen\u00fd bumerang. A kdy\u017e u\u017e nad jednotliv\u00fdmi postavami nem\u00e1 \u010dlov\u011bk kontrolu, je alespo\u0148 r\u00e1d, \u017ee jim nakonec p\u0159i\u0159kl mnohem p\u0159\u00edzniv\u011bj\u0161\u00ed osud. A pak tedy ona Adriana z prvotn\u00edho City Meansu i napodruh\u00e9 p\u0159ekonala z\u00e1polen\u00ed s nechozen\u00edm a invalidn\u00edm voz\u00edkem \u2013 sice za pomoci jak\u00fdchsi l\u00e9mansk\u00fdch r\u016f\u017e\u00ed, ale nestalo se to ze dne na den, v \u010dem\u017e spat\u0159uji jistou srozumitelnost v r\u00e1mci sv\u00e9ho my\u0161len\u00e9ho fantasti\u010dna.<\/p>\n<p>&nbsp;<\/p>\n<p><strong>\u0158ekl kdysi autor<\/strong><\/p>\n<p>&nbsp;<\/p>\n<p>Tom Patrick te\u010f \u010d\u00e1ste\u010dn\u011b l\u017ee a nemus\u00ed p\u0159i tom ani nic tisknout. A co Tygr, ten hned zkraje m\u011bl k poetice hodn\u011b daleko. Kulky tam l\u00e9taly vzduchem a ne \u017ee ne. A byla tam i v\u00e1lka, dokonce to m\u011blo p\u0159\u00edmo co d\u011blat s t\u0159et\u00ed sv\u011btovou jadernou. A \u017ee se tam neum\u00edralo? ALE ANO, UM\u00cdRALO.<\/p>\n<p>&nbsp;<\/p>\n<p><strong>Panter<\/strong><\/p>\n<p>&nbsp;<\/p>\n<p>I tak ale Tom Patrick sm\u011b\u0159oval v\u00edce do hloubky, nebo\u0165 se nespokojil pouze s domn\u011bl\u00fdm p\u0159ed\u00e1v\u00e1n\u00edm mouder, ale pokusil se i nab\u00eddnout jistou alternativn\u00ed cestu pro jejich praktick\u00e9 vyu\u017eit\u00ed, co\u017e p\u0159edstavovaly pr\u00e1v\u011b Alexand\u0159iny Vantelbooklisty, Eminy P\u011bnkalinky \u010di Wongovy Almany. A dlu\u017eno na obranu autora podotknout, \u017ee zejm\u00e9na ta prvn\u00ed z\u00e1le\u017eitost se fakt dala v re\u00e1lu odzkou\u0161et, jen k tomu m\u00edt chu\u0165 a dobrou psychiku. Ale jak pak p\u0159i\u0161ly z autorovy strany v Tygrovy ty v\u00e1lky s p\u0159\u00edchut\u00ed utrpen\u00ed, to t\u011b\u017eko \u0159\u00edct, co se mu v t\u00e9 chv\u00edli honilo hlavou. Jak to pak uv\u00e1d\u011bl jeho slovy s\u00e1m ten pr\u016fvodce Vladim\u00edr: nejsp\u00ed\u0161e se tak jednalo na n\u00e1tlak jin\u00fdch.<\/p>\n<p>&nbsp;<\/p>\n<p><strong>Anonymn\u00ed dopisovatel<\/strong><\/p>\n<p>&nbsp;<\/p>\n<p>Okolnosti v\u00e1s nakonec p\u0159inut\u00ed k r\u016fzn\u00fdm krkolomnostem. A lid\u00e9 jako by v\u00e1lky, spory, prost\u011b konflikty v\u0161eho druhu a \u017eivotn\u00ed dramata nakonec r\u00e1di byli nuceni vyhled\u00e1vat, zat\u00edmco ve sv\u00e9m vlastn\u00edm \u017eivot\u011b by se tomuto v\u0161emu mnou jmenovan\u00e9mu nejrad\u011bji vyhnuli. Nepokou\u0161el jsem se o n\u011bjak\u00e1 velk\u00e1 dramata, sp\u00ed\u0161e tu byl z m\u00e9 strany u\u010din\u011bn objev ztracen\u00e9ho liter\u00e1rn\u00edho projevu v podob\u011b pov\u00eddek, jimi\u017e by \u010dlov\u011bk, co se rozhodne po hlav\u011b sko\u010dit do v\u00edru psan\u00ed, m\u011bl poka\u017ed\u00e9 za\u010d\u00edt. Le\u010d j\u00e1 jimi neza\u010dal, nebo\u0165 \u0161otek v m\u00e9 hlav\u011b si se mnou ji\u017e od \u00fatl\u00e9ho ml\u00e1d\u00ed nete\u010dn\u011b pohr\u00e1val. Vlastn\u011b, kdy\u017e se na to s odstupem \u010dasu d\u00edv\u00e1m v retrospektiv\u011b, tak ve mne onen nesmlouvav\u00fd Dikt\u00e1tor musel tr\u010det odjak\u017eiva.<\/p>\n<p>Ty soubory pov\u00eddek objevuj\u00edc\u00ed se v Tygrovi jsou sv\u00fdm zp\u016fsobem poplatn\u00e9 jin\u00fdm a z\u00e1rove\u0148 nejsou. Poplatn\u00e9 jin\u00fdm se st\u00e1vaj\u00ed t\u00edm, \u017ee se v nich odehr\u00e1vaj\u00ed \u017eiv\u011bj\u0161\u00ed dramata nast\u00edn\u011bn\u00e1 v kostce. Vlastn\u011b je to jen jak\u00fdsi pokus o n\u011b, sp\u00ed\u0161e ve smyslu nast\u00edn\u011bn\u00e9ho n\u00e1m\u011btu, jen\u017e by druh\u00fdm vyzn\u011bl asi tak, \u017ee by pot\u0159eboval rozv\u00e9st a t\u0159eba se i prom\u011bnit v jeden klasick\u00fd dramatick\u00fd rom\u00e1n. N\u011bco takov\u00e9ho je pro mne prozat\u00edm nad tv\u016fr\u010d\u00ed s\u00edly, a mo\u017en\u00e1 dob\u0159e, \u017ee to tak nakonec je, i kdy\u017e Honza \u0160\u00edpek neboli Klok\u00e1nek by mo\u017en\u00e1 soudil n\u011bco trochu jin\u00e9ho, tedy \u017ee se zase ve sv\u00e9m sna\u017een\u00ed podce\u0148uji a \u017ee bych n\u011b\u010deho takov\u00e9ho schopen b\u00fdti mohl.<\/p>\n<p>Co v Tygrovi zbylo p\u0159\u00edmo ze m\u011b, byla skute\u010dnost, \u017ee jsem se op\u011bt shledal s Vladim\u00edrem coby pr\u016fvodcem. A on byl v\u016f\u010di mn\u011b op\u011bt velice otev\u0159en\u00fd a j\u00e1 se tak ne\u010dekan\u011b dozv\u011bd\u011bl nejen o tom, na \u010dem pr\u00e1v\u011b z hlediska literatury pracuje, ale byla mi p\u0159edstavena i jeho man\u017eelka Pavl\u00edna. Jak zvl\u00e1\u0161tn\u00ed to onehdy bylo shled\u00e1n\u00ed, p\u0159edstavoval jsem si ji jako Na\u010fu, ale ta postava si sv\u00e9 p\u016fvodn\u00ed jm\u00e9no nehodlala m\u011bnit.<\/p>\n<p>&nbsp;<\/p>\n<p><strong>Ten: citace z Patricka<\/strong><\/p>\n<p>&nbsp;<\/p>\n<p>Rebeka Hodkov\u00e1 (R), redaktorka jednoho nejmenovan\u00e9ho liter\u00e1rn\u00edho \u010dasopisu polemizuje: \u201eJe nezpochybniteln\u00e9, \u017ee autorovi nejv\u00edce imponoval typ seversk\u00fdch d\u00edvek a u mu\u017esk\u00e9 populace sehr\u00e1vala prim africk\u00e1 \u010di asijsk\u00e1 populace. To tedy platilo u autorova vlastn\u00edho \u017e\u00e1nru THINKFAN COMREAL.<\/p>\n<p>A co uzn\u00e1val v r\u00e1mci n\u00e1sledn\u00e9ho existencionalismu? Zd\u00e1rn\u00fdm p\u0159\u00edkladem je kapitola z t\u0159et\u00edho City Meansu nesouc\u00ed n\u00e1zev O smrti a neum\u00edr\u00e1n\u00ed, kde Petra Lavordov\u00e1 l\u00ed\u010d\u00ed usm\u00ed\u0159en\u00ed lid\u00ed, zv\u00ed\u0159at a pozd\u011bji i sv\u011bta jako takov\u00e9ho. Hlavn\u00edm hrdinou se tu st\u00e1v\u00e1 chlapec se schopnostmi p\u0159edv\u00edd\u00e1n\u00ed V\u00edt, kter\u00fd dok\u00e1\u017ee poka\u017ed\u00e9 oklamat Osud, a tak jeho z\u00e1sluhou sv\u011bt nav\u011bky sp\u011bje do stavu Nirv\u00e1ny. Nen\u00ed na \u0161kodu je\u0161t\u011b od v\u011bci dodat, \u017ee onen V\u00edt je odvozeninou od latinsk\u00e9ho Vitae, co\u017e znamen\u00e1 \u017divot, a \u017ee Osud se v Pet\u0159in\u011b pod\u00e1n\u00ed prezentuje jako cosi neviditeln\u00e9ho.<\/p>\n<p>Pokud bychom dodate\u010dn\u011b je\u0161t\u011b zabrousili do \u0159ad tompatrickovsk\u00fdch kr\u00e1tk\u00fdch pov\u00eddek, jejich\u017e pr\u016fvodcem se stal onen tajemn\u00fd Vladim\u00edr, za zm\u00ednku stoj\u00ed p\u0159edev\u0161\u00edm ne\u010dekan\u00e9 shled\u00e1n\u00ed mu\u017ee a lva v pou\u0161ti, kde oba, m\u00edsto boj\u016f o p\u0159e\u017eit\u00ed, spolu debatuj\u00ed o v\u00fdznamu \u017eivota.\u201c<\/p>\n<p>&nbsp;<\/p>\n<p>Pavel Kaplick\u00fd (P), kter\u00fd ji\u017e d\u0159\u00edve s Rebekou Hodkovou (R) vedl na t\u00e9ma Tom Patrick (n\u011bkdy ps\u00e1no pouze jako autor) rozhovor, se nenech\u00e1v\u00e1 zahanbovat a rovn\u011b\u017e p\u0159ich\u00e1z\u00ed do v\u00ednku s n\u011bkolika informacemi: \u201eExistuj\u00ed v\u0161ak i jist\u00e1 sv\u011bdectv\u00ed o tom, \u017ee autor m\u011bl ke sv\u00fdm d\u00edv\u010d\u00edm postav\u00e1m i jin\u00fd vztah a to sexu\u00e1ln\u00ed. \u00dadajn\u011b si je p\u0159edstavoval ve vyz\u00fdvav\u00fdch erotick\u00fdch p\u00f3z\u00e1ch. A pokud se je\u0161t\u011b vr\u00e1t\u00edm k p\u0159ipom\u00ednce ohledn\u011b propojitelnosti lidsk\u00e9 a zv\u00ed\u0159ec\u00ed \u0159\u00ed\u0161e, nen\u00ed mi zn\u00e1mo, \u017ee by Tom Patrick ve sv\u00e9m re\u00e1ln\u00e9m \u017eivot\u011b n\u011bjak v\u00fdrazn\u011b podporoval charitu \u010di \u00fatulky. Jen ob\u010das pr\u00fd poslal d\u00e1rcovskou sms. Zato pom\u011brn\u011b \u010dasto nav\u0161t\u011bvoval kostel s posv\u00e1tn\u00fdm pra\u017esk\u00fdm Jezul\u00e1tkem v Karmelit\u00e1nsk\u00e9 ulici, jak o tom koneckonc\u016f pod\u00e1val sv\u011bdectv\u00ed dokument p\u0159ilo\u017een\u00fd k prvn\u00edmu vyd\u00e1n\u00ed knihy City Means.\u201c<\/p>\n<p>&nbsp;<\/p>\n<p>Kdyby se do rukou autorovi, tedy Tomu Patrickovi, dostaly v\u00fd\u0161e uveden\u00e9 stat\u011b o \u201esexu\u00e1ln\u00edch vztaz\u00edch\u201c, pravd\u011bpodobn\u011b by na n\u011b odpov\u00eddal asi takto: \u201eOno je n\u011bco jin\u00e9ho vn\u00edmat postavy uvnit\u0159 sv\u00e9 mysli a pak ty sam\u00e9 skute\u010dn\u00e9 navenek. Uvnit\u0159 vlastn\u00ed mysli m\u00e1 \u010dlov\u011bk tendenci v\u0161e zjednodu\u0161ovat a v\u0161e si v n\u00ed vybavuje tak, jak by se ve skute\u010dnosti neodv\u00e1\u017eil. Av\u0161ak nejedn\u00e1 se o \u017e\u00e1dn\u00fd p\u0159estupek: ostatn\u011b sexuologov\u00e9 na to pod\u00e1vaj\u00ed jednozna\u010dnou odpov\u011b\u010f, tedy \u017ee pokud \u010dlov\u011bk o n\u011bkom sm\u00fd\u0161l\u00ed jako o sexu\u00e1ln\u00edm symbolu, nejedn\u00e1 se o trestn\u00fd \u010din. Nav\u00edc, \u010dlov\u011bk jako takov\u00fd je v tom v\u0161em \u00fapln\u011b nevinn\u011b, nebo\u0165 obdob\u00ed puberty s n\u00edm d\u011bl\u00e1 hotov\u00e9 divy.\u201c<\/p>\n<p>&nbsp;<\/p>\n<p>A to nebylo v\u0161e. Jak autor slovy sv\u00fdch pr\u016fvodc\u016f mimo jin\u00e9 poka\u017ed\u00e9 \u010dten\u00e1\u0159i sd\u011bloval: \u201eKdy\u017e text tu mo\u017enost m\u00e1, pro\u010d toho tedy nevyu\u017e\u00edt.\u201c \u010c\u00edm\u017e samoz\u0159ejm\u011b bylo m\u00edn\u011bno, \u017ee pokud n\u011bjak\u00e1 z postav trp\u011bla n\u011bjakou smrtelnou nemoc\u00ed a jaksi sama od sebe po\u017e\u00e1dala o milost, mohlo j\u00ed b\u00fdt ze strany autora vyhov\u011bno (autor jakoby s\u00e1m pak vykonal dobr\u00fd skutek, kter\u00e9ho nebyl schopen navenek v p\u0159\u00edtomnosti skute\u010dn\u00e9 osoby).<\/p>\n<p>&nbsp;<\/p>\n<p>Co se ale t\u00fd\u010de fantazie jako takov\u00e9, autor nikdy vrchovat\u011b nevyu\u017eil jej\u00ed nekone\u010dn\u00e9 mo\u017enosti a v r\u00e1mci \u017e\u00e1nru fantasy nebo sci-fi, s nimi\u017e ve sv\u00fdch po\u010dinech koketoval, se dr\u017eel dosti p\u0159i zemi. Ale pokud u\u017e p\u0159i\u0161lo i na tyto t\u00e9mata, hodn\u011b do pop\u0159ed\u00ed prosazoval zejm\u00e9na holografy. Pr\u00e1v\u011b v nich spat\u0159oval jistou nad\u011bji coby prvku mo\u017en\u00e9ho k vyu\u017eit\u00ed v ryze re\u00e1ln\u00e9m sv\u011bt\u011b, tedy v tom na\u0161em \u2013 a\u0165 u\u017e jako zaj\u00edmav\u00fd bonmot v podob\u011b hra\u010dky \u010di p\u0159\u00edmo postavy jako takov\u00e9 &#8211; nam\u00edsto nesmysln\u00fdch l\u00e9taj\u00edc\u00edch aut a robot\u016f kyborg\u016f, jejich\u017e hlavn\u00edm \u00fakolem je n\u00e1s lidi sprovodit ze sv\u011bta, co\u017e m\u011bla b\u00fdt z\u0159ejm\u011b nar\u00e1\u017eka na filmy typu Termin\u00e1tor, Likvid\u00e1tor a jim podobn\u00e9.<\/p>\n<p>&nbsp;<\/p>\n<p><strong>Rebeka Hodkov\u00e1 \u2013 Du\u0161e pod\u011bbradsk\u00e9ho tv\u016frce a navrhovatele<\/strong><\/p>\n<p>&nbsp;<\/p>\n<p>Na z\u00e1klad\u011b studie Rebeky Hodkov\u00e9 Ten zpracoval a doplnil n\u00e1sleduj\u00edc\u00ed: \u201eCo v\u0161ak by vedle sli\u010dn\u00fdch pr\u016fvodky\u0148 m\u011blo b\u00fdt druhou hlavn\u00ed dev\u00edzou autorova sna\u017een\u00ed, jsou pr\u00e1v\u011b jeho pou\u017eit\u00e9 pojmy typu Vantelbooklist, P\u011bnkalinka a Almana. V knih\u00e1ch jim toti\u017e autor v\u011bnuje dostate\u010dnou pozornost a dokonce v nich i p\u0159i\u017eivuje jejich nevyvratiteln\u00fd v\u00fdznam. A jak u\u017e to tak b\u00fdv\u00e1, autor nev\u00e1h\u00e1 o jejich v\u00fdznamu polemizovat ve smyslu p\u0159ekro\u010den\u00ed ze stran knih na pl\u00e1tna na\u0161eho ka\u017edodenn\u00edho \u017eivota.<\/p>\n<p>&nbsp;<\/p>\n<p>Zde n\u00ed\u017ee je jejich mnohem konkr\u00e9tn\u011bj\u0161\u00ed popisek:<\/p>\n<p>&nbsp;<\/p>\n<p>VANTELBOOKLIST: Dle autora s t\u00edm p\u0159i\u0161la Alexandra Janov\u00e1 a jedn\u00e1 se o klasicky zakoupen\u00e9 \u0161anony, do jejich\u017e f\u00f3li\u00ed se nam\u00edsto administrativn\u00edch p\u0159edti\u0161t\u011bn\u00fdch p\u0159edpis\u016f vkl\u00e1daj\u00ed p\u0159edem p\u0159ipraven\u00e9 hovory, kter\u00e9 by \u017eadatel r\u00e1d vedl ze svou vybranou postavou. Ta m\u016f\u017ee b\u00fdt \u00fapln\u011b smy\u0161len\u00e1, nebo se m\u016f\u017ee jednat o n\u011bkoho, kdo v\u00e1m byl v \u017eivot\u011b nejbli\u017e\u0161\u00ed, av\u0161ak ji\u017e ne\u017eije, a psan\u00e1 forma je tak jedinou mo\u017enost\u00ed, jak si s on\u00edm zesnul\u00fdm popov\u00eddat. K tomu ov\u0161em pot\u0159ebujete m\u00edt i odolnou psychiku, a pokud si s n\u00ed nevysta\u010d\u00edte, je dobr\u00e9 m\u00edt po ruce i p\u0159idru\u017eenou atmosf\u00e9ru v podob\u011b v\u011bc\u00ed, kter\u00e9 v\u00e1s s danou postavou pojily. A pokud ani to nezabere, pak je dobr\u00e9 m\u00edt po ruce n\u011bjak\u00e9 uvol\u0148uj\u00edc\u00ed prost\u0159edky jako jsou parf\u00e9my \u010di jin\u00e9 omamn\u00e9 l\u00e1tky. Lze i vyu\u017e\u00edt sprchov\u00e9 koupele, do nich se pono\u0159it a pak u\u017e si jen neru\u0161en\u011b \u010d\u00edst v on\u011bch obs\u00e1hl\u00fdch \u0161anonech.<\/p>\n<p>&nbsp;<\/p>\n<p>P\u011aNKALINKA: S n\u00ed je to o n\u011bco slo\u017eit\u011bj\u0161\u00ed. P\u0159i\u0161la s n\u00ed Ema Chardov\u00e1 a na prvn\u00ed pohled se jedn\u00e1 o oby\u010dejn\u00e9 obrazy, co se vis\u00ed na ze\u010f. Ov\u0161em v\u00fdpln\u011b p\u011bnkalinkov\u00fdch obraz\u016f je mo\u017en\u00e9 m\u011bnit dle p\u0159\u00e1n\u00ed z\u00e1kazn\u00edk\u016f a nav\u00edc i dan\u00e9 obrazy maj\u00ed tu chytrou vymo\u017eenost, \u017ee jejich r\u00e1my umo\u017e\u0148uj\u00ed atmosf\u00e9ru navodit pomoc\u00ed hudby \u010di parf\u00e9m\u016f.<\/p>\n<p>&nbsp;<\/p>\n<p>ALMANA: Tak ta je prozat\u00edm ze v\u0161ech zde uv\u00e1d\u011bn\u00fdch nab\u00eddek zcela nedostupn\u00e1 a zahrnuje celkem dva prototypy. T\u00edm prvn\u00edm je speci\u00e1ln\u00ed walkman, kter\u00fd um\u00ed do re\u00e1lu pomoc\u00ed speci\u00e1ln\u00edch sluch\u00e1tek p\u0159en\u00e1\u0161et va\u0161e pr\u00e1v\u011b my\u0161len\u00e9 smyslov\u00e9 vjemy. Do po\u010dtu tu jsou pak speci\u00e1ln\u00ed br\u00fdle, kter\u00e9 kdy\u017e si z\u00e1jemce nasad\u00ed, umo\u017e\u0148uj\u00ed \u201e\u017eiv\u011b\u201c sn\u00edmat, na co pr\u00e1v\u011b mysl\u00edte. A m\u00e1lem bychom opominuly uv\u00e9st, \u017ee toto dle autorov\u00fdch slov vymysleli Tom a Udo Wongovi, kte\u0159\u00ed do Kataln\u00e9 Mochny p\u0159i\u0161li ze vzd\u00e1len\u00e9ho japonsk\u00e9ho Kj\u00f3ta.<\/p>\n<p>&nbsp;<\/p>\n<p>Na prvn\u00ed pohled se tyto t\u0159i teorie budoucnosti mohou jevit jako \u0161\u00edlen\u00e9, na druh\u00fd \u010di t\u0159et\u00ed pohled v nich v\u0161ak dle autora m\u016f\u017eeme spat\u0159it velk\u00fd p\u0159\u00edsun lidstvu, zejm\u00e9na tedy t\u00e9 \u010d\u00e1sti, co str\u00e1d\u00e1. A mo\u017en\u00e1 pr\u00e1v\u011b zde je polo\u017een i z\u00e1klad autorov\u011b formulaci <em>tv\u016frce a navrhovatel <\/em>nam\u00edsto spisovatel.\u201c<\/p>\n<p>&nbsp;<\/p>\n<p><strong>Ten<\/strong><\/p>\n<p>&nbsp;<\/p>\n<p>Rebeka Hodkov\u00e1 to potvrzuje v n\u00e1sledn\u00e9m autorov\u011b legend\u00e1rn\u00edm p\u0159\u00edsp\u011bvku: \u201eNepova\u017euji se za spisovatele, toto ozna\u010den\u00ed se mi v m\u00e9m osobn\u00edm p\u0159\u00edpad\u011b jev\u00ed jako p\u0159ece\u0148ovan\u00e9, a\u017e mi vlastn\u011b vyzn\u00edv\u00e1 dosti namy\u0161len\u011b. P\u0159enech\u00e1v\u00e1m ho jin\u00fdm. Pojmy tv\u016frce a navrhovatel jsou mi mnohem bli\u017e\u0161\u00ed, nebo\u0165 co jin\u00e9ho k Vantelbooklist\u016fm, P\u011bnkalink\u00e1m \u010di Alman\u00e1m dodat ne\u017e to, \u017ee to jsou z\u00e1le\u017eitosti, co vy\u017eaduj\u00ed pr\u00e1v\u011b tv\u016fr\u010d\u00ed a navrhovatelsk\u00fd um.\u201c<\/p>\n<p>&nbsp;<\/p>\n<p>Na popud Rebeky Hodkov\u00e9 Ten vypracoval studii v\u011bnovanou pomysln\u00fdm stvo\u0159itel\u016fm zmi\u0148ovan\u00fdch t\u0159\u00ed prototyp\u016f:<\/p>\n<p>&nbsp;<\/p>\n<p>ALEXANDRA: J\u00e1 bych z toho n\u011bjakou p\u0159ehnanou v\u011bdu ned\u011blala. Prost\u011b jednoho dne ten n\u00e1pad se \u0161anony p\u0159i\u0161el a j\u00e1 se mu nedok\u00e1zala ubr\u00e1nit. Musela jsem ho p\u0159ijmout za n\u011bco, co ji\u017e nav\u017edy ozvl\u00e1\u0161tn\u00ed m\u016fj p\u0159\u00ed\u0161t\u00ed \u017eivot. Av\u0161ak aby to p\u0159eci jen z m\u00fdch \u00fast n\u011bkomu nevyzn\u011blo nahodile, tak se zde slu\u0161\u00ed uv\u00e9st, \u017ee ten n\u00e1pad byl n\u00e1sledn\u011b spjat s m\u00fdm studiem psychologie, a rovn\u011b\u017e jsem pak na t\u00e9ma Vantelbooklist na popud jin\u00fdch vypracovala semin\u00e1rn\u00ed pr\u00e1ci. Sta\u010d\u00ed v\u00e1m to takto v kostce? Pokud byste z Toma m\u00e1mili konkr\u00e9tn\u00ed jm\u00e9no, ur\u010dit\u011b zm\u00edn\u00ed Helmuta Florenta, nebo\u0165 v t\u00e9 dob\u011b jsme spolu byli v kontaktu.<\/p>\n<p>&nbsp;<\/p>\n<p>EMA: Nem\u00e1 cenu polemizovat o tom, pro\u010d mohou b\u00fdt obrazov\u00e9 v\u00fdpln\u011b pohybliv\u00e9, nebo pro\u010d je mo\u017en\u00e9 n\u00e1m\u011bty na nich donekone\u010dna obm\u011b\u0148ovat za jin\u00e9. Tohle v\u0161echno je prost\u011b z\u00e1sluha fenom\u00e9nu, kter\u00fd se u n\u00e1s v Kataln\u00e9 Mochn\u011b zrodil ji\u017e kdysi d\u00e1vno, kdy j\u00e1 nebyla na sv\u011bt\u011b. M\u00e9 rodn\u00e9 m\u011bsto se v\u017edy orientovalo jinam ne\u017e okoln\u00ed sv\u011bt. Tam byla v kurzu pr\u016fmyslov\u00e1 revoluce a kr\u00e1tce nato po\u010d\u00edta\u010dov\u00fd bum, kde\u017eto u n\u00e1s se v\u00fdhradn\u011b polemizovalo o tom, jak zdokonalit na prvn\u00ed pohled zanedbateln\u00e9 v\u011bci, co si v\u00fdhradn\u011b d\u00e1valy za \u00fakol \u010dlov\u011bku d\u00e1t \u010di alespo\u0148 n\u011bjak\u00fdm \u0161etrn\u00fdm zp\u016fsobem v\u011bnovat n\u011bco, co mu v \u017eivot\u011b sch\u00e1z\u00ed, tedy n\u011bco nitern\u00edho. A t\u00edmhle sm\u011brem se ub\u00edraly i ty m\u00e9 P\u011bnkalinky. A pokud na to n\u011bkdo nehodl\u00e1 p\u0159istoupit jen proto, \u017ee nev\u00ed, co si pod t\u00edm m\u00e1 myslet, nebo ho to prost\u011b jen nezaj\u00edm\u00e1, tak to u\u017e je jen jeho probl\u00e9m. A to je v\u0161e, co v\u00e1m k tomu \u0159eknu.<\/p>\n<p>&nbsp;<\/p>\n<p>WONG: Tak tohoto p\u00e1na se u\u017e bohu\u017eel napodruh\u00e9 nepoda\u0159ilo zastihnout, av\u0161ak je jist\u00e9, \u017ee by o Alman\u00e1ch podal v\u00fdpov\u011b\u010f, kter\u00e1 by byla vyv\u00e1\u017een\u00fdm mixem t\u011bch dvou p\u0159edchoz\u00edch.<\/p>\n<p>&nbsp;<\/p>\n<p>Typick\u00fd Tom Patrick, zase se vyh\u00fdb\u00e1 konkr\u00e9tn\u00ed odpov\u011bdi.<\/p>\n<p>&nbsp;<\/p>\n<p><strong>Martina<\/strong><\/p>\n<p>&nbsp;<\/p>\n<p>Ono v tomhle p\u0159\u00edpad\u011b sp\u00ed\u0161 jde o to, \u017ee o t\u011bch Wongov\u00fdch Alman\u00e1ch nen\u00ed radno jen tak s n\u011bk\u00fdm hovo\u0159it. Na jednu stranu autora ch\u00e1pu. Proto\u017ee co v dne\u0161n\u00ed dob\u011b lidem m\u016f\u017ee\u0161 o nich \u0159\u00edkat ne\u017e \u017ee to je ot\u00e1zka dlouhodob\u00e9ho v\u00fdvoje? A tak o tom prost\u011b mus\u00ed\u0161 zat\u00edm jen b\u00e1snit na kousku pap\u00edru. A te\u010f k tomu druh\u00e9mu, za co autora pro zm\u011bnu kritizuji. Zar\u00e1\u017e\u00ed m\u011b jeho tvrzen\u00ed, \u017ee Almany dok\u00e1\u017e\u00ed vyrobit pouze dva lid\u00e9 a nepot\u0159ebuj\u00ed k tomu \u017e\u00e1dn\u00fd t\u00fdm dal\u0161\u00edch nad\u0161en\u00fdch zku\u0161en\u00fdch japonsk\u00fdch in\u017een\u00fdr\u016f. A kdy\u017e je\u0161t\u011b vezmeme v potaz, \u017ee ten Udo v pom\u011brn\u011b kr\u00e1tk\u00e9m v\u011bku zem\u0159el a jeho bratr Tom na v\u00fdrobu z\u016fstal do\u010dista s\u00e1m? Prost\u011b t\u00fdm japonsk\u00fdch expert\u016f mi v kontextu v\u011bci vyzn\u00ed mnohem logi\u010dt\u011bji.<\/p>\n<p>&nbsp;<\/p>\n<p><strong>Panter<\/strong><\/p>\n<p>&nbsp;<\/p>\n<p>No vida, na tohle jsem nepomyslel.<\/p>\n<p>&nbsp;<\/p>\n<p><strong>\u0158ekl by mo\u017en\u00e1 nyn\u00ed autor<\/strong><\/p>\n<p>&nbsp;<\/p>\n<p>Ot\u00e1zkou rovn\u011b\u017e z\u016fst\u00e1v\u00e1, co s autorov\u00fdm dal\u0161\u00edm n\u00e1padem, tedy EC popem (\u00eds\u00ed popem). Ten na rozd\u00edl od Alman odzkou\u0161et lze. Nav\u00edc propojen\u00ed kl\u00e1ves, syntez\u00e1tor\u016f a n\u00e1stroj\u016f z oblasti v\u00e1\u017en\u00e9 a lidov\u00e9 hudby m\u016f\u017ee navenek vyzn\u00edt docela zaj\u00edmav\u011b, a kdy\u017e je\u0161t\u011b vezmeme v potaz autor\u016fv d\u016fle\u017eit\u00fd dov\u011btek, \u017ee nezbytnou sou\u010d\u00e1st\u00ed tohoto nov\u00e9ho hudebn\u00edho stylu je zp\u011bvn\u00fd hlas, nezb\u00fdv\u00e1 pak ne\u017e se u\u017e t\u011b\u0161it na um\u011blce ba \u010di p\u0159\u00edmo skupiny, co EC popu propadnou a t\u0159eba se tak pro n\u011b stane i \u017eivotn\u00ed filozofi\u00ed, nebo\u0165 d\u016fle\u017eit\u00fd prim u tohoto hudebn\u00edho stylu sehr\u00e1vaj\u00ed texty t\u00e9matick\u00e9, nikoliv ony prostoduch\u00e9 romantick\u00e9 pop\u011bvky, je\u017e se dennodenn\u011b linou z r\u00e1di\u00ed.<\/p>\n<p>&nbsp;<\/p>\n<p><strong>Ten<\/strong><\/p>\n<p>&nbsp;<\/p>\n<p>A Rebeka Hodkov\u00e1 n\u00e1sledn\u011b p\u0159edkl\u00e1d\u00e1 i jeden z potenci\u00e1ln\u00edch fiktivn\u00edch playlist\u016f, jen\u017e autor za sv\u00e9ho \u017eivota ustanovil a kter\u00fd obsahuje i potenci\u00e1ln\u00ed jm\u00e9na zp\u011bv\u00e1k\u016f a tak\u00e9 n\u00e1vod, jak si ze sv\u00e9ho vlastn\u00edho jm\u00e9na vytvo\u0159it to sv\u00e9 z\u00e1konit\u00e9 EC popov\u00e9 origin\u00e1ln\u00ed hudebn\u00ed logo:<\/p>\n<p>&nbsp;<\/p>\n<p>Veronika Klenotov\u00e1 = Nicky Klen<\/p>\n<p>Tereza Korousov\u00e1 = Terry Kor<\/p>\n<p>Lenka Suchomilov\u00e1 = Lenny C Mill<\/p>\n<p>Viktor Pavel = Vick Pav nebo Paul Vick<\/p>\n<p>Petr Slov\u00e1\u010dek = Peter Slow<\/p>\n<p>&nbsp;<\/p>\n<p>A Pavel Slavom\u00edr z Ten k tomu p\u0159ipojuje: \u201eA rovn\u011b\u017e nezapome\u0148te lid\u00e9 z konzervato\u0159\u00ed, \u017ee pr\u00e1v\u011b vy jste tu hojn\u011b v\u00edt\u00e1ni. Pokud tedy ovl\u00e1d\u00e1te hru na klav\u00edr, hoboj, fagot, violu, violoncello, vy\u017e\u00edv\u00e1te se ve smy\u010dcov\u00e9m kvartetu a tak n\u011bjak podobn\u011b, prahneme p\u0159\u00edmo po v\u00e1s.<\/p>\n<p>A rovn\u011b\u017e n\u00e1s nezapome\u0148te nav\u0161t\u00edvit i vy, zp\u011bv\u00e1ci se sametov\u00fdm hlasem a klidn\u011b m\u016f\u017ee m\u00edt i p\u0159\u00edchu\u0165 d\u011btsk\u00e9 nevinnosti, to rozhodn\u011b nevad\u00ed. A vy, kl\u00e1vesov\u00ed \u010di syntez\u00e1torov\u00ed mist\u0159i, ty v\u0161echny v\u00fd\u0161e zm\u00edn\u011bn\u00e9 v poklidu n\u00e1sledujte, nebo\u0165 bez va\u0161eho p\u0159isp\u011bn\u00ed by EC pop nebyl kompletn\u00ed. A texta\u0159i, hal\u00f3, ano vy, texta\u0159i t\u00e9matick\u00fdch text\u016f, pros\u00edm nev\u00e1hejte a p\u0159ihlaste se o slovo, nebo\u0165 bez v\u00e1s by nebylo o \u010dem p\u011bt.\u201c<\/p>\n<p>&nbsp;<\/p>\n<p>Tak tyto body bych zajist\u00e9 opominouti ji\u017e neopominul.<\/p>\n<p>&nbsp;<\/p>\n<p><strong>\u0158ekl by najisto autor<\/strong><\/p>\n<div class=\"fcbkbttn_buttons_block\" id=\"fcbkbttn_left\"><div class=\"fcbkbttn_button\">\n                            <a href=\"https:\/\/www.facebook.com\/tom.patrick.509\" target=\"_blank\">\n                                <img decoding=\"async\" src=\"https:\/\/eldar.cz\/tompatrick\/wp-content\/plugins\/facebook-button-plugin\/images\/large-facebook-ico.png\" alt=\"Fb-Button\" \/>\n                            <\/a>\n                        <\/div><div class=\"fcbkbttn_like fcbkbttn_large_button\"><fb:like href=\"https:\/\/eldar.cz\/tompatrick\/flying-antasy\/flying-antasy-cast-1\" action=\"like\" colorscheme=\"light\" layout=\"standard\"  width=\"225px\" size=\"large\"><\/fb:like><\/div><div class=\"fb-share-button fcbkbttn_large_button \" data-href=\"https:\/\/eldar.cz\/tompatrick\/flying-antasy\/flying-antasy-cast-1\" data-type=\"button_count\" data-size=\"large\"><\/div><\/div>","protected":false},"excerpt":{"rendered":"<p>Otev\u00edr\u00e1m dve\u0159e a vch\u00e1z\u00edm do sv\u011bta pln\u00e9ho iluz\u00ed, sebeklam\u016f, av\u0161ak i do sv\u011bta, v n\u011bm\u017e bych jednou t\u0159eba i r\u00e1d \u017eil&#8230; &nbsp; Tom Patrick (obm\u011bn\u011bn\u00e1 dokument\u00e1rn\u00ed replika) &nbsp; Kritika se pro mne st\u00e1vala opravdovou no\u010dn\u00ed m\u016frou, p\u0159isuzoval jsem j\u00ed a\u017e &hellip; <a href=\"https:\/\/eldar.cz\/tompatrick\/flying-antasy\/flying-antasy-cast-1\">Cel\u00fd p\u0159\u00edsp\u011bvek <span class=\"meta-nav\">&rarr;<\/span><\/a><\/p>\n","protected":false},"author":2,"featured_media":0,"comment_status":"open","ping_status":"open","sticky":false,"template":"","format":"standard","meta":{"_s2mail":"yes","footnotes":""},"categories":[7],"tags":[],"class_list":["post-1281","post","type-post","status-publish","format-standard","hentry","category-flying-antasy"],"_links":{"self":[{"href":"https:\/\/eldar.cz\/tompatrick\/wp-json\/wp\/v2\/posts\/1281","targetHints":{"allow":["GET"]}}],"collection":[{"href":"https:\/\/eldar.cz\/tompatrick\/wp-json\/wp\/v2\/posts"}],"about":[{"href":"https:\/\/eldar.cz\/tompatrick\/wp-json\/wp\/v2\/types\/post"}],"author":[{"embeddable":true,"href":"https:\/\/eldar.cz\/tompatrick\/wp-json\/wp\/v2\/users\/2"}],"replies":[{"embeddable":true,"href":"https:\/\/eldar.cz\/tompatrick\/wp-json\/wp\/v2\/comments?post=1281"}],"version-history":[{"count":4,"href":"https:\/\/eldar.cz\/tompatrick\/wp-json\/wp\/v2\/posts\/1281\/revisions"}],"predecessor-version":[{"id":1381,"href":"https:\/\/eldar.cz\/tompatrick\/wp-json\/wp\/v2\/posts\/1281\/revisions\/1381"}],"wp:attachment":[{"href":"https:\/\/eldar.cz\/tompatrick\/wp-json\/wp\/v2\/media?parent=1281"}],"wp:term":[{"taxonomy":"category","embeddable":true,"href":"https:\/\/eldar.cz\/tompatrick\/wp-json\/wp\/v2\/categories?post=1281"},{"taxonomy":"post_tag","embeddable":true,"href":"https:\/\/eldar.cz\/tompatrick\/wp-json\/wp\/v2\/tags?post=1281"}],"curies":[{"name":"wp","href":"https:\/\/api.w.org\/{rel}","templated":true}]}}