{"id":126,"date":"2024-04-15T09:00:00","date_gmt":"2024-04-15T07:00:00","guid":{"rendered":"http:\/\/eldar.cz\/tompatrick\/?p=126"},"modified":"2023-08-16T14:29:23","modified_gmt":"2023-08-16T12:29:23","slug":"kapitola-1-polemizovani-o-svete-cast-2","status":"publish","type":"post","link":"https:\/\/eldar.cz\/tompatrick\/citymeans\/citymeans2\/kapitola-1-polemizovani-o-svete-cast-2","title":{"rendered":"Kapitola 2 &#8211; Justypunk (nov\u00e1 restaurovan\u00e1 verze s obr\u00e1zky!)"},"content":{"rendered":"<div class=\"fcbkbttn_buttons_block\" id=\"fcbkbttn_left\"><div class=\"fcbkbttn_button\">\n                            <a href=\"https:\/\/www.facebook.com\/tom.patrick.509\" target=\"_blank\">\n                                <img decoding=\"async\" src=\"https:\/\/eldar.cz\/tompatrick\/wp-content\/plugins\/facebook-button-plugin\/images\/large-facebook-ico.png\" alt=\"Fb-Button\" \/>\n                            <\/a>\n                        <\/div><div class=\"fcbkbttn_like fcbkbttn_large_button\"><fb:like href=\"https:\/\/eldar.cz\/tompatrick\/citymeans\/citymeans2\/kapitola-1-polemizovani-o-svete-cast-2\" action=\"like\" colorscheme=\"light\" layout=\"standard\"  width=\"225px\" size=\"large\"><\/fb:like><\/div><div class=\"fb-share-button fcbkbttn_large_button \" data-href=\"https:\/\/eldar.cz\/tompatrick\/citymeans\/citymeans2\/kapitola-1-polemizovani-o-svete-cast-2\" data-type=\"button_count\" data-size=\"large\"><\/div><\/div><p>No to jsou mi ale host\u00e9! To se v\u00e1m po m\u011b zase tak moc zastesklo, \u017ee m\u011b u\u017e pot\u0159et\u00ed v tomto m\u011bs\u00edci ct\u00edte svou n\u00e1v\u0161t\u011bvou?\u201c hr\u00e1la si Just\u00fdna na stra\u0161n\u011b p\u0159ekvapenou, kdy\u017e spat\u0159ila, kdo to ze zn\u00e1m\u00fdch vch\u00e1z\u00ed do jej\u00edch dve\u0159\u00ed.<br \/>\n\u201eTak vid\u00ed\u0161,\u201c po\u0161eptal Em\u011b Petr, \u010d\u00edm\u017e j\u00ed d\u00e1val najevo, \u017ee se ve sv\u00e9 domn\u011bnce nem\u00fdlil.<br \/>\n\u201eNo tak se pochlubte. Copak je to tentokr\u00e1t?\u201c<br \/>\nJust\u00fdna na prvn\u00ed pohled rozhodn\u011b zarputilou ochran\u00e1\u0159ku zv\u00ed\u0159at nijak zvl\u00e1\u0161\u0165 nep\u0159ipom\u00ednala. Viz\u00e1\u017e\u00ed a stylem obl\u00e9k\u00e1n\u00ed sp\u00ed\u0161 evokovala k motork\u00e1\u0159sk\u00e9 part\u011b. Sv\u00e9 kr\u00e1tk\u00e9 \u010dern\u00e9 vlasy zast\u0159i\u017een\u00e9 na je\u017eka m\u011bla hust\u011b nagelovan\u00e9 a i n\u011bjak\u00e9 to tetov\u00e1n\u00ed ve stylu zlomen\u00e9 l\u00e1sky se u n\u00ed na\u0161lo. Just\u00fdna v\u0161ak byla zcela norm\u00e1ln\u00ed holka, kter\u00e1 v\u011bd\u011bla, co od \u017eivota chce. A i kdy\u017e j\u00ed t\u00e1hlo na pouh\u00fdch devaten\u00e1ct, n\u011bkter\u00e1 tajn\u00e1 p\u0159\u00e1n\u00ed si ji\u017e za ten krati\u010dk\u00fd \u017eivot sta\u010dila splnit. Jedn\u00edm z nich byl pr\u00e1v\u011b \u00fatulek pro opu\u0161t\u011bn\u00e1 zv\u00ed\u0159ata, jen\u017e zd\u00e1rn\u011b vedla ji\u017e p\u0159es rok.<\/p>\n<p><img loading=\"lazy\" decoding=\"async\" class=\"\" src=\"https:\/\/eldar.cz\/tompatrick\/wp-content\/uploads\/2022\/12\/justina-2-kapitola-1-857x1024.jpg\" width=\"602\" height=\"720\"><\/p>\n<p>\u201eTa jsou v\u00e1\u017en\u011b rozko\u0161n\u00e1, kde jste k nim p\u0159i\u0161li?\u201c z\u00edrala te\u010f ohromen\u011b na deset r\u016fznobarevn\u00fdch ko\u0165\u00e1tek.<br \/>\n\u201eJeden sta\u0159ec je zanechal pod na\u0161\u00ed vrbou.\u201c<br \/>\n\u201eSlu\u0161\u00ed se v\u0161ak dodat, \u017ee to ud\u011blal jen z \u010dir\u00e9ho zoufalstv\u00ed. Ve skute\u010dnosti je cht\u011bl v\u0161echny zab\u00edt,\u201c up\u0159esnila Petrovu verzi o dost hrub\u011bji Ema.<br \/>\n\u201eHmm, tak na takov\u00e9 si je lep\u0161\u00ed d\u00e1vat dobr\u00fd pozor, \u017ee, drobe\u010dkov\u00e9?\u201c<br \/>\nJust\u00fdna te\u010f jedno kot\u011b po druh\u00e9m vynd\u00e1vala z pytle na st\u016fl a do misek sypala granule a lila vodu. Ko\u0165ata se m\u011bla \u010dile k sv\u011btu. To sam\u00e9 se dalo \u0159\u00edct o jejich hladov\u00fdch krc\u00edch.<br \/>\n\u201eNo jen se pod\u00edvejte, jak jim chutn\u00e1. Ta snad t\u00fdden nevid\u011bla lousk\u00e1\u010dek na maso,\u201c okomentovala to po sv\u00e9m, kdy\u017e spat\u0159ila ten cirkus kolem misek. Ko\u0165ata si doslova lezla p\u0159es hlavy, aby uko\u0159istila sousto.<br \/>\n\u201eBylo velk\u00e9 \u0161t\u011bst\u00ed, \u017ee jsme dneska na ten Slep\u00fd ostr\u016fvek za\u0161li,\u201c podotkla Ema. \u201eHele, ty m\u00e1\u0161 na pa\u017ei nov\u00e9 tetov\u00e1n\u00ed,\u201c zbyst\u0159ila.<br \/>\n\u201eTo v\u00ed\u0161, b\u00fdt tety je dneska stra\u0161n\u011b modern\u00ed,\u201c poklepala py\u0161n\u011b Just\u00fdna na hada prol\u00e9zaj\u00edc\u00edho srdcem. \u201eA punky z\u00e1rove\u0148,\u201c prohr\u00e1bla si je\u017e\u010d\u00ed vlasy. N\u00e1sledn\u011b p\u0159e\u0161la ke kleci, v n\u00ed\u017e p\u0159eb\u00fdval osamocen\u00fd jezev\u010d\u00edk. \u201eTohle je Pajdo\u0161ek. Za\u010dala jsem mu tak \u0159\u00edkat, proto\u017ee kdy\u017e mi ho sem p\u0159inesli, kulhal na zadn\u00ed. Te\u010f u\u017e m\u00e1 ob\u011b na\u0161t\u011bst\u00ed na okejku. Pajdo\u0161ek ale nen\u00ed jen tak oby\u010dejn\u00fdm ps\u00edkem, sly\u0161\u00ed na celou \u0159adu povel\u00e1k\u016f.\u201c<\/p>\n<p><img loading=\"lazy\" decoding=\"async\" class=\"\" src=\"https:\/\/eldar.cz\/tompatrick\/wp-content\/uploads\/2023\/08\/13-Obrazek-pajdaveho-jezevcika.jpg\" width=\"557\" height=\"638\"><\/p>\n<p>\u201eJ\u00e9, plos\u00edm, a\u0165 se n\u00e1m p\u0159edvede,\u201c \u017eadonila Ema jako mal\u00e9 d\u011bcko.<br \/>\n\u201eJo, pro\u010d ne? Pot\u011b\u0161\u00ed\u0161 sv\u00fdm p\u0159edstaven\u00edm tetu Emu a str\u00fd\u010dka Pet\u0159\u00ed\u010dka?\u201c<br \/>\nJust\u00fdna jezev\u010d\u00edka pustila z klece ven. Nejprve ho s Emou a Petrem sezn\u00e1mila, aby nem\u011bl pocit, \u017ee jsou to vet\u0159elci, kte\u0159\u00ed mu cht\u011bj\u00ed ubl\u00ed\u017eit. Pod Just\u00fdninou taktovkou pak Pajdo\u0161ek n\u00e1sledn\u011b p\u0159edvedl, jak na v\u00fdbornou um\u00ed plnit sedni, lehni, p\u0159ines, podej pac a zavr\u0165 ocasem.<br \/>\n\u201eNo \u0159ekn\u011bte sami, nen\u00ed Pajdo\u0161ek okouzluj\u00edc\u00ed?\u201c m\u00ednila, kdy\u017e jezev\u010d\u00edk sv\u016fj v\u00fdstup zakon\u010dil povelem podej pac a s vyplazen\u00fdm jazykem se do\u017eadoval dal\u0161\u00edho pamlsku.<br \/>\n\u201eHned bych si ho vzala, ale bohu\u017eel to nejde,\u201c posteskla si Ema a tak Pajdo\u0161ka alespo\u0148 pohladila, ne\u017e \u0161el zp\u00e1tky do klece.<br \/>\n\u201eTomu v\u011b\u0159\u00edm,\u201c prohodila souhlasn\u011b Just\u00fdna. \u201eHele, nep\u016fjdeme na terasu? Touhle dobou tam b\u00fdv\u00e1 nejkr\u00e1sn\u011bji.\u201c<br \/>\nVy\u0161li ven, kde ulehli a pak u\u017e jen ml\u010dky pozorovali okol\u00ed. P\u016fsobilo nezvykle klidn\u011b, nebo\u0165 tam, kam lidsk\u00e9 oko dohl\u00e9dlo, se pouze rozprost\u00edral tich\u00fd les. Skrz n\u011bj pr\u00e1v\u011b prostupovalo \u010derven\u011b zarudl\u00e9 zapadaj\u00edc\u00ed slunce.<br \/>\n\u201eTaky na v\u00e1s tak p\u016fsob\u00ed ta podmaniv\u00e1 lesn\u00ed v\u016fn\u011b? Na m\u011b teda dost siln\u011b,\u201c poznamenala o p\u011bt minut pozd\u011bji z leh\u00e1tka Just\u00fdna. Nas\u00e1la vzduch a bezstarostn\u011b si p\u0159ehodila nohu p\u0159es nohu.<br \/>\n\u201eJe tu v\u00e1\u017en\u011b kr\u00e1sn\u011b. \u010clov\u011bku se ani nechce j\u00edt dom\u016f,\u201c z\u00edvla ospale Ema, nata\u017een\u00e1 na lavi\u010dce. Petr zauj\u00edmal m\u00edsto hned vedle n\u00ed. Pod ruku mu pr\u00e1v\u011b p\u0159i\u0161ly m\u00edstn\u00ed noviny. Otev\u0159el je a za\u010detl se do nich.<br \/>\n\u201eCopak? M\u00e1\u0161 snad s rodi\u010di n\u011bjak\u00e9 nedo\u0159e\u0161en\u00e9 spory? Nebo je v tom zase \u0161kola?\u201c vyzv\u00eddala Just\u00fdna.<br \/>\n\u201eSp\u00ed\u0161 to druh\u00e9,\u201c p\u0159ipustila Ema.<br \/>\n\u201eNo jo, to v\u00ed\u0161, n\u011bkdy je s tou druhou stranou prost\u011b k\u0159\u00ed\u017e.\u201c A Just\u00fdna se rozpov\u00eddala: \u201eO tom v\u00edm sv\u00e9. Ned\u00e1vno jsem se jen tak \u010dirou n\u00e1hodou ocitla p\u0159ed jedn\u00edm dost vyk\u0159i\u010den\u00fdm barem a jak\u00fdsi d\u011bdula se tam do m\u011b hned za\u010dal nav\u00e1\u017eet, co \u017ee to m\u00e1m na hlav\u011b za podivn\u00fd \u010d\u00edro, a \u017ee pr\u00fd vypad\u00e1m jako ta ufetovan\u00e1 a nalit\u00e1 semetrika z Vo\u017eral\u00fd opice, co\u017e je mimochodem noir film, kter\u00fd jsem v \u017eivot\u011b nevid\u011bla a vid\u011bt ani nechci. No to v\u00edte, \u017ee jsem si n\u011bco takov\u00e9ho od starou\u0161e nenechala l\u00edbit. Hned jsem mu to za\u010dala p\u011bkn\u011b vracet s t\u00edm, \u017ee cigareta m\u011b pleskla p\u0159es nos poprv\u00e9 a z\u00e1rove\u0148 naposled n\u011bkdy ve dvou letech, a alkohol \u017ee nepo\u017e\u00edv\u00e1m, nebo\u0165 mi jeho naho\u0159klost prot\u00e1\u010d\u00ed panenky, ale u n\u011bj, \u017ee je tomu patrn\u011b naopak, kdy\u017e vypad\u00e1 tak se\u0161le a t\u00e1hne z n\u011bj. Pak z m\u00e9 strany p\u0159i\u0161lo na \u0159adu z\u00e1v\u011bre\u010dn\u00e9 prohl\u00e1\u0161en\u00ed, \u017ee jestli z t\u00e9 starou\u0161ovy je\u0161t\u011b usly\u0161\u00edm n\u011bjak\u00e9 dal\u0161\u00ed pr\u016fpov\u00eddky, tak povol\u00e1m do pohotovosti sv\u016fj JUSTYPUNK. To posledn\u011b jmenovan\u00e9 sta\u0159\u00edka zjevn\u011b dost odzbrojilo, nebo\u0165 se ode m\u011b za\u010dal dost rychle distancovat. No mo\u017en\u00e1 na tom m\u011bl zna\u010dn\u00fd pod\u00edl ten podivn\u00fd t\u00fdpek s \u0159et\u011bzem, co se n\u00e1hle vypot\u00e1cel z baru ven. A j\u00e1 si pak \u0159ekla: o co t\u011bm lidem vlastn\u011b jde? Dneska je prost\u011b u\u017e jin\u00e1 doba. Ka\u017ed\u00fd se obl\u00e9k\u00e1 podle toho, co se mu l\u00edb\u00ed. \u017dijeme ve svobodn\u00e9m st\u00e1t\u011b, tak o co jde? Pokud je druh\u00fdm m\u016fj zjev p\u0159\u00edt\u011b\u017e\u00ed, a\u0165 hezky bez protest\u016f voln\u011b p\u0159ejde na prot\u011bj\u0161\u00ed stranu a v davu si tam najde svou krevn\u00ed skupinu, s kterou si bude rozum\u011bt. A je to. Konec, \u0161mytec, vy\u0159e\u0161eno. Val\u00edme to d\u00e1l.\u201c<br \/>\nJust\u00fdnu te\u010f poslouchala v\u00fdhradn\u011b Ema. Petr j\u00ed p\u0159\u00edli\u0161 pozornosti nev\u011bnoval. Moment\u00e1ln\u011b se soust\u0159edil na jak\u00fdsi novinov\u00fd \u010dl\u00e1nek.<br \/>\n\u201eHmm, co se t\u00fd\u010de vzhledu a viz\u00e1\u017ee,\u201c vzala si zas slovo Ema, \u201etak s t\u00edm j\u00e1 probl\u00e9m nem\u00e1m. Po\u0159\u00e1d mi volaj\u00ed z r\u016fzn\u00fdch agentur, abych pro n\u011b p\u00f3zovala.\u201c<br \/>\n\u201eNo vid\u00ed\u0161, tak p\u0159ece se na tebe v \u017eivot\u011b usm\u00e1lo \u0161t\u011bst\u00ed. St\u00e1t se modelkou, co by za to jin\u00e1 dala? A to si v jednom kuse po\u0159\u00e1d st\u011b\u017euje\u0161 na krut\u00e9 praktiky reality.\u201c<br \/>\n\u201eJen\u017ee v tom je pr\u00e1v\u011b ten m\u016fj probl\u00e9m,\u201c reagovala na to okam\u017eit\u011b Ema. \u201eOni si m\u011b pozvou do ateli\u00e9ru, jen\u017ee j\u00e1, jakmile tam spat\u0159\u00edm ty p\u00f3zovac\u00ed oble\u010dky, tak hned spust\u00edm na t\u00e9ma prav\u00e9 ko\u017ee\u0161iny, zbyte\u010dn\u00e9 t\u00fdr\u00e1n\u00ed zv\u00ed\u0159at a testov\u00e1n\u00ed chemick\u00fdch p\u0159\u00edpravk\u016f na nich, no a to si asi um\u00ed\u0161 p\u0159edstavit, co to s t\u011bmi v\u0161emi n\u00e1vrh\u00e1\u0159i pak d\u011bl\u00e1 a jak jim to prot\u00e1\u010d\u00ed panenky. V t\u00e9 chv\u00edli si nejsp\u00ed\u0161 \u0159eknou: hele, tak mlad\u00e1 holka a jak si dovoluje.\u201c<br \/>\n\u201eNo jo, m\u00e1me to my dv\u011b ob\u010das v\u00e1\u017en\u011b dost t\u011b\u017ek\u00fd &#8211; j\u00e1 s viz\u00e1\u017e\u00ed, ty naopak s osv\u011btov\u00fdmi n\u00e1zory,\u201c povzdechla si Just\u00fdna.<br \/>\nNa mal\u00fd moment znovu ml\u010dky zab\u0159edly do pozorov\u00e1n\u00ed p\u0159\u00edrodn\u00edch kr\u00e1s.<br \/>\n\u201eNa druhou stranu, kdy\u017e se to tak vezme,\u201c pokra\u010dovala Just\u00fdna, \u201ena\u0161e byt\u00ed tady na zemi a snaha ho zlep\u0161it p\u0159ece jen n\u011bjak\u00e9 to ovoce p\u0159inesly. J\u00e1 jsem si sv\u00e9pomocn\u011b za\u0159\u00eddila \u00fatulek pro opu\u0161t\u011bn\u00e1 zv\u00ed\u0159ata a tys do n\u011bj ji\u017e nes\u010detn\u011bkr\u00e1t p\u0159isp\u011bla n\u011bjak\u00fdm t\u00edm p\u0159\u00edr\u016fstkem, \u010d\u00edm\u017e jsi darovala \u017eivot n\u011bkomu, kdo by tady jinak svou existenci nen\u00e1vratn\u011b ztratil. Na\u0161e n\u011bkdej\u0161\u00ed setk\u00e1n\u00ed tedy vrchovat\u011b naplnilo to, co se od n\u011bj do budoucna o\u010dek\u00e1valo. To pop\u0159\u00edt nedok\u00e1\u017ee\u0161.\u201c<br \/>\n\u201eTo ne,\u201c souhlasila Ema. V pronikav\u00fdch zelen\u00fdch o\u010d\u00edch se alespo\u0148 na moment dal spat\u0159it v\u00fdraz opojn\u00e9ho \u0161t\u011bst\u00ed. \u201eV\u00ed\u0161, v \u017eivot\u011b bych toho cht\u011bla dok\u00e1zat mnohem v\u00edc. M\u011blo by to b\u00fdt n\u011bco, co tuhle na\u0161i krutou realitu sraz\u00ed na kolena, aby si ten, kdo tenhle sv\u011bt nerovnom\u011brn\u011b \u0159\u00edd\u00ed, kone\u010dn\u011b uv\u011bdomil, jak\u00fdch nespravedliv\u00fdch \u00fakon\u016f se na na\u0161em byt\u00ed dopou\u0161t\u00ed, kdy\u017e ho neust\u00e1le podrobuje r\u016fzn\u00fdm, mnohdy moc nep\u011bkn\u00fdm zkou\u0161k\u00e1m.\u201c<br \/>\n\u201eMoc hezky \u0159e\u010deno. Te\u010f je\u0161t\u011b p\u0159ij\u00edt jak na to,\u201c zaz\u00edvala Just\u00fdna.<br \/>\n\u201eJ\u00e1 samoz\u0159ejm\u011b nedok\u00e1\u017eu spasit sv\u011bt, to v\u00edm odmali\u010dka. Cht\u011bla bych ho jen v n\u011b\u010dem ud\u011blat lep\u0161\u00ed. Mnohem v\u00edc ho polid\u0161tit. U\u017e jsem o tom kolikr\u00e1t mluvila tady s Petrem&#8230;\u201c<br \/>\n\u201eCo&#8230; o \u010dem je te\u010f \u0159e\u010d?\u201c<br \/>\nPetr vystr\u010dil zpod novin hlavu a n\u011bkolik dlouh\u00fdch vte\u0159in na d\u00edvky z\u00edral s otev\u0159enou pusou.<br \/>\n\u201eO \u010dem \u017ee je \u0159e\u010d? No p\u0159ece o \u017eivot\u011b a o tr\u00e1pen\u00ed s n\u00edm,\u201c uvedla ho do zp\u011btn\u00e9 aktu\u00e1ln\u00ed p\u0159\u00edtomnosti Just\u00fdna. \u201eJak vidno, tak kulturn\u00ed rubrika zna\u010dn\u011b vy\u010derp\u00e1v\u00e1,\u201c odtu\u0161ila p\u0159ez\u00edrav\u011b, kdy\u017e se k doty\u010dn\u00e9mu naklonila z leh\u00e1tka a zad\u00edvala do rozev\u0159en\u00fdch novin.<br \/>\n\u201eMysl\u00ed\u0161 tuhle dvojstranu? Tak tu jsem zat\u00edm je\u0161t\u011b ne\u010detl. Jsem teprve tady.\u201c<br \/>\n\u201eHmm, tam zrovna, jak tak kouk\u00e1m, o p\u0159\u00edli\u0161 povzbudiv\u00fdch v\u011bcech nep\u00ed\u0161ou,\u201c konstatovala Just\u00fdna, kdy\u017e si noviny od Petra vzala. \u201eJedna trag\u00e9die za druhou. \u010cir\u00e1 nostalgick\u00e1 hr\u016fza.\u201c<br \/>\n\u201eTak pov\u00eddej, co je to tentokr\u00e1t?\u201c vyzv\u00eddala Ema.<br \/>\n\u201eNo p\u0159edstav si. V Praze do\u0161lo k dal\u0161\u00ed sr\u00e1\u017ece tramvaj\u00ed. Celkem zran\u011bno patn\u00e1ct lid\u00ed, z toho p\u011bt t\u011b\u017ece. V Brn\u011b vypukl po\u017e\u00e1r v dru\u017estevn\u00edm byt\u011b. P\u0159\u00ed\u010dinou byla zapnut\u00e1 plot\u00fdnka u spor\u00e1ku. Ne\u0161t\u011bst\u00ed zavinila d\u016fchodkyn\u011b, kter\u00e1 usnula v k\u0159esle a zapomn\u011bla, \u017ee se j\u00ed v kuchyni va\u0159\u00ed voda na \u010daj. D\u00e1le. V Hradci kdosi za b\u00edl\u00e9ho dne p\u0159epadl patn\u00e1ctiletou d\u00edvku a ukradl j\u00ed kabelku&#8230; no to by je\u0161t\u011b celkem \u0161lo&#8230; No a v Pardubic\u00edch, p\u0159edstav si, soused ze z\u00e1visti m\u00edstn\u00edmu vyhl\u00e1\u0161en\u00e9mu ryb\u00e1\u0159i vypustil rybn\u00edk, \u010d\u00edm\u017e v pouh\u00e9 jedn\u00e9 minut\u011b zni\u010dil jeho desetiletou \u0161lechtitelskou pr\u00e1ci. Samoz\u0159ejm\u011b kauzu Kataln\u00e1 Mochna versus leti\u0161t\u011b snad ani nem\u00e1 cenu n\u011bjak d\u00e1l rozv\u00e1d\u011bt, o tom v\u0161ichni v\u00edme sv\u00e9.\u201c<br \/>\n\u201eAsi u\u017e p\u016fjdeme.\u201c Ema se na lavi\u010dce ne\u010dekan\u011b zvedla a p\u0159elezla p\u0159es p\u0159ekvapen\u00e9ho Petra. \u201eP\u0159ipozd\u00edv\u00e1 se a j\u00e1 je\u0161t\u011b nem\u00e1m na z\u00edt\u0159ek hotov\u00fd koment\u00e1\u0159 k t\u00e9 povinn\u00e9 \u010detb\u011b, co n\u00e1m ji N\u00fdvltov\u00e1 zadala.\u201c<br \/>\n\u201eJak je libo. No ale pokud samoz\u0159ejm\u011b chcete, tak mi gudbajda d\u00e1vat je\u0161t\u011b nemus\u00edte. Mn\u011b tady rozhodn\u011b nevad\u00edte,\u201c vzk\u00e1zala kamar\u00e1dce z leh\u00e1tka Just\u00fdna.<br \/>\n\u201eV\u00e1\u017en\u011b u\u017e mus\u00edme,\u201c trvala na sv\u00e9m Ema, na\u010de\u017e Petra pob\u00eddla, aby rovn\u011b\u017e vstal a m\u011bl se jako ona \u010dile k odchodu. Petr ji poslechl.<br \/>\n\u201e\u0160koda, bylo n\u00e1m tady spolu tak dob\u0159e,\u201c hlesla Just\u00fdna. \u201eHal\u00f3! Po\u010dkejte!\u201c zvolala za kamar\u00e1dy a i ona se sb\u00edrala na nohy. \u201eP\u0159ece neodejdete bez rozlou\u010den\u00ed. Vyprovod\u00edm v\u00e1s.\u201c N\u00e1sledn\u011b v \u017eertu dodala: \u201eCo kdyby v\u00e1s ve vedlej\u0161\u00ed m\u00edstnosti \u010dirou n\u00e1hodou napadl rozzu\u0159en\u00fd alig\u00e1tor agres\u00e1tor? To bych m\u011bla o dva exempl\u00e1\u0159e nav\u00edc a kam bych to v\u0161echno pak d\u00e1vala? U\u017e tak m\u00e1m dostate\u010dn\u011b p\u0159epln\u011bn\u00e9 kotce.\u201c<br \/>\nEma s Petrem se pr\u00e1v\u011b lou\u010dili s Pajdo\u0161kem a slibovali mu chutn\u00fd pamlsek, a\u017e se sem p\u0159\u00ed\u0161t\u011b vyprav\u00ed. Jezev\u010d\u00edk byl \u0161t\u011bst\u00edm bez sebe. Kdy\u017e n\u00e1sledn\u011b oba \u00fatulek opustili a dali sbohem jeho majitelce, m\u00e1lem je znovu p\u0159edb\u011bhlo ono strakat\u00e9 kot\u011b.<br \/>\n\u201eNeboj, taky si t\u011b n\u011bjak\u00fd hodn\u00fd majitel vezme k sob\u011b,\u201c konej\u0161ila ho v n\u00e1ru\u010d\u00ed Just\u00fdna. \u201eA v\u00e1m p\u0159eji, a\u0165 se da\u0159\u00ed, a t\u011b\u0161\u00edm se na p\u0159\u00ed\u0161t\u00ed bez\u016fchovku.\u201c<br \/>\n\u201eM\u011bj se,\u201c m\u00e1vla j\u00ed naposled Ema.<br \/>\nTempo ch\u016fze tentokr\u00e1t bylo o dost svi\u017en\u011bj\u0161\u00ed. Vzduchem proudil chladiv\u011bj\u0161\u00ed v\u00edtr, a to se ve ve\u010dern\u00edch hodin\u00e1ch v\u017edy dostate\u010dn\u011b mraziv\u011b projevovalo navenek. Ema a Petr nazp\u00e1tek \u0161li obdobnou trasou &#8211; skrz Oborov\u011bnku &#8211; tak se lesn\u00edmu \u00faseku za Katalnou Mochnou odprad\u00e1vna \u0159\u00edkalo. V d\u00e1lce pak oba pozorovali, jak se jim \u00fatulek pozvolna ztr\u00e1c\u00ed z o\u010d\u00ed. Zanedlouho m\u00edjeli j\u00edzd\u00e1rnu. Em\u011b se tu l\u00edbil jeden obzvl\u00e1\u0161\u0165 p\u011bkn\u00fd b\u011blou\u0161 sly\u0161\u00edc\u00ed na Jura. Toho si poka\u017ed\u00e9, kdy\u017e kolem proch\u00e1zela, hladila a nab\u00edzela mu i n\u011bco chutn\u00e9ho na zub. Em\u011b nev\u00fdslovn\u011b imponovalo, \u017ee jej\u00ed favorit vypad\u00e1 a jmenuje se \u00fapln\u011b stejn\u011b jako ten z filmov\u00e9 Popelky. Tuhle poh\u00e1dku doslova zbo\u017e\u0148ovala.<br \/>\n\u201eJur\u00e1\u0161ku! Ahoj! Tak poj\u010f honem, n\u011bco tady pro tebe m\u00e1m!\u201c vyp\u00edskla \u0161\u0165astn\u011b, kdy\u017e kon\u00edka zahl\u00e9dla. Ten k Em\u011b kvapem docv\u00e1lal a pak radostn\u011b za\u0159ehtal. \u201eNo jen poj\u010f, tu m\u00e1\u0161 cuk\u0159\u00ed\u010dek, no vem si. Hodnej, moc hodnej.\u201c<br \/>\n\u201eMyslel jsem, \u017ee posp\u00edch\u00e1\u0161,\u201c divil se kamar\u00e1d\u010dinu po\u010d\u00edn\u00e1n\u00ed Petr. Tak\u00e9 se zastavil.<br \/>\n\u201ePro\u010d? Nen\u00ed p\u0159ece kam,\u201c odv\u011btila ledabyle Ema, na\u010de\u017e si d\u00e1l neru\u0161en\u011b hladila Jur\u00e1\u0161ka.<br \/>\n\u201eA co ta n\u00e1hl\u00e1 p\u0159ipom\u00ednka ohledn\u011b povinn\u00e9 \u010detby?\u201c<br \/>\n\u201eHmm, to mi asi jaksi nedopat\u0159en\u00edm ujelo. No tak, Jur\u00e1\u0161ku, vem si je\u0161t\u011b mrkvi\u010dku.\u201c<br \/>\nPetrovi to z\u00e1hy do\u0161lo. Na onom \u010dasn\u00e9m odchodu nem\u011bla vinu z\u00edt\u0159ej\u0161\u00ed hodina \u010de\u0161tiny, ale zpr\u00e1vy v novin\u00e1ch, kter\u00e9 p\u0159ed\u010d\u00edtala Just\u00fdna. Petr te\u010f u\u017e doslova mrzl, zato na Emu jako by pan\u00ed zima byla moment\u00e1ln\u011b kr\u00e1tk\u00e1. U srdce ji zjevn\u011b h\u0159\u00e1l znovu nalezen\u00fd klid v podob\u011b Jur\u00e1\u0161kovy p\u0159\u00edtomnosti. Petr jen tak z nostalgie pohl\u00e9dl vzh\u016fru do korun strom\u016f, jestli odtamtud n\u00e1hodou nespadnou n\u011bjak\u00e9 ty o\u0159\u00ed\u0161ky. Ni\u010deho takov\u00e9ho se nedo\u010dkal, i kdy\u017e Ema &#8211; pomyslel si &#8211; mo\u017en\u00e1 zast\u00e1vala zcela opa\u010dn\u00fd n\u00e1zor. M\u011bla p\u0159ece daleko bujn\u011bj\u0161\u00ed fantazijn\u00ed p\u0159edstavivost.<br \/>\n\u201eNo jo, tak my zase vyraz\u00edme. Tak p\u0159\u00ed\u0161t\u011b, Jur\u00e1\u0161ku,\u201c lou\u010dila se s kon\u011bm po patn\u00e1cti minut\u00e1ch Ema. Ona a Petr Oborov\u011bnkou pokra\u010dovali k Slep\u00e9mu ostr\u016fvku, a z n\u011bj u\u017e byly vid\u011bt prvn\u00ed mochnick\u00e9 domky. Na ostr\u016fvku se p\u0159eci jen je\u0161t\u011b mal\u00fd moment zdr\u017eeli, nebo\u0165 se cht\u011bli ujistit, zda-li tu mezit\u00edm zase n\u011bkdo nebyl a nezanechal p\u0159\u00edrod\u011b napospas n\u011bjak\u00fd nov\u00fd nepot\u0159ebn\u00fd dar. Tentokr\u00e1t se ob\u00e1vali zbyte\u010dn\u011b. Zav\u00edtala sem pouze osamocen\u00e1 labu\u0165 a ta ni\u010d\u00ed pomoc nepot\u0159ebovala.<\/p>\n<div class=\"fcbkbttn_buttons_block\" id=\"fcbkbttn_left\"><div class=\"fcbkbttn_button\">\n                            <a href=\"https:\/\/www.facebook.com\/tom.patrick.509\" target=\"_blank\">\n                                <img decoding=\"async\" src=\"https:\/\/eldar.cz\/tompatrick\/wp-content\/plugins\/facebook-button-plugin\/images\/large-facebook-ico.png\" alt=\"Fb-Button\" \/>\n                            <\/a>\n                        <\/div><div class=\"fcbkbttn_like fcbkbttn_large_button\"><fb:like href=\"https:\/\/eldar.cz\/tompatrick\/citymeans\/citymeans2\/kapitola-1-polemizovani-o-svete-cast-2\" action=\"like\" colorscheme=\"light\" layout=\"standard\"  width=\"225px\" size=\"large\"><\/fb:like><\/div><div class=\"fb-share-button fcbkbttn_large_button \" data-href=\"https:\/\/eldar.cz\/tompatrick\/citymeans\/citymeans2\/kapitola-1-polemizovani-o-svete-cast-2\" data-type=\"button_count\" data-size=\"large\"><\/div><\/div>","protected":false},"excerpt":{"rendered":"<p>No to jsou mi ale host\u00e9! To se v\u00e1m po m\u011b zase tak moc zastesklo, \u017ee m\u011b u\u017e pot\u0159et\u00ed v tomto m\u011bs\u00edci ct\u00edte svou n\u00e1v\u0161t\u011bvou?\u201c hr\u00e1la si Just\u00fdna na stra\u0161n\u011b p\u0159ekvapenou, kdy\u017e spat\u0159ila, kdo to ze zn\u00e1m\u00fdch vch\u00e1z\u00ed do jej\u00edch &hellip; <a href=\"https:\/\/eldar.cz\/tompatrick\/citymeans\/citymeans2\/kapitola-1-polemizovani-o-svete-cast-2\">Cel\u00fd p\u0159\u00edsp\u011bvek <span class=\"meta-nav\">&rarr;<\/span><\/a><\/p>\n","protected":false},"author":2,"featured_media":0,"comment_status":"open","ping_status":"open","sticky":false,"template":"","format":"standard","meta":{"_s2mail":"yes","footnotes":""},"categories":[3],"tags":[],"class_list":["post-126","post","type-post","status-publish","format-standard","hentry","category-citymeans2"],"_links":{"self":[{"href":"https:\/\/eldar.cz\/tompatrick\/wp-json\/wp\/v2\/posts\/126","targetHints":{"allow":["GET"]}}],"collection":[{"href":"https:\/\/eldar.cz\/tompatrick\/wp-json\/wp\/v2\/posts"}],"about":[{"href":"https:\/\/eldar.cz\/tompatrick\/wp-json\/wp\/v2\/types\/post"}],"author":[{"embeddable":true,"href":"https:\/\/eldar.cz\/tompatrick\/wp-json\/wp\/v2\/users\/2"}],"replies":[{"embeddable":true,"href":"https:\/\/eldar.cz\/tompatrick\/wp-json\/wp\/v2\/comments?post=126"}],"version-history":[{"count":10,"href":"https:\/\/eldar.cz\/tompatrick\/wp-json\/wp\/v2\/posts\/126\/revisions"}],"predecessor-version":[{"id":4358,"href":"https:\/\/eldar.cz\/tompatrick\/wp-json\/wp\/v2\/posts\/126\/revisions\/4358"}],"wp:attachment":[{"href":"https:\/\/eldar.cz\/tompatrick\/wp-json\/wp\/v2\/media?parent=126"}],"wp:term":[{"taxonomy":"category","embeddable":true,"href":"https:\/\/eldar.cz\/tompatrick\/wp-json\/wp\/v2\/categories?post=126"},{"taxonomy":"post_tag","embeddable":true,"href":"https:\/\/eldar.cz\/tompatrick\/wp-json\/wp\/v2\/tags?post=126"}],"curies":[{"name":"wp","href":"https:\/\/api.w.org\/{rel}","templated":true}]}}