{"id":1257,"date":"2015-01-19T09:00:05","date_gmt":"2015-01-19T07:00:05","guid":{"rendered":"http:\/\/eldar.cz\/tompatrick\/?p=1257"},"modified":"2013-11-08T09:38:04","modified_gmt":"2013-11-08T07:38:04","slug":"26-cerny-klavir","status":"publish","type":"post","link":"https:\/\/eldar.cz\/tompatrick\/psanec-vardy-harden\/26-cerny-klavir","title":{"rendered":"(26) \u010cern\u00fd klav\u00edr"},"content":{"rendered":"<div class=\"fcbkbttn_buttons_block\" id=\"fcbkbttn_left\"><div class=\"fcbkbttn_button\">\n                            <a href=\"https:\/\/www.facebook.com\/tom.patrick.509\" target=\"_blank\">\n                                <img decoding=\"async\" src=\"https:\/\/eldar.cz\/tompatrick\/wp-content\/plugins\/facebook-button-plugin\/images\/large-facebook-ico.png\" alt=\"Fb-Button\" \/>\n                            <\/a>\n                        <\/div><div class=\"fcbkbttn_like fcbkbttn_large_button\"><fb:like href=\"https:\/\/eldar.cz\/tompatrick\/psanec-vardy-harden\/26-cerny-klavir\" action=\"like\" colorscheme=\"light\" layout=\"standard\"  width=\"225px\" size=\"large\"><\/fb:like><\/div><div class=\"fb-share-button fcbkbttn_large_button \" data-href=\"https:\/\/eldar.cz\/tompatrick\/psanec-vardy-harden\/26-cerny-klavir\" data-type=\"button_count\" data-size=\"large\"><\/div><\/div><p>\u00a0<strong>\u010cern\u00fd klav\u00edr<\/strong><\/p>\n<p>Rann\u00ed den a s n\u00edm i slune\u010dn\u00ed z\u00e1\u0159<\/p>\n<p>Ty odhalily v d\u00e1li n\u00e1dhern\u00fd star\u00fd d\u016fm a v n\u011bm olt\u00e1\u0159<\/p>\n<p>A tam spat\u0159il jsem pak<\/p>\n<p>Jak se d\u00e1 jinak i \u017e\u00edt<\/p>\n<p>Hodiny bez v\u011b\u017e\u00ed<\/p>\n<p>Krb co neb\u011bsn\u00ed<\/p>\n<p>A d\u00e1l se jen pt\u00e1m<\/p>\n<p>Kde skon\u010dil klav\u00edrn\u00ed t\u00f3n<\/p>\n<p>Kde je sborov\u00fd ch\u00f3r<\/p>\n<p>Jak r\u00e1d<\/p>\n<p>Bych hr\u00e1l<\/p>\n<p>Jen v\u00e1m<\/p>\n<p>Ono jedin\u00e9<\/p>\n<p>+++<\/p>\n<p>Mocn\u00e9 kouzlo \u00e1ri\u00ed<\/p>\n<p>\u0160anson hodn\u00fd gr\u00e1ci\u00ed<\/p>\n<p>Co p\u0159\u00e1t si je\u0161t\u011b v\u00edc?<\/p>\n<p>Snad jen ten \u010dern\u00fd klav\u00edr<\/p>\n<p>Kdysi tady s\u00e1lem zn\u011bl<\/p>\n<p>Pak v\u0161ak n\u00e1hle on\u011bm\u011bl<\/p>\n<p>Tak na to pr\u00e1v\u011b vzpom\u00edn\u00e1m<\/p>\n<p>+++<\/p>\n<p>Ne\u0159\u00edkej, abych za n\u011bj neusedl<\/p>\n<p>Chci zahr\u00e1t aspo\u0148 jeden mocn\u00fd vz\u00e1cn\u00fd t\u00f3n<\/p>\n<p>Pak p\u0159ipsat jeden k\u0159\u00ed\u017eek do not<\/p>\n<p>Tak v\u017edy c\u00edt\u00edm vd\u011bk<\/p>\n<p>Kdy\u017e zasedne m\u016fj mocn\u00fd sv\u011bt<\/p>\n<p>Tu n\u011bkdo zatlesk\u00e1<\/p>\n<p>\u00dasm\u011bv je hned zn\u00e1t<\/p>\n<p>A j\u00e1 hraji d\u00e1l<\/p>\n<p>Dokud se nesnese tma<\/p>\n<p>A nen\u00ed \u010das ji\u017e j\u00edt<\/p>\n<p>Jak r\u00e1d<\/p>\n<p>Bych hr\u00e1l<\/p>\n<p>Jen v\u00e1m<\/p>\n<p>Zn\u00e1m\u00fd hit<\/p>\n<p>+++<\/p>\n<p>Mocn\u00e9 kouzlo \u00e1ri\u00ed<\/p>\n<p>\u0160anson hodn\u00fd gr\u00e1ci\u00ed<\/p>\n<p>Co p\u0159\u00e1t si je\u0161t\u011b v\u00edc?<\/p>\n<p>Snad jen m\u00edt \u010dern\u00fd klav\u00edr<\/p>\n<p>Kdysi tady s\u00e1lem zn\u011bl<\/p>\n<p>Pak v\u0161ak n\u00e1hle on\u011bm\u011bl<\/p>\n<p>Tak na to pr\u00e1v\u011b vzpom\u00edn\u00e1m<\/p>\n<div class=\"fcbkbttn_buttons_block\" id=\"fcbkbttn_left\"><div class=\"fcbkbttn_button\">\n                            <a href=\"https:\/\/www.facebook.com\/tom.patrick.509\" target=\"_blank\">\n                                <img decoding=\"async\" src=\"https:\/\/eldar.cz\/tompatrick\/wp-content\/plugins\/facebook-button-plugin\/images\/large-facebook-ico.png\" alt=\"Fb-Button\" \/>\n                            <\/a>\n                        <\/div><div class=\"fcbkbttn_like fcbkbttn_large_button\"><fb:like href=\"https:\/\/eldar.cz\/tompatrick\/psanec-vardy-harden\/26-cerny-klavir\" action=\"like\" colorscheme=\"light\" layout=\"standard\"  width=\"225px\" size=\"large\"><\/fb:like><\/div><div class=\"fb-share-button fcbkbttn_large_button \" data-href=\"https:\/\/eldar.cz\/tompatrick\/psanec-vardy-harden\/26-cerny-klavir\" data-type=\"button_count\" data-size=\"large\"><\/div><\/div>","protected":false},"excerpt":{"rendered":"<p>\u00a0\u010cern\u00fd klav\u00edr Rann\u00ed den a s n\u00edm i slune\u010dn\u00ed z\u00e1\u0159 Ty odhalily v d\u00e1li n\u00e1dhern\u00fd star\u00fd d\u016fm a v n\u011bm olt\u00e1\u0159 A tam spat\u0159il jsem pak Jak se d\u00e1 jinak i \u017e\u00edt Hodiny bez v\u011b\u017e\u00ed Krb co neb\u011bsn\u00ed A d\u00e1l &hellip; <a href=\"https:\/\/eldar.cz\/tompatrick\/psanec-vardy-harden\/26-cerny-klavir\">Cel\u00fd p\u0159\u00edsp\u011bvek <span class=\"meta-nav\">&rarr;<\/span><\/a><\/p>\n","protected":false},"author":2,"featured_media":0,"comment_status":"open","ping_status":"open","sticky":false,"template":"","format":"standard","meta":{"_s2mail":"yes","footnotes":""},"categories":[22],"tags":[],"class_list":["post-1257","post","type-post","status-publish","format-standard","hentry","category-psanec-vardy-harden"],"_links":{"self":[{"href":"https:\/\/eldar.cz\/tompatrick\/wp-json\/wp\/v2\/posts\/1257","targetHints":{"allow":["GET"]}}],"collection":[{"href":"https:\/\/eldar.cz\/tompatrick\/wp-json\/wp\/v2\/posts"}],"about":[{"href":"https:\/\/eldar.cz\/tompatrick\/wp-json\/wp\/v2\/types\/post"}],"author":[{"embeddable":true,"href":"https:\/\/eldar.cz\/tompatrick\/wp-json\/wp\/v2\/users\/2"}],"replies":[{"embeddable":true,"href":"https:\/\/eldar.cz\/tompatrick\/wp-json\/wp\/v2\/comments?post=1257"}],"version-history":[{"count":3,"href":"https:\/\/eldar.cz\/tompatrick\/wp-json\/wp\/v2\/posts\/1257\/revisions"}],"predecessor-version":[{"id":1260,"href":"https:\/\/eldar.cz\/tompatrick\/wp-json\/wp\/v2\/posts\/1257\/revisions\/1260"}],"wp:attachment":[{"href":"https:\/\/eldar.cz\/tompatrick\/wp-json\/wp\/v2\/media?parent=1257"}],"wp:term":[{"taxonomy":"category","embeddable":true,"href":"https:\/\/eldar.cz\/tompatrick\/wp-json\/wp\/v2\/categories?post=1257"},{"taxonomy":"post_tag","embeddable":true,"href":"https:\/\/eldar.cz\/tompatrick\/wp-json\/wp\/v2\/tags?post=1257"}],"curies":[{"name":"wp","href":"https:\/\/api.w.org\/{rel}","templated":true}]}}