{"id":1246,"date":"2014-12-29T09:00:46","date_gmt":"2014-12-29T07:00:46","guid":{"rendered":"http:\/\/eldar.cz\/tompatrick\/?p=1246"},"modified":"2013-11-01T07:54:30","modified_gmt":"2013-11-01T05:54:30","slug":"23-nadherny-zivot-v-horach","status":"publish","type":"post","link":"https:\/\/eldar.cz\/tompatrick\/psanec-vardy-harden\/23-nadherny-zivot-v-horach","title":{"rendered":"(23) N\u00e1dhern\u00fd \u017eivot v hor\u00e1ch"},"content":{"rendered":"<div class=\"fcbkbttn_buttons_block\" id=\"fcbkbttn_left\"><div class=\"fcbkbttn_button\">\n                            <a href=\"https:\/\/www.facebook.com\/tom.patrick.509\" target=\"_blank\">\n                                <img decoding=\"async\" src=\"https:\/\/eldar.cz\/tompatrick\/wp-content\/plugins\/facebook-button-plugin\/images\/large-facebook-ico.png\" alt=\"Fb-Button\" \/>\n                            <\/a>\n                        <\/div><div class=\"fcbkbttn_like fcbkbttn_large_button\"><fb:like href=\"https:\/\/eldar.cz\/tompatrick\/psanec-vardy-harden\/23-nadherny-zivot-v-horach\" action=\"like\" colorscheme=\"light\" layout=\"standard\"  width=\"225px\" size=\"large\"><\/fb:like><\/div><div class=\"fb-share-button fcbkbttn_large_button \" data-href=\"https:\/\/eldar.cz\/tompatrick\/psanec-vardy-harden\/23-nadherny-zivot-v-horach\" data-type=\"button_count\" data-size=\"large\"><\/div><\/div><p><strong>N\u00e1dhern\u00fd \u017eivot v hor\u00e1ch <\/strong><\/p>\n<p>Kde jen jsou p\u0159\u00e1tel\u00e9<\/p>\n<p>Zn\u00e1mosti let\u00e9<\/p>\n<p>Kolik je jim let<\/p>\n<p>Kde je ten \u010das<\/p>\n<p>Kdy jsem obehr\u00e1l<\/p>\n<p>Bratra v t\u00e9\u017ee h\u0159e<\/p>\n<p>A skon\u010dili u p\u0159e<\/p>\n<p>Vst\u00e1val s nad\u011bj\u00ed<\/p>\n<p>\u017de rosa opadne<\/p>\n<p>Pak jedl kol\u00e1\u010d s rann\u00ed k\u00e1vou<\/p>\n<p>+++<\/p>\n<p>refr\u00e9n:<\/p>\n<p>Tak to je m\u016fj n\u00e1dhern\u00fd \u017eivot v hor\u00e1ch<\/p>\n<p>Co v\u00edc si p\u0159\u00e1t<\/p>\n<p>Snad jen zas sn\u00edt sv\u00e9 vzpom\u00ednky v tajn\u00fdch nor\u00e1ch<\/p>\n<p>+++<\/p>\n<p>Otcova tv\u00e1\u0159, mat\u010din polibek<\/p>\n<p>Mn\u011b daly s\u00edlu<\/p>\n<p>Kdy\u017e jsem poho\u0159el<\/p>\n<p>J\u00e1 byl i ten<\/p>\n<p>Kdo poznat sm\u011bl<\/p>\n<p>Jak chutn\u00e1 \u0161t\u011bst\u00ed<\/p>\n<p>Kdy\u017e dva se obejmou<\/p>\n<p>Z\u016fstala se mnou<\/p>\n<p>V dobr\u00e9m i ve zl\u00e9m<\/p>\n<p>Miluji d\u00e1l onu jednou<\/p>\n<p>+++<\/p>\n<p>Te\u010f v\u011b\u0159\u00edm jen v p\u0159\u00e1n\u00ed jedin\u00e9<\/p>\n<p>\u017de budu d\u00e1l \u017e\u00edt s t\u011bmi co m\u00e1m r\u00e1d<\/p>\n<p>Kdy\u017e ne t\u00edm sp\u00ed\u0161<\/p>\n<p>Pohl\u00e9dnu do nebes<\/p>\n<p>S prosbou rad lidsk\u00fdch du\u0161\u00ed<\/p>\n<div class=\"fcbkbttn_buttons_block\" id=\"fcbkbttn_left\"><div class=\"fcbkbttn_button\">\n                            <a href=\"https:\/\/www.facebook.com\/tom.patrick.509\" target=\"_blank\">\n                                <img decoding=\"async\" src=\"https:\/\/eldar.cz\/tompatrick\/wp-content\/plugins\/facebook-button-plugin\/images\/large-facebook-ico.png\" alt=\"Fb-Button\" \/>\n                            <\/a>\n                        <\/div><div class=\"fcbkbttn_like fcbkbttn_large_button\"><fb:like href=\"https:\/\/eldar.cz\/tompatrick\/psanec-vardy-harden\/23-nadherny-zivot-v-horach\" action=\"like\" colorscheme=\"light\" layout=\"standard\"  width=\"225px\" size=\"large\"><\/fb:like><\/div><div class=\"fb-share-button fcbkbttn_large_button \" data-href=\"https:\/\/eldar.cz\/tompatrick\/psanec-vardy-harden\/23-nadherny-zivot-v-horach\" data-type=\"button_count\" data-size=\"large\"><\/div><\/div>","protected":false},"excerpt":{"rendered":"<p>N\u00e1dhern\u00fd \u017eivot v hor\u00e1ch Kde jen jsou p\u0159\u00e1tel\u00e9 Zn\u00e1mosti let\u00e9 Kolik je jim let Kde je ten \u010das Kdy jsem obehr\u00e1l Bratra v t\u00e9\u017ee h\u0159e A skon\u010dili u p\u0159e Vst\u00e1val s nad\u011bj\u00ed \u017de rosa opadne Pak jedl kol\u00e1\u010d s rann\u00ed &hellip; <a href=\"https:\/\/eldar.cz\/tompatrick\/psanec-vardy-harden\/23-nadherny-zivot-v-horach\">Cel\u00fd p\u0159\u00edsp\u011bvek <span class=\"meta-nav\">&rarr;<\/span><\/a><\/p>\n","protected":false},"author":2,"featured_media":0,"comment_status":"open","ping_status":"open","sticky":false,"template":"","format":"standard","meta":{"_s2mail":"yes","footnotes":""},"categories":[22],"tags":[],"class_list":["post-1246","post","type-post","status-publish","format-standard","hentry","category-psanec-vardy-harden"],"_links":{"self":[{"href":"https:\/\/eldar.cz\/tompatrick\/wp-json\/wp\/v2\/posts\/1246","targetHints":{"allow":["GET"]}}],"collection":[{"href":"https:\/\/eldar.cz\/tompatrick\/wp-json\/wp\/v2\/posts"}],"about":[{"href":"https:\/\/eldar.cz\/tompatrick\/wp-json\/wp\/v2\/types\/post"}],"author":[{"embeddable":true,"href":"https:\/\/eldar.cz\/tompatrick\/wp-json\/wp\/v2\/users\/2"}],"replies":[{"embeddable":true,"href":"https:\/\/eldar.cz\/tompatrick\/wp-json\/wp\/v2\/comments?post=1246"}],"version-history":[{"count":2,"href":"https:\/\/eldar.cz\/tompatrick\/wp-json\/wp\/v2\/posts\/1246\/revisions"}],"predecessor-version":[{"id":1248,"href":"https:\/\/eldar.cz\/tompatrick\/wp-json\/wp\/v2\/posts\/1246\/revisions\/1248"}],"wp:attachment":[{"href":"https:\/\/eldar.cz\/tompatrick\/wp-json\/wp\/v2\/media?parent=1246"}],"wp:term":[{"taxonomy":"category","embeddable":true,"href":"https:\/\/eldar.cz\/tompatrick\/wp-json\/wp\/v2\/categories?post=1246"},{"taxonomy":"post_tag","embeddable":true,"href":"https:\/\/eldar.cz\/tompatrick\/wp-json\/wp\/v2\/tags?post=1246"}],"curies":[{"name":"wp","href":"https:\/\/api.w.org\/{rel}","templated":true}]}}