{"id":1234,"date":"2014-12-01T09:00:34","date_gmt":"2014-12-01T07:00:34","guid":{"rendered":"http:\/\/eldar.cz\/tompatrick\/?p=1234"},"modified":"2013-11-01T07:27:29","modified_gmt":"2013-11-01T05:27:29","slug":"19-vazna-tvar","status":"publish","type":"post","link":"https:\/\/eldar.cz\/tompatrick\/psanec-vardy-harden\/19-vazna-tvar","title":{"rendered":"(19) V\u00e1\u017en\u00e1 tv\u00e1\u0159"},"content":{"rendered":"<div class=\"fcbkbttn_buttons_block\" id=\"fcbkbttn_left\"><div class=\"fcbkbttn_button\">\n                            <a href=\"https:\/\/www.facebook.com\/tom.patrick.509\" target=\"_blank\">\n                                <img decoding=\"async\" src=\"https:\/\/eldar.cz\/tompatrick\/wp-content\/plugins\/facebook-button-plugin\/images\/large-facebook-ico.png\" alt=\"Fb-Button\" \/>\n                            <\/a>\n                        <\/div><div class=\"fcbkbttn_like fcbkbttn_large_button\"><fb:like href=\"https:\/\/eldar.cz\/tompatrick\/psanec-vardy-harden\/19-vazna-tvar\" action=\"like\" colorscheme=\"light\" layout=\"standard\"  width=\"225px\" size=\"large\"><\/fb:like><\/div><div class=\"fb-share-button fcbkbttn_large_button \" data-href=\"https:\/\/eldar.cz\/tompatrick\/psanec-vardy-harden\/19-vazna-tvar\" data-type=\"button_count\" data-size=\"large\"><\/div><\/div><p>\u00a0<strong>V\u00e1\u017en\u00e1 tv\u00e1\u0159 <\/strong><\/p>\n<p>\u00a0O\u010di j\u00ed povadnou<\/p>\n<p>Dlan\u011b na\u0161ich rukou se st\u0159etnou<\/p>\n<p>M\u00e1 v\u00e1\u017en\u00e1 tv\u00e1\u0159 pol\u00edb\u00ed druhou<\/p>\n<p>Spinkej moje mali\u010dk\u00e1<\/p>\n<p>Tak j\u00ed poka\u017ed\u00e9 konej\u0161\u00edv\u00e1<\/p>\n<p>M\u00e1 v\u00e1\u017en\u00e1 tv\u00e1\u0159, ne\u017e vyd\u00e1 se v d\u00e1l<\/p>\n<p>Kde s\u00eddl\u00ed kapit\u00e1n<\/p>\n<p>S n\u00edm i kapr\u00e1l<\/p>\n<p>Dva v\u011brn\u00ed sn\u00edlkov\u00e9<\/p>\n<p>+++<\/p>\n<p>refr\u00e9n:<\/p>\n<p>V\u00e1\u017en\u00e1 tv\u00e1\u0159<\/p>\n<p>Vy dva spojeni d\u00e1lkou<\/p>\n<p>V\u00e1h\u00e1\u0161<\/p>\n<p>To kdy\u017e jsi opu\u0161t\u011bn l\u00e1skou<\/p>\n<p>V\u00e1\u017en\u00e1 tv\u00e1\u0159<\/p>\n<p>Tv\u016fj krok do temnot pr\u00e1zdna<\/p>\n<p>V\u00e1h\u00e1\u0161<\/p>\n<p>Kdy\u017e jsi na cest\u00e1ch<\/p>\n<p>+++<\/p>\n<p>St\u00edny \u010de\u0159\u00ed oblohu<\/p>\n<p>Ty jde\u0161 jen tak po b\u0159ehu<\/p>\n<p>Tv\u00e1 v\u00e1\u017en\u00e1 tv\u00e1\u0159 chce zase dom\u016f<\/p>\n<p>S osudem si zahr\u00e1v\u00e1\u0161<\/p>\n<p>Smutkem op\u011bt trp\u00ed du\u0161e tv\u00e1<\/p>\n<p>A v\u00e1\u017en\u00e1 tv\u00e1\u0159 je ustaran\u00e1<\/p>\n<p>Na\u010d jsou ti z\u00e1lety<\/p>\n<p>Kdy\u017e kdesi v d\u00e1li<\/p>\n<p>\u010cek\u00e1 t\u011b ta jedin\u00e1<\/p>\n<div class=\"fcbkbttn_buttons_block\" id=\"fcbkbttn_left\"><div class=\"fcbkbttn_button\">\n                            <a href=\"https:\/\/www.facebook.com\/tom.patrick.509\" target=\"_blank\">\n                                <img decoding=\"async\" src=\"https:\/\/eldar.cz\/tompatrick\/wp-content\/plugins\/facebook-button-plugin\/images\/large-facebook-ico.png\" alt=\"Fb-Button\" \/>\n                            <\/a>\n                        <\/div><div class=\"fcbkbttn_like fcbkbttn_large_button\"><fb:like href=\"https:\/\/eldar.cz\/tompatrick\/psanec-vardy-harden\/19-vazna-tvar\" action=\"like\" colorscheme=\"light\" layout=\"standard\"  width=\"225px\" size=\"large\"><\/fb:like><\/div><div class=\"fb-share-button fcbkbttn_large_button \" data-href=\"https:\/\/eldar.cz\/tompatrick\/psanec-vardy-harden\/19-vazna-tvar\" data-type=\"button_count\" data-size=\"large\"><\/div><\/div>","protected":false},"excerpt":{"rendered":"<p>\u00a0V\u00e1\u017en\u00e1 tv\u00e1\u0159 \u00a0O\u010di j\u00ed povadnou Dlan\u011b na\u0161ich rukou se st\u0159etnou M\u00e1 v\u00e1\u017en\u00e1 tv\u00e1\u0159 pol\u00edb\u00ed druhou Spinkej moje mali\u010dk\u00e1 Tak j\u00ed poka\u017ed\u00e9 konej\u0161\u00edv\u00e1 M\u00e1 v\u00e1\u017en\u00e1 tv\u00e1\u0159, ne\u017e vyd\u00e1 se v d\u00e1l Kde s\u00eddl\u00ed kapit\u00e1n S n\u00edm i kapr\u00e1l Dva v\u011brn\u00ed sn\u00edlkov\u00e9 &hellip; <a href=\"https:\/\/eldar.cz\/tompatrick\/psanec-vardy-harden\/19-vazna-tvar\">Cel\u00fd p\u0159\u00edsp\u011bvek <span class=\"meta-nav\">&rarr;<\/span><\/a><\/p>\n","protected":false},"author":2,"featured_media":0,"comment_status":"open","ping_status":"open","sticky":false,"template":"","format":"standard","meta":{"_s2mail":"yes","footnotes":""},"categories":[22],"tags":[],"class_list":["post-1234","post","type-post","status-publish","format-standard","hentry","category-psanec-vardy-harden"],"_links":{"self":[{"href":"https:\/\/eldar.cz\/tompatrick\/wp-json\/wp\/v2\/posts\/1234","targetHints":{"allow":["GET"]}}],"collection":[{"href":"https:\/\/eldar.cz\/tompatrick\/wp-json\/wp\/v2\/posts"}],"about":[{"href":"https:\/\/eldar.cz\/tompatrick\/wp-json\/wp\/v2\/types\/post"}],"author":[{"embeddable":true,"href":"https:\/\/eldar.cz\/tompatrick\/wp-json\/wp\/v2\/users\/2"}],"replies":[{"embeddable":true,"href":"https:\/\/eldar.cz\/tompatrick\/wp-json\/wp\/v2\/comments?post=1234"}],"version-history":[{"count":2,"href":"https:\/\/eldar.cz\/tompatrick\/wp-json\/wp\/v2\/posts\/1234\/revisions"}],"predecessor-version":[{"id":1236,"href":"https:\/\/eldar.cz\/tompatrick\/wp-json\/wp\/v2\/posts\/1234\/revisions\/1236"}],"wp:attachment":[{"href":"https:\/\/eldar.cz\/tompatrick\/wp-json\/wp\/v2\/media?parent=1234"}],"wp:term":[{"taxonomy":"category","embeddable":true,"href":"https:\/\/eldar.cz\/tompatrick\/wp-json\/wp\/v2\/categories?post=1234"},{"taxonomy":"post_tag","embeddable":true,"href":"https:\/\/eldar.cz\/tompatrick\/wp-json\/wp\/v2\/tags?post=1234"}],"curies":[{"name":"wp","href":"https:\/\/api.w.org\/{rel}","templated":true}]}}