{"id":1230,"date":"2014-11-24T09:00:04","date_gmt":"2014-11-24T07:00:04","guid":{"rendered":"http:\/\/eldar.cz\/tompatrick\/?p=1230"},"modified":"2013-10-25T10:32:31","modified_gmt":"2013-10-25T08:32:31","slug":"18-to-je-hrich","status":"publish","type":"post","link":"https:\/\/eldar.cz\/tompatrick\/psanec-vardy-harden\/18-to-je-hrich","title":{"rendered":"(18) To je h\u0159\u00edch"},"content":{"rendered":"<div class=\"fcbkbttn_buttons_block\" id=\"fcbkbttn_left\"><div class=\"fcbkbttn_button\">\n                            <a href=\"https:\/\/www.facebook.com\/tom.patrick.509\" target=\"_blank\">\n                                <img decoding=\"async\" src=\"https:\/\/eldar.cz\/tompatrick\/wp-content\/plugins\/facebook-button-plugin\/images\/large-facebook-ico.png\" alt=\"Fb-Button\" \/>\n                            <\/a>\n                        <\/div><div class=\"fcbkbttn_like fcbkbttn_large_button\"><fb:like href=\"https:\/\/eldar.cz\/tompatrick\/psanec-vardy-harden\/18-to-je-hrich\" action=\"like\" colorscheme=\"light\" layout=\"standard\"  width=\"225px\" size=\"large\"><\/fb:like><\/div><div class=\"fb-share-button fcbkbttn_large_button \" data-href=\"https:\/\/eldar.cz\/tompatrick\/psanec-vardy-harden\/18-to-je-hrich\" data-type=\"button_count\" data-size=\"large\"><\/div><\/div><p>\u00a0<strong>To je h\u0159\u00edch <\/strong><\/p>\n<p>\u00a0U\u017e mnoho let si vy\u010d\u00edt\u00e1m<\/p>\n<p>\u017de nem\u00e1m pro koho bych \u017eil<\/p>\n<p>A st\u00e1le douf\u00e1m jen v omyl<\/p>\n<p>O n\u011bco se pokus\u00edm<\/p>\n<p>V u\u0161\u00edch mi r\u00e1zn\u011b odezn\u00ed<\/p>\n<p>V\u017edy to sl\u016fvko procesn\u00ed<\/p>\n<p>Nesu\u010f druh\u00e9 kdy\u017e jsi zh\u0159e\u0161il<\/p>\n<p>Sma\u017e sv\u016fj h\u0159\u00edch<\/p>\n<p>A\u0165 le\u017e\u00edm v modlitb\u00e1ch<\/p>\n<p>Obdaruji druh\u00e9<\/p>\n<p>A\u0165 ud\u011bl\u00e1m cokoli<\/p>\n<p>Sly\u0161\u00edm krut\u00e9<\/p>\n<p>Je to h\u0159\u00edch<\/p>\n<p>+++<\/p>\n<p>A\u017e jednou \u0159\u00e1d se osm\u011bl\u00ed<\/p>\n<p>Oddanost mou ocen\u00ed<\/p>\n<p>Pak zahrne m\u011b ct\u00ed<\/p>\n<p>Zat\u00edm se zpov\u00edd\u00e1m Bohu<\/p>\n<p>A hled\u00e1m u n\u011bj oporu<\/p>\n<p>V\u017edy kdy\u017e si vzpomenu (na)<\/p>\n<p>Nesu\u010f druh\u00e9 kdy\u017e jsi zh\u0159e\u0161il<\/p>\n<p>Sma\u017e sv\u016fj h\u0159\u00edch<\/p>\n<p>A\u0165 le\u017e\u00edm v modlitb\u00e1ch<\/p>\n<p>Obdaruji druh\u00e9<\/p>\n<p>A\u0165 ud\u011bl\u00e1m cokoli<\/p>\n<p>Sly\u0161\u00edm krut\u00e9<\/p>\n<p>Je to h\u0159\u00edch<\/p>\n<p>+++<\/p>\n<p>Kdo rozum\u00ed m\u00e9<\/p>\n<p>Ztr\u00e1pen\u00e9 du\u0161i<\/p>\n<p>A vysv\u011btl\u00ed i<\/p>\n<p>Co j\u00ed p\u0159\u00edslu\u0161\u00ed<\/p>\n<p>Jak pr\u00e1vo ct\u00edt<\/p>\n<p>A druh\u00fdm zazl\u00edvat<\/p>\n<p>\u017de jsem ji\u017e t\u00edm<\/p>\n<p>Kdo se nau\u010dil sv\u016fj h\u0159\u00edch od\u0159\u00edkat<\/p>\n<div class=\"fcbkbttn_buttons_block\" id=\"fcbkbttn_left\"><div class=\"fcbkbttn_button\">\n                            <a href=\"https:\/\/www.facebook.com\/tom.patrick.509\" target=\"_blank\">\n                                <img decoding=\"async\" src=\"https:\/\/eldar.cz\/tompatrick\/wp-content\/plugins\/facebook-button-plugin\/images\/large-facebook-ico.png\" alt=\"Fb-Button\" \/>\n                            <\/a>\n                        <\/div><div class=\"fcbkbttn_like fcbkbttn_large_button\"><fb:like href=\"https:\/\/eldar.cz\/tompatrick\/psanec-vardy-harden\/18-to-je-hrich\" action=\"like\" colorscheme=\"light\" layout=\"standard\"  width=\"225px\" size=\"large\"><\/fb:like><\/div><div class=\"fb-share-button fcbkbttn_large_button \" data-href=\"https:\/\/eldar.cz\/tompatrick\/psanec-vardy-harden\/18-to-je-hrich\" data-type=\"button_count\" data-size=\"large\"><\/div><\/div>","protected":false},"excerpt":{"rendered":"<p>\u00a0To je h\u0159\u00edch \u00a0U\u017e mnoho let si vy\u010d\u00edt\u00e1m \u017de nem\u00e1m pro koho bych \u017eil A st\u00e1le douf\u00e1m jen v omyl O n\u011bco se pokus\u00edm V u\u0161\u00edch mi r\u00e1zn\u011b odezn\u00ed V\u017edy to sl\u016fvko procesn\u00ed Nesu\u010f druh\u00e9 kdy\u017e jsi zh\u0159e\u0161il Sma\u017e sv\u016fj &hellip; <a href=\"https:\/\/eldar.cz\/tompatrick\/psanec-vardy-harden\/18-to-je-hrich\">Cel\u00fd p\u0159\u00edsp\u011bvek <span class=\"meta-nav\">&rarr;<\/span><\/a><\/p>\n","protected":false},"author":2,"featured_media":0,"comment_status":"open","ping_status":"open","sticky":false,"template":"","format":"standard","meta":{"_s2mail":"yes","footnotes":""},"categories":[22],"tags":[],"class_list":["post-1230","post","type-post","status-publish","format-standard","hentry","category-psanec-vardy-harden"],"_links":{"self":[{"href":"https:\/\/eldar.cz\/tompatrick\/wp-json\/wp\/v2\/posts\/1230","targetHints":{"allow":["GET"]}}],"collection":[{"href":"https:\/\/eldar.cz\/tompatrick\/wp-json\/wp\/v2\/posts"}],"about":[{"href":"https:\/\/eldar.cz\/tompatrick\/wp-json\/wp\/v2\/types\/post"}],"author":[{"embeddable":true,"href":"https:\/\/eldar.cz\/tompatrick\/wp-json\/wp\/v2\/users\/2"}],"replies":[{"embeddable":true,"href":"https:\/\/eldar.cz\/tompatrick\/wp-json\/wp\/v2\/comments?post=1230"}],"version-history":[{"count":3,"href":"https:\/\/eldar.cz\/tompatrick\/wp-json\/wp\/v2\/posts\/1230\/revisions"}],"predecessor-version":[{"id":1233,"href":"https:\/\/eldar.cz\/tompatrick\/wp-json\/wp\/v2\/posts\/1230\/revisions\/1233"}],"wp:attachment":[{"href":"https:\/\/eldar.cz\/tompatrick\/wp-json\/wp\/v2\/media?parent=1230"}],"wp:term":[{"taxonomy":"category","embeddable":true,"href":"https:\/\/eldar.cz\/tompatrick\/wp-json\/wp\/v2\/categories?post=1230"},{"taxonomy":"post_tag","embeddable":true,"href":"https:\/\/eldar.cz\/tompatrick\/wp-json\/wp\/v2\/tags?post=1230"}],"curies":[{"name":"wp","href":"https:\/\/api.w.org\/{rel}","templated":true}]}}