{"id":1227,"date":"2014-11-17T09:00:40","date_gmt":"2014-11-17T07:00:40","guid":{"rendered":"http:\/\/eldar.cz\/tompatrick\/?p=1227"},"modified":"2013-10-25T10:25:28","modified_gmt":"2013-10-25T08:25:28","slug":"17-stastny-zivot","status":"publish","type":"post","link":"https:\/\/eldar.cz\/tompatrick\/psanec-vardy-harden\/17-stastny-zivot","title":{"rendered":"(17) \u0160\u0165astn\u00fd \u017eivot"},"content":{"rendered":"<div class=\"fcbkbttn_buttons_block\" id=\"fcbkbttn_left\"><div class=\"fcbkbttn_button\">\n                            <a href=\"https:\/\/www.facebook.com\/tom.patrick.509\" target=\"_blank\">\n                                <img decoding=\"async\" src=\"https:\/\/eldar.cz\/tompatrick\/wp-content\/plugins\/facebook-button-plugin\/images\/large-facebook-ico.png\" alt=\"Fb-Button\" \/>\n                            <\/a>\n                        <\/div><div class=\"fcbkbttn_like fcbkbttn_large_button\"><fb:like href=\"https:\/\/eldar.cz\/tompatrick\/psanec-vardy-harden\/17-stastny-zivot\" action=\"like\" colorscheme=\"light\" layout=\"standard\"  width=\"225px\" size=\"large\"><\/fb:like><\/div><div class=\"fb-share-button fcbkbttn_large_button \" data-href=\"https:\/\/eldar.cz\/tompatrick\/psanec-vardy-harden\/17-stastny-zivot\" data-type=\"button_count\" data-size=\"large\"><\/div><\/div><p>\u00a0<strong>\u0160\u0165astn\u00fd \u017eivot <\/strong><\/p>\n<p>\u00a0My v\u00edme jak se \u0161\u0165astn\u011b \u017e\u00edt d\u00e1<\/p>\n<p>Vysly\u0161te pros\u00edm n\u00e1s<\/p>\n<p>Sta\u010d\u00ed jen spr\u00e1vnou cestou se d\u00e1t<\/p>\n<p>B\u00fdt sam\u00fd \u0161p\u00e1s<\/p>\n<p>Kdy\u017e n\u011bkdo st\u00e1le st\u00fdsk\u00e1 si zas<\/p>\n<p>A\u0165 zvedne telefon<\/p>\n<p>A vyto\u010d\u00ed zn\u00e1m\u00fd hlas<\/p>\n<p>A hned usly\u0161\u00ed<\/p>\n<p>+++<\/p>\n<p>P\u0159ij\u010f mezi n\u00e1s<\/p>\n<p>Pro\u017eij prima den<\/p>\n<p>P\u00e1r p\u0159\u00e1tel m\u00e1\u0161<\/p>\n<p>Kdy\u017e v\u011bnuje\u0161 n\u00e1m trochu sv\u00e9ho j\u00e1<\/p>\n<p>Trochu toho sv\u00e9ho n\u00e1m<\/p>\n<p>+++<\/p>\n<p>Kdy\u017e n\u011bkdo st\u00e1le st\u00fdsk\u00e1 si zas<\/p>\n<p>A m\u00edj\u00ed mnoho cest<\/p>\n<p>A v mysli smutn\u011b rozeb\u00edr\u00e1<\/p>\n<p>Co nelze vr\u00e1tit zp\u011bt<\/p>\n<p>Tak je tu pro n\u011bj rada jist\u00e1<\/p>\n<p>A\u0165 zvedne telefon<\/p>\n<p>A vyto\u010d\u00ed \u010d\u00edsla m\u00edstn\u00e1<\/p>\n<p>A hned usly\u0161\u00ed<\/p>\n<p>+++<\/p>\n<p>P\u0159ij\u010f mezi n\u00e1s<\/p>\n<p>Pro\u017eij prima den<\/p>\n<p>P\u00e1r p\u0159\u00e1tel m\u00e1\u0161<\/p>\n<p>Kdy\u017e v\u011bnuje\u0161 n\u00e1m trochu sv\u00e9ho j\u00e1<\/p>\n<p>Trochu toho sv\u00e9ho<\/p>\n<p>+++<\/p>\n<p>Ozvi se zas<\/p>\n<p>Nezapome\u0148<\/p>\n<p>V\u017edy cenu m\u00e1<\/p>\n<p>Kdy\u017e v\u011bnuje\u0161 trochu toho sv\u00e9ho j\u00e1<\/p>\n<p>Trochu toho sv\u00e9ho n\u00e1m<\/p>\n<div class=\"fcbkbttn_buttons_block\" id=\"fcbkbttn_left\"><div class=\"fcbkbttn_button\">\n                            <a href=\"https:\/\/www.facebook.com\/tom.patrick.509\" target=\"_blank\">\n                                <img decoding=\"async\" src=\"https:\/\/eldar.cz\/tompatrick\/wp-content\/plugins\/facebook-button-plugin\/images\/large-facebook-ico.png\" alt=\"Fb-Button\" \/>\n                            <\/a>\n                        <\/div><div class=\"fcbkbttn_like fcbkbttn_large_button\"><fb:like href=\"https:\/\/eldar.cz\/tompatrick\/psanec-vardy-harden\/17-stastny-zivot\" action=\"like\" colorscheme=\"light\" layout=\"standard\"  width=\"225px\" size=\"large\"><\/fb:like><\/div><div class=\"fb-share-button fcbkbttn_large_button \" data-href=\"https:\/\/eldar.cz\/tompatrick\/psanec-vardy-harden\/17-stastny-zivot\" data-type=\"button_count\" data-size=\"large\"><\/div><\/div>","protected":false},"excerpt":{"rendered":"<p>\u00a0\u0160\u0165astn\u00fd \u017eivot \u00a0My v\u00edme jak se \u0161\u0165astn\u011b \u017e\u00edt d\u00e1 Vysly\u0161te pros\u00edm n\u00e1s Sta\u010d\u00ed jen spr\u00e1vnou cestou se d\u00e1t B\u00fdt sam\u00fd \u0161p\u00e1s Kdy\u017e n\u011bkdo st\u00e1le st\u00fdsk\u00e1 si zas A\u0165 zvedne telefon A vyto\u010d\u00ed zn\u00e1m\u00fd hlas A hned usly\u0161\u00ed +++ P\u0159ij\u010f mezi &hellip; <a href=\"https:\/\/eldar.cz\/tompatrick\/psanec-vardy-harden\/17-stastny-zivot\">Cel\u00fd p\u0159\u00edsp\u011bvek <span class=\"meta-nav\">&rarr;<\/span><\/a><\/p>\n","protected":false},"author":2,"featured_media":0,"comment_status":"open","ping_status":"open","sticky":false,"template":"","format":"standard","meta":{"_s2mail":"yes","footnotes":""},"categories":[22],"tags":[],"class_list":["post-1227","post","type-post","status-publish","format-standard","hentry","category-psanec-vardy-harden"],"_links":{"self":[{"href":"https:\/\/eldar.cz\/tompatrick\/wp-json\/wp\/v2\/posts\/1227","targetHints":{"allow":["GET"]}}],"collection":[{"href":"https:\/\/eldar.cz\/tompatrick\/wp-json\/wp\/v2\/posts"}],"about":[{"href":"https:\/\/eldar.cz\/tompatrick\/wp-json\/wp\/v2\/types\/post"}],"author":[{"embeddable":true,"href":"https:\/\/eldar.cz\/tompatrick\/wp-json\/wp\/v2\/users\/2"}],"replies":[{"embeddable":true,"href":"https:\/\/eldar.cz\/tompatrick\/wp-json\/wp\/v2\/comments?post=1227"}],"version-history":[{"count":2,"href":"https:\/\/eldar.cz\/tompatrick\/wp-json\/wp\/v2\/posts\/1227\/revisions"}],"predecessor-version":[{"id":1229,"href":"https:\/\/eldar.cz\/tompatrick\/wp-json\/wp\/v2\/posts\/1227\/revisions\/1229"}],"wp:attachment":[{"href":"https:\/\/eldar.cz\/tompatrick\/wp-json\/wp\/v2\/media?parent=1227"}],"wp:term":[{"taxonomy":"category","embeddable":true,"href":"https:\/\/eldar.cz\/tompatrick\/wp-json\/wp\/v2\/categories?post=1227"},{"taxonomy":"post_tag","embeddable":true,"href":"https:\/\/eldar.cz\/tompatrick\/wp-json\/wp\/v2\/tags?post=1227"}],"curies":[{"name":"wp","href":"https:\/\/api.w.org\/{rel}","templated":true}]}}