{"id":1195,"date":"2014-09-22T09:00:48","date_gmt":"2014-09-22T07:00:48","guid":{"rendered":"http:\/\/eldar.cz\/tompatrick\/?p=1195"},"modified":"2013-10-11T11:03:51","modified_gmt":"2013-10-11T09:03:51","slug":"09-joachim","status":"publish","type":"post","link":"https:\/\/eldar.cz\/tompatrick\/psanec-vardy-harden\/09-joachim","title":{"rendered":"(9) Joachim"},"content":{"rendered":"<div class=\"fcbkbttn_buttons_block\" id=\"fcbkbttn_left\"><div class=\"fcbkbttn_button\">\n                            <a href=\"https:\/\/www.facebook.com\/tom.patrick.509\" target=\"_blank\">\n                                <img decoding=\"async\" src=\"https:\/\/eldar.cz\/tompatrick\/wp-content\/plugins\/facebook-button-plugin\/images\/large-facebook-ico.png\" alt=\"Fb-Button\" \/>\n                            <\/a>\n                        <\/div><div class=\"fcbkbttn_like fcbkbttn_large_button\"><fb:like href=\"https:\/\/eldar.cz\/tompatrick\/psanec-vardy-harden\/09-joachim\" action=\"like\" colorscheme=\"light\" layout=\"standard\"  width=\"225px\" size=\"large\"><\/fb:like><\/div><div class=\"fb-share-button fcbkbttn_large_button \" data-href=\"https:\/\/eldar.cz\/tompatrick\/psanec-vardy-harden\/09-joachim\" data-type=\"button_count\" data-size=\"large\"><\/div><\/div><p>\u00a0<strong>Joachim <\/strong><\/p>\n<p>\u00a0Jan p\u0159eb\u00fdv\u00e1<\/p>\n<p>Ji\u017e rok ve sv\u00e9 cele<\/p>\n<p>Nad \u010d\u00edm p\u0159em\u00edt\u00e1?<\/p>\n<p>Kdy\u017e spat\u0159\u00ed o\u010di \u010dern\u00e9<\/p>\n<p>V\u017edy v\u00e1h\u00e1<\/p>\n<p>J\u00e1 t\u00e9\u017e<\/p>\n<p>On zkusil velmi moc<\/p>\n<p>Kdy\u017e ho stihla ona le\u017e<\/p>\n<p>+++<\/p>\n<p>Joachim p\u00e1tr\u00e1<\/p>\n<p>Po p\u0159\u00ed\u010din\u00e1ch ne\u0161t\u011bst\u00ed<\/p>\n<p>Z Jana s\u00e1l\u00e1<\/p>\n<p>Mdl\u00e9 co kdo v\u00ed<\/p>\n<p>Joachim v\u00e1h\u00e1<\/p>\n<p>Jan jen rukou pohod\u00ed, pohod\u00ed<\/p>\n<p>+++<\/p>\n<p>Probl\u00e9m p\u0159etrv\u00e1v\u00e1<\/p>\n<p>Kdy\u017e m\u00e9 \u010dern\u00e9 o\u010di spat\u0159\u00ed<\/p>\n<p>Jak tam setrv\u00e1v\u00e1<\/p>\n<p>Jan s my\u0161kou a k\u0159i\u010d\u00ed<\/p>\n<p>Ta jedin\u00e1<\/p>\n<p>Rozum\u00ed<\/p>\n<p>Jeho tr\u00e1pen\u00ed<\/p>\n<p>Ve stra\u0161n\u00e9m z\u00e1zem\u00ed<\/p>\n<p>+++<\/p>\n<p>Joachim \u017e\u00e1d\u00e1<\/p>\n<p>O dal\u0161\u00ed sly\u0161en\u00ed<\/p>\n<p>S Janem se op\u011bt v\u00edd\u00e1<\/p>\n<p>Ten mu v\u0161ak nev\u011b\u0159\u00ed<\/p>\n<p>My\u0161ka neboh\u00e1<\/p>\n<p>Klid\u00ed se \u00fastran\u00edm<\/p>\n<p>Jan ji vol\u00e1<\/p>\n<p>Trp\u00ed \u00faskal\u00edm, \u00faskal\u00edm<\/p>\n<p>+++<\/p>\n<p><em>(Jan k Joachimovi promlouv\u00e1 tich\u00fdm hlasem)<\/em><\/p>\n<p>Pros\u00edm, nech m\u011b j\u00edt<\/p>\n<p>J\u00e1 chci v klidu \u017e\u00edt<\/p>\n<p>+++<\/p>\n<p>Co to \u0159\u00edk\u00e1\u0161?<\/p>\n<p>Lek\u00e1m se<\/p>\n<p>V o\u010d\u00edch se mi m\u00eds\u00ed strach<\/p>\n<p>Co asi zas stane se?<\/p>\n<p>+++<\/p>\n<p>Jan se v kout\u011b zm\u00edt\u00e1<\/p>\n<p>S my\u0161kou ve dlan\u00edch<\/p>\n<p>Na m\u011b se pod\u00edv\u00e1<\/p>\n<p>Joachima to ran\u00ed<\/p>\n<p>Cela se uzav\u00edr\u00e1<\/p>\n<p>Na st\u011bn\u00e1ch \u010dp\u00ed st\u00edn<\/p>\n<p>Joachim \u017e\u00e1d\u00e1<\/p>\n<p>Nekonej ten \u010din<\/p>\n<p>+++<\/p>\n<p>Nemohu jinak<\/p>\n<p>\u010cern\u00e9 o\u010di to nedovol\u00ed<\/p>\n<p>Volil bych opak<\/p>\n<p>To ji\u017e nepovol\u00ed<\/p>\n<p>Tma se se dnem st\u0159\u00edd\u00e1<\/p>\n<p>Nastal \u010das odej\u00edt<\/p>\n<p>Joachim \u0159\u00edk\u00e1<\/p>\n<p>Nech mysl rozezn\u00edt, rozezn\u00edt<\/p>\n<div class=\"fcbkbttn_buttons_block\" id=\"fcbkbttn_left\"><div class=\"fcbkbttn_button\">\n                            <a href=\"https:\/\/www.facebook.com\/tom.patrick.509\" target=\"_blank\">\n                                <img decoding=\"async\" src=\"https:\/\/eldar.cz\/tompatrick\/wp-content\/plugins\/facebook-button-plugin\/images\/large-facebook-ico.png\" alt=\"Fb-Button\" \/>\n                            <\/a>\n                        <\/div><div class=\"fcbkbttn_like fcbkbttn_large_button\"><fb:like href=\"https:\/\/eldar.cz\/tompatrick\/psanec-vardy-harden\/09-joachim\" action=\"like\" colorscheme=\"light\" layout=\"standard\"  width=\"225px\" size=\"large\"><\/fb:like><\/div><div class=\"fb-share-button fcbkbttn_large_button \" data-href=\"https:\/\/eldar.cz\/tompatrick\/psanec-vardy-harden\/09-joachim\" data-type=\"button_count\" data-size=\"large\"><\/div><\/div>","protected":false},"excerpt":{"rendered":"<p>\u00a0Joachim \u00a0Jan p\u0159eb\u00fdv\u00e1 Ji\u017e rok ve sv\u00e9 cele Nad \u010d\u00edm p\u0159em\u00edt\u00e1? Kdy\u017e spat\u0159\u00ed o\u010di \u010dern\u00e9 V\u017edy v\u00e1h\u00e1 J\u00e1 t\u00e9\u017e On zkusil velmi moc Kdy\u017e ho stihla ona le\u017e +++ Joachim p\u00e1tr\u00e1 Po p\u0159\u00ed\u010din\u00e1ch ne\u0161t\u011bst\u00ed Z Jana s\u00e1l\u00e1 Mdl\u00e9 co kdo &hellip; <a href=\"https:\/\/eldar.cz\/tompatrick\/psanec-vardy-harden\/09-joachim\">Cel\u00fd p\u0159\u00edsp\u011bvek <span class=\"meta-nav\">&rarr;<\/span><\/a><\/p>\n","protected":false},"author":2,"featured_media":0,"comment_status":"open","ping_status":"open","sticky":false,"template":"","format":"standard","meta":{"_s2mail":"yes","footnotes":""},"categories":[22],"tags":[],"class_list":["post-1195","post","type-post","status-publish","format-standard","hentry","category-psanec-vardy-harden"],"_links":{"self":[{"href":"https:\/\/eldar.cz\/tompatrick\/wp-json\/wp\/v2\/posts\/1195","targetHints":{"allow":["GET"]}}],"collection":[{"href":"https:\/\/eldar.cz\/tompatrick\/wp-json\/wp\/v2\/posts"}],"about":[{"href":"https:\/\/eldar.cz\/tompatrick\/wp-json\/wp\/v2\/types\/post"}],"author":[{"embeddable":true,"href":"https:\/\/eldar.cz\/tompatrick\/wp-json\/wp\/v2\/users\/2"}],"replies":[{"embeddable":true,"href":"https:\/\/eldar.cz\/tompatrick\/wp-json\/wp\/v2\/comments?post=1195"}],"version-history":[{"count":4,"href":"https:\/\/eldar.cz\/tompatrick\/wp-json\/wp\/v2\/posts\/1195\/revisions"}],"predecessor-version":[{"id":1200,"href":"https:\/\/eldar.cz\/tompatrick\/wp-json\/wp\/v2\/posts\/1195\/revisions\/1200"}],"wp:attachment":[{"href":"https:\/\/eldar.cz\/tompatrick\/wp-json\/wp\/v2\/media?parent=1195"}],"wp:term":[{"taxonomy":"category","embeddable":true,"href":"https:\/\/eldar.cz\/tompatrick\/wp-json\/wp\/v2\/categories?post=1195"},{"taxonomy":"post_tag","embeddable":true,"href":"https:\/\/eldar.cz\/tompatrick\/wp-json\/wp\/v2\/tags?post=1195"}],"curies":[{"name":"wp","href":"https:\/\/api.w.org\/{rel}","templated":true}]}}