{"id":1187,"date":"2014-09-08T10:00:22","date_gmt":"2014-09-08T08:00:22","guid":{"rendered":"http:\/\/eldar.cz\/tompatrick\/?p=1187"},"modified":"2013-10-04T13:56:14","modified_gmt":"2013-10-04T11:56:14","slug":"7-zare-velkomesta","status":"publish","type":"post","link":"https:\/\/eldar.cz\/tompatrick\/psanec-vardy-harden\/7-zare-velkomesta","title":{"rendered":"(7) Z\u00e1\u0159e velkom\u011bsta"},"content":{"rendered":"<div class=\"fcbkbttn_buttons_block\" id=\"fcbkbttn_left\"><div class=\"fcbkbttn_button\">\n                            <a href=\"https:\/\/www.facebook.com\/tom.patrick.509\" target=\"_blank\">\n                                <img decoding=\"async\" src=\"https:\/\/eldar.cz\/tompatrick\/wp-content\/plugins\/facebook-button-plugin\/images\/large-facebook-ico.png\" alt=\"Fb-Button\" \/>\n                            <\/a>\n                        <\/div><div class=\"fcbkbttn_like fcbkbttn_large_button\"><fb:like href=\"https:\/\/eldar.cz\/tompatrick\/psanec-vardy-harden\/7-zare-velkomesta\" action=\"like\" colorscheme=\"light\" layout=\"standard\"  width=\"225px\" size=\"large\"><\/fb:like><\/div><div class=\"fb-share-button fcbkbttn_large_button \" data-href=\"https:\/\/eldar.cz\/tompatrick\/psanec-vardy-harden\/7-zare-velkomesta\" data-type=\"button_count\" data-size=\"large\"><\/div><\/div><p>\u00a0<strong>Z\u00e1\u0159e velkom\u011bsta <\/strong><\/p>\n<p>\u00a0Kdy\u017e nastal \u010das<\/p>\n<p>Abych za\u0161el do ulic d\u00e1t si \u010daj<\/p>\n<p>M\u00edsil se v nich stres<\/p>\n<p>A d\u00e1le pachu\u0165 m\u011bstsk\u00fdch mas<\/p>\n<p>Styl nekomfortn\u00ed m\u011b ubij\u00ed<\/p>\n<p>Kdy\u017e domy m\u00edj\u00edm<\/p>\n<p>Bd\u011bl\u00fd semafor hl\u00edd\u00e1 co s\u00edly sta\u010d\u00ed<\/p>\n<p>Kolony aut ty ani rad\u0161i nevn\u00edm\u00e1m<\/p>\n<p>+++<\/p>\n<p>Slunko procitlo v z\u00e1\u0159<\/p>\n<p>Je sly\u0161et jen pl\u00e1\u010d z temn\u00e9ho popra\u0161ku<\/p>\n<p>Je tu i mnoho m\u00edst j\u00edm\u017e se vyh\u00fdb\u00e1m<\/p>\n<p>Kdy\u017e druh\u00e1 odb\u00edj\u00ed v tm\u00e1ch<\/p>\n<p>D\u016fm pro\u0161edl\u00fd je p\u0159\u00edt\u011b\u017e\u00ed<\/p>\n<p>To j\u00e1 dob\u0159e v\u00edm<\/p>\n<p>Mo\u017en\u00e1 \u017ee jednou tu bude n\u011bkdo nav\u00edc<\/p>\n<p>A \u0159ekne mi \u017ee velkom\u011bsto kouzlo m\u00e1<\/p>\n<p>+++<\/p>\n<p>Sleduji ulice z n\u00e1b\u0159e\u017e\u00ed<\/p>\n<p>Onen sp\u011b\u0161n\u00fd lidsk\u00fd proud<\/p>\n<p>A sn\u00edm o tom co postr\u00e1d\u00e1m<\/p>\n<p>+++<\/p>\n<p>Tak b\u011b\u017e\u00ed \u010das<\/p>\n<p>J\u00e1 mysl\u00edm zas na vleklou samotu<\/p>\n<p>Zvonek u dve\u0159\u00ed po letech p\u0159ekvap\u00ed<\/p>\n<p>\u0160t\u011bst\u00ed zas m\u00e1m<\/p>\n<p>Spat\u0159\u00edm novou tv\u00e1\u0159<\/p>\n<p>Je\u017e m\u00e9 city uv\u00e1d\u00ed v mocn\u00fd \u017e\u00e1r<\/p>\n<p>Mn\u011b nezb\u00fdv\u00e1 ne\u017e-li se na ni usm\u00e1t<\/p>\n<p>Vyj\u00edt j\u00ed vst\u0159\u00edc (a p\u0159itom j\u00ed do o\u010d\u00ed \u0159\u00edct)<\/p>\n<p>\u017de \u017eivot je\u0161t\u011b cenu m\u00e1<\/p>\n<div class=\"fcbkbttn_buttons_block\" id=\"fcbkbttn_left\"><div class=\"fcbkbttn_button\">\n                            <a href=\"https:\/\/www.facebook.com\/tom.patrick.509\" target=\"_blank\">\n                                <img decoding=\"async\" src=\"https:\/\/eldar.cz\/tompatrick\/wp-content\/plugins\/facebook-button-plugin\/images\/large-facebook-ico.png\" alt=\"Fb-Button\" \/>\n                            <\/a>\n                        <\/div><div class=\"fcbkbttn_like fcbkbttn_large_button\"><fb:like href=\"https:\/\/eldar.cz\/tompatrick\/psanec-vardy-harden\/7-zare-velkomesta\" action=\"like\" colorscheme=\"light\" layout=\"standard\"  width=\"225px\" size=\"large\"><\/fb:like><\/div><div class=\"fb-share-button fcbkbttn_large_button \" data-href=\"https:\/\/eldar.cz\/tompatrick\/psanec-vardy-harden\/7-zare-velkomesta\" data-type=\"button_count\" data-size=\"large\"><\/div><\/div>","protected":false},"excerpt":{"rendered":"<p>\u00a0Z\u00e1\u0159e velkom\u011bsta \u00a0Kdy\u017e nastal \u010das Abych za\u0161el do ulic d\u00e1t si \u010daj M\u00edsil se v nich stres A d\u00e1le pachu\u0165 m\u011bstsk\u00fdch mas Styl nekomfortn\u00ed m\u011b ubij\u00ed Kdy\u017e domy m\u00edj\u00edm Bd\u011bl\u00fd semafor hl\u00edd\u00e1 co s\u00edly sta\u010d\u00ed Kolony aut ty ani rad\u0161i &hellip; <a href=\"https:\/\/eldar.cz\/tompatrick\/psanec-vardy-harden\/7-zare-velkomesta\">Cel\u00fd p\u0159\u00edsp\u011bvek <span class=\"meta-nav\">&rarr;<\/span><\/a><\/p>\n","protected":false},"author":2,"featured_media":0,"comment_status":"open","ping_status":"open","sticky":false,"template":"","format":"standard","meta":{"_s2mail":"yes","footnotes":""},"categories":[22],"tags":[],"class_list":["post-1187","post","type-post","status-publish","format-standard","hentry","category-psanec-vardy-harden"],"_links":{"self":[{"href":"https:\/\/eldar.cz\/tompatrick\/wp-json\/wp\/v2\/posts\/1187","targetHints":{"allow":["GET"]}}],"collection":[{"href":"https:\/\/eldar.cz\/tompatrick\/wp-json\/wp\/v2\/posts"}],"about":[{"href":"https:\/\/eldar.cz\/tompatrick\/wp-json\/wp\/v2\/types\/post"}],"author":[{"embeddable":true,"href":"https:\/\/eldar.cz\/tompatrick\/wp-json\/wp\/v2\/users\/2"}],"replies":[{"embeddable":true,"href":"https:\/\/eldar.cz\/tompatrick\/wp-json\/wp\/v2\/comments?post=1187"}],"version-history":[{"count":2,"href":"https:\/\/eldar.cz\/tompatrick\/wp-json\/wp\/v2\/posts\/1187\/revisions"}],"predecessor-version":[{"id":1189,"href":"https:\/\/eldar.cz\/tompatrick\/wp-json\/wp\/v2\/posts\/1187\/revisions\/1189"}],"wp:attachment":[{"href":"https:\/\/eldar.cz\/tompatrick\/wp-json\/wp\/v2\/media?parent=1187"}],"wp:term":[{"taxonomy":"category","embeddable":true,"href":"https:\/\/eldar.cz\/tompatrick\/wp-json\/wp\/v2\/categories?post=1187"},{"taxonomy":"post_tag","embeddable":true,"href":"https:\/\/eldar.cz\/tompatrick\/wp-json\/wp\/v2\/tags?post=1187"}],"curies":[{"name":"wp","href":"https:\/\/api.w.org\/{rel}","templated":true}]}}