{"id":1179,"date":"2014-08-25T09:00:20","date_gmt":"2014-08-25T07:00:20","guid":{"rendered":"http:\/\/eldar.cz\/tompatrick\/?p=1179"},"modified":"2013-10-04T13:42:13","modified_gmt":"2013-10-04T11:42:13","slug":"5-dum-na-nabrezi","status":"publish","type":"post","link":"https:\/\/eldar.cz\/tompatrick\/psanec-vardy-harden\/5-dum-na-nabrezi","title":{"rendered":"(5) D\u016fm na n\u00e1b\u0159e\u017e\u00ed"},"content":{"rendered":"<div class=\"fcbkbttn_buttons_block\" id=\"fcbkbttn_left\"><div class=\"fcbkbttn_button\">\n                            <a href=\"https:\/\/www.facebook.com\/tom.patrick.509\" target=\"_blank\">\n                                <img decoding=\"async\" src=\"https:\/\/eldar.cz\/tompatrick\/wp-content\/plugins\/facebook-button-plugin\/images\/large-facebook-ico.png\" alt=\"Fb-Button\" \/>\n                            <\/a>\n                        <\/div><div class=\"fcbkbttn_like fcbkbttn_large_button\"><fb:like href=\"https:\/\/eldar.cz\/tompatrick\/psanec-vardy-harden\/5-dum-na-nabrezi\" action=\"like\" colorscheme=\"light\" layout=\"standard\"  width=\"225px\" size=\"large\"><\/fb:like><\/div><div class=\"fb-share-button fcbkbttn_large_button \" data-href=\"https:\/\/eldar.cz\/tompatrick\/psanec-vardy-harden\/5-dum-na-nabrezi\" data-type=\"button_count\" data-size=\"large\"><\/div><\/div><p><strong>D\u016fm na n\u00e1b\u0159e\u017e\u00ed <\/strong><\/p>\n<p>Nezapomenu<\/p>\n<p>Na chv\u00edle str\u00e1ven\u00e9<\/p>\n<p>Nechci je\u0161t\u011b dom\u016f<\/p>\n<p>Srdce m\u00e1m bolav\u00e9<\/p>\n<p>Tr\u00e1p\u00ed sv\u011bdom\u00ed<\/p>\n<p>Osam\u011bn\u00ed<\/p>\n<p>V\u017edy polek\u00e1n<\/p>\n<p>Hromy bij\u00ed<\/p>\n<p>Ji\u017e mnoho let jsem si p\u0159\u00e1l<\/p>\n<p>Aby \u010das se vr\u00e1tit dal (\u00f3 tak moc, moc si to p\u0159\u00e1l)<\/p>\n<p>Chci jen to, \u0161\u0165astn\u00fd b\u00fdt<\/p>\n<p>Osud zl\u00fd, je\u0161itn\u00fd<\/p>\n<p>M\u00eds\u00ed klam o\u0161idn\u00fd<\/p>\n<p>+++<\/p>\n<p>J\u00e1 nikdy<\/p>\n<p>Takov\u00fd neb\u00fdval<\/p>\n<p>M\u011bl mnoho v\u011brn\u00fdch p\u0159\u00e1tel<\/p>\n<p>Zlat\u00e9ho retr\u00edvra<\/p>\n<p>\u010cas v\u0161echno vzal<\/p>\n<p>I nad\u011bj mou<\/p>\n<p>\u017de nikdy nebudu \u017e\u00edt<\/p>\n<p>Se v\u0161\u00ed pokorou<\/p>\n<p>N\u00e1hle sly\u0161\u00edm vnit\u0159n\u00ed hlas<\/p>\n<p>\u0158\u00edk\u00e1 \u017eij, v\u017edy\u0165 m\u00e1\u0161 (domov sv\u016fj, domov)<\/p>\n<p>Chci jen to, \u0161\u0165astn\u00fd b\u00fdt<\/p>\n<p>\u017dal ustoup\u00ed<\/p>\n<p>V\u0161e co m\u00e1m je darem nemal\u00fdm<\/p>\n<p>+++<\/p>\n<p>Tak se omlouv\u00e1m<\/p>\n<p>Za chybn\u00e1 proroctv\u00ed<\/p>\n<p>Nyn\u00ed u\u017e nav\u017edy v\u00edm<\/p>\n<p>\u017de dary pot\u011b\u0161\u00ed<\/p>\n<p>Nastal \u010das d\u00e1t si \u010daj<\/p>\n<p>Zasednout a \u0161tk\u00e1t (to jedin\u00e9, jen to)<\/p>\n<p>\u017de tu m\u00e1m sv\u016fj dum n\u00e1b\u0159e\u017en\u00ed<\/p>\n<p>Spl\u00e9t\u00e1 p\u0159\u00e1telstv\u00ed<\/p>\n<p>S t\u011bmi jen\u017e b\u00fdvali m\u00ed nejbli\u017e\u0161\u00ed<\/p>\n<p>A to sta\u010d\u00ed ke \u0161t\u011bst\u00ed<\/p>\n<div class=\"fcbkbttn_buttons_block\" id=\"fcbkbttn_left\"><div class=\"fcbkbttn_button\">\n                            <a href=\"https:\/\/www.facebook.com\/tom.patrick.509\" target=\"_blank\">\n                                <img decoding=\"async\" src=\"https:\/\/eldar.cz\/tompatrick\/wp-content\/plugins\/facebook-button-plugin\/images\/large-facebook-ico.png\" alt=\"Fb-Button\" \/>\n                            <\/a>\n                        <\/div><div class=\"fcbkbttn_like fcbkbttn_large_button\"><fb:like href=\"https:\/\/eldar.cz\/tompatrick\/psanec-vardy-harden\/5-dum-na-nabrezi\" action=\"like\" colorscheme=\"light\" layout=\"standard\"  width=\"225px\" size=\"large\"><\/fb:like><\/div><div class=\"fb-share-button fcbkbttn_large_button \" data-href=\"https:\/\/eldar.cz\/tompatrick\/psanec-vardy-harden\/5-dum-na-nabrezi\" data-type=\"button_count\" data-size=\"large\"><\/div><\/div>","protected":false},"excerpt":{"rendered":"<p>D\u016fm na n\u00e1b\u0159e\u017e\u00ed Nezapomenu Na chv\u00edle str\u00e1ven\u00e9 Nechci je\u0161t\u011b dom\u016f Srdce m\u00e1m bolav\u00e9 Tr\u00e1p\u00ed sv\u011bdom\u00ed Osam\u011bn\u00ed V\u017edy polek\u00e1n Hromy bij\u00ed Ji\u017e mnoho let jsem si p\u0159\u00e1l Aby \u010das se vr\u00e1tit dal (\u00f3 tak moc, moc si to p\u0159\u00e1l) Chci jen &hellip; <a href=\"https:\/\/eldar.cz\/tompatrick\/psanec-vardy-harden\/5-dum-na-nabrezi\">Cel\u00fd p\u0159\u00edsp\u011bvek <span class=\"meta-nav\">&rarr;<\/span><\/a><\/p>\n","protected":false},"author":2,"featured_media":0,"comment_status":"open","ping_status":"open","sticky":false,"template":"","format":"standard","meta":{"_s2mail":"yes","footnotes":""},"categories":[22],"tags":[],"class_list":["post-1179","post","type-post","status-publish","format-standard","hentry","category-psanec-vardy-harden"],"_links":{"self":[{"href":"https:\/\/eldar.cz\/tompatrick\/wp-json\/wp\/v2\/posts\/1179","targetHints":{"allow":["GET"]}}],"collection":[{"href":"https:\/\/eldar.cz\/tompatrick\/wp-json\/wp\/v2\/posts"}],"about":[{"href":"https:\/\/eldar.cz\/tompatrick\/wp-json\/wp\/v2\/types\/post"}],"author":[{"embeddable":true,"href":"https:\/\/eldar.cz\/tompatrick\/wp-json\/wp\/v2\/users\/2"}],"replies":[{"embeddable":true,"href":"https:\/\/eldar.cz\/tompatrick\/wp-json\/wp\/v2\/comments?post=1179"}],"version-history":[{"count":3,"href":"https:\/\/eldar.cz\/tompatrick\/wp-json\/wp\/v2\/posts\/1179\/revisions"}],"predecessor-version":[{"id":1182,"href":"https:\/\/eldar.cz\/tompatrick\/wp-json\/wp\/v2\/posts\/1179\/revisions\/1182"}],"wp:attachment":[{"href":"https:\/\/eldar.cz\/tompatrick\/wp-json\/wp\/v2\/media?parent=1179"}],"wp:term":[{"taxonomy":"category","embeddable":true,"href":"https:\/\/eldar.cz\/tompatrick\/wp-json\/wp\/v2\/categories?post=1179"},{"taxonomy":"post_tag","embeddable":true,"href":"https:\/\/eldar.cz\/tompatrick\/wp-json\/wp\/v2\/tags?post=1179"}],"curies":[{"name":"wp","href":"https:\/\/api.w.org\/{rel}","templated":true}]}}