{"id":1176,"date":"2014-08-18T09:00:15","date_gmt":"2014-08-18T07:00:15","guid":{"rendered":"http:\/\/eldar.cz\/tompatrick\/?p=1176"},"modified":"2013-10-04T13:36:01","modified_gmt":"2013-10-04T11:36:01","slug":"4-hlas-siren","status":"publish","type":"post","link":"https:\/\/eldar.cz\/tompatrick\/psanec-vardy-harden\/4-hlas-siren","title":{"rendered":"(4) Hlas sir\u00e9n"},"content":{"rendered":"<div class=\"fcbkbttn_buttons_block\" id=\"fcbkbttn_left\"><div class=\"fcbkbttn_button\">\n                            <a href=\"https:\/\/www.facebook.com\/tom.patrick.509\" target=\"_blank\">\n                                <img decoding=\"async\" src=\"https:\/\/eldar.cz\/tompatrick\/wp-content\/plugins\/facebook-button-plugin\/images\/large-facebook-ico.png\" alt=\"Fb-Button\" \/>\n                            <\/a>\n                        <\/div><div class=\"fcbkbttn_like fcbkbttn_large_button\"><fb:like href=\"https:\/\/eldar.cz\/tompatrick\/psanec-vardy-harden\/4-hlas-siren\" action=\"like\" colorscheme=\"light\" layout=\"standard\"  width=\"225px\" size=\"large\"><\/fb:like><\/div><div class=\"fb-share-button fcbkbttn_large_button \" data-href=\"https:\/\/eldar.cz\/tompatrick\/psanec-vardy-harden\/4-hlas-siren\" data-type=\"button_count\" data-size=\"large\"><\/div><\/div><p>\u00a0<strong>Hlas sir\u00e9n <\/strong><\/p>\n<p>\u00a0Ka\u017ed\u00fd z n\u00e1s ji\u017e sly\u0161el<\/p>\n<p>Zn\u00e1m\u00fd t\u00f3n hu\u010d\u00edc\u00edch sir\u00e9n<\/p>\n<p>Jejich tlak zm\u00edrnil mr\u00e1z<\/p>\n<p>Nap\u011bt\u00ed v\u0161ak s\u00edl\u00ed v n\u00e1s<\/p>\n<p>Tak vol\u00e1m, douf\u00e1m v jedin\u00e9<\/p>\n<p>\u017de \u0159eka drav\u00e1 nezalila jeho tv\u00e1\u0159<\/p>\n<p>+++<\/p>\n<p>\u017dal se spl\u00e9t\u00e1 s nad\u011bj\u00ed<\/p>\n<p>Hlas se z d\u00e1li rozezn\u00ed<\/p>\n<p>Tv\u00e1\u0159 se ze tmy vyno\u0159\u00ed<\/p>\n<p>Nen\u00ed to ta pro kterou m\u00e9 srdce odb\u00edj\u00ed<\/p>\n<p>+++<\/p>\n<p>Byl ml\u00e1d, nedok\u00e1zal b\u00fdt<\/p>\n<p>Bez zr\u00e1dn\u00fdch vln je\u017e ho pohlt\u00ed<\/p>\n<p>Varov\u00e1n\u00ed nebral na v\u011bdom\u00ed<\/p>\n<p>Nev\u011brnost \u0159ek nesl s nevol\u00ed<\/p>\n<p>Tak vol\u00e1m, douf\u00e1m v jedin\u00e9<\/p>\n<p>\u017de \u0159eka drav\u00e1 nezalila jeho tv\u00e1\u0159<\/p>\n<p>+++<\/p>\n<p>Bou\u0159e hl\u00e1s\u00e1 znamen\u00ed<\/p>\n<p>Tam je kdosi v nesn\u00e1z\u00edch<\/p>\n<p>J\u00e1 p\u0159e\u0161\u0165asten znaven\u00edm<\/p>\n<p>Sp\u011bch\u00e1m tam se zcela novou nad\u011bj\u00ed<\/p>\n<p>+++<\/p>\n<p>Poklek\u00e1m<\/p>\n<p>A d\u011bkuji \u0159ece<\/p>\n<p>\u017de vysly\u0161ela m\u016fj \u017eal<\/p>\n<p>+++<\/p>\n<p>Kdy\u017e se n\u00e1hle objev\u00ed<\/p>\n<p>Pl\u00e1\u010dem \u017eivot ocen\u00ed<\/p>\n<p>Hlas sir\u00e9n odezn\u00ed<\/p>\n<p>Hl\u00e1s\u00e1 v\u00fdhru nad bojem se smrt\u00ed<\/p>\n<p>+++<\/p>\n<p>Sir\u00e9n hlas utich\u00e1<\/p>\n<p>Nikdo to nevn\u00edm\u00e1<\/p>\n<p>Nen\u00ed pro\u010d<\/p>\n<div class=\"fcbkbttn_buttons_block\" id=\"fcbkbttn_left\"><div class=\"fcbkbttn_button\">\n                            <a href=\"https:\/\/www.facebook.com\/tom.patrick.509\" target=\"_blank\">\n                                <img decoding=\"async\" src=\"https:\/\/eldar.cz\/tompatrick\/wp-content\/plugins\/facebook-button-plugin\/images\/large-facebook-ico.png\" alt=\"Fb-Button\" \/>\n                            <\/a>\n                        <\/div><div class=\"fcbkbttn_like fcbkbttn_large_button\"><fb:like href=\"https:\/\/eldar.cz\/tompatrick\/psanec-vardy-harden\/4-hlas-siren\" action=\"like\" colorscheme=\"light\" layout=\"standard\"  width=\"225px\" size=\"large\"><\/fb:like><\/div><div class=\"fb-share-button fcbkbttn_large_button \" data-href=\"https:\/\/eldar.cz\/tompatrick\/psanec-vardy-harden\/4-hlas-siren\" data-type=\"button_count\" data-size=\"large\"><\/div><\/div>","protected":false},"excerpt":{"rendered":"<p>\u00a0Hlas sir\u00e9n \u00a0Ka\u017ed\u00fd z n\u00e1s ji\u017e sly\u0161el Zn\u00e1m\u00fd t\u00f3n hu\u010d\u00edc\u00edch sir\u00e9n Jejich tlak zm\u00edrnil mr\u00e1z Nap\u011bt\u00ed v\u0161ak s\u00edl\u00ed v n\u00e1s Tak vol\u00e1m, douf\u00e1m v jedin\u00e9 \u017de \u0159eka drav\u00e1 nezalila jeho tv\u00e1\u0159 +++ \u017dal se spl\u00e9t\u00e1 s nad\u011bj\u00ed Hlas se z &hellip; <a href=\"https:\/\/eldar.cz\/tompatrick\/psanec-vardy-harden\/4-hlas-siren\">Cel\u00fd p\u0159\u00edsp\u011bvek <span class=\"meta-nav\">&rarr;<\/span><\/a><\/p>\n","protected":false},"author":2,"featured_media":0,"comment_status":"open","ping_status":"open","sticky":false,"template":"","format":"standard","meta":{"_s2mail":"yes","footnotes":""},"categories":[22],"tags":[],"class_list":["post-1176","post","type-post","status-publish","format-standard","hentry","category-psanec-vardy-harden"],"_links":{"self":[{"href":"https:\/\/eldar.cz\/tompatrick\/wp-json\/wp\/v2\/posts\/1176","targetHints":{"allow":["GET"]}}],"collection":[{"href":"https:\/\/eldar.cz\/tompatrick\/wp-json\/wp\/v2\/posts"}],"about":[{"href":"https:\/\/eldar.cz\/tompatrick\/wp-json\/wp\/v2\/types\/post"}],"author":[{"embeddable":true,"href":"https:\/\/eldar.cz\/tompatrick\/wp-json\/wp\/v2\/users\/2"}],"replies":[{"embeddable":true,"href":"https:\/\/eldar.cz\/tompatrick\/wp-json\/wp\/v2\/comments?post=1176"}],"version-history":[{"count":2,"href":"https:\/\/eldar.cz\/tompatrick\/wp-json\/wp\/v2\/posts\/1176\/revisions"}],"predecessor-version":[{"id":1178,"href":"https:\/\/eldar.cz\/tompatrick\/wp-json\/wp\/v2\/posts\/1176\/revisions\/1178"}],"wp:attachment":[{"href":"https:\/\/eldar.cz\/tompatrick\/wp-json\/wp\/v2\/media?parent=1176"}],"wp:term":[{"taxonomy":"category","embeddable":true,"href":"https:\/\/eldar.cz\/tompatrick\/wp-json\/wp\/v2\/categories?post=1176"},{"taxonomy":"post_tag","embeddable":true,"href":"https:\/\/eldar.cz\/tompatrick\/wp-json\/wp\/v2\/tags?post=1176"}],"curies":[{"name":"wp","href":"https:\/\/api.w.org\/{rel}","templated":true}]}}