{"id":1172,"date":"2014-08-11T09:00:33","date_gmt":"2014-08-11T07:00:33","guid":{"rendered":"http:\/\/eldar.cz\/tompatrick\/?p=1172"},"modified":"2013-10-04T13:29:56","modified_gmt":"2013-10-04T11:29:56","slug":"3-dech-zivota","status":"publish","type":"post","link":"https:\/\/eldar.cz\/tompatrick\/psanec-vardy-harden\/3-dech-zivota","title":{"rendered":"(3) Dech \u017eivota"},"content":{"rendered":"<div class=\"fcbkbttn_buttons_block\" id=\"fcbkbttn_left\"><div class=\"fcbkbttn_button\">\n                            <a href=\"https:\/\/www.facebook.com\/tom.patrick.509\" target=\"_blank\">\n                                <img decoding=\"async\" src=\"https:\/\/eldar.cz\/tompatrick\/wp-content\/plugins\/facebook-button-plugin\/images\/large-facebook-ico.png\" alt=\"Fb-Button\" \/>\n                            <\/a>\n                        <\/div><div class=\"fcbkbttn_like fcbkbttn_large_button\"><fb:like href=\"https:\/\/eldar.cz\/tompatrick\/psanec-vardy-harden\/3-dech-zivota\" action=\"like\" colorscheme=\"light\" layout=\"standard\"  width=\"225px\" size=\"large\"><\/fb:like><\/div><div class=\"fb-share-button fcbkbttn_large_button \" data-href=\"https:\/\/eldar.cz\/tompatrick\/psanec-vardy-harden\/3-dech-zivota\" data-type=\"button_count\" data-size=\"large\"><\/div><\/div><p><strong>Dech \u017eivota <\/strong><\/p>\n<p>Sv\u011b\u0159il se kamar\u00e1d<\/p>\n<p>Nem\u00e1m chu\u0165 si d\u00e1l s t\u00edm \u017eivotem jen tak hr\u00e1t<\/p>\n<p>A m\u011b hned p\u0159epadla obava<\/p>\n<p>M\u011bl jsem strach, \u017ee to osobn\u00ed v\u00fdznam m\u00e1<\/p>\n<p>Co ml\u010d\u00ed\u0161?<\/p>\n<p>M\u016fj n\u00e1zor zn\u00e1\u0161<\/p>\n<p>Tak ji\u017e v\u00ed\u0161<\/p>\n<p>Na co myslet m\u00e1\u0161<\/p>\n<p>+++<\/p>\n<p>refr\u00e9n:<\/p>\n<p>K\u0159i\u010d j\u00e1 chci \u017e\u00edt<\/p>\n<p>To u\u017e sv\u00e9 kouzlo m\u00e1<\/p>\n<p>\u017divot je velk\u00e1 nezn\u00e1m\u00e1<\/p>\n<p>Chyby jsou v ka\u017ed\u00e9m z n\u00e1s<\/p>\n<p>Ty jen tak neodstran\u00ed\u0161<\/p>\n<p>Ty na to m\u00e1\u0161<\/p>\n<p>+++<\/p>\n<p>N\u00e1hle se opod\u00e1l zjevila<\/p>\n<p>Tajemn\u00e1 d\u00edvka v p\u0159evleku valk\u00fdra<\/p>\n<p>J\u00e1 ji p\u0159\u00edli\u0161 nevn\u00edmal<\/p>\n<p>Zato Jan n\u00e1hle procitl s prosbou rad<\/p>\n<p>Kdo je ta n\u00e1dhern\u00e1 nezn\u00e1m\u00e1<\/p>\n<p>Objekt ho zm\u00e1t<\/p>\n<p>Te\u010f ji\u017e v\u00ed<\/p>\n<p>\u017de \u017e\u00edt se d\u00e1<\/p>\n<div class=\"fcbkbttn_buttons_block\" id=\"fcbkbttn_left\"><div class=\"fcbkbttn_button\">\n                            <a href=\"https:\/\/www.facebook.com\/tom.patrick.509\" target=\"_blank\">\n                                <img decoding=\"async\" src=\"https:\/\/eldar.cz\/tompatrick\/wp-content\/plugins\/facebook-button-plugin\/images\/large-facebook-ico.png\" alt=\"Fb-Button\" \/>\n                            <\/a>\n                        <\/div><div class=\"fcbkbttn_like fcbkbttn_large_button\"><fb:like href=\"https:\/\/eldar.cz\/tompatrick\/psanec-vardy-harden\/3-dech-zivota\" action=\"like\" colorscheme=\"light\" layout=\"standard\"  width=\"225px\" size=\"large\"><\/fb:like><\/div><div class=\"fb-share-button fcbkbttn_large_button \" data-href=\"https:\/\/eldar.cz\/tompatrick\/psanec-vardy-harden\/3-dech-zivota\" data-type=\"button_count\" data-size=\"large\"><\/div><\/div>","protected":false},"excerpt":{"rendered":"<p>Dech \u017eivota Sv\u011b\u0159il se kamar\u00e1d Nem\u00e1m chu\u0165 si d\u00e1l s t\u00edm \u017eivotem jen tak hr\u00e1t A m\u011b hned p\u0159epadla obava M\u011bl jsem strach, \u017ee to osobn\u00ed v\u00fdznam m\u00e1 Co ml\u010d\u00ed\u0161? M\u016fj n\u00e1zor zn\u00e1\u0161 Tak ji\u017e v\u00ed\u0161 Na co myslet m\u00e1\u0161 &hellip; <a href=\"https:\/\/eldar.cz\/tompatrick\/psanec-vardy-harden\/3-dech-zivota\">Cel\u00fd p\u0159\u00edsp\u011bvek <span class=\"meta-nav\">&rarr;<\/span><\/a><\/p>\n","protected":false},"author":2,"featured_media":0,"comment_status":"open","ping_status":"open","sticky":false,"template":"","format":"standard","meta":{"_s2mail":"yes","footnotes":""},"categories":[22],"tags":[],"class_list":["post-1172","post","type-post","status-publish","format-standard","hentry","category-psanec-vardy-harden"],"_links":{"self":[{"href":"https:\/\/eldar.cz\/tompatrick\/wp-json\/wp\/v2\/posts\/1172","targetHints":{"allow":["GET"]}}],"collection":[{"href":"https:\/\/eldar.cz\/tompatrick\/wp-json\/wp\/v2\/posts"}],"about":[{"href":"https:\/\/eldar.cz\/tompatrick\/wp-json\/wp\/v2\/types\/post"}],"author":[{"embeddable":true,"href":"https:\/\/eldar.cz\/tompatrick\/wp-json\/wp\/v2\/users\/2"}],"replies":[{"embeddable":true,"href":"https:\/\/eldar.cz\/tompatrick\/wp-json\/wp\/v2\/comments?post=1172"}],"version-history":[{"count":3,"href":"https:\/\/eldar.cz\/tompatrick\/wp-json\/wp\/v2\/posts\/1172\/revisions"}],"predecessor-version":[{"id":1175,"href":"https:\/\/eldar.cz\/tompatrick\/wp-json\/wp\/v2\/posts\/1172\/revisions\/1175"}],"wp:attachment":[{"href":"https:\/\/eldar.cz\/tompatrick\/wp-json\/wp\/v2\/media?parent=1172"}],"wp:term":[{"taxonomy":"category","embeddable":true,"href":"https:\/\/eldar.cz\/tompatrick\/wp-json\/wp\/v2\/categories?post=1172"},{"taxonomy":"post_tag","embeddable":true,"href":"https:\/\/eldar.cz\/tompatrick\/wp-json\/wp\/v2\/tags?post=1172"}],"curies":[{"name":"wp","href":"https:\/\/api.w.org\/{rel}","templated":true}]}}