{"id":1169,"date":"2014-08-04T09:00:32","date_gmt":"2014-08-04T07:00:32","guid":{"rendered":"http:\/\/eldar.cz\/tompatrick\/?p=1169"},"modified":"2013-10-04T13:22:50","modified_gmt":"2013-10-04T11:22:50","slug":"2-lana","status":"publish","type":"post","link":"https:\/\/eldar.cz\/tompatrick\/psanec-vardy-harden\/2-lana","title":{"rendered":"(2) Lana"},"content":{"rendered":"<div class=\"fcbkbttn_buttons_block\" id=\"fcbkbttn_left\"><div class=\"fcbkbttn_button\">\n                            <a href=\"https:\/\/www.facebook.com\/tom.patrick.509\" target=\"_blank\">\n                                <img decoding=\"async\" src=\"https:\/\/eldar.cz\/tompatrick\/wp-content\/plugins\/facebook-button-plugin\/images\/large-facebook-ico.png\" alt=\"Fb-Button\" \/>\n                            <\/a>\n                        <\/div><div class=\"fcbkbttn_like fcbkbttn_large_button\"><fb:like href=\"https:\/\/eldar.cz\/tompatrick\/psanec-vardy-harden\/2-lana\" action=\"like\" colorscheme=\"light\" layout=\"standard\"  width=\"225px\" size=\"large\"><\/fb:like><\/div><div class=\"fb-share-button fcbkbttn_large_button \" data-href=\"https:\/\/eldar.cz\/tompatrick\/psanec-vardy-harden\/2-lana\" data-type=\"button_count\" data-size=\"large\"><\/div><\/div><p>\u00a0<strong>Lana<\/strong><\/p>\n<p>V\u00edtr si pohr\u00e1val s vl\u00e1sky<\/p>\n<p>Vzpurn\u00fd d\u00e9\u0161\u0165 sm\u00fdval pl\u00e1\u010d<\/p>\n<p>Truchlen\u00ed vrchol\u00ed, zb\u00fdv\u00e1 \u0159\u00edct posledn\u00ed<\/p>\n<p>Tak se m\u011bj, odch\u00e1z\u00edm, ne\u017e se rozedn\u00ed<\/p>\n<p>Kon\u010d\u00ed shled\u00e1n\u00ed<\/p>\n<p>Dcera n\u00e1ru\u010d opou\u0161t\u00ed<\/p>\n<p>Rodn\u00fd d\u016fm, podkrov\u00ed, pak u\u017e jen to posledn\u00ed<\/p>\n<p>Neplakej, v\u017edy\u0165 v\u00ed\u0161, nic se nezm\u011bn\u00ed<\/p>\n<p>+++<\/p>\n<p>D\u00edvka p\u0159ekra\u010duje pr\u00e1h<\/p>\n<p>M\u00ed\u0159\u00ed k n\u00e1dra\u017e\u00ed<\/p>\n<p>Rukou sv\u00edr\u00e1 tv\u00e1\u0159<\/p>\n<p>Co st\u00e1la p\u0159i n\u00ed<\/p>\n<p>Slzu uron\u00ed<\/p>\n<p>Vlak zastav\u00ed<\/p>\n<p>Nen\u00ed cesty zp\u011bt<\/p>\n<p>V kup\u00e9 se usad\u00ed<\/p>\n<p>Pr\u016fvod\u010d\u00ed d\u00e1 znamen\u00ed<\/p>\n<p>P\u00ed\u0161\u0165alka se rozezn\u00ed<\/p>\n<p>D\u00edvka upne tv\u00e1\u0159 ke kn\u00ed\u017ece nitern\u00ed<\/p>\n<p>P\u0159\u00edb\u011bh zn\u00e1, jej\u00ed b\u011b\u017e\u00ed<\/p>\n<p>+++<\/p>\n<p>Neplakej, v\u017edy\u0165 v\u00ed\u0161, nic t\u00edm nekon\u010d\u00ed<\/p>\n<p>+++<\/p>\n<p>U\u017e se stm\u00edv\u00e1<\/p>\n<p>Mlha kryje z\u00e1\u0159<\/p>\n<p>D\u00edvka p\u0159ihl\u00ed\u017e\u00ed<\/p>\n<p>M\u00eds\u00ed z\u00e1\u0161\u0165<\/p>\n<p>Tam vid\u00ed m\u00e1minu tv\u00e1\u0159<\/p>\n<p>Najednou j\u00ed p\u0159epadne pl\u00e1\u010d<\/p>\n<p>Vlak m\u00edj\u00ed n\u00e1dra\u017e\u00ed<\/p>\n<p>Atmosf\u00e9ru to odr\u00e1\u017e\u00ed<\/p>\n<p>Lid\u00e9 si v de\u0161ti p\u0159ek\u00e1\u017e\u00ed<\/p>\n<p>Kdosi zak\u0159i\u010d\u00ed, co na tom z\u00e1le\u017e\u00ed<\/p>\n<p>+++<\/p>\n<p>Rok se s rokem se\u0161el<\/p>\n<p>\u0160t\u011bst\u00ed hal\u00ed d\u00edv\u010dinu tv\u00e1\u0159<\/p>\n<p>P\u0159\u00e1telstv\u00ed vrchol\u00ed, zb\u00fdv\u00e1 \u0159\u00edct prvotn\u00ed<\/p>\n<p>V\u00edtej zp\u011bt v m\u00e9m v\u011brn\u00e9m ob\u011bt\u00ed<\/p>\n<div class=\"fcbkbttn_buttons_block\" id=\"fcbkbttn_left\"><div class=\"fcbkbttn_button\">\n                            <a href=\"https:\/\/www.facebook.com\/tom.patrick.509\" target=\"_blank\">\n                                <img decoding=\"async\" src=\"https:\/\/eldar.cz\/tompatrick\/wp-content\/plugins\/facebook-button-plugin\/images\/large-facebook-ico.png\" alt=\"Fb-Button\" \/>\n                            <\/a>\n                        <\/div><div class=\"fcbkbttn_like fcbkbttn_large_button\"><fb:like href=\"https:\/\/eldar.cz\/tompatrick\/psanec-vardy-harden\/2-lana\" action=\"like\" colorscheme=\"light\" layout=\"standard\"  width=\"225px\" size=\"large\"><\/fb:like><\/div><div class=\"fb-share-button fcbkbttn_large_button \" data-href=\"https:\/\/eldar.cz\/tompatrick\/psanec-vardy-harden\/2-lana\" data-type=\"button_count\" data-size=\"large\"><\/div><\/div>","protected":false},"excerpt":{"rendered":"<p>\u00a0Lana V\u00edtr si pohr\u00e1val s vl\u00e1sky Vzpurn\u00fd d\u00e9\u0161\u0165 sm\u00fdval pl\u00e1\u010d Truchlen\u00ed vrchol\u00ed, zb\u00fdv\u00e1 \u0159\u00edct posledn\u00ed Tak se m\u011bj, odch\u00e1z\u00edm, ne\u017e se rozedn\u00ed Kon\u010d\u00ed shled\u00e1n\u00ed Dcera n\u00e1ru\u010d opou\u0161t\u00ed Rodn\u00fd d\u016fm, podkrov\u00ed, pak u\u017e jen to posledn\u00ed Neplakej, v\u017edy\u0165 v\u00ed\u0161, nic se &hellip; <a href=\"https:\/\/eldar.cz\/tompatrick\/psanec-vardy-harden\/2-lana\">Cel\u00fd p\u0159\u00edsp\u011bvek <span class=\"meta-nav\">&rarr;<\/span><\/a><\/p>\n","protected":false},"author":2,"featured_media":0,"comment_status":"open","ping_status":"open","sticky":false,"template":"","format":"standard","meta":{"_s2mail":"yes","footnotes":""},"categories":[22],"tags":[],"class_list":["post-1169","post","type-post","status-publish","format-standard","hentry","category-psanec-vardy-harden"],"_links":{"self":[{"href":"https:\/\/eldar.cz\/tompatrick\/wp-json\/wp\/v2\/posts\/1169","targetHints":{"allow":["GET"]}}],"collection":[{"href":"https:\/\/eldar.cz\/tompatrick\/wp-json\/wp\/v2\/posts"}],"about":[{"href":"https:\/\/eldar.cz\/tompatrick\/wp-json\/wp\/v2\/types\/post"}],"author":[{"embeddable":true,"href":"https:\/\/eldar.cz\/tompatrick\/wp-json\/wp\/v2\/users\/2"}],"replies":[{"embeddable":true,"href":"https:\/\/eldar.cz\/tompatrick\/wp-json\/wp\/v2\/comments?post=1169"}],"version-history":[{"count":2,"href":"https:\/\/eldar.cz\/tompatrick\/wp-json\/wp\/v2\/posts\/1169\/revisions"}],"predecessor-version":[{"id":1171,"href":"https:\/\/eldar.cz\/tompatrick\/wp-json\/wp\/v2\/posts\/1169\/revisions\/1171"}],"wp:attachment":[{"href":"https:\/\/eldar.cz\/tompatrick\/wp-json\/wp\/v2\/media?parent=1169"}],"wp:term":[{"taxonomy":"category","embeddable":true,"href":"https:\/\/eldar.cz\/tompatrick\/wp-json\/wp\/v2\/categories?post=1169"},{"taxonomy":"post_tag","embeddable":true,"href":"https:\/\/eldar.cz\/tompatrick\/wp-json\/wp\/v2\/tags?post=1169"}],"curies":[{"name":"wp","href":"https:\/\/api.w.org\/{rel}","templated":true}]}}