{"id":1154,"date":"2014-07-07T09:00:14","date_gmt":"2014-07-07T07:00:14","guid":{"rendered":"http:\/\/eldar.cz\/tompatrick\/?p=1154"},"modified":"2013-09-27T20:24:43","modified_gmt":"2013-09-27T18:24:43","slug":"14-city-means-mesto-plne-rozmanitosti","status":"publish","type":"post","link":"https:\/\/eldar.cz\/tompatrick\/city-means-mesto-plne-rozmanitosti\/14-city-means-mesto-plne-rozmanitosti","title":{"rendered":"(14) City Means &#8211; m\u011bsto pln\u00e9 rozmanitost\u00ed"},"content":{"rendered":"<div class=\"fcbkbttn_buttons_block\" id=\"fcbkbttn_left\"><div class=\"fcbkbttn_button\">\n                            <a href=\"https:\/\/www.facebook.com\/tom.patrick.509\" target=\"_blank\">\n                                <img decoding=\"async\" src=\"https:\/\/eldar.cz\/tompatrick\/wp-content\/plugins\/facebook-button-plugin\/images\/large-facebook-ico.png\" alt=\"Fb-Button\" \/>\n                            <\/a>\n                        <\/div><div class=\"fcbkbttn_like fcbkbttn_large_button\"><fb:like href=\"https:\/\/eldar.cz\/tompatrick\/city-means-mesto-plne-rozmanitosti\/14-city-means-mesto-plne-rozmanitosti\" action=\"like\" colorscheme=\"light\" layout=\"standard\"  width=\"225px\" size=\"large\"><\/fb:like><\/div><div class=\"fb-share-button fcbkbttn_large_button \" data-href=\"https:\/\/eldar.cz\/tompatrick\/city-means-mesto-plne-rozmanitosti\/14-city-means-mesto-plne-rozmanitosti\" data-type=\"button_count\" data-size=\"large\"><\/div><\/div><p>\u201eTak toto byla z m\u00e9 strany posledn\u00ed pov\u00eddka, kterou jsem se v\u00e1m rozhodl nab\u00eddnout \u2013 to aby ona \u0161\u0165astn\u00e1 t\u0159in\u00e1ctka do\u0161la sv\u00e9mu plnohodnotn\u00e9mu napln\u011bn\u00ed.\u201c<\/p>\n<p>\u201eM\u00e1te skute\u010dn\u011b za to, \u017ee opravdu \u0161\u0165astn\u00e1?\u201c odva\u017euji se oponovat romanopisci. \u201eNechci se v\u00e1s n\u011bjak hned zkraje dotknout, Vladim\u00edre, ale kdosi poznamenal, \u017ee z t\u011bch pov\u00eddek p\u0159eci jen je onen smutek dosti v\u00fdrazn\u011b patrn\u00fd.\u201c<\/p>\n<p>\u201eKdy\u017e si je znovu proch\u00e1z\u00edm, v\u017edy se o tomto sam\u00e9m p\u0159esv\u011bd\u010d\u00edm.\u201c<\/p>\n<p>\u201eA jak jste se vlastn\u011b dostal k psan\u00ed?\u201c<\/p>\n<p>\u201eTo m\u00e1 sv\u00e9 po\u010d\u00e1tky za dob m\u00fdch studentsk\u00fdch let,\u201c za\u010d\u00edn\u00e1 uv\u00e1d\u011bt Vladim\u00edr, \u201etenkr\u00e1t jsem se zab\u00fdval pr\u00e1v\u011b t\u011bmito krat\u0161\u00edmi pov\u00eddkami, ps\u00e1t velk\u00e9 rom\u00e1ny jsem se v\u0161ak neodva\u017eoval. Jen\u017ee i tak, jak jednou \u010dlov\u011bk za\u010dne n\u011bco sepisovat jen tak, tedy pro z\u00e1bavu, d\u0159\u00edve \u010di pozd\u011bji se u n\u011bj za\u010dnou projevovat sklony ke konkr\u00e9tn\u00edmu uplatn\u011bn\u00ed, to aby ta vydan\u00e1 energii nevy\u0161la napr\u00e1zdno, jen\u017ee n\u011bco takov\u00e9ho je velice obt\u00ed\u017en\u00e9.\u201c<\/p>\n<p>\u201eTomu rozum\u00edm, jak se v\u00e1m to ale poda\u0159ilo vy\u0159e\u0161it?\u201c napad\u00e1 m\u011b zcela automaticky.<\/p>\n<p>\u201eNa po\u010d\u00e1tku jsem z toho m\u011bl obavy, ale pak m\u011b v jednom okam\u017eiku napadl pseudonym a z n\u011bj vyplynul onen n\u00e1pad. Prost\u011b jsem navrhl \u010de\u0161tin\u00e1\u0159ce, jestli by na konci ka\u017ed\u00e9 hodiny pod n\u00edm nep\u0159e\u010detla jednu z m\u00fdch pov\u00eddek a ona souhlasila.\u201c<\/p>\n<p>\u201eTo se tak moc styd\u00edte za sv\u00e9 skute\u010dn\u00e9 jm\u00e9no?\u201c ned\u00e1 mi to nezeptat se.<\/p>\n<p>\u201eTo ani ne, ale zaj\u00edmalo m\u011b, jak poka\u017ed\u00e9 budou spolu\u017e\u00e1ci na m\u00e9 d\u00edlo reagovat, kdy\u017e nebudou v\u011bd\u011bt, \u017ee jsem t\u00edm autorem j\u00e1 osobn\u011b. O to to bylo zaj\u00edmav\u011bj\u0161\u00ed, b\u011bhem \u010detby jsem v\u0161echny okolo nen\u00e1padn\u011b pozoroval a zkoumal pohledy a tak\u00e9 reakce.\u201c<\/p>\n<p>\u201eA to jste se spolu\u017e\u00e1k\u016fm nikdy nepochlubil s t\u00edm, kdo ony pov\u00eddky m\u011bl ve skute\u010dnosti na sv\u011bdom\u00ed?\u201c<\/p>\n<p>\u201eAno, ale a\u017e po takov\u00fdch dobr\u00fdch \u010dty\u0159ech letech, v posledn\u00edm dev\u00e1t\u00e9m ro\u010dn\u00edku, asi tak m\u011bs\u00edc p\u0159ed letn\u00edmi pr\u00e1zdninami.\u201c<\/p>\n<p>\u201eA?\u201c<\/p>\n<p>\u201eSpolu\u017e\u00e1ci se rozd\u011blili do t\u0159ech skupin. Tu prvn\u00ed m\u00e9 sna\u017een\u00ed nijak v\u00fdrazn\u011b nenadchlo, \u010deho\u017e u\u017e jsem si pov\u0161iml od on\u00e9 prvn\u00ed \u010detby, co n\u00e1le\u017eela Kry\u0161tofu Rodlovi. Naopak tu druhou n\u011bco takov\u00e9ho pot\u011b\u0161ilo a nemohla se do\u010dkat konce hodiny, a\u017e \u010de\u0161tin\u00e1\u0159ka bude \u010d\u00edst dal\u0161\u00ed z m\u00fdch pov\u00eddek. A ta skupina t\u0159et\u00ed jako by byla kombinac\u00ed obou p\u0159edchoz\u00edch, jen obohacena o srovn\u00e1v\u00e1n\u00ed jednotliv\u00fdch postav z pov\u00eddek p\u0159\u00edmo se mnou samotn\u00fdm a s t\u00edm, co jsem kdy \u0159ekl a jak jsem na toho \u010di onoho v jeho p\u0159\u00edtomnosti p\u016fsobil.\u201c<\/p>\n<p>\u201eA va\u0161e osobn\u00ed inspirace, z \u010deho vych\u00e1zela?\u201c pokou\u0161\u00edm se jemn\u011b nal\u00e9hat na Vladim\u00edra.<\/p>\n<p>\u201eTe\u010f u\u017e se samoz\u0159ejm\u011b p\u0159ed druh\u00fdmi o tom tak nestyd\u00edm diskutovat, jsem o dost star\u0161\u00ed, s\u00e1m m\u00e1m rodinu a s man\u017eelkou vychov\u00e1v\u00e1me dv\u011b n\u00e1dhern\u00e9 d\u011bti, tak\u017ee se v\u00e1m bez jak\u00fdchkoliv obav mohu sv\u011b\u0159it. Samoz\u0159ejm\u011b \u017ee se v t\u011bch pov\u00eddk\u00e1ch objevovaly jak ryze inspirativn\u00ed prvky, tak i n\u011bjak\u00e9 ty autobiografick\u00e9. Jak u\u017e jsem v\u00e1m sd\u011bloval, \u010dinilo by mi probl\u00e9my ps\u00e1t velk\u00e9 rom\u00e1ny, kdybych si do ka\u017ed\u00e9ho z nich m\u011bl zvl\u00e1\u0161\u0165 \u0161et\u0159it jednotliv\u00e9 inspirace. A tak se tank uve\u0159ejn\u011bn\u00fd v jednom v\u011bdeck\u00e9m \u010dasopisu, d\u00edvka jm\u00e9nem K\u00e1\u0165a poch\u00e1zej\u00edc\u00ed z jednoho nejmenovan\u00e9ho v\u00e1le\u010dn\u00e9ho rusk\u00e9ho filmu a sm\u011bsice v\u011bnc\u016f a kv\u011btin n\u00e1le\u017e\u00edc\u00ed um\u00edraj\u00edc\u00edmu p\u0159\u00edbuzn\u00e9mu ne\u010dekan\u011b pod m\u00fdm veden\u00edm v r\u00e1mci propojen\u00ed setkaly v jednom men\u0161\u00edm p\u0159\u00edb\u011bhu a nic u\u017e to nedok\u00e1zalo zm\u011bnit.\u201c<\/p>\n<p>\u201eA kter\u00e1 z pov\u00eddek m\u011bla ve va\u0161\u00ed \u0161kole nejv\u011bt\u0161\u00ed ohlas? Mysl\u00edm z t\u011bchto t\u0159in\u00e1cti?\u201c up\u0159es\u0148uji, aby to Vladim\u00edr nem\u011bl na p\u0159em\u00fd\u0161len\u00ed tak slo\u017eit\u00e9.<\/p>\n<p>\u201eAsi nejv\u011bt\u0161\u00ed ohlas m\u011bla ta osm\u00e1 v po\u0159ad\u00ed, i kdy\u017e vy s\u00e1m byste zajist\u00e9 cht\u011bl sly\u0161et, aby to byla ta n\u00e1sleduj\u00edc\u00ed, tedy dev\u00e1t\u00e1. Pr\u00fd je to va\u0161e obl\u00edben\u00e9 \u010d\u00edslo, doneslo se mi.\u201c<\/p>\n<p>\u201eAno, to je pravda,\u201c p\u0159ipou\u0161t\u00edm.<\/p>\n<p>\u201eAle byla to skute\u010dn\u011b ta osm\u00e1,\u201c m\u00edn\u00ed Vladim\u00edr. \u201eCo to zp\u016fsobilo? Mo\u017en\u00e1 to, \u017ee v t\u00e9 pov\u00eddce vystupovali politik a blond\u00fdna, co\u017e jsou dva lidsk\u00e9 prototypy, o nich\u017e koluje spousta vtip\u016f, patrn\u011b proto o Marka Brenta a Elisu v\u00fdjime\u010dn\u011b projevili z\u00e1jem v\u0161echny t\u0159i skupiny najednou.\u201c<\/p>\n<p>\u201eA kter\u00e1 z pov\u00eddek je naopak v\u00e1m nejmilej\u0161\u00ed?\u201c<\/p>\n<p>\u201eNejsp\u00ed\u0161 ona des\u00e1t\u00e1,\u201c podotkl Vladim\u00edr. \u201eOmlouv\u00e1m se, zase vedle.\u201c<\/p>\n<p>\u201eNevad\u00ed.\u201c<\/p>\n<p>\u201eD\u016fvodem byl zejm\u00e9na onen vnit\u0159n\u00ed d\u00edv\u010d\u00ed hlas, co k Amand\u011b promlouval a prosil ji o slitov\u00e1n\u00ed. Prost\u011b je to n\u011bco, co p\u0159\u00edmo souvis\u00ed s \u010dlov\u011bkem jako takov\u00fdm, s jeho vnit\u0159n\u00edmi procesy, o kter\u00fdch si mysl\u00ed, \u017ee je m\u00e1 pln\u011b pod kontrolou, jen\u017ee ono to jednoho dne m\u016f\u017ee b\u00fdt v\u0161echno jinak. O tom jsem se ostatn\u011b s\u00e1m sta\u010dil n\u011bkolikr\u00e1t p\u0159esv\u011bd\u010dit, kdy\u017e z m\u00e9 strany byl pokus n\u011bco dodate\u010dn\u011b zm\u011bnit a ono to ne\u0161lo. Zvl\u00e1\u0161tn\u00ed, autor n\u011bco n\u00e1hodn\u011b tvo\u0159\u00ed a n\u011bco z toho se pak osamostatn\u00ed a samo si to diktuje podm\u00ednky. Je to \u00fapln\u011b to sam\u00e9, jako s n\u011bk\u00fdm o n\u011b\u010dem hovo\u0159it, neobratn\u011b narazit na n\u011bco citliv\u00e9ho a pak se k\u00e1t. Pr\u00e1v\u011b to rozhodlo, \u017ee se autor, tedy j\u00e1, soust\u0159edil na to, aby z pov\u00eddek byla c\u00edtit jist\u00e1 nad\u011bje.\u201c<\/p>\n<p>A pak Vladim\u00edr n\u00e1hle zv\u00e1\u017en\u00ed je\u0161t\u011b v\u00edc.<\/p>\n<p>\u201eNevzpom\u00edn\u00e1m na to r\u00e1d a je\u0161t\u011b po letech m\u011b to t\u00ed\u017e\u00ed, ale budi\u017e. Jeden spolu\u017e\u00e1k to doma prost\u011b nem\u011bl jednoduch\u00e9, jeho rodi\u010de se v jednom kuse h\u00e1dali a on t\u00edm trp\u011bl. Pak se mu jednoho dne p\u0159it\u00ed\u017eilo a on upadl do k\u00f3matu. Podle doktor\u016f prod\u011blal infarkt. V\u0161ichni Kry\u0161tofa litovali, jen j\u00e1 se podle spolu\u017e\u00e1k\u016f zachoval jako ten nejv\u011bt\u0161\u00ed necita, kdy\u017e jsem opatrn\u011b poznamenal, \u017ee by mo\u017en\u00e1 bylo nejlep\u0161\u00ed, kdyby Kry\u0161tof z tohoto sv\u011bta ode\u0161el nadobro. Asi si dok\u00e1\u017eete s\u00e1m \u017eiv\u011b p\u0159edstavit, jak mi na to spolu\u017e\u00e1ci tehdy odpov\u011bd\u011bli.\u201c<\/p>\n<p>\u201eTo zajist\u00e9. Pro\u010d jste ale jednal takto tvrd\u011b? V\u017edy\u0165 va\u0161e pov\u00eddky, i p\u0159es onu patrnou pachu\u0165 smutku, p\u0159ev\u00e1\u017en\u011b kon\u010dily \u0161\u0165astn\u00fdm happyendem?\u201c<\/p>\n<p>\u201eJ\u00e1 to tenkr\u00e1t nemyslel nijak zle, Tome, v\u00e1\u017en\u011b ne,\u201c za\u010d\u00edn\u00e1 se Vladim\u00edr h\u00e1jit. \u201eAle pova\u017ete s\u00e1m, ten Kry\u0161tof cel\u00fd \u017eivot tr\u00e1vil pod taktovkou p\u0159\u00edsn\u00fdch rodi\u010d\u016f, kte\u0159\u00ed ho \u010das od \u010dasu i bili, a tak\u00e9 ve \u0161kole nem\u011bl poka\u017ed\u00e9 na r\u016f\u017e\u00edch ustl\u00e1no. Onen p\u00e1d do bezv\u011bdom\u00ed tedy pro n\u011bj na moment musel b\u00fdt vysvobozen\u00edm od ka\u017edodenn\u00edho p\u0159\u00edko\u0159\u00ed, a kdy\u017e se z n\u011bj probral, zase se stal neodmyslitelnou sou\u010d\u00e1st\u00ed sv\u00e9ho smutn\u00e9ho \u017eivota, nebo\u0165 jeho rodi\u010de se ani pot\u00e9 p\u0159\u00edli\u0161 nezm\u011bnili. V\u00e1\u017en\u011b, Tome, j\u00e1 necht\u011bl Kry\u0161tofovi ubl\u00ed\u017eit, jen jsem ve sv\u00fdch slovech hledal rozumn\u00e9 v\u00fdchodisko.\u201c<\/p>\n<p>\u201eV po\u0159\u00e1dku, rozum\u00edm tomu,\u201c odpov\u00edd\u00e1m v nad\u011bji, \u017ee mi to snad taky nikdo nebude vy\u010d\u00edtat.<\/p>\n<p>\u201eKa\u017edop\u00e1dn\u011b jsem se od t\u00e9 p\u0159\u00edhody ke sv\u00fdm postav\u00e1m za\u010dal chovat mnohem benevolentn\u011bji ne\u017e kdy d\u0159\u00edv, prost\u011b mi bylo proti srsti jim ubli\u017eovat, negativn\u011b se na nich vy\u017e\u00edvat. B\u00fdt v m\u00e9 k\u016f\u017ei Amanda Rymesov\u00e1, tak ta u\u017e by v \u017eivot\u011b nenapsala jedin\u00fd horor.\u201c<\/p>\n<p>\u201eTak proto ta pov\u00eddka o Kry\u0161tofu Rodlovi byla za\u0159azena jako prvn\u00ed,\u201c je mi v\u0161e kone\u010dn\u011b jasn\u00e9.<\/p>\n<p>\u201eAno,\u201c dod\u00e1v\u00e1 jedn\u00edm slovem Vladim\u00edr.<\/p>\n<p>\u201eT\u011bch pov\u00eddek je tedy celkem t\u0159in\u00e1ct,\u201c uj\u00edm\u00e1m se op\u011bt slova po krat\u0161\u00ed odmlce. \u201eVlastn\u011b celkem \u010dtrn\u00e1ct, kdy\u017e k tomu p\u0159ipo\u010dtu i tento n\u00e1\u0161 rozhovor, kter\u00fd je rovn\u011b\u017e takov\u00fdm men\u0161\u00edm p\u0159\u00edb\u011bhem, nebo\u0165 i zde se otev\u00edr\u00e1 \u010d\u00e1st nitra jeho dvou akt\u00e9r\u016f.\u201c<\/p>\n<p>\u201eTo je d\u00e1no t\u00edm, \u017ee nepou\u017e\u00edv\u00e1m konkr\u00e9tn\u00ed n\u00e1zvy kapitol, n\u00fdbr\u017e jen \u010d\u00edslov\u00e1n\u00ed,\u201c od\u016fvod\u0148uje to Vladim\u00edr.<\/p>\n<p>\u201eHmm, vid\u00edte, to je rovn\u011b\u017e zaj\u00edmav\u00e9,\u201c uva\u017euji nahlas a pak m\u011b napad\u00e1: Pro\u010d pr\u00e1v\u011b POV\u00cdDKY Z \u00c9NEVY?\u201c<\/p>\n<p>\u201eNa to je jednoduch\u00e1 odpov\u011b\u010f: prost\u011b m\u011b ten n\u00e1zev jednoho dne napadl a zal\u00edbil se mi. Vy ale nejsp\u00ed\u0161 v\u0161e uvedete pod sv\u00fdm vlastn\u00edm n\u00e1zvem CITY MEANS. Nic proti tomu nenam\u00edt\u00e1m.\u201c<\/p>\n<p>\u201eTak\u017ee je\u0161t\u011b jednou v\u00e1m d\u011bkuji za pov\u00eddky a za n\u00e1\u0161 spole\u010dn\u00fd rozhovor a na shledanou.\u201c<\/p>\n<p>\u201eNa shledanou, Tome.\u201c<\/p>\n<p>KONEC<\/p>\n<p><span style=\"text-decoration: underline;\"><strong>CITY MEANS \u2013 M\u011aSTO PLN\u00c9 ROZMANITOST\u00cd (aneb t\u0159in\u00e1ct \u0161\u0165astn\u00fdch pov\u00eddek z \u00c9nevy)<\/strong><\/span><\/p>\n<p>Takto jsem tedy p\u016fvodn\u011b m\u011bl v pl\u00e1nu zakon\u010dit Vladim\u00edr\u016fv po\u010din, ov\u0161em za necel\u00fd m\u011bs\u00edc mi po\u0161tou dorazil bal\u00ed\u010dek. V n\u011bm se mimo jin\u00e9 nach\u00e1zel i dopis, kde st\u00e1lo:<\/p>\n<p>Mil\u00fd Tome<\/p>\n<p>Zajist\u00e9 se podivujete, kdopak v\u00e1m to p\u00ed\u0161e. Ano, jsem to op\u011bt j\u00e1, Vladim\u00edr. Po na\u0161em minul\u00e9m rozhovoru jsem se dodate\u010dn\u011b zam\u00fd\u0161lel nad na\u0161\u00edm spole\u010dn\u00fdm rozhovorem. Sd\u011bloval jsem v\u00e1m v n\u011bm, \u017ee si na n\u00e1zvy kapitol p\u0159\u00edli\u0161 nepotrp\u00edm, ale vy pr\u00fd ano. Proto v\u00e1m zas\u00edl\u00e1m tento bal\u00ed\u010dek, kde je naleznete, ov\u0161em v tro\u0161i\u010dku jin\u00e9m proveden\u00ed. Jak jist\u011b v\u00edte, poch\u00e1z\u00edm z Kataln\u00e9 Mochny, co\u017e je m\u011bsto libuj\u00edc\u00ed si v \u010demsi na zp\u016fsob bonmot\u016f. Jeden takov\u00fd jsem si v\u00e1m dovolil p\u0159edlo\u017eit prost\u0159ednictv\u00edm osmism\u011brek, o jejich\u017e stvo\u0159en\u00ed jsem se sv\u00e9pomocn\u011b pokusil a probd\u011bl nad t\u00edm nejednu noc. Inspiroval m\u011b k tomu jeden n\u00e1\u0161 m\u00edstn\u00ed legend\u00e1rn\u00ed rom\u00e1n, kter\u00fd byl zpracov\u00e1n pr\u00e1v\u011b osmism\u011brkovou formou. Vytv\u00e1\u0159et n\u011bco takov\u00e9ho je nad m\u00e9 s\u00edly, proto z m\u00e9 strany vzniklo celkem deset osmism\u011brkov\u00fdch r\u00e9bus\u016f v\u011bnuj\u00edc\u00edch se pouze nadpis\u016fm. Ano, deset, nep\u0159epsal jsem se! Ty t\u0159i zb\u00fdvaj\u00edc\u00ed se mi je\u0161t\u011b nepo\u0161t\u011bstilo dokon\u010dit, tak\u017ee se to pokus\u00edm dodate\u010dn\u011b napravit, bohu\u017eel jsem ale moment\u00e1ln\u011b dosti zanepr\u00e1zdn\u011bn.<\/p>\n<p>Ano, p\u0159ipou\u0161t\u00edm, z t\u011bch pov\u00eddek je patrn\u00fd smutek, alespo\u0148 to ale dokl\u00e1d\u00e1 jednu podstatnou skute\u010dnost, tedy \u017ee ho tam n\u011bkte\u0159\u00ed \u010dten\u00e1\u0159i jsou ochotni hledat a spat\u0159ovat v n\u011bm onu nechvaln\u011b proslulou t\u0159in\u00e1ctou komnatu. Hodn\u011b to pro m\u011b znamen\u00e1. V\u00edte, z m\u00e9ho soukrom\u00e9ho pohledu st\u00e1le plat\u00ed, \u017ee pojmy jako v\u011bzen\u00ed, vojna, v\u00e1lka nem\u00e1 smysl rozv\u00e1d\u011bt do p\u0159\u00edli\u0161n\u00fdch extr\u00e9m\u016f, nebo\u0165 tato t\u0159i slova a jejich pouh\u00e9 vysloven\u00ed v re\u00e1ln\u00e9m b\u011b\u017en\u00e9m \u017eivot\u011b prost\u011b o smutku vypov\u00eddaj\u00ed automaticky. Jen bych v\u00e1s, Tome, dodate\u010dn\u011b cht\u011bl po\u017e\u00e1dal, zda-li byste do dov\u011btku p\u0159ed slovo <em>\u0161\u0165astn\u00fdch<\/em> nedoplnil <em>snad<\/em>, tak to bude lep\u0161\u00ed.<\/p>\n<p>S p\u0159\u00e1n\u00edm \u0161t\u011bst\u00ed a mnoho \u017eivotn\u00edch \u00fasp\u011bch\u016f<\/p>\n<p><em>Vladim\u00edr<\/em><\/p>\n<p><span style=\"text-decoration: underline;\"><strong>CITY MEANS \u2013 M\u011aSTO PLN\u00c9 ROZMANITOST\u00cd (aneb t\u0159in\u00e1ct snad \u0161\u0165astn\u00fdch pov\u00eddek z \u00c9nevy)<\/strong><\/span><\/p>\n<p>DEFINITIVN\u00cd KONEC<\/p>\n<div class=\"fcbkbttn_buttons_block\" id=\"fcbkbttn_left\"><div class=\"fcbkbttn_button\">\n                            <a href=\"https:\/\/www.facebook.com\/tom.patrick.509\" target=\"_blank\">\n                                <img decoding=\"async\" src=\"https:\/\/eldar.cz\/tompatrick\/wp-content\/plugins\/facebook-button-plugin\/images\/large-facebook-ico.png\" alt=\"Fb-Button\" \/>\n                            <\/a>\n                        <\/div><div class=\"fcbkbttn_like fcbkbttn_large_button\"><fb:like href=\"https:\/\/eldar.cz\/tompatrick\/city-means-mesto-plne-rozmanitosti\/14-city-means-mesto-plne-rozmanitosti\" action=\"like\" colorscheme=\"light\" layout=\"standard\"  width=\"225px\" size=\"large\"><\/fb:like><\/div><div class=\"fb-share-button fcbkbttn_large_button \" data-href=\"https:\/\/eldar.cz\/tompatrick\/city-means-mesto-plne-rozmanitosti\/14-city-means-mesto-plne-rozmanitosti\" data-type=\"button_count\" data-size=\"large\"><\/div><\/div>","protected":false},"excerpt":{"rendered":"<p>\u201eTak toto byla z m\u00e9 strany posledn\u00ed pov\u00eddka, kterou jsem se v\u00e1m rozhodl nab\u00eddnout \u2013 to aby ona \u0161\u0165astn\u00e1 t\u0159in\u00e1ctka do\u0161la sv\u00e9mu plnohodnotn\u00e9mu napln\u011bn\u00ed.\u201c \u201eM\u00e1te skute\u010dn\u011b za to, \u017ee opravdu \u0161\u0165astn\u00e1?\u201c odva\u017euji se oponovat romanopisci. \u201eNechci se v\u00e1s n\u011bjak hned &hellip; <a href=\"https:\/\/eldar.cz\/tompatrick\/city-means-mesto-plne-rozmanitosti\/14-city-means-mesto-plne-rozmanitosti\">Cel\u00fd p\u0159\u00edsp\u011bvek <span class=\"meta-nav\">&rarr;<\/span><\/a><\/p>\n","protected":false},"author":2,"featured_media":0,"comment_status":"open","ping_status":"open","sticky":false,"template":"","format":"standard","meta":{"_s2mail":"yes","footnotes":""},"categories":[21],"tags":[],"class_list":["post-1154","post","type-post","status-publish","format-standard","hentry","category-city-means-mesto-plne-rozmanitosti"],"_links":{"self":[{"href":"https:\/\/eldar.cz\/tompatrick\/wp-json\/wp\/v2\/posts\/1154","targetHints":{"allow":["GET"]}}],"collection":[{"href":"https:\/\/eldar.cz\/tompatrick\/wp-json\/wp\/v2\/posts"}],"about":[{"href":"https:\/\/eldar.cz\/tompatrick\/wp-json\/wp\/v2\/types\/post"}],"author":[{"embeddable":true,"href":"https:\/\/eldar.cz\/tompatrick\/wp-json\/wp\/v2\/users\/2"}],"replies":[{"embeddable":true,"href":"https:\/\/eldar.cz\/tompatrick\/wp-json\/wp\/v2\/comments?post=1154"}],"version-history":[{"count":3,"href":"https:\/\/eldar.cz\/tompatrick\/wp-json\/wp\/v2\/posts\/1154\/revisions"}],"predecessor-version":[{"id":1157,"href":"https:\/\/eldar.cz\/tompatrick\/wp-json\/wp\/v2\/posts\/1154\/revisions\/1157"}],"wp:attachment":[{"href":"https:\/\/eldar.cz\/tompatrick\/wp-json\/wp\/v2\/media?parent=1154"}],"wp:term":[{"taxonomy":"category","embeddable":true,"href":"https:\/\/eldar.cz\/tompatrick\/wp-json\/wp\/v2\/categories?post=1154"},{"taxonomy":"post_tag","embeddable":true,"href":"https:\/\/eldar.cz\/tompatrick\/wp-json\/wp\/v2\/tags?post=1154"}],"curies":[{"name":"wp","href":"https:\/\/api.w.org\/{rel}","templated":true}]}}