{"id":32,"count":3,"description":"Rozhovor Toma Patricka s autorem dan\u00fdch b\u00e1sn\u00ed, tedy Martinem Jabkeni\u010dem","link":"https:\/\/eldar.cz\/tompatrick\/rubriky\/jadro-jakosti-martina-jabkenice-zaverecny-epilog","name":"J\u00e1dro jakosti Martina Jabkeni\u010de - z\u00e1v\u011bre\u010dn\u00fd epilog","slug":"jadro-jakosti-martina-jabkenice-zaverecny-epilog","taxonomy":"category","parent":0,"meta":[],"_links":{"self":[{"href":"https:\/\/eldar.cz\/tompatrick\/wp-json\/wp\/v2\/categories\/32","targetHints":{"allow":["GET"]}}],"collection":[{"href":"https:\/\/eldar.cz\/tompatrick\/wp-json\/wp\/v2\/categories"}],"about":[{"href":"https:\/\/eldar.cz\/tompatrick\/wp-json\/wp\/v2\/taxonomies\/category"}],"wp:post_type":[{"href":"https:\/\/eldar.cz\/tompatrick\/wp-json\/wp\/v2\/posts?categories=32"}],"curies":[{"name":"wp","href":"https:\/\/api.w.org\/{rel}","templated":true}]}}